{"id":24571,"date":"2016-06-25T21:36:25","date_gmt":"2016-06-26T02:06:25","guid":{"rendered":"http:\/\/www.sportalsub.net\/blog\/?p=24571"},"modified":"2019-08-31T21:33:59","modified_gmt":"2019-09-01T01:33:59","slug":"colombia-suma-sus-dos-primeras-medallas-de-oro-en-mundial-de-natacion-con-aletas-en-grecia-videos","status":"publish","type":"post","link":"https:\/\/www.sportalsub.net\/blog\/colombia-suma-sus-dos-primeras-medallas-de-oro-en-mundial-de-natacion-con-aletas-en-grecia-videos\/","title":{"rendered":"\ud83c\udde8\ud83c\uddf4 Colombia suma sus dos primeras medallas de Oro en Mundial de Nataci\u00f3n con Aletas en Grecia + Videos"},"content":{"rendered":"<div id=\"attachment_24572\" style=\"width: 726px\" class=\"wp-caption alignnone\"><a href=\"http:\/\/www.sportalsub.net\/blog\/wp-content\/uploads\/2016\/06\/juanfer.jpg\" target=\"_blank\"><img loading=\"lazy\" decoding=\"async\" aria-describedby=\"caption-attachment-24572\" class=\"wp-image-24572 size-full\" src=\"http:\/\/www.sportalsub.net\/blog\/wp-content\/uploads\/2016\/06\/juanfer.jpg\" alt=\"juanfer\" width=\"716\" height=\"960\" srcset=\"https:\/\/www.sportalsub.net\/blog\/wp-content\/uploads\/2016\/06\/juanfer.jpg 716w, https:\/\/www.sportalsub.net\/blog\/wp-content\/uploads\/2016\/06\/juanfer-224x300.jpg 224w\" sizes=\"auto, (max-width: 716px) 100vw, 716px\" \/><\/a><p id=\"caption-attachment-24572\" class=\"wp-caption-text\">Juan Fernando Ocampo<\/p><\/div>\n<p>(Sportalsub.net \/ Volos 2016)<\/p>\n<p>Colombia inicia firme su paso por el\u00a0<a href=\"http:\/\/www.sportalsub.net\/blog\/finswimming-world-championship-volos-2016\">19\u00b0 Campeonato Mundial CMAS de Nataci\u00f3n con Aletas que se lleva cabo en \u00a0Volos, Grecia\u00a0del 22 al 28 de junio de 2016<\/a>\u00a0gracias a la destacada actuaci\u00f3n de sus deportistas, entre los cuales destacan las 2 medallas de oro obtenidas en la segunda jornada del evento, realizada este s\u00e1bado 25 de junio.<\/p>\n<p><strong>Oro y R\u00e9cord Mundial para Juan Fernando Ocampo<br \/>\n<\/strong>Juan Fernando Ocampo\u00a0logr\u00f3 la medalla de oro en la final de los 200 superficie con tiempo de\u00a01.19.76, luego de haber implantado un nuevo r\u00e9cord mundial en las eliminatorias con tiempo de 1.19.12. Ocampo se titula Campe\u00f3n Mundial por 3er ocasi\u00f3n\u00a0consecutiva en esta prueba (Kazan-Rusia 2013, Yantai-China 2015, Volos-Grecia 2016)<strong><br \/>\n<\/strong><\/p>\n<p>1. Juan Fernando Ocampo &#8211; Colombia &#8211;\u00a01.19.76 &#8211; Medalla de Oro y R\u00e9cord Mundial con 1.19.12 en eliminatorias<br \/>\n2. Dmitrii Zhurman &#8211; Rusia &#8211;\u00a01.20.76<br \/>\n3. Dmitrii Kokorev &#8211; Rusia &#8211; 1.20.83<\/p>\n<p>Video Final 200\u00a0superficie\u00a0masculina, cortes\u00eda <a href=\"https:\/\/www.facebook.com\/ErickVasquezFinswim\/?fref=nf\" target=\"_blank\">Erick Vasquez<\/a><\/p>\n<p><iframe loading=\"lazy\" style=\"border: none; overflow: hidden;\" src=\"https:\/\/www.facebook.com\/plugins\/video.php?href=https%3A%2F%2Fwww.facebook.com%2FErickVasquezFinswim%2Fvideos%2F1160114207382393%2F&amp;show_text=0&amp;width=560\" width=\"560\" height=\"315\" frameborder=\"0\" scrolling=\"no\" allowfullscreen=\"allowfullscreen\"><\/iframe><\/p>\n<div id=\"attachment_24578\" style=\"width: 951px\" class=\"wp-caption alignnone\"><a href=\"http:\/\/www.sportalsub.net\/blog\/wp-content\/uploads\/2016\/06\/mauricio.jpg\" target=\"_blank\"><img loading=\"lazy\" decoding=\"async\" aria-describedby=\"caption-attachment-24578\" class=\"size-full wp-image-24578\" src=\"http:\/\/www.sportalsub.net\/blog\/wp-content\/uploads\/2016\/06\/mauricio.jpg\" alt=\"Mauricio Fern\u00e1ndez\" width=\"941\" height=\"960\" srcset=\"https:\/\/www.sportalsub.net\/blog\/wp-content\/uploads\/2016\/06\/mauricio.jpg 941w, https:\/\/www.sportalsub.net\/blog\/wp-content\/uploads\/2016\/06\/mauricio-294x300.jpg 294w, https:\/\/www.sportalsub.net\/blog\/wp-content\/uploads\/2016\/06\/mauricio-768x784.jpg 768w, https:\/\/www.sportalsub.net\/blog\/wp-content\/uploads\/2016\/06\/mauricio-65x65.jpg 65w\" sizes=\"auto, (max-width: 941px) 100vw, 941px\" \/><\/a><p id=\"caption-attachment-24578\" class=\"wp-caption-text\">Mauricio Fern\u00e1ndez<\/p><\/div>\n<p><strong>Oro y R\u00e9cord Panamericano para Mauricio Fernandez<br \/>\n<\/strong>Mauricio Fernandez Castillo, logr\u00f3 titularse nuevamente Campe\u00f3n Mundial, esta vez en la prueba de 100 metros inmersi\u00f3n, igualando con el\u00a0coreano KIM Tae Kyun, al realizar ambos en la serie final un tiempo de 31.34. Ambos hab\u00edan clasificado en la jornada de la ma\u00f1ana igualados tambi\u00e9n con tiempo de 31.50, en donde el coreano\u00a0LEE Kwanho\u00a0realiz\u00f3\u00a031.24, quien en la final termin\u00f3 en el 3er lugar con tiempo de 31.46. Los 3 atletas mejoraron en ambas pruebas los dos registros mundiales anteriores 31.52 del ruso Evgeny Skorjenko y que hab\u00eda superado el colombiano Mauricio Fernandez semanas atr\u00e1s en los Juegos FEDECAS en Bogot\u00e1 con 31.51.<\/p>\n<p>La prueba de 100 inmersi\u00f3n masculina finaliza con los siguientes resultados:<\/p>\n<p>1 &#8211; Mauricio Fernandez (Colombia) &#8211; 31.34 &#8211; Medalla de Oro y R\u00e9cord Panamericano<br \/>\n1 &#8211; Tae Kyun Kim (Corea) &#8211; 31.34 &#8211; Medalla de Oro<br \/>\n3 &#8211; Kwanho Lee (Corea) &#8211; 31.46 &#8211; Medalla de Bronce y R\u00e9cord Mudndial con 31.24 en eliminatorias<\/p>\n<p>Video Final 100 inmersi\u00f3n masculina, cortes\u00eda <a href=\"https:\/\/www.facebook.com\/ErickVasquezFinswim\/?fref=nf\" target=\"_blank\">Erick Vasquez<\/a><\/p>\n<p><iframe loading=\"lazy\" style=\"border: none; overflow: hidden;\" src=\"https:\/\/www.facebook.com\/plugins\/video.php?href=https%3A%2F%2Fwww.facebook.com%2FErickVasquezFinswim%2Fvideos%2F1160032064057274%2F&amp;show_text=0&amp;width=560\" width=\"560\" height=\"315\" frameborder=\"0\" scrolling=\"no\" allowfullscreen=\"allowfullscreen\"><\/iframe><\/p>\n<p>Fotos: <a href=\"https:\/\/www.facebook.com\/monooleg\" target=\"_blank\">Oleg Pudov<\/a><\/p>\n<p><a href=\"http:\/\/www.sportalsub.net\/blog\/wp-content\/uploads\/2016\/06\/juanfer2.jpg\" target=\"_blank\"><img loading=\"lazy\" decoding=\"async\" class=\"alignnone size-full wp-image-24573\" src=\"http:\/\/www.sportalsub.net\/blog\/wp-content\/uploads\/2016\/06\/juanfer2.jpg\" alt=\"juanfer2\" width=\"1241\" height=\"1076\" srcset=\"https:\/\/www.sportalsub.net\/blog\/wp-content\/uploads\/2016\/06\/juanfer2.jpg 1241w, https:\/\/www.sportalsub.net\/blog\/wp-content\/uploads\/2016\/06\/juanfer2-300x260.jpg 300w, https:\/\/www.sportalsub.net\/blog\/wp-content\/uploads\/2016\/06\/juanfer2-768x666.jpg 768w, https:\/\/www.sportalsub.net\/blog\/wp-content\/uploads\/2016\/06\/juanfer2-1024x888.jpg 1024w\" sizes=\"auto, (max-width: 1241px) 100vw, 1241px\" \/><\/a><\/p>\n<p>&nbsp;<\/p>\n","protected":false},"excerpt":{"rendered":"<p>(Sportalsub.net \/ Volos 2016) Colombia inicia firme su paso por el\u00a019\u00b0 Campeonato Mundial CMAS de Nataci\u00f3n con Aletas que se lleva cabo en \u00a0Volos, Grecia\u00a0del 22 al 28 de junio de 2016\u00a0gracias a la destacada actuaci\u00f3n de sus deportistas, entre los cuales destacan las 2 medallas de oro obtenidas en la segunda jornada del evento, realizada este s\u00e1bado 25 de [&#8230;]<\/p>\n","protected":false},"author":1,"featured_media":24573,"comment_status":"open","ping_status":"closed","sticky":false,"template":"","format":"standard","meta":{"_lmt_disableupdate":"","_lmt_disable":"","jetpack_post_was_ever_published":false,"_jetpack_newsletter_access":"","_jetpack_dont_email_post_to_subs":false,"_jetpack_newsletter_tier_id":0,"_jetpack_memberships_contains_paywalled_content":false,"_jetpack_memberships_contains_paid_content":false,"footnotes":"","jetpack_publicize_message":"","jetpack_publicize_feature_enabled":true,"jetpack_social_post_already_shared":true,"jetpack_social_options":{"image_generator_settings":{"template":"highway","default_image_id":0,"font":"","enabled":false},"version":2}},"categories":[3,347,12,50],"tags":[408],"class_list":["post-24571","post","type-post","status-publish","format-standard","has-post-thumbnail","hentry","category-colombia","category-destacados","category-natacion-con-aletas","category-records","tag-volos-2016"],"modified_by":"Sportalsub.net","views":7492,"jetpack_publicize_connections":[],"jetpack_featured_media_url":"https:\/\/www.sportalsub.net\/blog\/wp-content\/uploads\/2016\/06\/juanfer2.jpg","jetpack_sharing_enabled":true,"jetpack_shortlink":"https:\/\/wp.me\/pf9lN-6oj","jetpack_likes_enabled":false,"jetpack-related-posts":[{"id":24590,"url":"https:\/\/www.sportalsub.net\/blog\/nueva-medalla-de-oro-y-2-records-mundiales-para-colombia-en-mundial-de-natacion-con-aletas-en-grecia-videos\/","url_meta":{"origin":24571,"position":0},"title":"\ud83c\udde8\ud83c\uddf4 Nueva Medalla de Oro y 2 R\u00e9cords Mundiales para Colombia en Mundial de Nataci\u00f3n con Aletas en Grecia + Videos","author":"Sportalsub.net","date":"26 junio 2016","format":false,"excerpt":"(Sportalsub.net \/ Volos 2016) Colombia contin\u00faa brillando\u00a0en el\u00a019\u00b0 Campeonato Mundial CMAS de Nataci\u00f3n con Aletas que se lleva cabo en \u00a0Volos, Grecia\u00a0del 22 al 28 de junio de 2016\u00a0gracias a la actuaci\u00f3n de sus\u00a0deportistas, entre los que destacan Mauricio Fern\u00e1ndez y Juan Fernando Ocampo, quienes dieron nuevas alegr\u00edas al pa\u00eds\u2026","rel":"","context":"En \u00abColombia\u00bb","block_context":{"text":"Colombia","link":"https:\/\/www.sportalsub.net\/blog\/category\/paises\/america\/colombia\/"},"img":{"alt_text":"","src":"https:\/\/i0.wp.com\/www.sportalsub.net\/blog\/wp-content\/uploads\/2016\/06\/juanfersalida.jpg?resize=350%2C200&ssl=1","width":350,"height":200,"srcset":"https:\/\/i0.wp.com\/www.sportalsub.net\/blog\/wp-content\/uploads\/2016\/06\/juanfersalida.jpg?resize=350%2C200&ssl=1 1x, https:\/\/i0.wp.com\/www.sportalsub.net\/blog\/wp-content\/uploads\/2016\/06\/juanfersalida.jpg?resize=525%2C300&ssl=1 1.5x, https:\/\/i0.wp.com\/www.sportalsub.net\/blog\/wp-content\/uploads\/2016\/06\/juanfersalida.jpg?resize=700%2C400&ssl=1 2x, https:\/\/i0.wp.com\/www.sportalsub.net\/blog\/wp-content\/uploads\/2016\/06\/juanfersalida.jpg?resize=1050%2C600&ssl=1 3x, https:\/\/i0.wp.com\/www.sportalsub.net\/blog\/wp-content\/uploads\/2016\/06\/juanfersalida.jpg?resize=1400%2C800&ssl=1 4x"},"classes":[]},{"id":23311,"url":"https:\/\/www.sportalsub.net\/blog\/finswimming-world-championship-volos-2016","url_meta":{"origin":24571,"position":1},"title":"\ud83c\uddec\ud83c\uddf7 Resultados Finales &#8211; 19\u00b0 Campeonato Mundial CMAS de Nataci\u00f3n con Aletas. Volos, Grecia 2016","author":"Sportalsub.net","date":"29 junio 2016","format":false,"excerpt":"(Sportalsub.net \/ CMAS \/ KOE) -\u00a0Read in English El 19\u00b0 Campeonato Mundial CMAS de Nataci\u00f3n con Aletas se llev\u00f3 cabo en \u00a0Volos, Grecia\u00a0del 22 al 28 de junio de 2016 33 pa\u00edses participaron\u00a0en el evento: Austria, Bielorrusia, Bosnia y Herzegovina, China, China Taipei, Colombia, Croacia, Rep\u00fablica Checa, Dinamarca, Estonia, Finlandia,\u2026","rel":"","context":"En \u00abColombia\u00bb","block_context":{"text":"Colombia","link":"https:\/\/www.sportalsub.net\/blog\/category\/paises\/america\/colombia\/"},"img":{"alt_text":"","src":"https:\/\/i0.wp.com\/www.sportalsub.net\/blog\/wp-content\/uploads\/2016\/06\/volos-2.jpg?resize=350%2C200&ssl=1","width":350,"height":200,"srcset":"https:\/\/i0.wp.com\/www.sportalsub.net\/blog\/wp-content\/uploads\/2016\/06\/volos-2.jpg?resize=350%2C200&ssl=1 1x, https:\/\/i0.wp.com\/www.sportalsub.net\/blog\/wp-content\/uploads\/2016\/06\/volos-2.jpg?resize=525%2C300&ssl=1 1.5x, https:\/\/i0.wp.com\/www.sportalsub.net\/blog\/wp-content\/uploads\/2016\/06\/volos-2.jpg?resize=700%2C400&ssl=1 2x"},"classes":[]},{"id":22994,"url":"https:\/\/www.sportalsub.net\/blog\/mejores-natacion-aletas-colombia-2015","url_meta":{"origin":24571,"position":2},"title":"\ud83c\udde8\ud83c\uddf4 Reconocimiento para los mejores de la Nataci\u00f3n con Aletas en Colombia en 2015","author":"Sportalsub.net","date":"15 diciembre 2015","format":false,"excerpt":"(Sportalsub.net \/ Acord Bogota \/ Alcaldia de Cali) Dos de los mejores exponentes de la nataci\u00f3n con aletas de Colombia fueron reconocidos por sus respectivos departamentos el pasado viernes.\u00a0El deportista Juan Fernando Ocampo de Bogot\u00e1 y el entrenador Fabio Delgado Daza\u00a0del Valle Juan Fernando Ocampo Juan Fernando Ocampo, de actividades\u2026","rel":"","context":"En \u00abColombia\u00bb","block_context":{"text":"Colombia","link":"https:\/\/www.sportalsub.net\/blog\/category\/paises\/america\/colombia\/"},"img":{"alt_text":"","src":"https:\/\/i0.wp.com\/www.sportalsub.net\/blog\/wp-content\/uploads\/2015\/12\/juanfer.jpg?resize=350%2C200&ssl=1","width":350,"height":200,"srcset":"https:\/\/i0.wp.com\/www.sportalsub.net\/blog\/wp-content\/uploads\/2015\/12\/juanfer.jpg?resize=350%2C200&ssl=1 1x, https:\/\/i0.wp.com\/www.sportalsub.net\/blog\/wp-content\/uploads\/2015\/12\/juanfer.jpg?resize=525%2C300&ssl=1 1.5x, https:\/\/i0.wp.com\/www.sportalsub.net\/blog\/wp-content\/uploads\/2015\/12\/juanfer.jpg?resize=700%2C400&ssl=1 2x"},"classes":[]},{"id":24604,"url":"https:\/\/www.sportalsub.net\/blog\/ultimas-jornadas-del-mundial-de-natacion-con-aletas-en-grecia-arrojan-nuevas-medallas-para-colombia\/","url_meta":{"origin":24571,"position":3},"title":"\ud83c\udde8\ud83c\uddf4 \u00daltimas jornadas del Mundial de Nataci\u00f3n con Aletas en Grecia arrojan nuevas medallas para Colombia + Videos","author":"Sportalsub.net","date":"29 junio 2016","format":false,"excerpt":"Colombia cerr\u00f3 una participaci\u00f3n hist\u00f3rica en\u00a0el\u00a019\u00b0 Campeonato Mundial CMAS de Nataci\u00f3n con Aletas llevado a\u00a0cabo en \u00a0Volos, Grecia\u00a0del 22 al 28 de junio de 2016\u00a0alcanzando nuevas medallas en la \u00faltima jornada de piscina, realizada el pasado\u00a0lunes 27 de junio, as\u00ed como en la jornada de aguas abiertas de este martes\u2026","rel":"","context":"En \u00abColombia\u00bb","block_context":{"text":"Colombia","link":"https:\/\/www.sportalsub.net\/blog\/category\/paises\/america\/colombia\/"},"img":{"alt_text":"","src":"https:\/\/i0.wp.com\/www.sportalsub.net\/blog\/wp-content\/uploads\/2016\/06\/alexander-oro-1.jpg?resize=350%2C200&ssl=1","width":350,"height":200,"srcset":"https:\/\/i0.wp.com\/www.sportalsub.net\/blog\/wp-content\/uploads\/2016\/06\/alexander-oro-1.jpg?resize=350%2C200&ssl=1 1x, https:\/\/i0.wp.com\/www.sportalsub.net\/blog\/wp-content\/uploads\/2016\/06\/alexander-oro-1.jpg?resize=525%2C300&ssl=1 1.5x, https:\/\/i0.wp.com\/www.sportalsub.net\/blog\/wp-content\/uploads\/2016\/06\/alexander-oro-1.jpg?resize=700%2C400&ssl=1 2x"},"classes":[]},{"id":2743,"url":"https:\/\/www.sportalsub.net\/blog\/colombia-logra-9-medallas-de-oro-en-la-golden-final-de-la-copa-del-mundo-de-natacion-con-aletas-cmas-2009\/","url_meta":{"origin":24571,"position":4},"title":"\ud83c\udde8\ud83c\uddf4 Colombia logra 9 medallas de oro en la Golden Final de la Copa del Mundo de Nataci\u00f3n con Aletas CMAS 2009","author":"Sportalsub.net","date":"15 septiembre 2009","format":false,"excerpt":"Victoria P\u00e9rez se consolid\u00f3 entre las mejores del mundo \u00a0Colombia tuvo un gran desempe\u00f1o en la\u00a0Golden Final de Nataci\u00f3n con Aletas realizada en Valencia, Espa\u00f1a, del 10 al 14 de septiembre,\u00a0al totalizar 9 medallas de oro, 3 de plata y 5 de bronce.\u00a0 Los deportistas m\u00e1s destacados por el pa\u00eds\u2026","rel":"","context":"En \u00abCMAS\u00bb","block_context":{"text":"CMAS","link":"https:\/\/www.sportalsub.net\/blog\/category\/mas\/organizaciones\/cmas-organizaciones\/"},"img":{"alt_text":"","src":"https:\/\/i0.wp.com\/www.sportalsub.net\/blog\/wp-content\/uploads\/2009\/09\/goldenfinal.jpg?resize=350%2C200&ssl=1","width":350,"height":200},"classes":[]},{"id":19422,"url":"https:\/\/www.sportalsub.net\/blog\/5ta-ronda-copa-mundo-cmas-natacion-con-aletas-2015-leipzig-alemania\/","url_meta":{"origin":24571,"position":5},"title":"\ud83c\udde9\ud83c\uddea 5ta Ronda Copa Mundo CMAS Nataci\u00f3n con Aletas 2015. Leipzig, Alemania &#8211; Resultados","author":"Sportalsub.net","date":"27 abril 2015","format":false,"excerpt":"(Sportalsub.net \/ CMAS \/ VDST) - Read in English La 5\u00aa Ronda de la X Copa del Mundo CMAS de Nataci\u00f3n con Aletas 2015 se realiz\u00f3 en Leipzig, Alemania\u00a0durante los d\u00edas 24 al 26 de abril.\u00a0El evento fue\u00a0organizado por la Federaci\u00f3n Alemana\u00a0de Actividades Subacu\u00e1ticas (VDST) con el aval de la\u2026","rel":"","context":"En \u00abAlemania\u00bb","block_context":{"text":"Alemania","link":"https:\/\/www.sportalsub.net\/blog\/category\/paises\/europa\/alemania\/"},"img":{"alt_text":"","src":"https:\/\/i0.wp.com\/www.sportalsub.net\/blog\/wp-content\/uploads\/2015\/02\/alemania2015.jpg?resize=350%2C200&ssl=1","width":350,"height":200,"srcset":"https:\/\/i0.wp.com\/www.sportalsub.net\/blog\/wp-content\/uploads\/2015\/02\/alemania2015.jpg?resize=350%2C200&ssl=1 1x, https:\/\/i0.wp.com\/www.sportalsub.net\/blog\/wp-content\/uploads\/2015\/02\/alemania2015.jpg?resize=525%2C300&ssl=1 1.5x"},"classes":[]}],"_links":{"self":[{"href":"https:\/\/www.sportalsub.net\/blog\/wp-json\/wp\/v2\/posts\/24571","targetHints":{"allow":["GET"]}}],"collection":[{"href":"https:\/\/www.sportalsub.net\/blog\/wp-json\/wp\/v2\/posts"}],"about":[{"href":"https:\/\/www.sportalsub.net\/blog\/wp-json\/wp\/v2\/types\/post"}],"author":[{"embeddable":true,"href":"https:\/\/www.sportalsub.net\/blog\/wp-json\/wp\/v2\/users\/1"}],"replies":[{"embeddable":true,"href":"https:\/\/www.sportalsub.net\/blog\/wp-json\/wp\/v2\/comments?post=24571"}],"version-history":[{"count":0,"href":"https:\/\/www.sportalsub.net\/blog\/wp-json\/wp\/v2\/posts\/24571\/revisions"}],"wp:featuredmedia":[{"embeddable":true,"href":"https:\/\/www.sportalsub.net\/blog\/wp-json\/wp\/v2\/media\/24573"}],"wp:attachment":[{"href":"https:\/\/www.sportalsub.net\/blog\/wp-json\/wp\/v2\/media?parent=24571"}],"wp:term":[{"taxonomy":"category","embeddable":true,"href":"https:\/\/www.sportalsub.net\/blog\/wp-json\/wp\/v2\/categories?post=24571"},{"taxonomy":"post_tag","embeddable":true,"href":"https:\/\/www.sportalsub.net\/blog\/wp-json\/wp\/v2\/tags?post=24571"}],"curies":[{"name":"wp","href":"https:\/\/api.w.org\/{rel}","templated":true}]}}