{"id":2459,"date":"2009-07-07T06:56:02","date_gmt":"2009-07-07T11:26:02","guid":{"rendered":"http:\/\/www.sportalsub.net\/blog\/?p=2459"},"modified":"2019-09-01T10:34:06","modified_gmt":"2019-09-01T14:34:06","slug":"juegos-mundiales-de-actividades-subacuaticas-cmas-2011-seran-en-neiva-y-san-andres-colombia","status":"publish","type":"post","link":"https:\/\/www.sportalsub.net\/blog\/juegos-mundiales-de-actividades-subacuaticas-cmas-2011-seran-en-neiva-y-san-andres-colombia\/","title":{"rendered":"\ud83c\udde8\ud83c\uddf4 Juegos Mundiales de Actividades Subacu\u00e1ticas CMAS 2011 ser\u00e1n en Neiva y San Andr\u00e9s, Colombia"},"content":{"rendered":"<p style=\"text-align: center;\"><a href=\"http:\/\/www.sportalsub.net\/blog\/2009\/07\/07\/juegos-mundiales-de-actividades-subacuaticas-cmas-2011-seran-en-neiva-y-san-andres-colombia\/juegoscmas2011\/\" rel=\"attachment wp-att-2460\"><img loading=\"lazy\" decoding=\"async\" class=\"alignnone size-full wp-image-2460\" style=\"border: 0px;\" src=\"http:\/\/www.sportalsub.net\/blog\/wp-content\/uploads\/2009\/07\/juegoscmas2011.jpg\" alt=\"\" width=\"360\" height=\"229\" srcset=\"https:\/\/www.sportalsub.net\/blog\/wp-content\/uploads\/2009\/07\/juegoscmas2011.jpg 360w, https:\/\/www.sportalsub.net\/blog\/wp-content\/uploads\/2009\/07\/juegoscmas2011-300x191.jpg 300w\" sizes=\"auto, (max-width: 360px) 100vw, 360px\" \/><\/a><\/p>\n<p style=\"text-align: justify;\">La votaci\u00f3n de los representantes de 21 pa\u00edses le dieron a Colombia la sede de los II Juegos Mundiales CMAS de Actividades Subacu\u00e1ticas que se disputar\u00e1n entre julio y agosto del a\u00f1o 2011.<\/p>\n<p style=\"text-align: justify;\"><!--more--><\/p>\n<p style=\"text-align: justify;\">32 naciones confirmaron su presencia en el certamen, en el que Neiva albergar\u00e1 las competencias de apnea, hockey, rugby subacu\u00e1tico y nataci\u00f3n con aletas, mientras que la la de San Andr\u00e9s lo har\u00e1 con las pruebas de fotograf\u00eda submarina, tiro subacu\u00e1tico, pesca y orientaci\u00f3n submarina.<\/p>\n<p style=\"text-align: justify;\">Cerca de mil cien deportistas competir\u00e1n en los Juegos, seg\u00fan confirm\u00f3 el presidente de la Confederaci\u00f3n Mundial de Actividades Subacu\u00e1ticas, CMAS, Achille Ferrero.<\/p>\n<p style=\"text-align: justify;\">El certamen se disputar\u00e1 en el a\u00f1o 2011 con la presencia de 54 pa\u00edses. Neiva y San Andr\u00e9s, las sedes de la justa.<\/p>\n<p style=\"text-align: justify;\">La adjudicaci\u00f3n de la sede para Colombia se registr\u00f3 durante la asamblea general de la CMAS celebrada en Roma, Italia.<\/p>\n<p style=\"text-align: justify;\">Los Juegos Mundiales de la CMAS son el evento m\u00e1s importante del mundo en materia de actividades subacu\u00e1ticas. M\u00e1s de 15 disciplinas, entre las que figuran nataci\u00f3n con aletas, apnea, rugby subacu\u00e1tico, pesca submarina, buceo, orientaci\u00f3n, fotograf\u00eda y v\u00eddeo subacu\u00e1ticos, hockey subacu\u00e1tico y tiro subacu\u00e1tico, hacen parte del certamen.<\/p>\n<p style=\"text-align: justify;\">El Mundial Juvenil de Nataci\u00f3n con Aletas realizado el a\u00f1o pasado en Neiva, Departamento del Huila y el apoyo que diferentes autoridades oficiales del Departamento, principalmente de la Gobernaci\u00f3n, otorgaron el aval y visto bueno de la CMAS para la realizaci\u00f3n de este evento, cuya edici\u00f3n de 2009, prevista a ser realizada en T\u00fanez, fue cancelada precisamente, por falta de apoyo econ\u00f3mico de las autoridades gubernamentales en dicho pa\u00eds.<\/p>\n<p style=\"text-align: justify;\">De manera extraoficial se pudo establecer que cerca de cuatro mil millones de pesos se invertir\u00e1n para remodelar escenarios deportivos en Neiva para albergar los Juegos.<\/p>\n<p style=\"text-align: justify;\">Gerardo Lerma, presidente de la Federaci\u00f3n Colombiana de Actividades Subacu\u00e1ticas, tambi\u00e9n confirm\u00f3 que el pa\u00eds ser\u00e1 sede de los Juegos Mundiales CMAS 2011, que tendr\u00e1n como ciudades anfitrionas a Neiva y San Andr\u00e9s<\/p>\n<p style=\"text-align: justify;\">Fuente: Diario del Huila \/ COLDEPORTES<\/p>\n","protected":false},"excerpt":{"rendered":"<p>La votaci\u00f3n de los representantes de 21 pa\u00edses le dieron a Colombia la sede de los II Juegos Mundiales CMAS de Actividades Subacu\u00e1ticas que se disputar\u00e1n entre julio y agosto del a\u00f1o 2011.<\/p>\n","protected":false},"author":1,"featured_media":2460,"comment_status":"open","ping_status":"closed","sticky":false,"template":"","format":"standard","meta":{"_lmt_disableupdate":"","_lmt_disable":"","jetpack_post_was_ever_published":false,"_jetpack_newsletter_access":"","_jetpack_dont_email_post_to_subs":false,"_jetpack_newsletter_tier_id":0,"_jetpack_memberships_contains_paywalled_content":false,"_jetpack_memberships_contains_paid_content":false,"footnotes":"","jetpack_publicize_message":"","jetpack_publicize_feature_enabled":true,"jetpack_social_post_already_shared":false,"jetpack_social_options":{"image_generator_settings":{"template":"highway","default_image_id":0,"font":"","enabled":false},"version":2}},"categories":[9,148,137,133,2,12,104,7],"tags":[],"class_list":["post-2459","post","type-post","status-publish","format-standard","has-post-thumbnail","hentry","category-apnea","category-cmas-organizaciones","category-cmas-games-2011","category-destacados-anteriores","category-hockey-subacuatico","category-natacion-con-aletas","category-orientacion-subacuatica","category-rugby-subacuatico"],"modified_by":"Sportalsub.net","views":5242,"jetpack_publicize_connections":[],"jetpack_featured_media_url":"https:\/\/www.sportalsub.net\/blog\/wp-content\/uploads\/2009\/07\/juegoscmas2011.jpg","jetpack_sharing_enabled":true,"jetpack_shortlink":"https:\/\/wp.me\/pf9lN-DF","jetpack_likes_enabled":false,"jetpack-related-posts":[{"id":6142,"url":"https:\/\/www.sportalsub.net\/blog\/colombia-confirma-a-cmas-su-compromiso-de-realizar-los-juegos-mundiales-de-actividades-subacuaticas-2011-en-neiva-y-san-andres\/","url_meta":{"origin":2459,"position":0},"title":"\ud83c\udde8\ud83c\uddf4 Colombia confirma a CMAS su compromiso de realizar los Juegos Mundiales de Actividades Subacu\u00e1ticas 2011 en Neiva y San Andr\u00e9s","author":"Sportalsub.net","date":"15 septiembre 2010","format":false,"excerpt":"(Especial Sportalsub.net) El pasado 20 de agosto, publicamos en nuestro sitio web sportalsub.net, la noticia divulgada por un reconocido diario de la ciudad de Medell\u00edn, Colombia en donde se anunciaba que la CMAS, Confederaci\u00f3n Mundial de Actividades Subacu\u00e1ticas, le hab\u00eda concedido a Medell\u00edn y Antioquia la sede de los Juegos\u2026","rel":"","context":"En \u00abApnea\u00bb","block_context":{"text":"Apnea","link":"https:\/\/www.sportalsub.net\/blog\/category\/modalidades\/apnea\/"},"img":{"alt_text":"","src":"https:\/\/i0.wp.com\/www.sportalsub.net\/blog\/wp-content\/uploads\/2013\/11\/neiva11.jpg?resize=350%2C200&ssl=1","width":350,"height":200},"classes":[]},{"id":6873,"url":"https:\/\/www.sportalsub.net\/blog\/cmas-publica-el-calendario-de-campeonatos-y-competencias-internacionales-2011\/","url_meta":{"origin":2459,"position":1},"title":"\ud83c\udf0e CMAS publica el Calendario de Campeonatos y Competencias Internacionales 2011","author":"Sportalsub.net","date":"4 diciembre 2010","format":false,"excerpt":"(Especial Sportalsub.net) En documento oficial, publicado este viernes 2 de diciembre en el sitio web de la Confederaci\u00f3n Mundial de Actividades Subacu\u00e1ticas www.cmas.org y bajo la firma de Xavi Dur\u00e1n, Presidente del Comit\u00e9 Deportivo de \u00e9sta organizaci\u00f3n internacional, se ha dado a conocer el Calendario de Competencias y Campeonatos Internacionales\u2026","rel":"","context":"En \u00abApnea\u00bb","block_context":{"text":"Apnea","link":"https:\/\/www.sportalsub.net\/blog\/category\/modalidades\/apnea\/"},"img":{"alt_text":"","src":"https:\/\/i0.wp.com\/www.sportalsub.net\/blog\/wp-content\/uploads\/2013\/11\/img_9425_11.jpg?resize=350%2C200&ssl=1","width":350,"height":200,"srcset":"https:\/\/i0.wp.com\/www.sportalsub.net\/blog\/wp-content\/uploads\/2013\/11\/img_9425_11.jpg?resize=350%2C200&ssl=1 1x, https:\/\/i0.wp.com\/www.sportalsub.net\/blog\/wp-content\/uploads\/2013\/11\/img_9425_11.jpg?resize=525%2C300&ssl=1 1.5x, https:\/\/i0.wp.com\/www.sportalsub.net\/blog\/wp-content\/uploads\/2013\/11\/img_9425_11.jpg?resize=700%2C400&ssl=1 2x"},"classes":[]},{"id":5957,"url":"https:\/\/www.sportalsub.net\/blog\/juegos-cmas-2011-tendran-como-sede-el-departamento-de-antioquia-colombia\/","url_meta":{"origin":2459,"position":2},"title":"\ud83c\udde8\ud83c\uddf4 Juegos CMAS 2011 tendr\u00e1n como sede el Departamento de Antioquia, Colombia","author":"Sportalsub.net","date":"20 agosto 2010","format":false,"excerpt":"(Especial Sportalsub.net) En un reconocido diario de la ciudad de Medell\u00edn, se di\u00f3 a conocer\u00a0 este viernes 20 de agosto la informaci\u00f3n de que la CMAS, Confederaci\u00f3n Mundial de Actividades Subacu\u00e1ticas, le concedi\u00f3 a Medell\u00edn y Antioquia los Juegos Mundiales, en siete modalidades deportivas bajo el agua. Seg\u00fan Nelson Zapata,\u2026","rel":"","context":"En \u00abApnea\u00bb","block_context":{"text":"Apnea","link":"https:\/\/www.sportalsub.net\/blog\/category\/modalidades\/apnea\/"},"img":{"alt_text":"","src":"https:\/\/i0.wp.com\/www.sportalsub.net\/blog\/wp-content\/uploads\/2010\/08\/Antioquia_B_Vs._Antioquia_A_UWHockey.jpg?resize=350%2C200&ssl=1","width":350,"height":200},"classes":[]},{"id":8099,"url":"https:\/\/www.sportalsub.net\/blog\/cancelada-la-realizacion-de-los-juegos-cmas-2011-de-actividades-subacuaticas-en-colombia\/","url_meta":{"origin":2459,"position":3},"title":"\ud83c\udde8\ud83c\uddf4 Cancelada la Realizaci\u00f3n de los Juegos CMAS 2011 de Actividades Subacu\u00e1ticas en Colombia","author":"Sportalsub.net","date":"1 febrero 2011","format":false,"excerpt":"A trav\u00e9s de un comunicado oficial, la Federaci\u00f3n Colombiana de Actividades Subacu\u00e1ticas (FEDECAS) ha notificado la cancelaci\u00f3n oficial de los II Juegos CMAS de Actividades Subacu\u00e1ticas, previstos a realizarse en Neiva y San Andr\u00e9s, Colombia en la segunda quincena de agosto de 2011. A continuaci\u00f3n publicamos la comunicaci\u00f3n oficial enviada\u2026","rel":"","context":"En \u00abApnea\u00bb","block_context":{"text":"Apnea","link":"https:\/\/www.sportalsub.net\/blog\/category\/modalidades\/apnea\/"},"img":{"alt_text":"","src":"https:\/\/i0.wp.com\/www.sportalsub.net\/blog\/wp-content\/uploads\/2011\/02\/cmasgames2011.jpg?resize=350%2C200&ssl=1","width":350,"height":200,"srcset":"https:\/\/i0.wp.com\/www.sportalsub.net\/blog\/wp-content\/uploads\/2011\/02\/cmasgames2011.jpg?resize=350%2C200&ssl=1 1x, https:\/\/i0.wp.com\/www.sportalsub.net\/blog\/wp-content\/uploads\/2011\/02\/cmasgames2011.jpg?resize=525%2C300&ssl=1 1.5x"},"classes":[]},{"id":4438,"url":"https:\/\/www.sportalsub.net\/blog\/visita-del-director-deportivo-cmas-a-neiva-con-motivo-de-los-juegos-cmas-2011\/","url_meta":{"origin":2459,"position":4},"title":"\ud83c\udde8\ud83c\uddf4 Visita del Director Deportivo CMAS a Neiva con motivo de los Juegos CMAS 2011","author":"Sportalsub.net","date":"8 abril 2010","format":false,"excerpt":"Javier Dur\u00e1n (CMAS)\u00a0y Luis Eduer Valenzuela (InderHuila). Foto @ La Naci\u00f3n El presidente del Comit\u00e9 Deportivo de la Confederaci\u00f3n Mundial de Actividades Subacu\u00e1ticas, el espa\u00f1ol Xavier Dur\u00e1n, estuvo durante los primeros d\u00edas de abril en la ciudad de Neiva, Colombia, inspeccionado los escenarios que albergar\u00e1n los 2dos Juegos CMAS a\u2026","rel":"","context":"En \u00abApnea\u00bb","block_context":{"text":"Apnea","link":"https:\/\/www.sportalsub.net\/blog\/category\/modalidades\/apnea\/"},"img":{"alt_text":"foto 6","src":"https:\/\/i0.wp.com\/www.sportalsub.net\/blog\/wp-content\/uploads\/2010\/04\/foto-6-.jpg?resize=350%2C200","width":350,"height":200},"classes":[]},{"id":2800,"url":"https:\/\/www.sportalsub.net\/blog\/neiva-perdio-la-sede-mundialista-juegos-cmas-2011-seran-en-medellin-y-san-andres-colombia\/","url_meta":{"origin":2459,"position":5},"title":"\ud83c\udde8\ud83c\uddf4 Neiva perdi\u00f3 la sede mundialista, Juegos CMAS 2011 ser\u00e1n en Medell\u00edn y San Andr\u00e9s, Colombia","author":"Sportalsub.net","date":"21 septiembre 2009","format":false,"excerpt":"La Federaci\u00f3n Colombiana de Actividades Subacu\u00e1ticas FEDECAS,\u00a0design\u00f3 el pasado 18 de Septiembre por unanimidad como sedes de los II Juegos Mundiales CMAS 2011 a Medell\u00edn y San Andr\u00e9s. La ciudad de Neiva, Capital del Huila perdi\u00f3\u00a0la sede de los II Juegos Mundiales de la Confederaci\u00f3n Mundial de Actividades Subacu\u00e1ticas (CMAS)\u2026","rel":"","context":"En \u00abApnea\u00bb","block_context":{"text":"Apnea","link":"https:\/\/www.sportalsub.net\/blog\/category\/modalidades\/apnea\/"},"img":{"alt_text":"","src":"","width":0,"height":0},"classes":[]}],"_links":{"self":[{"href":"https:\/\/www.sportalsub.net\/blog\/wp-json\/wp\/v2\/posts\/2459","targetHints":{"allow":["GET"]}}],"collection":[{"href":"https:\/\/www.sportalsub.net\/blog\/wp-json\/wp\/v2\/posts"}],"about":[{"href":"https:\/\/www.sportalsub.net\/blog\/wp-json\/wp\/v2\/types\/post"}],"author":[{"embeddable":true,"href":"https:\/\/www.sportalsub.net\/blog\/wp-json\/wp\/v2\/users\/1"}],"replies":[{"embeddable":true,"href":"https:\/\/www.sportalsub.net\/blog\/wp-json\/wp\/v2\/comments?post=2459"}],"version-history":[{"count":0,"href":"https:\/\/www.sportalsub.net\/blog\/wp-json\/wp\/v2\/posts\/2459\/revisions"}],"wp:featuredmedia":[{"embeddable":true,"href":"https:\/\/www.sportalsub.net\/blog\/wp-json\/wp\/v2\/media\/2460"}],"wp:attachment":[{"href":"https:\/\/www.sportalsub.net\/blog\/wp-json\/wp\/v2\/media?parent=2459"}],"wp:term":[{"taxonomy":"category","embeddable":true,"href":"https:\/\/www.sportalsub.net\/blog\/wp-json\/wp\/v2\/categories?post=2459"},{"taxonomy":"post_tag","embeddable":true,"href":"https:\/\/www.sportalsub.net\/blog\/wp-json\/wp\/v2\/tags?post=2459"}],"curies":[{"name":"wp","href":"https:\/\/api.w.org\/{rel}","templated":true}]}}