{"id":2470,"date":"2009-07-08T08:53:23","date_gmt":"2009-07-08T13:23:23","guid":{"rendered":"http:\/\/www.sportalsub.net\/blog\/?p=2470"},"modified":"2019-08-31T19:54:31","modified_gmt":"2019-08-31T23:54:31","slug":"carlos-coste-se-prepara-para-otro-record-de-apnea","status":"publish","type":"post","link":"https:\/\/www.sportalsub.net\/blog\/carlos-coste-se-prepara-para-otro-record-de-apnea\/","title":{"rendered":"\ud83c\uddfb\ud83c\uddea Carlos Coste se prepara para otro r\u00e9cord de Apnea"},"content":{"rendered":"<p style=\"text-align: center;\"><a href=\"http:\/\/www.sportalsub.net\/blog\/2009\/07\/08\/carlos-coste-se-prepara-para-otro-record-de-apnea\"><img loading=\"lazy\" decoding=\"async\" class=\"alignnone\" style=\"border: 0px;\" src=\"http:\/\/www.sportalsub.net\/portal\/images\/stories\/2007\/coste_eslovenia.jpg\" alt=\"\" width=\"450\" height=\"169\" \/><\/a><br \/>\nCarlos Coste en Apnea Din\u00e1mica. Foto: F\u00e9lix Rodriguez<\/p>\n<p style=\"text-align: justify;\">Perseverancia es la palabra que marca y marcar\u00e1 el camino del apne\u00edsta venezolano Carlos Coste, quien avanza con un aletear constante dispuesto a establecer nuevas marcas en el deporte del cual ha sido campe\u00f3n mundial en dos ocasiones en la modalidad de inmersi\u00f3n libre, y esta vez desea imponer un nuevo r\u00e9cord en la din\u00e1mica con aletas.<\/p>\n<p style=\"text-align: justify;\"><!--more--><\/p>\n<p style=\"text-align: justify;\">Coste tratar\u00e1 de cumplir su objetivo en el Campeonato Mundial de Piscina que se realizar\u00e1 en Dinamarca, desde el lunes 17 al s\u00e1bado 22 de agosto.<\/p>\n<p style=\"text-align: justify;\">\u00abTodos los lunes estoy realizando un chequeo y he conseguido un progreso bastante bueno en din\u00e1mica, llegando a superar con seis metros m\u00e1s mi anterior r\u00e9cord\u00bb, coment\u00f3 Carlos Coste, quien registr\u00f3 el 29 de junio una distancia de 193 m, sobrepasando sin complicaciones su marca suramericana de 187 m, establecida en el Mundial de Eslovenia hace dos a\u00f1os.<\/p>\n<p style=\"text-align: justify;\">La meta del trit\u00f3n criollo es \u00absuperar los 200 metros\u00bb y para ello cuenta \u00abCon el apoyo de Gabriela Contreras y el entrenador Luis Villasmil quienes me han ayudado a conseguir estos destacados resultados en el agua, adem\u00e1s el trabajo en seco en el gimnasio Medkar me permiten pulir algunos detalles que quedaron despu\u00e9s del accidente en 2006\u00bb, se\u00f1al\u00f3 Coste.<\/p>\n<p style=\"text-align: justify;\">Aunque ya han pasado tres a\u00f1os de aquel accidente cerebro vascular que sorprendi\u00f3 al criollo en Egipto, las secuelas quedaron y merman el rendimiento de Coste. \u00abRealizamos un entrenamiento constante y bien pensado, con fisioterapeutas, grabaciones en videos y t\u00e9cnicas de Pilates, para disminuir algunas deficiencias musculares\u00bb, concluy\u00f3 Contreras, quien se mostr\u00f3 contenta por los resultados obtenidos semana tras semana que le dar\u00e1n a Coste un nuevo r\u00e9cord.<\/p>\n<p style=\"text-align: justify;\"><a href=\"mailto:LDICKSON@ELUNIVERSAL.COM\">LDICKSON@ELUNIVERSAL.COM<\/a><\/p>\n<p style=\"text-align: justify;\">Leandro Dickson L\u00f3pez<br \/>\nEL UNIVERSAL<\/p>\n","protected":false},"excerpt":{"rendered":"<p>Carlos Coste en Apnea Din\u00e1mica. Foto: F\u00e9lix Rodriguez Perseverancia es la palabra que marca y marcar\u00e1 el camino del apne\u00edsta venezolano Carlos Coste, quien avanza con un aletear constante dispuesto a establecer nuevas marcas en el deporte del cual ha sido campe\u00f3n mundial en dos ocasiones en la modalidad de inmersi\u00f3n libre, y esta vez desea imponer un nuevo r\u00e9cord [&#8230;]<\/p>\n","protected":false},"author":1,"featured_media":16487,"comment_status":"open","ping_status":"closed","sticky":false,"template":"","format":"standard","meta":{"_lmt_disableupdate":"","_lmt_disable":"","jetpack_post_was_ever_published":false,"_jetpack_newsletter_access":"","_jetpack_dont_email_post_to_subs":false,"_jetpack_newsletter_tier_id":0,"_jetpack_memberships_contains_paywalled_content":false,"_jetpack_memberships_contains_paid_content":false,"footnotes":"","jetpack_publicize_message":"","jetpack_publicize_feature_enabled":true,"jetpack_social_post_already_shared":false,"jetpack_social_options":{"image_generator_settings":{"template":"highway","default_image_id":0,"font":"","enabled":false},"version":2}},"categories":[9,133,8],"tags":[],"class_list":["post-2470","post","type-post","status-publish","format-standard","has-post-thumbnail","hentry","category-apnea","category-destacados-anteriores","category-venezuela"],"modified_by":"Sportalsub.net","views":3998,"jetpack_publicize_connections":[],"jetpack_featured_media_url":"https:\/\/www.sportalsub.net\/blog\/wp-content\/uploads\/2013\/11\/coste_eslovenia.jpg","jetpack_sharing_enabled":true,"jetpack_shortlink":"https:\/\/wp.me\/pf9lN-DQ","jetpack_likes_enabled":false,"jetpack-related-posts":[{"id":2524,"url":"https:\/\/www.sportalsub.net\/blog\/carlos-coste-implanta-nuevo-record-suramericano-en-apnea-dinamica-con-aletas-aida\/","url_meta":{"origin":2470,"position":0},"title":"\ud83c\uddfb\ud83c\uddea Carlos Coste implanta nuevo R\u00e9cord Suramericano en Apnea Din\u00e1mica con Aletas AIDA","author":"Sportalsub.net","date":"21 julio 2009","format":false,"excerpt":"Foto: Ronald Laurens @ Sportalsub.net El apneista venezolano Carlos Coste logr\u00f3 un nuevo r\u00e9cord suramericano en su amplia lista de r\u00e9cords, que incluye varias marcas mundiales, al realizar 200 metros en la modalidad de Din\u00e1mica con equipo realizado en Caracas, el p\u00e1sado s\u00e1bado 18 de julio en el chequeo nacional\u2026","rel":"","context":"En \u00abApnea\u00bb","block_context":{"text":"Apnea","link":"https:\/\/www.sportalsub.net\/blog\/category\/modalidades\/apnea\/"},"img":{"alt_text":"","src":"https:\/\/i0.wp.com\/www.sportalsub.net\/blog\/wp-content\/uploads\/2009\/07\/costedinamica.jpg?resize=350%2C200&ssl=1","width":350,"height":200},"classes":[]},{"id":2565,"url":"https:\/\/www.sportalsub.net\/blog\/carlos-coste-y-dick-villamizar-se-preparan-para-el-mundial-de-apnea-aida-en-dinamarca\/","url_meta":{"origin":2470,"position":1},"title":"\ud83c\uddfb\ud83c\uddea Carlos Coste, Antonio del Duca y Dick Villamizar se preparan para el Mundial de Apnea AIDA en Dinamarca","author":"Sportalsub.net","date":"6 agosto 2009","format":false,"excerpt":"Carlos Coste. Foto: Ronald Laurens @ Sportalsub.net Jueves 6 de Agosto \/ Especial Sportalsub.net El d\u00eda de hoy jueves 6 de agosto, tuvimos oportunidad de conversar brevemente con el apneista venezolano Carlos Coste, quien junto al atleta Dick Villamizar entrenaba en las piscinas de la Universidad Central de Venezuela. Coste\u2026","rel":"","context":"En \u00abApnea\u00bb","block_context":{"text":"Apnea","link":"https:\/\/www.sportalsub.net\/blog\/category\/modalidades\/apnea\/"},"img":{"alt_text":"","src":"https:\/\/i0.wp.com\/www.sportalsub.net\/blog\/wp-content\/uploads\/2013\/11\/6291_142583842064_72773737064_3065327_5953068_n.jpg?resize=350%2C200&ssl=1","width":350,"height":200},"classes":[]},{"id":3997,"url":"https:\/\/www.sportalsub.net\/blog\/taller-avanzado-de-apnea-dinamica-con-carlos-coste-en-caracas-venezuela\/","url_meta":{"origin":2470,"position":2},"title":"\ud83c\uddfb\ud83c\uddea Taller Avanzado de Apnea Din\u00e1mica con Carlos Coste en Caracas, Venezuela","author":"Sportalsub.net","date":"4 febrero 2010","format":false,"excerpt":"Carlos Coste en Apnea Din\u00e1mica, Foto: Ronald Laurens @ sportalsub.net El pr\u00f3ximo 20 de marzo, el Campe\u00f3n y m\u00faltiple\u00a0Recordista mundial de apnea Carlos Coste, estar\u00e1 dictando un taller avanzado de apnea din\u00e1mica sin aletas y con aletas en Caracas. Sportsub & Sportalsub.net estar\u00e1 presente. De 1 d\u00eda de trabajo intensivo\u2026","rel":"","context":"En \u00abApnea\u00bb","block_context":{"text":"Apnea","link":"https:\/\/www.sportalsub.net\/blog\/category\/modalidades\/apnea\/"},"img":{"alt_text":"","src":"https:\/\/i0.wp.com\/www.sportalsub.net\/blog\/wp-content\/uploads\/2013\/11\/5771_135727682064_72773737064_2957920_6691078_n.jpg?resize=350%2C200&ssl=1","width":350,"height":200},"classes":[]},{"id":11077,"url":"https:\/\/www.sportalsub.net\/blog\/los-3-venezolanos-acceden-a-las-finales-del-campeonato-mundial-de-apnea-en-piscina-aida-2011\/","url_meta":{"origin":2470,"position":3},"title":"\ud83c\uddfb\ud83c\uddea Los 3 venezolanos acceden a las Finales del Campeonato Mundial de Apnea en piscina AIDA 2011","author":"Sportalsub.net","date":"10 octubre 2011","format":false,"excerpt":"(Especial Sportalsub.net) Luego de completadas las 2 jornadas de clasificaci\u00f3n en las modalidades de Apnea din\u00e1mica con aletas y Apnea din\u00e1mica sin aletas, los 3 apneistas venezolanos clasificaron a las finales del Campeonato Mundial de Apnea en piscina, las cuales se realizar\u00e1n los d\u00edas 14 y 15 de Octubre y\u2026","rel":"","context":"En \u00abApnea\u00bb","block_context":{"text":"Apnea","link":"https:\/\/www.sportalsub.net\/blog\/category\/modalidades\/apnea\/"},"img":{"alt_text":"","src":"https:\/\/i0.wp.com\/www.sportalsub.net\/blog\/wp-content\/uploads\/2011\/10\/costeygaby.jpg?resize=350%2C200&ssl=1","width":350,"height":200,"srcset":"https:\/\/i0.wp.com\/www.sportalsub.net\/blog\/wp-content\/uploads\/2011\/10\/costeygaby.jpg?resize=350%2C200&ssl=1 1x, https:\/\/i0.wp.com\/www.sportalsub.net\/blog\/wp-content\/uploads\/2011\/10\/costeygaby.jpg?resize=525%2C300&ssl=1 1.5x"},"classes":[]},{"id":11145,"url":"https:\/\/www.sportalsub.net\/blog\/antonio-del-duca-y-carlos-coste-en-la-final-de-apnea-dinamica-del-campeonato-mundial-en-piscina-aida-2011\/","url_meta":{"origin":2470,"position":4},"title":"\ud83c\uddfb\ud83c\uddea Antonio del Duca y Carlos Coste fallan en la Final de Apnea Din\u00e1mica del Campeonato Mundial en Piscina AIDA 2011","author":"Sportalsub.net","date":"14 octubre 2011","format":false,"excerpt":"(Especial Sportalsub.net) Los venezolanos Antonio \"Tony\" del Duca y Carlos Coste, participaron este s\u00e1bado 15 de octubre en la final de la modalidad de din\u00e1mica con aletas\u00a0del Campeonato Mundial de Apnea en piscina y cuya transmisi\u00f3n pueden seguir a trav\u00e9s de la web:\u00a0http:\/\/www.evolutionchannel.tv\/\u00a0en directo desde el lugar de la competencia,\u2026","rel":"","context":"En \u00abApnea\u00bb","block_context":{"text":"Apnea","link":"https:\/\/www.sportalsub.net\/blog\/category\/modalidades\/apnea\/"},"img":{"alt_text":"","src":"https:\/\/i0.wp.com\/www.sportalsub.net\/blog\/wp-content\/uploads\/2011\/10\/tony-carlos.jpg?resize=350%2C200&ssl=1","width":350,"height":200,"srcset":"https:\/\/i0.wp.com\/www.sportalsub.net\/blog\/wp-content\/uploads\/2011\/10\/tony-carlos.jpg?resize=350%2C200&ssl=1 1x, https:\/\/i0.wp.com\/www.sportalsub.net\/blog\/wp-content\/uploads\/2011\/10\/tony-carlos.jpg?resize=525%2C300&ssl=1 1.5x"},"classes":[]},{"id":4273,"url":"https:\/\/www.sportalsub.net\/blog\/resena-del-taller-avanzado-de-apnea-dinamica-con-carlos-coste-en-caracas-venezuela\/","url_meta":{"origin":2470,"position":5},"title":"\ud83c\uddfb\ud83c\uddea Rese\u00f1a del Taller Avanzado de Apnea Din\u00e1mica con Carlos Coste en Caracas, Venezuela","author":"Sportalsub.net","date":"21 marzo 2010","format":false,"excerpt":"Carlos Coste en Din\u00e1mica con Aletas. Foto: Miguel Cede\u00f1o @ Sportalsub.net (Especial Sportalsub.net) Este s\u00e1bado 20 de marzo estuvimos presentes en el 1er Taller Avanzado de Apnea Din\u00e1mica, dictado por el recordista y campe\u00f3n mundial de apnea, el venezolano Carlos Coste, el cual fue realizado en las instalaciones del Centro\u2026","rel":"","context":"En \u00abApnea\u00bb","block_context":{"text":"Apnea","link":"https:\/\/www.sportalsub.net\/blog\/category\/modalidades\/apnea\/"},"img":{"alt_text":"","src":"https:\/\/i0.wp.com\/www.sportalsub.net\/blog\/wp-content\/uploads\/2010\/03\/restaller.jpg?resize=350%2C200&ssl=1","width":350,"height":200,"srcset":"https:\/\/i0.wp.com\/www.sportalsub.net\/blog\/wp-content\/uploads\/2010\/03\/restaller.jpg?resize=350%2C200&ssl=1 1x, https:\/\/i0.wp.com\/www.sportalsub.net\/blog\/wp-content\/uploads\/2010\/03\/restaller.jpg?resize=525%2C300&ssl=1 1.5x, https:\/\/i0.wp.com\/www.sportalsub.net\/blog\/wp-content\/uploads\/2010\/03\/restaller.jpg?resize=700%2C400&ssl=1 2x"},"classes":[]}],"_links":{"self":[{"href":"https:\/\/www.sportalsub.net\/blog\/wp-json\/wp\/v2\/posts\/2470","targetHints":{"allow":["GET"]}}],"collection":[{"href":"https:\/\/www.sportalsub.net\/blog\/wp-json\/wp\/v2\/posts"}],"about":[{"href":"https:\/\/www.sportalsub.net\/blog\/wp-json\/wp\/v2\/types\/post"}],"author":[{"embeddable":true,"href":"https:\/\/www.sportalsub.net\/blog\/wp-json\/wp\/v2\/users\/1"}],"replies":[{"embeddable":true,"href":"https:\/\/www.sportalsub.net\/blog\/wp-json\/wp\/v2\/comments?post=2470"}],"version-history":[{"count":0,"href":"https:\/\/www.sportalsub.net\/blog\/wp-json\/wp\/v2\/posts\/2470\/revisions"}],"wp:featuredmedia":[{"embeddable":true,"href":"https:\/\/www.sportalsub.net\/blog\/wp-json\/wp\/v2\/media\/16487"}],"wp:attachment":[{"href":"https:\/\/www.sportalsub.net\/blog\/wp-json\/wp\/v2\/media?parent=2470"}],"wp:term":[{"taxonomy":"category","embeddable":true,"href":"https:\/\/www.sportalsub.net\/blog\/wp-json\/wp\/v2\/categories?post=2470"},{"taxonomy":"post_tag","embeddable":true,"href":"https:\/\/www.sportalsub.net\/blog\/wp-json\/wp\/v2\/tags?post=2470"}],"curies":[{"name":"wp","href":"https:\/\/api.w.org\/{rel}","templated":true}]}}