{"id":2475,"date":"2009-07-08T13:12:06","date_gmt":"2009-07-08T17:42:06","guid":{"rendered":"http:\/\/www.sportalsub.net\/blog\/?p=2475"},"modified":"2019-09-01T10:34:02","modified_gmt":"2019-09-01T14:34:02","slug":"victoria-perez","status":"publish","type":"post","link":"https:\/\/www.sportalsub.net\/blog\/victoria-perez\/","title":{"rendered":"\ud83c\udde8\ud83c\uddf4 Victoria P\u00e9rez ya se encuentra en Kaohshiung"},"content":{"rendered":"<p style=\"text-align: center;\"><a href=\"http:\/\/www.sportalsub.net\/blog\/2009\/07\/08\/victoria-perez\/\"><img decoding=\"async\" class=\"alignnone\" style=\"border: 0pt none;\" src=\"http:\/\/photos-g.ak.fbcdn.net\/hphotos-ak-snc1\/hs157.snc1\/5852_127159821561_576061561_2991830_2848401_n.jpg\" alt=\"\" width=\"500\" \/><\/a><br \/>\nFoto:\u00a0 Cortes\u00eda Vicky P\u00e9rez @ Facebook<\/p>\n<p style=\"text-align: justify;\"><em>Mi\u00e9rcoles 8 de Julio de 2009 \/ Especial Sportalsub.net<\/em><br \/>\nLa nadadora con aletas colombiana Victoria P\u00e9rez ya se encuentra en la ciudad de Kaohsiung, Taiwan, en lo que ser\u00e1 su preparaci\u00f3n final para su participaci\u00f3n en la prueba de 50 metros apnea en los World Games 2009, que comienzan el pr\u00f3ximo 16 de Julio.\u00a0 Este evento es el m\u00e1s importante en el ciclo deportivo de los deportes no incluidos en los Juegos Ol\u00edmpicos y se realiza cada 4 a\u00f1os.<\/p>\n<p style=\"text-align: justify;\"><!--more--><\/p>\n<p style=\"text-align: justify;\">La nadadora con aletas gan\u00f3 su clasificaci\u00f3n, al estar entre las mejores de la distancia durante el ranking mundial llevado por la Confederaci\u00f3n Mundial de Actividades Subacu\u00e1ticas hasta finales de 2008.<\/p>\n<p style=\"text-align: justify;\">As\u00ed mismo, el tambi\u00e9n colombiano Leonidas Romero tambi\u00e9n estar\u00e1 participando en las pruebas de nataci\u00f3n con aletas de los World Games.<\/p>\n<p style=\"text-align: justify;\">Desde Sportalsub.net estaremos realizando el seguimiento a estos importantes exponentes del deporte subacu\u00e1tico colombiano y de Latinoam\u00e9rica en tan importante evento deportivo mundial.<\/p>\n<p style=\"text-align: justify;\">Pr\u00f3ximamente m\u00e1s informaci\u00f3n.<\/p>\n","protected":false},"excerpt":{"rendered":"<p>Foto:\u00a0 Cortes\u00eda Vicky P\u00e9rez @ Facebook Mi\u00e9rcoles 8 de Julio de 2009 \/ Especial Sportalsub.net La nadadora con aletas colombiana Victoria P\u00e9rez ya se encuentra en la ciudad de Kaohsiung, Taiwan, en lo que ser\u00e1 su preparaci\u00f3n final para su participaci\u00f3n en la prueba de 50 metros apnea en los World Games 2009, que comienzan el pr\u00f3ximo 16 de Julio.\u00a0 [&#8230;]<\/p>\n","protected":false},"author":1,"featured_media":16488,"comment_status":"open","ping_status":"closed","sticky":false,"template":"","format":"standard","meta":{"_lmt_disableupdate":"","_lmt_disable":"","jetpack_post_was_ever_published":false,"_jetpack_newsletter_access":"","_jetpack_dont_email_post_to_subs":false,"_jetpack_newsletter_tier_id":0,"_jetpack_memberships_contains_paywalled_content":false,"_jetpack_memberships_contains_paid_content":false,"footnotes":"","jetpack_publicize_message":"","jetpack_publicize_feature_enabled":true,"jetpack_social_post_already_shared":false,"jetpack_social_options":{"image_generator_settings":{"template":"highway","default_image_id":0,"font":"","enabled":false},"version":2}},"categories":[3,12,130],"tags":[],"class_list":["post-2475","post","type-post","status-publish","format-standard","has-post-thumbnail","hentry","category-colombia","category-natacion-con-aletas","category-world-games-2009"],"modified_by":"Sportalsub.net","views":2734,"jetpack_publicize_connections":[],"jetpack_featured_media_url":"https:\/\/www.sportalsub.net\/blog\/wp-content\/uploads\/2013\/11\/5852_127159821561_576061561_2991830_2848401_n.jpg","jetpack_sharing_enabled":true,"jetpack_shortlink":"https:\/\/wp.me\/pf9lN-DV","jetpack_likes_enabled":false,"jetpack-related-posts":[{"id":2221,"url":"https:\/\/www.sportalsub.net\/blog\/mejores-nadadores-con-aletas-del-mundo-estaran-en-world-games-2009\/","url_meta":{"origin":2475,"position":0},"title":"\ud83c\uddf9\ud83c\uddfc Mejores Nadadores con Aletas del Mundo estar\u00e1n en World Games 2009","author":"Sportalsub.net","date":"29 mayo 2009","format":false,"excerpt":"(Viernes 29 de Mayo 2009 - Especial Sportalsub.net) Nuevamente, como cada 4 a\u00f1os, la \u00e9lite de la nataci\u00f3n con aletas tendr\u00e1 su m\u00e1xima cita deportiva en la 8va edici\u00f3n de los World Games, a realizarse en esta ocasi\u00f3n en la ciudad de Kaohsiung, China Taipei (Taiwan) entre el 16 y\u2026","rel":"","context":"En \u00abChina Taipei\u00bb","block_context":{"text":"China Taipei","link":"https:\/\/www.sportalsub.net\/blog\/category\/paises\/asia\/china-taipei\/"},"img":{"alt_text":"","src":"https:\/\/i0.wp.com\/www.sportalsub.net\/blog\/wp-content\/uploads\/2009\/05\/artpic_fin.jpg?resize=350%2C200&ssl=1","width":350,"height":200,"srcset":"https:\/\/i0.wp.com\/www.sportalsub.net\/blog\/wp-content\/uploads\/2009\/05\/artpic_fin.jpg?resize=350%2C200&ssl=1 1x, https:\/\/i0.wp.com\/www.sportalsub.net\/blog\/wp-content\/uploads\/2009\/05\/artpic_fin.jpg?resize=525%2C300&ssl=1 1.5x"},"classes":[]},{"id":4758,"url":"https:\/\/www.sportalsub.net\/blog\/entrevista-a-alix-victoria-perez-colombia-campeona-panamericana-de-natacion-con-aletas\/","url_meta":{"origin":2475,"position":1},"title":"\ud83c\udde8\ud83c\uddf4 Entrevista a Alix Victoria P\u00e9rez (Colombia), Campeona Panamericana de Nataci\u00f3n con Aletas","author":"Sportalsub.net","date":"3 mayo 2010","format":false,"excerpt":"Alix Victoria P\u00e9rez (centro) Foto, cortes\u00eda Victoria P\u00e9rez \/ Finswimmer.com Gracias a nuestro amigo Davide Manca de www.finswimmer.com sitio web aliado de Sportalsub.net les traemos la entrevista realizada\u00a0a una de las grandes atletas del deporte subacu\u00e1tico de los \u00faltimos tiempos y gran amiga de nuestro equipo, la colombiana Alix Victoria\u2026","rel":"","context":"En \u00abColombia\u00bb","block_context":{"text":"Colombia","link":"https:\/\/www.sportalsub.net\/blog\/category\/paises\/america\/colombia\/"},"img":{"alt_text":"","src":"https:\/\/i0.wp.com\/www.sportalsub.net\/blog\/wp-content\/uploads\/2010\/05\/alix.jpg?resize=350%2C200&ssl=1","width":350,"height":200,"srcset":"https:\/\/i0.wp.com\/www.sportalsub.net\/blog\/wp-content\/uploads\/2010\/05\/alix.jpg?resize=350%2C200&ssl=1 1x, https:\/\/i0.wp.com\/www.sportalsub.net\/blog\/wp-content\/uploads\/2010\/05\/alix.jpg?resize=525%2C300&ssl=1 1.5x"},"classes":[]},{"id":14554,"url":"https:\/\/www.sportalsub.net\/blog\/colombia-se-prepara-para-recibir-los-world-games-2013-en-cali-natacion-con-aletas-sera-deporte-estelar\/","url_meta":{"origin":2475,"position":2},"title":"\ud83c\udde8\ud83c\uddf4 Colombia se prepara para recibir los World Games 2013 en Cali. Nataci\u00f3n con Aletas ser\u00e1 deporte estelar","author":"Sportalsub.net","date":"22 enero 2013","format":false,"excerpt":"(Especial Sportalsub.net) Nuevamente, como cada 4 a\u00f1os, la \u00e9lite de la nataci\u00f3n con aletas tendr\u00e1 su m\u00e1xima cita deportiva en la 9na edici\u00f3n de los Juegos Mundiales (World Games), a realizarse en esta ocasi\u00f3n en la ciudad de Cali, Colombia entre el 25 de julio el 4 de agosto 2013.\u2026","rel":"","context":"En \u00abColombia\u00bb","block_context":{"text":"Colombia","link":"https:\/\/www.sportalsub.net\/blog\/category\/paises\/america\/colombia\/"},"img":{"alt_text":"","src":"https:\/\/i0.wp.com\/www.sportalsub.net\/blog\/wp-content\/uploads\/2013\/01\/world-games2013.jpg?resize=350%2C200&ssl=1","width":350,"height":200,"srcset":"https:\/\/i0.wp.com\/www.sportalsub.net\/blog\/wp-content\/uploads\/2013\/01\/world-games2013.jpg?resize=350%2C200&ssl=1 1x, https:\/\/i0.wp.com\/www.sportalsub.net\/blog\/wp-content\/uploads\/2013\/01\/world-games2013.jpg?resize=525%2C300&ssl=1 1.5x"},"classes":[]},{"id":15713,"url":"https:\/\/www.sportalsub.net\/blog\/seleccion-colombia-de-natacion-con-aletas-a-confirmar-su-nivel-en-los-cmas-games-kazan-2013\/","url_meta":{"origin":2475,"position":3},"title":"\ud83c\udde8\ud83c\uddf4 Selecci\u00f3n Colombia de Nataci\u00f3n con Aletas a confirmar su nivel en los CMAS Games Kazan 2013","author":"Sportalsub.net","date":"30 julio 2013","format":false,"excerpt":"(Especial Sportalsub.net \/ FEDECAS) Luego de la excelente actuaci\u00f3n en la que obtuvieron 3 medallas (1 de plata y 3 de bronce) y un nuevo r\u00e9cord mundial (para Mauricio Fern\u00e1ndez en los 50 apnea con 13.89), en las pruebas de nataci\u00f3n con aletas de los Juegos Mundiales World Games 2013\u2026","rel":"","context":"En \u00abCMAS Games 2013\u00bb","block_context":{"text":"CMAS Games 2013","link":"https:\/\/www.sportalsub.net\/blog\/category\/coberturas-especiales\/cmas-games-2013\/"},"img":{"alt_text":"","src":"https:\/\/i0.wp.com\/www.sportalsub.net\/blog\/wp-content\/uploads\/2013\/07\/colombia-francia-2013.jpg?resize=350%2C200&ssl=1","width":350,"height":200,"srcset":"https:\/\/i0.wp.com\/www.sportalsub.net\/blog\/wp-content\/uploads\/2013\/07\/colombia-francia-2013.jpg?resize=350%2C200&ssl=1 1x, https:\/\/i0.wp.com\/www.sportalsub.net\/blog\/wp-content\/uploads\/2013\/07\/colombia-francia-2013.jpg?resize=525%2C300&ssl=1 1.5x, https:\/\/i0.wp.com\/www.sportalsub.net\/blog\/wp-content\/uploads\/2013\/07\/colombia-francia-2013.jpg?resize=700%2C400&ssl=1 2x"},"classes":[]},{"id":15260,"url":"https:\/\/www.sportalsub.net\/blog\/natacion-con-aletas-esperanza-colombiana-en-los-juegos-mundiales-2013-video-instinto-natural\/","url_meta":{"origin":2475,"position":4},"title":"\ud83c\udde8\ud83c\uddf4 Nataci\u00f3n con Aletas, esperanza colombiana en Los Juegos Mundiales 2013 + VIDEO, Instinto Natural","author":"Sportalsub.net","date":"19 mayo 2013","format":false,"excerpt":"(Especial Sportalsub.net \/ World Games Cali 2013) Mauricio Fern\u00e1ndez, Alix Victoria P\u00e9rez, Grace Fern\u00e1ndez, adem\u00e1s de los relevos masculino y femenino, son la esperanza para Colombia en las competencias de Nataci\u00f3n con Aletas, que se llevar\u00e1n a cabo durante Los Juegos Mundiales 2013 Cali; As\u00ed lo hizo saber, el presidente\u2026","rel":"","context":"En \u00abColombia\u00bb","block_context":{"text":"Colombia","link":"https:\/\/www.sportalsub.net\/blog\/category\/paises\/america\/colombia\/"},"img":{"alt_text":"","src":"https:\/\/i0.wp.com\/www.sportalsub.net\/blog\/wp-content\/uploads\/2013\/05\/colombia-juegos-mundiales.jpg?resize=350%2C200&ssl=1","width":350,"height":200},"classes":[]},{"id":2376,"url":"https:\/\/www.sportalsub.net\/blog\/aletas-de-brazps-y-animos-abiertos-en-medellin\/","url_meta":{"origin":2475,"position":5},"title":"\ud83c\udde8\ud83c\uddf4 Aletas de brazos y \u00e1nimos abiertos en Medell\u00edn","author":"Sportalsub.net","date":"26 junio 2009","format":false,"excerpt":"Foto: Julio C\u00e9sar Herrera @ Elcolombiano.com Antioquia Acoge a\u00a0atletas de todo el pa\u00eds para impulsarlos en sus carreras. El testimonio es de los sub acu\u00e1ticos Alex\u00e1nder Jim\u00e9nez y Alix Victoria P\u00e9rez. Son algunas de las figuras del Nacional de nataci\u00f3n con aletas. Son 260 los deportistas de 21 clubes los\u2026","rel":"","context":"En \u00abColombia\u00bb","block_context":{"text":"Colombia","link":"https:\/\/www.sportalsub.net\/blog\/category\/paises\/america\/colombia\/"},"img":{"alt_text":"","src":"https:\/\/i0.wp.com\/www.sportalsub.net\/blog\/wp-content\/uploads\/2013\/11\/7848006_G.jpg?resize=350%2C200&ssl=1","width":350,"height":200,"srcset":"https:\/\/i0.wp.com\/www.sportalsub.net\/blog\/wp-content\/uploads\/2013\/11\/7848006_G.jpg?resize=350%2C200&ssl=1 1x, https:\/\/i0.wp.com\/www.sportalsub.net\/blog\/wp-content\/uploads\/2013\/11\/7848006_G.jpg?resize=525%2C300&ssl=1 1.5x, https:\/\/i0.wp.com\/www.sportalsub.net\/blog\/wp-content\/uploads\/2013\/11\/7848006_G.jpg?resize=700%2C400&ssl=1 2x"},"classes":[]}],"_links":{"self":[{"href":"https:\/\/www.sportalsub.net\/blog\/wp-json\/wp\/v2\/posts\/2475","targetHints":{"allow":["GET"]}}],"collection":[{"href":"https:\/\/www.sportalsub.net\/blog\/wp-json\/wp\/v2\/posts"}],"about":[{"href":"https:\/\/www.sportalsub.net\/blog\/wp-json\/wp\/v2\/types\/post"}],"author":[{"embeddable":true,"href":"https:\/\/www.sportalsub.net\/blog\/wp-json\/wp\/v2\/users\/1"}],"replies":[{"embeddable":true,"href":"https:\/\/www.sportalsub.net\/blog\/wp-json\/wp\/v2\/comments?post=2475"}],"version-history":[{"count":0,"href":"https:\/\/www.sportalsub.net\/blog\/wp-json\/wp\/v2\/posts\/2475\/revisions"}],"wp:featuredmedia":[{"embeddable":true,"href":"https:\/\/www.sportalsub.net\/blog\/wp-json\/wp\/v2\/media\/16488"}],"wp:attachment":[{"href":"https:\/\/www.sportalsub.net\/blog\/wp-json\/wp\/v2\/media?parent=2475"}],"wp:term":[{"taxonomy":"category","embeddable":true,"href":"https:\/\/www.sportalsub.net\/blog\/wp-json\/wp\/v2\/categories?post=2475"},{"taxonomy":"post_tag","embeddable":true,"href":"https:\/\/www.sportalsub.net\/blog\/wp-json\/wp\/v2\/tags?post=2475"}],"curies":[{"name":"wp","href":"https:\/\/api.w.org\/{rel}","templated":true}]}}