{"id":24795,"date":"2016-07-20T19:53:13","date_gmt":"2016-07-21T00:23:13","guid":{"rendered":"http:\/\/www.sportalsub.net\/blog\/?p=24795"},"modified":"2019-08-31T22:23:09","modified_gmt":"2019-09-01T02:23:09","slug":"resultados-xlvi-campeonato-de-espana-junior-senior-de-natacion-con-aletas-por-clubes-2016","status":"publish","type":"post","link":"https:\/\/www.sportalsub.net\/blog\/resultados-xlvi-campeonato-de-espana-junior-senior-de-natacion-con-aletas-por-clubes-2016\/","title":{"rendered":"\ud83c\uddea\ud83c\uddf8 Resultados XLVI Campeonato de Espa\u00f1a Junior-Senior de Nataci\u00f3n con Aletas por clubes 2016"},"content":{"rendered":"<p><a href=\"http:\/\/www.sportalsub.net\/blog\/wp-content\/uploads\/2016\/08\/resultados-esp-jun-sen-2016.jpg\"><img loading=\"lazy\" decoding=\"async\" class=\"alignnone size-full wp-image-24796\" src=\"http:\/\/www.sportalsub.net\/blog\/wp-content\/uploads\/2016\/08\/resultados-esp-jun-sen-2016.jpg\" alt=\"resultados-esp-jun-sen-2016\" width=\"960\" height=\"616\" srcset=\"https:\/\/www.sportalsub.net\/blog\/wp-content\/uploads\/2016\/08\/resultados-esp-jun-sen-2016.jpg 960w, https:\/\/www.sportalsub.net\/blog\/wp-content\/uploads\/2016\/08\/resultados-esp-jun-sen-2016-300x193.jpg 300w, https:\/\/www.sportalsub.net\/blog\/wp-content\/uploads\/2016\/08\/resultados-esp-jun-sen-2016-768x493.jpg 768w\" sizes=\"auto, (max-width: 960px) 100vw, 960px\" \/><br \/>\n<\/a>Foto: <a href=\"https:\/\/www.facebook.com\/miguel.rodriguez.92372446?fref=nf\" target=\"_blank\">Miguel Rodriguez<\/a><\/p>\n<p>(Sportalsub.net \/ FEDAS \/ FASCV)<\/p>\n<p>El\u00a0fin de semana 16\u00a0y 17\u00a0de \u00a0julio se llev\u00f3 a cabo en Alicante, el XLVI Campeonato de Espa\u00f1a Junior-Senior de Nataci\u00f3n con Aletas y velocidad en inmersipon por clubes 2016, organizado\u00a0por el Departamento de Nataci\u00f3n con Aletas de FEDAS y \u00a0el\u00a0Departamento de Nataci\u00f3n con Aletas de FASCV.<\/p>\n<p><strong>RESULTADOS:<\/strong><\/p>\n<p><strong><a href=\"http:\/\/fedas.es\/wp-content\/uploads\/2015\/09\/Resultados-Cpto.-Espa%C3%B1a-Nataci%C3%B3n-con-Aletas-Junior-Senior-2016.pdf\" target=\"_blank\">Resultados Cpto. Espa\u00f1a Nataci\u00f3n con Aletas Junior-Senior 2016<\/a><\/strong><\/p>\n<p><iframe loading=\"lazy\" style=\"border: none; overflow: hidden;\" src=\"https:\/\/www.facebook.com\/plugins\/post.php?href=https%3A%2F%2Fwww.facebook.com%2Fmireia.ferrandiz.1%2Fvideos%2F10153579853311556%2F&amp;width=500\" width=\"500\" height=\"390\" frameborder=\"0\" scrolling=\"no\"><\/iframe><\/p>\n<p>Mas Info: <a href=\"http:\/\/fedas.es\/events\/campeonato-de-espana-de-natacion-con-aletas-junior-senior-2\/\" target=\"_blank\" rel=\"noopener noreferrer\" target=\"_blank\">FEDAS<\/a><\/p>\n","protected":false},"excerpt":{"rendered":"<p>Foto: Miguel Rodriguez (Sportalsub.net \/ FEDAS \/ FASCV) El\u00a0fin de semana 16\u00a0y 17\u00a0de \u00a0julio se llev\u00f3 a cabo en Alicante, el XLVI Campeonato de Espa\u00f1a Junior-Senior de Nataci\u00f3n con Aletas y velocidad en inmersipon por clubes 2016, organizado\u00a0por el Departamento de Nataci\u00f3n con Aletas de FEDAS y \u00a0el\u00a0Departamento de Nataci\u00f3n con Aletas de FASCV. RESULTADOS: Resultados Cpto. Espa\u00f1a Nataci\u00f3n con [&#8230;]<\/p>\n","protected":false},"author":1,"featured_media":24796,"comment_status":"open","ping_status":"closed","sticky":false,"template":"","format":"standard","meta":{"_lmt_disableupdate":"","_lmt_disable":"","jetpack_post_was_ever_published":false,"_jetpack_newsletter_access":"","_jetpack_dont_email_post_to_subs":false,"_jetpack_newsletter_tier_id":0,"_jetpack_memberships_contains_paywalled_content":false,"_jetpack_memberships_contains_paid_content":false,"footnotes":"","jetpack_publicize_message":"","jetpack_publicize_feature_enabled":true,"jetpack_social_post_already_shared":true,"jetpack_social_options":{"image_generator_settings":{"template":"highway","default_image_id":0,"font":"","enabled":false},"version":2}},"categories":[10,12,120],"tags":[],"class_list":["post-24795","post","type-post","status-publish","format-standard","has-post-thumbnail","hentry","category-espana","category-natacion-con-aletas","category-resultados"],"modified_by":"Sportalsub.net","views":4174,"jetpack_publicize_connections":[],"jetpack_featured_media_url":"https:\/\/www.sportalsub.net\/blog\/wp-content\/uploads\/2016\/08\/resultados-esp-jun-sen-2016.jpg","jetpack_sharing_enabled":true,"jetpack_shortlink":"https:\/\/wp.me\/pf9lN-6rV","jetpack_likes_enabled":false,"jetpack-related-posts":[{"id":28292,"url":"https:\/\/www.sportalsub.net\/blog\/campeonato-espana-nadosub-junior-senior-2018","url_meta":{"origin":24795,"position":0},"title":"\ud83c\uddea\ud83c\uddf8 Resultados &#8211; Campeonato de Espa\u00f1a de Nataci\u00f3n con Aletas Junior-Senior 2018","author":"Sportalsub.net","date":"12 julio 2018","format":false,"excerpt":"(Sportalsub.net \/ Nataci\u00f3n con Aletas FEDAS \/ FASCV) El Campeonato de Espa\u00f1a de Nataci\u00f3n con Aletas Junior-Senior de la Federaci\u00f3n Espa\u00f1ola de Actividades Subacu\u00e1ticas se llev\u00f3 a cabo los d\u00edas s\u00e1bado 7 y domingo 8 de julio en Alicante, Espa\u00f1a. El evento fue organizado por la Federaci\u00f3n de Actividades Subacu\u00e1ticas\u2026","rel":"","context":"En \u00abEspa\u00f1a\u00bb","block_context":{"text":"Espa\u00f1a","link":"https:\/\/www.sportalsub.net\/blog\/category\/paises\/europa\/espana\/"},"img":{"alt_text":"","src":"https:\/\/i0.wp.com\/www.sportalsub.net\/blog\/wp-content\/uploads\/2018\/07\/campeonatoesp2018.jpg?resize=350%2C200&ssl=1","width":350,"height":200,"srcset":"https:\/\/i0.wp.com\/www.sportalsub.net\/blog\/wp-content\/uploads\/2018\/07\/campeonatoesp2018.jpg?resize=350%2C200&ssl=1 1x, https:\/\/i0.wp.com\/www.sportalsub.net\/blog\/wp-content\/uploads\/2018\/07\/campeonatoesp2018.jpg?resize=525%2C300&ssl=1 1.5x, https:\/\/i0.wp.com\/www.sportalsub.net\/blog\/wp-content\/uploads\/2018\/07\/campeonatoesp2018.jpg?resize=700%2C400&ssl=1 2x"},"classes":[]},{"id":21091,"url":"https:\/\/www.sportalsub.net\/blog\/junior-senior-aletas-fedas-2015","url_meta":{"origin":24795,"position":1},"title":"\ud83c\uddea\ud83c\uddf8 Resultados XLV Campeonato de Espa\u00f1a Junior y Senior de Nataci\u00f3n con Aletas","author":"Sportalsub.net","date":"13 julio 2015","format":false,"excerpt":"(Sportalsub.net \/ Nataci\u00f3n con Aletas\u00a0FEDAS \/ FECDAS) XLV Campeonato de Espa\u00f1a Junior y Senior de Nataci\u00f3n con Aletas y Velocidad en Inmersi\u00f3n por Clubes. Barcelona, 11 y 12 de julio El Club CADAS de la Federaci\u00f3n Aragonesa obtiene el primer puesto en el Campeonato de Espa\u00f1a Junior-Senior de Nataci\u00f3n con\u2026","rel":"","context":"En \u00abEspa\u00f1a\u00bb","block_context":{"text":"Espa\u00f1a","link":"https:\/\/www.sportalsub.net\/blog\/category\/paises\/europa\/espana\/"},"img":{"alt_text":"","src":"https:\/\/i0.wp.com\/www.sportalsub.net\/blog\/wp-content\/uploads\/2015\/07\/clubcadas.jpg?resize=350%2C200&ssl=1","width":350,"height":200,"srcset":"https:\/\/i0.wp.com\/www.sportalsub.net\/blog\/wp-content\/uploads\/2015\/07\/clubcadas.jpg?resize=350%2C200&ssl=1 1x, https:\/\/i0.wp.com\/www.sportalsub.net\/blog\/wp-content\/uploads\/2015\/07\/clubcadas.jpg?resize=525%2C300&ssl=1 1.5x, https:\/\/i0.wp.com\/www.sportalsub.net\/blog\/wp-content\/uploads\/2015\/07\/clubcadas.jpg?resize=700%2C400&ssl=1 2x"},"classes":[]},{"id":24246,"url":"https:\/\/www.sportalsub.net\/blog\/seleccion-espana-aletas-fedas-campeonatos-2016","url_meta":{"origin":24795,"position":2},"title":"\ud83c\uddea\ud83c\uddf8 Selecci\u00f3n Espa\u00f1ola de Nataci\u00f3n con Aletas se prepara para los Campeonatos del Mundo 2016","author":"Sportalsub.net","date":"25 mayo 2016","format":false,"excerpt":"Sportalsub.net \/ Nataci\u00f3n con Aletas FEDAS El pasado 14 y 15 de Mayo , el Departamento Nacional de Nataci\u00f3n con Aletas de la Federaci\u00f3n Espa\u00f1ola de Actividades Subacu\u00e1ticas (FEDAS) organiz\u00f3 en las instalaciones del Centro de Alto Rendimiento de Sant Cugat, Barcelona, una concentraci\u00f3n de la Selecci\u00f3n Espa\u00f1ola 2016, tanto\u2026","rel":"","context":"En \u00abEspa\u00f1a\u00bb","block_context":{"text":"Espa\u00f1a","link":"https:\/\/www.sportalsub.net\/blog\/category\/paises\/europa\/espana\/"},"img":{"alt_text":"","src":"https:\/\/i0.wp.com\/www.sportalsub.net\/blog\/wp-content\/uploads\/2016\/05\/seleccion-esp-aletas.jpg?resize=350%2C200&ssl=1","width":350,"height":200,"srcset":"https:\/\/i0.wp.com\/www.sportalsub.net\/blog\/wp-content\/uploads\/2016\/05\/seleccion-esp-aletas.jpg?resize=350%2C200&ssl=1 1x, https:\/\/i0.wp.com\/www.sportalsub.net\/blog\/wp-content\/uploads\/2016\/05\/seleccion-esp-aletas.jpg?resize=525%2C300&ssl=1 1.5x, https:\/\/i0.wp.com\/www.sportalsub.net\/blog\/wp-content\/uploads\/2016\/05\/seleccion-esp-aletas.jpg?resize=700%2C400&ssl=1 2x"},"classes":[]},{"id":18056,"url":"https:\/\/www.sportalsub.net\/blog\/junior-senior-natacion-aletas-espana-2014","url_meta":{"origin":24795,"position":3},"title":"\ud83c\uddea\ud83c\uddf8 XLIII Campeonato de Espa\u00f1a Junior y Senior de Nataci\u00f3n con Aletas por Clubes FEDAS","author":"Sportalsub.net","date":"25 julio 2014","format":false,"excerpt":"(Especial Sportalsub.net \/ FEDAS \/ FECLAS) El fin de semana 19 y 20\u00a0de julio se realiz\u00f3\u00a0en Valladolid, Espa\u00f1a el\u00a0XLIII Campeonato de Espa\u00f1a Junior y Senior de Nataci\u00f3n con Aletas por Clubes de la Federaci\u00f3n Espa\u00f1ola de Actividades Subacu\u00e1ticas. Resultados\u00a0Oficiales Convocatoria Oficial Publicadas las series del Campeonato de Espa\u00f1a J\u00fanior y\u2026","rel":"","context":"En \u00abEspa\u00f1a\u00bb","block_context":{"text":"Espa\u00f1a","link":"https:\/\/www.sportalsub.net\/blog\/category\/paises\/europa\/espana\/"},"img":{"alt_text":"","src":"https:\/\/i0.wp.com\/www.sportalsub.net\/blog\/wp-content\/uploads\/2014\/07\/cartel2.jpg?resize=350%2C200&ssl=1","width":350,"height":200,"srcset":"https:\/\/i0.wp.com\/www.sportalsub.net\/blog\/wp-content\/uploads\/2014\/07\/cartel2.jpg?resize=350%2C200&ssl=1 1x, https:\/\/i0.wp.com\/www.sportalsub.net\/blog\/wp-content\/uploads\/2014\/07\/cartel2.jpg?resize=525%2C300&ssl=1 1.5x"},"classes":[]},{"id":15527,"url":"https:\/\/www.sportalsub.net\/blog\/xliii-campeonato-de-espana-junior-senior-de-natacion-con-aletas-6-7-de-julio-2013\/","url_meta":{"origin":24795,"position":4},"title":"\ud83c\uddea\ud83c\uddf8 Resultados del XLIII Campeonato de Espa\u00f1a Junior &#8211; Senior de Nataci\u00f3n con Aletas 6-7 de julio 2013","author":"Sportalsub.net","date":"8 julio 2013","format":false,"excerpt":"(Especial Sportalsub.net \/ Nataci\u00f3n con aletas FEDAS) El fin de semana 6 y 7 de julio se realiz\u00f3 en Barcelona, Espa\u00f1a el 43\u00b0 Campeonato de Espa\u00f1a de Nataci\u00f3n con aletas Junior y Senior por clubes de la Federaci\u00f3n Espa\u00f1ola de Actividades Subacu\u00e1ticas \u00a0Resultados Fuente:\u00a0FEDAS Publicado por: Miguel Alberto Cede\u00f1o Ortiz\u2026","rel":"","context":"En \u00abEspa\u00f1a\u00bb","block_context":{"text":"Espa\u00f1a","link":"https:\/\/www.sportalsub.net\/blog\/category\/paises\/europa\/espana\/"},"img":{"alt_text":"","src":"https:\/\/i0.wp.com\/www.sportalsub.net\/blog\/wp-content\/uploads\/2013\/07\/poster_finswimming_spanish_champs_2013_barcellona-580x823.jpg?resize=350%2C200&ssl=1","width":350,"height":200,"srcset":"https:\/\/i0.wp.com\/www.sportalsub.net\/blog\/wp-content\/uploads\/2013\/07\/poster_finswimming_spanish_champs_2013_barcellona-580x823.jpg?resize=350%2C200&ssl=1 1x, https:\/\/i0.wp.com\/www.sportalsub.net\/blog\/wp-content\/uploads\/2013\/07\/poster_finswimming_spanish_champs_2013_barcellona-580x823.jpg?resize=525%2C300&ssl=1 1.5x"},"classes":[]},{"id":47225,"url":"https:\/\/www.sportalsub.net\/blog\/resultados-l-campeonato-de-espana-junior-y-senior-de-natacion-con-aletas-fedas-benidorm-2021\/","url_meta":{"origin":24795,"position":5},"title":"\ud83c\uddea\ud83c\uddf8 Resultados \u2013 L Campeonato de Espa\u00f1a J\u00fanior y S\u00e9nior de Nataci\u00f3n con Aletas FEDAS &#8211; Benidorm 2021","author":"Sportalsub.net","date":"19 julio 2021","format":false,"excerpt":"(Sportalsub.net \/ FEDAS) Los d\u00edas 17 y 18 de julio de 2021 se realiz\u00f3 en la Piscina Ol\u00edmpica Ciudad Deportiva Guillermo Amor en Bedinorm, Alicante el 50\u00b0 Campeonato de Nataci\u00f3n con Aletas Junior y Senior de la Federaci\u00f3n Espa\u00f1ola de Actividades Subacu\u00e1ticas. RESULTADOS COMPLETOS VIDEO DIA 1 VIDEO DIA 2\u2026","rel":"","context":"En \u00abEspa\u00f1a\u00bb","block_context":{"text":"Espa\u00f1a","link":"https:\/\/www.sportalsub.net\/blog\/category\/paises\/europa\/espana\/"},"img":{"alt_text":"","src":"https:\/\/i0.wp.com\/www.sportalsub.net\/blog\/wp-content\/uploads\/2021\/08\/benidorm2021.jpg?resize=350%2C200&ssl=1","width":350,"height":200,"srcset":"https:\/\/i0.wp.com\/www.sportalsub.net\/blog\/wp-content\/uploads\/2021\/08\/benidorm2021.jpg?resize=350%2C200&ssl=1 1x, https:\/\/i0.wp.com\/www.sportalsub.net\/blog\/wp-content\/uploads\/2021\/08\/benidorm2021.jpg?resize=525%2C300&ssl=1 1.5x, https:\/\/i0.wp.com\/www.sportalsub.net\/blog\/wp-content\/uploads\/2021\/08\/benidorm2021.jpg?resize=700%2C400&ssl=1 2x"},"classes":[]}],"_links":{"self":[{"href":"https:\/\/www.sportalsub.net\/blog\/wp-json\/wp\/v2\/posts\/24795","targetHints":{"allow":["GET"]}}],"collection":[{"href":"https:\/\/www.sportalsub.net\/blog\/wp-json\/wp\/v2\/posts"}],"about":[{"href":"https:\/\/www.sportalsub.net\/blog\/wp-json\/wp\/v2\/types\/post"}],"author":[{"embeddable":true,"href":"https:\/\/www.sportalsub.net\/blog\/wp-json\/wp\/v2\/users\/1"}],"replies":[{"embeddable":true,"href":"https:\/\/www.sportalsub.net\/blog\/wp-json\/wp\/v2\/comments?post=24795"}],"version-history":[{"count":0,"href":"https:\/\/www.sportalsub.net\/blog\/wp-json\/wp\/v2\/posts\/24795\/revisions"}],"wp:featuredmedia":[{"embeddable":true,"href":"https:\/\/www.sportalsub.net\/blog\/wp-json\/wp\/v2\/media\/24796"}],"wp:attachment":[{"href":"https:\/\/www.sportalsub.net\/blog\/wp-json\/wp\/v2\/media?parent=24795"}],"wp:term":[{"taxonomy":"category","embeddable":true,"href":"https:\/\/www.sportalsub.net\/blog\/wp-json\/wp\/v2\/categories?post=24795"},{"taxonomy":"post_tag","embeddable":true,"href":"https:\/\/www.sportalsub.net\/blog\/wp-json\/wp\/v2\/tags?post=24795"}],"curies":[{"name":"wp","href":"https:\/\/api.w.org\/{rel}","templated":true}]}}