{"id":25520,"date":"2017-04-11T17:09:53","date_gmt":"2017-04-11T20:09:53","guid":{"rendered":"http:\/\/www.sportalsub.net\/blog\/?p=25520"},"modified":"2019-08-31T21:30:26","modified_gmt":"2019-09-01T01:30:26","slug":"campeonato-panamericano-de-natacion-con-aletas-en-piscina-y-aguas-abiertas-se-realizara-en-cali-colombia-en-abril-de-2017","status":"publish","type":"post","link":"https:\/\/www.sportalsub.net\/blog\/panamericano-nadosub-colombia-2017","title":{"rendered":"\ud83c\udde8\ud83c\uddf4 Resultados Finales Campeonato Panamericano de Nataci\u00f3n con Aletas en piscina y aguas abiertas Palmira 2017, Colombia"},"content":{"rendered":"<p><a href=\"http:\/\/www.sportalsub.net\/blog\/wp-content\/uploads\/2017\/04\/palmirafeat.jpg\" target=\"_blank\"><img loading=\"lazy\" decoding=\"async\" class=\"alignnone size-full wp-image-25965\" src=\"http:\/\/www.sportalsub.net\/blog\/wp-content\/uploads\/2017\/04\/palmirafeat.jpg\" alt=\"\" width=\"900\" height=\"546\" srcset=\"https:\/\/www.sportalsub.net\/blog\/wp-content\/uploads\/2017\/04\/palmirafeat.jpg 900w, https:\/\/www.sportalsub.net\/blog\/wp-content\/uploads\/2017\/04\/palmirafeat-300x182.jpg 300w, https:\/\/www.sportalsub.net\/blog\/wp-content\/uploads\/2017\/04\/palmirafeat-768x466.jpg 768w\" sizes=\"auto, (max-width: 900px) 100vw, 900px\" \/><\/a><\/p>\n<p>(Sportalsub.net \/ CMAS \/ CMAS Zona Am\u00e9rica \/ FEDECAS) &#8211; <a href=\"http:\/\/www.sportalsub.net\/en\/panamericano-nadosub-colombia-2017\">Read in English<\/a><\/p>\n<p>La Confederaci\u00f3n Mundial de Actividades Subacu\u00e1ticas, CMAS Zona Am\u00e9rica y la Federaci\u00f3n Colombiana de Actividades Subacu\u00e1ticas han realizado el\u00a0VI Campeonato Panamericano de Nataci\u00f3n con aletas CMAS categor\u00eda abierta en\u00a0piscina y aguas abiertas, en\u00a0Palmira, Colombia del 7 al 10 de abril de 2017.<\/p>\n<p>40 Deportistas de 7 pa\u00edses (Chile, Estados Unidos, Ecuador, M\u00e9xico, Per\u00fa, Venezuela y Colombia) participaron.<\/p>\n<p><strong><a href=\"http:\/\/www.colombiaacuatica.com\/backtun\/torneos\/resultados\/pdf\/2017\/20170407resultados.pdf\" target=\"_blank\">RESULTADOS FINALES Y MEDALLAS<\/a> &#8211; <span style=\"color: #ff0000;\">Actualizados al 11\u00a0de abril 2017<\/span><\/strong><\/p>\n<p><a href=\"http:\/\/www.sportalsub.net\/blog\/wp-content\/uploads\/2017\/04\/medallas-2.jpg\" target=\"_blank\"><img loading=\"lazy\" decoding=\"async\" class=\"alignnone size-full wp-image-25971\" src=\"http:\/\/www.sportalsub.net\/blog\/wp-content\/uploads\/2017\/04\/medallas-2.jpg\" alt=\"\" width=\"998\" height=\"423\" srcset=\"https:\/\/www.sportalsub.net\/blog\/wp-content\/uploads\/2017\/04\/medallas-2.jpg 998w, https:\/\/www.sportalsub.net\/blog\/wp-content\/uploads\/2017\/04\/medallas-2-300x127.jpg 300w, https:\/\/www.sportalsub.net\/blog\/wp-content\/uploads\/2017\/04\/medallas-2-768x326.jpg 768w\" sizes=\"auto, (max-width: 998px) 100vw, 998px\" \/><\/a><\/p>\n<p><strong><a href=\"http:\/\/www.sportalsub.net\/blog\/wp-content\/uploads\/2017\/04\/programa02269-1.pdf\" target=\"_blank\" rel=\"noopener noreferrer\">Programa de Pruebas Campeonato Panamericano<\/a> &#8211; <span style=\"color: #ff0000;\">Actualizado 7\u00a0de abril 2017<\/span><\/strong><\/p>\n<p><strong><a href=\"http:\/\/www.sportalsub.net\/blog\/wp-content\/uploads\/2017\/03\/programa02268.pdf\" target=\"_blank\" rel=\"noopener noreferrer\">Programa de Pruebas Campeonato Nacional Interclubes<\/a>\u00a0 &#8211; <span style=\"color: #ff0000;\">Actualizado 6 de abril 2017<\/span><\/strong><\/p>\n<p><strong><a href=\"http:\/\/www.cmas.org\/document?sessionId=&amp;fileId=4322&amp;language=3\" target=\"_blank\">Convocatoria Oficial<\/a>\u00a0(en espa\u00f1ol)<\/strong><\/p>\n<p><a href=\"http:\/\/www.colombiaacuatica.com\/backtun\/torneos\/2017\/20170407\/pageindex00.php\" target=\"_blank\"><strong>Sistema de Inscripciones<\/strong><\/a><\/p>\n<p><a href=\"https:\/\/www.facebook.com\/events\/200935673718876\/\" target=\"_blank\"><strong>Evento en Facebook<\/strong><\/a><\/p>\n<p>Pr\u00f3ximamente m\u00e1s informaci\u00f3n en los sitios web oficiales:<br \/>\n<a href=\"http:\/\/www.cmas.org\/events\/finswimming-pan-american-championship-cali-colombia-07-10\/04\/2017\" target=\"_blank\">CMAS<\/a> \/ <a href=\"http:\/\/www.cmasamerica.org\/campeonato-panamericano-de-natacion-con-aletas-piscina-y-aguas-abiertas-cali-colombia-2017\/\" target=\"_blank\">CMAS Zona Am\u00e9rica<\/a> \/ <a href=\"http:\/\/www.fedecas.org\/\" target=\"_blank\">FEDECAS<\/a><\/p>\n<p><a href=\"http:\/\/www.sportalsub.net\/blog\/wp-content\/uploads\/2017\/02\/afiche.jpg\" target=\"_blank\"><img loading=\"lazy\" decoding=\"async\" class=\"alignnone size-large wp-image-25879\" src=\"http:\/\/www.sportalsub.net\/blog\/wp-content\/uploads\/2017\/02\/afiche-682x1024.jpg\" alt=\"\" width=\"640\" height=\"961\" srcset=\"https:\/\/www.sportalsub.net\/blog\/wp-content\/uploads\/2017\/02\/afiche-682x1024.jpg 682w, https:\/\/www.sportalsub.net\/blog\/wp-content\/uploads\/2017\/02\/afiche-200x300.jpg 200w, https:\/\/www.sportalsub.net\/blog\/wp-content\/uploads\/2017\/02\/afiche-768x1152.jpg 768w, https:\/\/www.sportalsub.net\/blog\/wp-content\/uploads\/2017\/02\/afiche.jpg 853w\" sizes=\"auto, (max-width: 640px) 100vw, 640px\" \/><\/a><\/p>\n<p><img loading=\"lazy\" decoding=\"async\" class=\"alignnone size-full wp-image-25939\" src=\"http:\/\/www.sportalsub.net\/blog\/wp-content\/uploads\/2017\/03\/palmira2017.jpg\" alt=\"\" width=\"1152\" height=\"864\" srcset=\"https:\/\/www.sportalsub.net\/blog\/wp-content\/uploads\/2017\/03\/palmira2017.jpg 1152w, https:\/\/www.sportalsub.net\/blog\/wp-content\/uploads\/2017\/03\/palmira2017-300x225.jpg 300w, https:\/\/www.sportalsub.net\/blog\/wp-content\/uploads\/2017\/03\/palmira2017-768x576.jpg 768w, https:\/\/www.sportalsub.net\/blog\/wp-content\/uploads\/2017\/03\/palmira2017-1024x768.jpg 1024w, https:\/\/www.sportalsub.net\/blog\/wp-content\/uploads\/2017\/03\/palmira2017-320x240.jpg 320w\" sizes=\"auto, (max-width: 1152px) 100vw, 1152px\" \/><\/p>\n<p><img loading=\"lazy\" decoding=\"async\" class=\"alignnone size-full wp-image-25860\" src=\"http:\/\/www.sportalsub.net\/blog\/wp-content\/uploads\/2017\/01\/palmira2017.jpg\" alt=\"\" width=\"960\" height=\"460\" srcset=\"https:\/\/www.sportalsub.net\/blog\/wp-content\/uploads\/2017\/01\/palmira2017.jpg 960w, https:\/\/www.sportalsub.net\/blog\/wp-content\/uploads\/2017\/01\/palmira2017-300x144.jpg 300w, https:\/\/www.sportalsub.net\/blog\/wp-content\/uploads\/2017\/01\/palmira2017-768x368.jpg 768w\" sizes=\"auto, (max-width: 960px) 100vw, 960px\" \/><\/p>\n<p><img loading=\"lazy\" decoding=\"async\" class=\"alignnone size-full wp-image-25521\" src=\"http:\/\/www.sportalsub.net\/blog\/wp-content\/uploads\/2016\/12\/panamericano-aletas.jpg\" alt=\"panamericano-aletas\" width=\"800\" height=\"600\" srcset=\"https:\/\/www.sportalsub.net\/blog\/wp-content\/uploads\/2016\/12\/panamericano-aletas.jpg 800w, https:\/\/www.sportalsub.net\/blog\/wp-content\/uploads\/2016\/12\/panamericano-aletas-300x225.jpg 300w, https:\/\/www.sportalsub.net\/blog\/wp-content\/uploads\/2016\/12\/panamericano-aletas-768x576.jpg 768w, https:\/\/www.sportalsub.net\/blog\/wp-content\/uploads\/2016\/12\/panamericano-aletas-320x240.jpg 320w\" sizes=\"auto, (max-width: 800px) 100vw, 800px\" \/><\/p>\n","protected":false},"excerpt":{"rendered":"<p>(Sportalsub.net \/ CMAS \/ CMAS Zona Am\u00e9rica \/ FEDECAS) &#8211; Read in English La Confederaci\u00f3n Mundial de Actividades Subacu\u00e1ticas, CMAS Zona Am\u00e9rica y la Federaci\u00f3n Colombiana de Actividades Subacu\u00e1ticas han realizado el\u00a0VI Campeonato Panamericano de Nataci\u00f3n con aletas CMAS categor\u00eda abierta en\u00a0piscina y aguas abiertas, en\u00a0Palmira, Colombia del 7 al 10 de abril de 2017. 40 Deportistas de 7 pa\u00edses [&#8230;]<\/p>\n","protected":false},"author":1,"featured_media":25965,"comment_status":"open","ping_status":"closed","sticky":false,"template":"","format":"standard","meta":{"_lmt_disableupdate":"","_lmt_disable":"","jetpack_post_was_ever_published":false,"_jetpack_newsletter_access":"","_jetpack_dont_email_post_to_subs":true,"_jetpack_newsletter_tier_id":0,"_jetpack_memberships_contains_paywalled_content":false,"_jetpack_memberships_contains_paid_content":false,"footnotes":"","jetpack_publicize_message":"","jetpack_publicize_feature_enabled":true,"jetpack_social_post_already_shared":true,"jetpack_social_options":{"image_generator_settings":{"template":"highway","default_image_id":0,"font":"","enabled":false},"version":2}},"categories":[83,3,347,97,176,98,12,119,120,8],"tags":[],"class_list":["post-25520","post","type-post","status-publish","format-standard","has-post-thumbnail","hentry","category-chile","category-colombia","category-destacados","category-ecuador","category-estados-unidos","category-mexico","category-natacion-con-aletas","category-peru","category-resultados","category-venezuela"],"modified_by":"Sportalsub.net","views":8964,"jetpack_publicize_connections":[],"jetpack_featured_media_url":"https:\/\/www.sportalsub.net\/blog\/wp-content\/uploads\/2017\/04\/palmirafeat.jpg","jetpack_sharing_enabled":true,"jetpack_shortlink":"https:\/\/wp.me\/pf9lN-6DC","jetpack_likes_enabled":false,"jetpack-related-posts":[{"id":18735,"url":"https:\/\/www.sportalsub.net\/blog\/resultados-records-apnea-nadosub-cmas-america","url_meta":{"origin":25520,"position":0},"title":"\ud83c\udf0e Resultados y R\u00e9cords Campeonatos Panamericanos de Apnea y Nataci\u00f3n con Aletas CMAS Zona Am\u00e9rica","author":"Sportalsub.net","date":"7 octubre 2014","format":false,"excerpt":"(Sportalsub.net \/ CMAS Zona Am\u00e9rica) Sportalsub.net, colaborador\u00a0oficial de la Confederaci\u00f3n Mundial de Actividades Subacu\u00e1ticas Zona Am\u00e9rica (CMAS Am\u00e9rica) presenta los resultados y R\u00e9cords de las 5 primeras ediciones de la Copa Panamericana y Campeonato Panamericano CMAS Zona Am\u00e9rica de los eventos realizados: Cuba 2006, M\u00e9xico 2008, Cuba 2010, Colombia 2012\u2026","rel":"","context":"En \u00abApnea\u00bb","block_context":{"text":"Apnea","link":"https:\/\/www.sportalsub.net\/blog\/category\/modalidades\/apnea\/"},"img":{"alt_text":"","src":"https:\/\/i0.wp.com\/www.sportalsub.net\/blog\/wp-content\/uploads\/2014\/10\/records-cmas-america.jpg?resize=350%2C200&ssl=1","width":350,"height":200,"srcset":"https:\/\/i0.wp.com\/www.sportalsub.net\/blog\/wp-content\/uploads\/2014\/10\/records-cmas-america.jpg?resize=350%2C200&ssl=1 1x, https:\/\/i0.wp.com\/www.sportalsub.net\/blog\/wp-content\/uploads\/2014\/10\/records-cmas-america.jpg?resize=525%2C300&ssl=1 1.5x"},"classes":[]},{"id":11730,"url":"https:\/\/www.sportalsub.net\/blog\/convocatoria-al-panamericano-de-apnea-y-natacion-con-aletas-cali-colombia-marzo-abril-2012\/","url_meta":{"origin":25520,"position":1},"title":"\ud83c\udde8\ud83c\uddf4 Convocatoria al Panamericano de Apnea y Nataci\u00f3n con Aletas. Cali, Colombia. Marzo-Abril 2012","author":"Sportalsub.net","date":"30 enero 2012","format":false,"excerpt":"(Especial Sportalsub.net \/ FEDECAS \/ CMAS Am\u00e9rica) La Federaci\u00f3n Colombiana de Actividades Subacu\u00e1ticas FEDECAS, convoca a todas las Federaciones del continente a participar en el Panamericano de Nataci\u00f3n con Aletas y Apnea en Piscina Categor\u00eda Abierta a realizarse en la Ciudad de Santiago de Cali del 30 de marzo al\u2026","rel":"","context":"En \u00abApnea\u00bb","block_context":{"text":"Apnea","link":"https:\/\/www.sportalsub.net\/blog\/category\/modalidades\/apnea\/"},"img":{"alt_text":"","src":"https:\/\/i0.wp.com\/www.sportalsub.net\/blog\/wp-content\/uploads\/2012\/01\/panamericano-subacuatico.jpg?resize=350%2C200&ssl=1","width":350,"height":200,"srcset":"https:\/\/i0.wp.com\/www.sportalsub.net\/blog\/wp-content\/uploads\/2012\/01\/panamericano-subacuatico.jpg?resize=350%2C200&ssl=1 1x, https:\/\/i0.wp.com\/www.sportalsub.net\/blog\/wp-content\/uploads\/2012\/01\/panamericano-subacuatico.jpg?resize=525%2C300&ssl=1 1.5x"},"classes":[]},{"id":11787,"url":"https:\/\/www.sportalsub.net\/blog\/resultados-y-records-copas-panamericanas-cmas-america-de-apnea-y-natacion-con-aletas\/","url_meta":{"origin":25520,"position":2},"title":"\ud83c\udf0e Resultados y R\u00e9cords Copas Panamericanas CMAS Am\u00e9rica de Apnea y Nataci\u00f3n con Aletas","author":"Sportalsub.net","date":"18 febrero 2012","format":false,"excerpt":"(Especial Sportalsub.net \/ CMAS Am\u00e9rica) Como Pre\u00e1mbulo a la realizaci\u00f3n de la IV Copa Panamericana de Apnea y Nataci\u00f3n con Aletas CMAS Am\u00e9rica, a realizarse del 30 de marzo al 2 de abril 2012 en Cali, Colombia traemos los resultados de los Campeonatos y R\u00e9cords de CMAS Zona Am\u00e9rica de\u2026","rel":"","context":"En \u00abApnea\u00bb","block_context":{"text":"Apnea","link":"https:\/\/www.sportalsub.net\/blog\/category\/modalidades\/apnea\/"},"img":{"alt_text":"","src":"https:\/\/i0.wp.com\/www.sportalsub.net\/blog\/wp-content\/uploads\/2012\/02\/copa-cmas-america.jpg?resize=350%2C200&ssl=1","width":350,"height":200,"srcset":"https:\/\/i0.wp.com\/www.sportalsub.net\/blog\/wp-content\/uploads\/2012\/02\/copa-cmas-america.jpg?resize=350%2C200&ssl=1 1x, https:\/\/i0.wp.com\/www.sportalsub.net\/blog\/wp-content\/uploads\/2012\/02\/copa-cmas-america.jpg?resize=525%2C300&ssl=1 1.5x"},"classes":[]},{"id":25484,"url":"https:\/\/www.sportalsub.net\/blog\/cmas-zona-america-2017-2020","url_meta":{"origin":25520,"position":3},"title":"\ud83c\udf0e CMAS Zona Am\u00e9rica con nuevos directores para el per\u00edodo 2017-2020","author":"Sportalsub.net","date":"29 noviembre 2016","format":false,"excerpt":"(Sportalsub.net \/ CMAS Zona Am\u00e9rica) Este lunes 28 de noviembre de 2016, en el marco de los III Juegos Bolivarianos de Playa Iquique 2016 en Chile, se realiz\u00f3 la\u00a0Asamblea General Ordinaria y\u00a0Elecciones del nuevo Consejo Directivo para el per\u00edodo 2017-2020 de la Confederaci\u00f3n Mundial de Actividades Subacu\u00e1ticas CMAS Zona Am\u00e9rica.\u2026","rel":"","context":"En \u00abActividades Subacu\u00e1ticas\u00bb","block_context":{"text":"Actividades Subacu\u00e1ticas","link":"https:\/\/www.sportalsub.net\/blog\/category\/modalidades\/"},"img":{"alt_text":"","src":"https:\/\/i0.wp.com\/www.sportalsub.net\/blog\/wp-content\/uploads\/2016\/11\/asamblea-cmaszona-america.jpg?resize=350%2C200&ssl=1","width":350,"height":200,"srcset":"https:\/\/i0.wp.com\/www.sportalsub.net\/blog\/wp-content\/uploads\/2016\/11\/asamblea-cmaszona-america.jpg?resize=350%2C200&ssl=1 1x, https:\/\/i0.wp.com\/www.sportalsub.net\/blog\/wp-content\/uploads\/2016\/11\/asamblea-cmaszona-america.jpg?resize=525%2C300&ssl=1 1.5x, https:\/\/i0.wp.com\/www.sportalsub.net\/blog\/wp-content\/uploads\/2016\/11\/asamblea-cmaszona-america.jpg?resize=700%2C400&ssl=1 2x, https:\/\/i0.wp.com\/www.sportalsub.net\/blog\/wp-content\/uploads\/2016\/11\/asamblea-cmaszona-america.jpg?resize=1050%2C600&ssl=1 3x"},"classes":[]},{"id":19261,"url":"https:\/\/www.sportalsub.net\/blog\/calendario-cmas-zona-america-2015","url_meta":{"origin":25520,"position":4},"title":"\ud83c\udf0e Calendario de Actividades Subacu\u00e1ticas CMAS Zona Am\u00e9rica 2015","author":"Sportalsub.net","date":"23 diciembre 2014","format":false,"excerpt":"(Sportalsub.net \/ CMAS Zona Am\u00e9rica) En el sitio web oficial de CMAS Zona Am\u00e9rica encontrar\u00e1n toda la informaci\u00f3n de las Actividades Subacu\u00e1ticas en el Continente y el Calendario Internacional para 2015 en el que se incluyen los Campeonatos y eventos internacionales avalados por CMAS a realizarse en la regi\u00f3n, as\u00ed\u2026","rel":"","context":"En \u00abApnea\u00bb","block_context":{"text":"Apnea","link":"https:\/\/www.sportalsub.net\/blog\/category\/modalidades\/apnea\/"},"img":{"alt_text":"","src":"https:\/\/i0.wp.com\/www.sportalsub.net\/blog\/wp-content\/uploads\/2014\/12\/cmas-america.jpg?resize=350%2C200&ssl=1","width":350,"height":200,"srcset":"https:\/\/i0.wp.com\/www.sportalsub.net\/blog\/wp-content\/uploads\/2014\/12\/cmas-america.jpg?resize=350%2C200&ssl=1 1x, https:\/\/i0.wp.com\/www.sportalsub.net\/blog\/wp-content\/uploads\/2014\/12\/cmas-america.jpg?resize=525%2C300&ssl=1 1.5x, https:\/\/i0.wp.com\/www.sportalsub.net\/blog\/wp-content\/uploads\/2014\/12\/cmas-america.jpg?resize=700%2C400&ssl=1 2x"},"classes":[]},{"id":11951,"url":"https:\/\/www.sportalsub.net\/blog\/se-acerca-el-panamericano-de-apnea-y-natacion-con-aletas-colombia-2012\/","url_meta":{"origin":25520,"position":5},"title":"\ud83c\udde8\ud83c\uddf4 Se acerca el Panamericano de Apnea y Nataci\u00f3n con Aletas Colombia 2012","author":"Sportalsub.net","date":"14 marzo 2012","format":false,"excerpt":"(Especial Sportalsub.net FEDECAS \/ CMAS Am\u00e9rica) A casi 2 semanas de la realizaci\u00f3n del evento\u00a0La Federaci\u00f3n Colombiana de Actividades Subacu\u00e1ticas \u00a0publica el afiche oficial de la IV Edici\u00f3n del Campeonato Panamericano de Apnea y Nataci\u00f3n con Aletas en piscina, evento a celebrarse del 30 de marzo al 3 de abril\u2026","rel":"","context":"En \u00abApnea\u00bb","block_context":{"text":"Apnea","link":"https:\/\/www.sportalsub.net\/blog\/category\/modalidades\/apnea\/"},"img":{"alt_text":"","src":"https:\/\/i0.wp.com\/www.sportalsub.net\/blog\/wp-content\/uploads\/2012\/03\/afiche.jpg?resize=350%2C200&ssl=1","width":350,"height":200,"srcset":"https:\/\/i0.wp.com\/www.sportalsub.net\/blog\/wp-content\/uploads\/2012\/03\/afiche.jpg?resize=350%2C200&ssl=1 1x, https:\/\/i0.wp.com\/www.sportalsub.net\/blog\/wp-content\/uploads\/2012\/03\/afiche.jpg?resize=525%2C300&ssl=1 1.5x"},"classes":[]}],"_links":{"self":[{"href":"https:\/\/www.sportalsub.net\/blog\/wp-json\/wp\/v2\/posts\/25520","targetHints":{"allow":["GET"]}}],"collection":[{"href":"https:\/\/www.sportalsub.net\/blog\/wp-json\/wp\/v2\/posts"}],"about":[{"href":"https:\/\/www.sportalsub.net\/blog\/wp-json\/wp\/v2\/types\/post"}],"author":[{"embeddable":true,"href":"https:\/\/www.sportalsub.net\/blog\/wp-json\/wp\/v2\/users\/1"}],"replies":[{"embeddable":true,"href":"https:\/\/www.sportalsub.net\/blog\/wp-json\/wp\/v2\/comments?post=25520"}],"version-history":[{"count":0,"href":"https:\/\/www.sportalsub.net\/blog\/wp-json\/wp\/v2\/posts\/25520\/revisions"}],"wp:featuredmedia":[{"embeddable":true,"href":"https:\/\/www.sportalsub.net\/blog\/wp-json\/wp\/v2\/media\/25965"}],"wp:attachment":[{"href":"https:\/\/www.sportalsub.net\/blog\/wp-json\/wp\/v2\/media?parent=25520"}],"wp:term":[{"taxonomy":"category","embeddable":true,"href":"https:\/\/www.sportalsub.net\/blog\/wp-json\/wp\/v2\/categories?post=25520"},{"taxonomy":"post_tag","embeddable":true,"href":"https:\/\/www.sportalsub.net\/blog\/wp-json\/wp\/v2\/tags?post=25520"}],"curies":[{"name":"wp","href":"https:\/\/api.w.org\/{rel}","templated":true}]}}