{"id":25667,"date":"2006-05-23T13:47:49","date_gmt":"2006-05-23T17:47:49","guid":{"rendered":"http:\/\/www.sportalsub.net\/blog\/?p=25667"},"modified":"2019-08-29T20:42:57","modified_gmt":"2019-08-30T00:42:57","slug":"1ra-copa-del-mundo-de-natacion-con-aletas-en-piscina-cmas-2006-4ta-ronda-espana","status":"publish","type":"post","link":"https:\/\/www.sportalsub.net\/blog\/2006\/05\/23\/copa-mundo-cmas-2006-espana","title":{"rendered":"\ud83c\uddea\ud83c\uddf8 1ra Copa del Mundo de Nataci\u00f3n con Aletas en piscina CMAS 2006 &#8211; 4ta Ronda, Espa\u00f1a"},"content":{"rendered":"<p><a href=\"http:\/\/www.sportalsub.net\/blog\/wp-content\/uploads\/2016\/12\/postercopanataletas.jpg\" target=\"_blank\"><img loading=\"lazy\" decoding=\"async\" class=\"alignnone size-full wp-image-25669\" src=\"http:\/\/www.sportalsub.net\/blog\/wp-content\/uploads\/2016\/12\/postercopanataletas.jpg\" alt=\"\" width=\"610\" height=\"859\" srcset=\"https:\/\/www.sportalsub.net\/blog\/wp-content\/uploads\/2016\/12\/postercopanataletas.jpg 610w, https:\/\/www.sportalsub.net\/blog\/wp-content\/uploads\/2016\/12\/postercopanataletas-213x300.jpg 213w\" sizes=\"auto, (max-width: 610px) 100vw, 610px\" \/><\/a><\/p>\n<p>(Sportalsub.net \/ CMAS \/ FEDAS \/ FBDAS)<\/p>\n<p>La 1ra Copa del Mundo de Nataci\u00f3n con Aletas en piscina\u00a0CMAS, 4ta Ronda, Palma de Mallorca, Islas Baleares, Espa\u00f1a, se realiz\u00f3 los d\u00edas 19 y 20 de Mayo 2006, organizada por la Federaci\u00f3n Balear y la Federaci\u00f3n Espa\u00f1ola de Actividades Subacu\u00e1ticas<\/p>\n<div align=\"\\&quot;justify\\&quot;\">\n<hr \/>\n<p><strong>Balears cumple con nota en la Copa del Mundo<br \/>\n<\/strong><br \/>\n<em>Lunes 22 de Mayo 2006<br \/>\n<\/em>Los representantes de Balears cumplieron con nota en la cuarta prueba de la Copa del Mundo CMAS que se disput\u00f3 en las instalaciones de Son Hugo conjuntamente con el I Open Internacional Trofeo Illes Balears. Seis metales capturaron los nadadores del Sant Agust\u00ed Veloz, que termin\u00f3 en la cuarta posici\u00f3n de la clasificaci\u00f3n general de la competici\u00f3n continental refrendando la progresi\u00f3n experimentada por los deportistas de la Isla.<\/p>\n<div>\n<p>Miguel S\u00e1nchez se erigi\u00f3 en el principal protagonista entre los locales, ya que se hizo con la medalla de oro en la prueba de 50 metros apnea j\u00fanior. Adem\u00e1s, S\u00e1nchez no se conform\u00f3 con el oro y se hizo con el bronce en la prueba 100 metros superficie j\u00fanior. No le fue a la zaga la actuaci\u00f3n de Olaia G\u00f3rriz, que logr\u00f3 el bronce en la modalidad de 50 metros apnea j\u00fanior, y la de Alejandro Saz, que subi\u00f3 al tercer escal\u00f3n del podio en 50 metros apnea j\u00fanior.<\/p>\n<\/div>\n<div>Tambi\u00e9n cabe resaltar las actuaciones de Susana Rojo (quinta en 50 metros apnea s\u00e9nior), Antonio Reus (sexto en 400 metros superficie s\u00e9nior y cuarto en 800 metros superficie), Elena Navarro (quinta en 400 metros superficie j\u00fanior), Javier Torres (octavo en 400 metros superficie j\u00fanior) y Diana Mera (s\u00e9ptimo en 400 metros superficie s\u00e9nior).<\/div>\n<p>Tolo Jaume \/ Ultima Hora Digital<\/p>\n<hr \/>\n<p><strong>Balears se hace ver entre los mejores<\/strong><\/p>\n<p><em>Domingo 21 de Mayo 2006<br \/>\n<\/em>Son Hugo volvi\u00f3 a vestir sus mejores galas para albergar una competici\u00f3n de calado internacional. La Copa del Mundo CMAS y Open Internacional Illes Balears de nataci\u00f3n con aletas ha puesto a prueba el potencial de los nadadores de las islas, que han cumplido con nota. No en vano, la cita re\u00fane a lo m\u00e1s granado de nuestro pa\u00eds y sirve de test de entidad para los m\u00e1s j\u00f3venes. La prueba, organizada por la Federaci\u00f3 Balear d\\&#8217;Activitats Subaqu\u00e0tiques, sirvi\u00f3 para demostrar el potencial de los j\u00f3venes talentos de las islas, que emergen con fuerza y piden protagonismo a nivel internacional.<\/p>\n<div>La mejor muestra de ello la dieron ayer Miguel S\u00e1nchez y Olaya G\u00f3rriz, ambos nadadores del Sant Agust\u00ed-Veloz, quienes subieron al podio en diferentes modalidades y dejaron ver que el futuro est\u00e1 garantizado con ellos. S\u00e1nchez fue el ganador en la prueba de 50 apnea j\u00fanior masculina, y a la vez se permiti\u00f3 la licencia de colgarse la medalla de bronce en 100 metros superf\u00edcie j\u00fanior, siendo tercero en la final\u00edsima. Por su parte, G\u00f3rriz obtuvo una meritoria tercera posici\u00f3n en 50 metros apnea j\u00fanior femenino y complet\u00f3 una jornada ideal para los representantes mallorquines.<\/div>\n<div>\n<p>Pero tambi\u00e9n llegaron las alegr\u00edas entre los m\u00e1s veteranos. En la categor\u00eda s\u00e9nior, Toni Reus exhibi\u00f3 una vez m\u00e1s su potencial y en la prueba de 800 metros superf\u00edcie acarici\u00f3 los metales, obteniendo un cuarto puesto que le deja como uno de los mejores en la modalidad. Por su parte, la tambi\u00e9n mallorquina Susana Rojo firm\u00f3 un notable quinto lugar en 50 metros apnea s\u00e9nior femeninos, aunque en el Trofeu Illes Balearse se sac\u00f3 la espina con una victoria en 100 inmersi\u00f3n que deja claras sus intenciones. La competici\u00f3n concluye hoy en Son Hugo, con un programa que comprende pruebas entre las 10 y las 13 horas, en las que se otorgar\u00e1n las \u00faltimas medallas de esta Copa del Mundo de nataci\u00f3n con aletas, que tiene en Ciutat su centro de operaciones<\/p>\n<p>F.Fernandez \/ Ultima Hora<\/p>\n<\/div>\n<hr \/>\n<p>Vienres 19 de Mayo 2006<\/p>\n<\/div>\n<div align=\"\\&quot;justify\\&quot;\">\n<div>La Copa del Mundo de nataci\u00f3n con aletas va a realizar una parada en Palma de Mallorca este fin de semana. La cuarta manga de la competici\u00f3n, la \u00faltima clasificable para la gran final, se celebrar\u00e1 ma\u00f1ana y el domingo en las piscinas de Son Hugo. Ser\u00e1n alrededor de doscientos participantes llegados de doce pa\u00edses, de los que una veintena ser\u00e1n mallorquines.<\/div>\n<div>La Copa del Mundo CMAS es el Campeonato del Mundo de clubes. Este a\u00f1o est\u00e1 viviendo su primera edici\u00f3n, ya que anteriormente se realizaba a nivel europeo. Esta nueva competici\u00f3n se ha dividido en cuatro mangas clasificatorias para la gran final. Egipto, Hungr\u00eda, Italia y Espa\u00f1a (Palma de Mallorca) son los escenarios en los que los deportistas pueden obtener puntos para la final de Polonia. Para estar en este masters es imprescindible haber competido al menos en tres mangas.<\/div>\n<div>Esta cuarta manga clasificatoria se va a celebrar ma\u00f1ana y y el domingo en las piscinas de Son Hugo y va a contar con la participaci\u00f3n de clubes que representan a Alemania, B\u00e9lgica, Bielorrusia, Croacia, Egipto, Espa\u00f1a, Estados Unidos, Estonia, Francia, Italia, Rusia y Ucrania. La participaci\u00f3n espa\u00f1ola es la m\u00e1s numerosa de la competici\u00f3n, con un total de siete equipos. El AE Bellsport (Catalunya), Babel (Alicante), el CN Montjuic (Catalunya), Nataci\u00f3 X Tothom Lleida (Catalunya), Baixo Mi\u00f1o (Galicia), Efiba de Cabra (Andalucia) y Sant Agust\u00ed-Veloz (Illes Balears).<\/div>\n<\/div>\n<div>\n<p>Fuente: Ultima Hora Digital<\/p>\n<\/div>\n<div align=\"\\&quot;justify\\&quot;\">\n<div align=\"\\&quot;left\\&quot;\"><strong>PROGRAMA<\/strong><\/div>\n<div align=\"\\&quot;left\\&quot;\"><strong>Viernes, 19 de mayo<\/strong><\/div>\n<p>&#8211; 17,00 h a 20,00 h.<\/p>\n<div align=\"\\&quot;left\\&quot;\">Recepci\u00f3n de los clubes participantes<\/div>\n<div align=\"\\&quot;left\\&quot;\">Verificaci\u00f3n de documentaci\u00f3n y material<\/div>\n<div align=\"\\&quot;left\\&quot;\">Entrega de acreditaciones y documentaci\u00f3n.<\/div>\n<div align=\"\\&quot;left\\&quot;\">Cobro de cuota de participaci\u00f3n.<\/div>\n<div align=\"\\&quot;left\\&quot;\">Venta de ticket de cena de clausura.<\/div>\n<p>&#8211; 20,00 h.<\/p>\n<div align=\"\\&quot;left\\&quot;\">Reuni\u00f3n t\u00e9cnica de delegados equipos.<\/div>\n<p>&nbsp;<\/p>\n<div align=\"\\&quot;left\\&quot;\"><strong>S\u00e1bado, 20 de mayo<\/strong><\/div>\n<p>&nbsp;<\/p>\n<div align=\"\\&quot;left\\&quot;\">&#8211; 8,00 h. Desayuno<\/div>\n<div align=\"\\&quot;left\\&quot;\">&#8211; 8,30 h. Transporte a la piscina<\/div>\n<div align=\"\\&quot;left\\&quot;\">&#8211; 9,00 h. Calentamiento<\/div>\n<div align=\"\\&quot;left\\&quot;\">&#8211; 10,00 h. Competici\u00f3n y entrega medallas<\/div>\n<div align=\"\\&quot;left\\&quot;\">&#8211;\u00a013,00 h. Transporte hotel organizaci\u00f3n<\/div>\n<div align=\"\\&quot;left\\&quot;\">&#8211; 13,30 h. Comida<\/div>\n<div align=\"\\&quot;left\\&quot;\">&#8211; 15,30 h. Transporte a la piscina<\/div>\n<div align=\"\\&quot;left\\&quot;\">&#8211; 16,00 h. Calentamiento<\/div>\n<div align=\"\\&quot;left\\&quot;\">&#8211; 17,00 h. Competici\u00f3n y entrega de medallas<\/div>\n<div align=\"\\&quot;left\\&quot;\">&#8211; 19,30 h. Transporte hotel organizaci\u00f3n.<\/div>\n<p>&#8211; 20,00 h. Cena.<\/p>\n<div align=\"\\&quot;left\\&quot;\"><strong><br \/>\nDomingo, 21 de mayo<\/strong><\/div>\n<p>&nbsp;<\/p>\n<div align=\"\\&quot;left\\&quot;\">&#8211; 8,00 h. Desayuno<\/div>\n<div align=\"\\&quot;left\\&quot;\">&#8211;\u00a08,30 h. Transporte a la piscina<\/div>\n<div align=\"\\&quot;left\\&quot;\">&#8211; 9,00 h. Calentamiento<\/div>\n<div align=\"\\&quot;left\\&quot;\">&#8211; 10,00 h. Competici\u00f3n y entrega medallas<\/div>\n<div align=\"\\&quot;left\\&quot;\">&#8211; 13,00 h. Transporte hotel organizaci\u00f3n<\/div>\n<div align=\"\\&quot;left\\&quot;\">&#8211; 13,30 h. Comida<\/div>\n<p>&#8211; 20,00 h. Salida del hotel organizaci\u00f3n al restaurante Es Foguero.<\/p>\n<div align=\"\\&quot;left\\&quot;\">&#8211; 20,30 h. Entrega de trofeos y distinciones.<\/div>\n<div align=\"\\&quot;left\\&quot;\">&#8211; 21,00 h. Cena-espect\u00e1culo.<\/div>\n<div align=\"\\&quot;left\\&quot;\">&#8211; 24,00 h. Regreso al hotel organizaci\u00f3n.<\/div>\n<p><strong>M\u00e1s Informaci\u00f3n: <\/strong><strong>http:\/\/www.fbdas.com<\/strong><\/p>\n<\/div>\n","protected":false},"excerpt":{"rendered":"<p>(Sportalsub.net \/ CMAS \/ FEDAS \/ FBDAS) La 1ra Copa del Mundo de Nataci\u00f3n con Aletas en piscina\u00a0CMAS, 4ta Ronda, Palma de Mallorca, Islas Baleares, Espa\u00f1a, se realiz\u00f3 los d\u00edas 19 y 20 de Mayo 2006, organizada por la Federaci\u00f3n Balear y la Federaci\u00f3n Espa\u00f1ola de Actividades Subacu\u00e1ticas Balears cumple con nota en la Copa del Mundo Lunes 22 de [&#8230;]<\/p>\n","protected":false},"author":1,"featured_media":25669,"comment_status":"open","ping_status":"closed","sticky":false,"template":"","format":"standard","meta":{"_lmt_disableupdate":"","_lmt_disable":"","jetpack_post_was_ever_published":false,"_jetpack_newsletter_access":"","_jetpack_dont_email_post_to_subs":true,"_jetpack_newsletter_tier_id":0,"_jetpack_memberships_contains_paywalled_content":false,"_jetpack_memberships_contains_paid_content":false,"footnotes":"","jetpack_publicize_message":"","jetpack_publicize_feature_enabled":true,"jetpack_social_post_already_shared":true,"jetpack_social_options":{"image_generator_settings":{"template":"highway","default_image_id":0,"font":"","enabled":false},"version":2}},"categories":[10,12,120],"tags":[],"class_list":["post-25667","post","type-post","status-publish","format-standard","has-post-thumbnail","hentry","category-espana","category-natacion-con-aletas","category-resultados"],"modified_by":"Sportalsub.net","views":2324,"jetpack_publicize_connections":[],"jetpack_featured_media_url":"https:\/\/www.sportalsub.net\/blog\/wp-content\/uploads\/2016\/12\/postercopanataletas.jpg","jetpack_sharing_enabled":true,"jetpack_shortlink":"https:\/\/wp.me\/pf9lN-6FZ","jetpack_likes_enabled":false,"jetpack-related-posts":[{"id":18250,"url":"https:\/\/www.sportalsub.net\/blog\/4ta-jornada-cartagena","url_meta":{"origin":25667,"position":0},"title":"\ud83c\udde8\ud83c\uddf4 Resultados 4ta jornada 7ma Ronda IX Copa Mundo CMAS y I Copa FEDECAS de Nataci\u00f3n con Aletas. Cartagena, Colombia","author":"Sportalsub.net","date":"10 agosto 2014","format":false,"excerpt":"(Especial Sportalsub.net \/ CMAS \/ FEDECAS \/ LASC) Este domingo 10\u00a0de agosto en la ma\u00f1ana se realiz\u00f3 la cuarta jornada y \u00faltima de las pruebas de piscina de la\u00a0VII Ronda de la IX Copa Mundo de Nataci\u00f3n con Aletas CMAS y \u00a0I Copa Fedecas de Nataci\u00f3n con Aletas, que se\u2026","rel":"","context":"En \u00abColombia\u00bb","block_context":{"text":"Colombia","link":"https:\/\/www.sportalsub.net\/blog\/category\/paises\/america\/colombia\/"},"img":{"alt_text":"","src":"https:\/\/i0.wp.com\/www.sportalsub.net\/blog\/wp-content\/uploads\/2014\/08\/IMG_1219.jpg?resize=350%2C200&ssl=1","width":350,"height":200,"srcset":"https:\/\/i0.wp.com\/www.sportalsub.net\/blog\/wp-content\/uploads\/2014\/08\/IMG_1219.jpg?resize=350%2C200&ssl=1 1x, https:\/\/i0.wp.com\/www.sportalsub.net\/blog\/wp-content\/uploads\/2014\/08\/IMG_1219.jpg?resize=525%2C300&ssl=1 1.5x, https:\/\/i0.wp.com\/www.sportalsub.net\/blog\/wp-content\/uploads\/2014\/08\/IMG_1219.jpg?resize=700%2C400&ssl=1 2x"},"classes":[]},{"id":17313,"url":"https:\/\/www.sportalsub.net\/blog\/copa-del-mundo-de-natacion-con-aletas-cmas-2014-arranca-en-hungria\/","url_meta":{"origin":25667,"position":1},"title":"\ud83c\udded\ud83c\uddfa Copa del Mundo de Nataci\u00f3n con aletas CMAS 2014 arranca en Hungr\u00eda","author":"Sportalsub.net","date":"18 febrero 2014","format":false,"excerpt":"(Especial Sportalsub.net \/ CMAS) La IX edici\u00f3n de la Copa del Mundo de Nataci\u00f3n con Aletas de la Confederaci\u00f3n Mundial de Actividades Subacu\u00e1ticas dar\u00e1 inicio a finales del mes de febrero, con la primera ronda en Hungr\u00eda. Este a\u00f1o se realizar\u00e1n 8 rondas. Ya est\u00e1n disponibles las invitaciones e informaci\u00f3n\u2026","rel":"","context":"En \u00abColombia\u00bb","block_context":{"text":"Colombia","link":"https:\/\/www.sportalsub.net\/blog\/category\/paises\/america\/colombia\/"},"img":{"alt_text":"","src":"https:\/\/i0.wp.com\/www.sportalsub.net\/blog\/wp-content\/uploads\/2014\/02\/copa-mundo-2014.jpg?resize=350%2C200&ssl=1","width":350,"height":200,"srcset":"https:\/\/i0.wp.com\/www.sportalsub.net\/blog\/wp-content\/uploads\/2014\/02\/copa-mundo-2014.jpg?resize=350%2C200&ssl=1 1x, https:\/\/i0.wp.com\/www.sportalsub.net\/blog\/wp-content\/uploads\/2014\/02\/copa-mundo-2014.jpg?resize=525%2C300&ssl=1 1.5x"},"classes":[]},{"id":14588,"url":"https:\/\/www.sportalsub.net\/blog\/copa-del-mundo-de-natacion-con-aletas-cmas-2013-arranca-en-marzo\/","url_meta":{"origin":25667,"position":2},"title":"\ud83c\udf0e Copa del Mundo de Nataci\u00f3n con aletas CMAS 2013 arranca en Marzo","author":"Sportalsub.net","date":"29 enero 2013","format":false,"excerpt":"(Especial Sportalsub.net \/ CMAS) La 8va edici\u00f3n de la Copa del Mundo de Clubes de Nataci\u00f3n con Aletas de la Confederaci\u00f3n Mundial de Actividades Subacu\u00e1ticas dar\u00e1 inicio el mes de marzo, con la primera ronda en Hungr\u00eda. Este a\u00f1o se realizar\u00e1n 6 rondas. Ya est\u00e1n disponibles las invitaciones e informaci\u00f3n\u2026","rel":"","context":"En \u00abCopa Mundo CMAS 2013\u00bb","block_context":{"text":"Copa Mundo CMAS 2013","link":"https:\/\/www.sportalsub.net\/blog\/category\/coberturas-especiales\/copa-mundo-cmas-2013\/"},"img":{"alt_text":"","src":"https:\/\/i0.wp.com\/www.sportalsub.net\/blog\/wp-content\/uploads\/2013\/01\/copa-mundo-cmas-2013.jpg?resize=350%2C200&ssl=1","width":350,"height":200,"srcset":"https:\/\/i0.wp.com\/www.sportalsub.net\/blog\/wp-content\/uploads\/2013\/01\/copa-mundo-cmas-2013.jpg?resize=350%2C200&ssl=1 1x, https:\/\/i0.wp.com\/www.sportalsub.net\/blog\/wp-content\/uploads\/2013\/01\/copa-mundo-cmas-2013.jpg?resize=525%2C300&ssl=1 1.5x, https:\/\/i0.wp.com\/www.sportalsub.net\/blog\/wp-content\/uploads\/2013\/01\/copa-mundo-cmas-2013.jpg?resize=700%2C400&ssl=1 2x"},"classes":[]},{"id":12277,"url":"https:\/\/www.sportalsub.net\/blog\/resultados-vii-copa-mundo-natacion-con-aletas-cmas-4ta-ronda-2012-polonia\/","url_meta":{"origin":25667,"position":3},"title":"\ud83c\uddf5\ud83c\uddf1 Resultados VII Copa Mundo Nataci\u00f3n con Aletas CMAS \u2013 4ta Ronda 2012 \u2013 Polonia","author":"Sportalsub.net","date":"30 abril 2012","format":false,"excerpt":"(Especial Sportalsub.net \/ CMAS World Cup \/ Finswimmer) Este fin de semana 28 y 29 de abril se realiz\u00f3 en Gliwice, Polonia la 3ra Ronda de la Copa Mundo de Nataci\u00f3n con Aletas CMAS 2012, en la cual se registraron 3 nuevos r\u00e9cords mundiales junior. En la prueba de 50\u2026","rel":"","context":"En \u00abDestacados Anteriores\u00bb","block_context":{"text":"Destacados Anteriores","link":"https:\/\/www.sportalsub.net\/blog\/category\/coberturas-especiales\/destacados-anteriores\/"},"img":{"alt_text":"","src":"https:\/\/i0.wp.com\/www.sportalsub.net\/blog\/wp-content\/uploads\/2012\/04\/polonia.jpg?resize=350%2C200&ssl=1","width":350,"height":200,"srcset":"https:\/\/i0.wp.com\/www.sportalsub.net\/blog\/wp-content\/uploads\/2012\/04\/polonia.jpg?resize=350%2C200&ssl=1 1x, https:\/\/i0.wp.com\/www.sportalsub.net\/blog\/wp-content\/uploads\/2012\/04\/polonia.jpg?resize=525%2C300&ssl=1 1.5x"},"classes":[]},{"id":15096,"url":"https:\/\/www.sportalsub.net\/blog\/viii-copa-mundo-natacion-con-aletas-cmas-4ta-ronda-2013-francia\/","url_meta":{"origin":25667,"position":4},"title":"\ud83c\uddeb\ud83c\uddf7 Resultados VIII Copa Mundo Nataci\u00f3n con Aletas CMAS \u2013 4ta Ronda 2013 \u2013 Francia","author":"Sportalsub.net","date":"13 abril 2013","format":false,"excerpt":"(Especial Sportalsub.net \/ FFESSM \/ CMAS\/ Finswimmer) Este fin de semana, s\u00e1bado 13 y domingo 14 de abril se realiz\u00f3 en Aix en Provence, Francia;\u00a0la 4ta Ronda de la VIII Copa del Mundo de Nataci\u00f3n con Aletas CMAS con la participaci\u00f3n de m\u00e1s de 250 atletas, de 56 clubes de\u2026","rel":"","context":"En \u00abColombia\u00bb","block_context":{"text":"Colombia","link":"https:\/\/www.sportalsub.net\/blog\/category\/paises\/america\/colombia\/"},"img":{"alt_text":"","src":"https:\/\/i0.wp.com\/www.sportalsub.net\/blog\/wp-content\/uploads\/2013\/04\/ronda-francia.jpg?resize=350%2C200&ssl=1","width":350,"height":200,"srcset":"https:\/\/i0.wp.com\/www.sportalsub.net\/blog\/wp-content\/uploads\/2013\/04\/ronda-francia.jpg?resize=350%2C200&ssl=1 1x, https:\/\/i0.wp.com\/www.sportalsub.net\/blog\/wp-content\/uploads\/2013\/04\/ronda-francia.jpg?resize=525%2C300&ssl=1 1.5x"},"classes":[]},{"id":17529,"url":"https:\/\/www.sportalsub.net\/blog\/ix-copa-mundo-natacion-con-aletas-cmas-4ta-ronda-2014-tailandia\/","url_meta":{"origin":25667,"position":5},"title":"\ud83c\uddf9\ud83c\udded Resultados IX Copa Mundo Nataci\u00f3n con Aletas CMAS \u2013 4ta Ronda 2014 \u2013 Tailandia","author":"Sportalsub.net","date":"24 abril 2014","format":false,"excerpt":"(Especial Sportalsub.net \/ CMAS \/TDA \/ Finswimmer) El pasado, s\u00e1bado 5 y domingo 6 de abril se realiz\u00f3 en Phuket, Tailandia, la 4ta Ronda de la IX Copa del Mundo de Nataci\u00f3n con Aletas CMAS en la cual participaron atletas de Tailandia, Rusia, Filipinas, Polonia y Kazajist\u00e1n. Esta Ronda incluy\u00f3\u2026","rel":"","context":"En \u00abBuceo de Competici\u00f3n\u00bb","block_context":{"text":"Buceo de Competici\u00f3n","link":"https:\/\/www.sportalsub.net\/blog\/category\/modalidades\/buceo-2\/buceo-deportivo\/"},"img":{"alt_text":"","src":"https:\/\/i0.wp.com\/www.sportalsub.net\/blog\/wp-content\/uploads\/2014\/04\/resultados-tailandia.jpg?resize=350%2C200&ssl=1","width":350,"height":200,"srcset":"https:\/\/i0.wp.com\/www.sportalsub.net\/blog\/wp-content\/uploads\/2014\/04\/resultados-tailandia.jpg?resize=350%2C200&ssl=1 1x, https:\/\/i0.wp.com\/www.sportalsub.net\/blog\/wp-content\/uploads\/2014\/04\/resultados-tailandia.jpg?resize=525%2C300&ssl=1 1.5x"},"classes":[]}],"_links":{"self":[{"href":"https:\/\/www.sportalsub.net\/blog\/wp-json\/wp\/v2\/posts\/25667","targetHints":{"allow":["GET"]}}],"collection":[{"href":"https:\/\/www.sportalsub.net\/blog\/wp-json\/wp\/v2\/posts"}],"about":[{"href":"https:\/\/www.sportalsub.net\/blog\/wp-json\/wp\/v2\/types\/post"}],"author":[{"embeddable":true,"href":"https:\/\/www.sportalsub.net\/blog\/wp-json\/wp\/v2\/users\/1"}],"replies":[{"embeddable":true,"href":"https:\/\/www.sportalsub.net\/blog\/wp-json\/wp\/v2\/comments?post=25667"}],"version-history":[{"count":0,"href":"https:\/\/www.sportalsub.net\/blog\/wp-json\/wp\/v2\/posts\/25667\/revisions"}],"wp:featuredmedia":[{"embeddable":true,"href":"https:\/\/www.sportalsub.net\/blog\/wp-json\/wp\/v2\/media\/25669"}],"wp:attachment":[{"href":"https:\/\/www.sportalsub.net\/blog\/wp-json\/wp\/v2\/media?parent=25667"}],"wp:term":[{"taxonomy":"category","embeddable":true,"href":"https:\/\/www.sportalsub.net\/blog\/wp-json\/wp\/v2\/categories?post=25667"},{"taxonomy":"post_tag","embeddable":true,"href":"https:\/\/www.sportalsub.net\/blog\/wp-json\/wp\/v2\/tags?post=25667"}],"curies":[{"name":"wp","href":"https:\/\/api.w.org\/{rel}","templated":true}]}}