{"id":25735,"date":"2017-02-16T00:07:32","date_gmt":"2017-02-16T03:07:32","guid":{"rendered":"http:\/\/www.sportalsub.net\/blog\/?p=25735"},"modified":"2019-09-01T02:45:11","modified_gmt":"2019-09-01T06:45:11","slug":"4-indoor-de-apnea-joaquin-capilla-mexico-2017","status":"publish","type":"post","link":"https:\/\/www.sportalsub.net\/blog\/4-indoor-apnea-mexico-2017","title":{"rendered":"\ud83c\uddf2\ud83c\uddfd 4\u00b0 Indoor de Apnea Joaquin Capilla. M\u00e9xico 2017"},"content":{"rendered":"<p><a href=\"http:\/\/www.sportalsub.net\/blog\/wp-content\/uploads\/2017\/01\/indoorapneamexico.jpg\" target=\"_blank\"><img loading=\"lazy\" decoding=\"async\" class=\"alignnone size-full wp-image-25736\" src=\"http:\/\/www.sportalsub.net\/blog\/wp-content\/uploads\/2017\/01\/indoorapneamexico.jpg\" alt=\"\" width=\"622\" height=\"960\" srcset=\"https:\/\/www.sportalsub.net\/blog\/wp-content\/uploads\/2017\/01\/indoorapneamexico.jpg 622w, https:\/\/www.sportalsub.net\/blog\/wp-content\/uploads\/2017\/01\/indoorapneamexico-194x300.jpg 194w\" sizes=\"auto, (max-width: 622px) 100vw, 622px\" \/><\/a><\/p>\n<p>(Sportalsub.net \/ ACMAS)<\/p>\n<p>La Asociaci\u00f3n de la Ciudad de M\u00e9xico en Actividades Subacu\u00e1ticas A. C. Extiende la cordial invitaci\u00f3n a todos los amantes de la Apnea a su 4\u00b0 campeonato Indoor de Apnea Joaqu\u00edn Capilla que se realizar\u00e1 el pr\u00f3ximo 18 y 19 de Febrero en el deportivo Joaqu\u00edn Capilla.<\/p>\n<p>M\u00e1s informaci\u00f3n:\u00a0<span class=\"fwn fcg\"><span class=\"fwb fcg\" data-ft=\"{&quot;tn&quot;:&quot;k&quot;}\"><a href=\"https:\/\/www.facebook.com\/comisionnacionaldeapnea\/?fref=nf\"id=\"js_kg\"  data-hovercard=\"\/ajax\/hovercard\/page.php?id=767670909977709&amp;extragetparams=%7B%22fref%22%3A%22nf%22%7D\" data-hovercard-prefer-more-content-show=\"1\" target=\"_blank\">Comisi\u00f3n Nacional de Apnea<\/a><\/span><\/span><\/p>\n<p>Enviado por:\u00a0<span class=\"fwn fcg\"><span class=\"fcg\"><a href=\"https:\/\/www.facebook.com\/uportugal\"id=\"js_130g\" class=\"profileLink\"  data-ft=\"{&quot;tn&quot;:&quot;l&quot;}\" data-hovercard=\"\/ajax\/hovercard\/user.php?id=1558268572\" data-hovercard-prefer-more-content-show=\"1\" target=\"_blank\">Ulises Portugal<\/a> <\/span><\/span><\/p>\n","protected":false},"excerpt":{"rendered":"<p>(Sportalsub.net \/ ACMAS) La Asociaci\u00f3n de la Ciudad de M\u00e9xico en Actividades Subacu\u00e1ticas A. C. Extiende la cordial invitaci\u00f3n a todos los amantes de la Apnea a su 4\u00b0 campeonato Indoor de Apnea Joaqu\u00edn Capilla que se realizar\u00e1 el pr\u00f3ximo 18 y 19 de Febrero en el deportivo Joaqu\u00edn Capilla. M\u00e1s informaci\u00f3n:\u00a0Comisi\u00f3n Nacional de Apnea Enviado por:\u00a0Ulises Portugal<\/p>\n","protected":false},"author":1,"featured_media":25736,"comment_status":"open","ping_status":"closed","sticky":false,"template":"","format":"standard","meta":{"_lmt_disableupdate":"","_lmt_disable":"","jetpack_post_was_ever_published":false,"_jetpack_newsletter_access":"","_jetpack_dont_email_post_to_subs":true,"_jetpack_newsletter_tier_id":0,"_jetpack_memberships_contains_paywalled_content":false,"_jetpack_memberships_contains_paid_content":false,"footnotes":"","jetpack_publicize_message":"","jetpack_publicize_feature_enabled":true,"jetpack_social_post_already_shared":true,"jetpack_social_options":{"image_generator_settings":{"template":"highway","default_image_id":0,"font":"","enabled":false},"version":2}},"categories":[9,98],"tags":[],"class_list":["post-25735","post","type-post","status-publish","format-standard","has-post-thumbnail","hentry","category-apnea","category-mexico"],"modified_by":"Sportalsub.net","views":3594,"jetpack_publicize_connections":[],"jetpack_featured_media_url":"https:\/\/www.sportalsub.net\/blog\/wp-content\/uploads\/2017\/01\/indoorapneamexico.jpg","jetpack_sharing_enabled":true,"jetpack_shortlink":"https:\/\/wp.me\/pf9lN-6H5","jetpack_likes_enabled":false,"jetpack-related-posts":[{"id":17688,"url":"https:\/\/www.sportalsub.net\/blog\/curso-capacitacion-mexico-2014","url_meta":{"origin":25735,"position":0},"title":"\ud83c\uddf2\ud83c\uddfd Curso de Capacitaci\u00f3n para entrenadores de Apnea y Nado con Aletas 2014 FMAS M\u00e9xico","author":"Sportalsub.net","date":"7 mayo 2014","format":false,"excerpt":"(Especial Sportalsub.net \/ FMAS) La Federaci\u00f3n Mexicana de Actividades Subacu\u00e1ticas A.C. a trav\u00e9s de su Comit\u00e9 Deportivo, en coordinaci\u00f3n con la Asociaci\u00f3n Metropolitana de Actividades Subacu\u00e1ticas A.C., Convoca a las Asociaciones, Delegaciones, Entidades afiliadas a participar en el: CURSO DE CAPACITACION PARA ENTRENADORES DE APNEA Y NADO CON ALETAS 2014\u2026","rel":"","context":"En \u00abApnea\u00bb","block_context":{"text":"Apnea","link":"https:\/\/www.sportalsub.net\/blog\/category\/modalidades\/apnea\/"},"img":{"alt_text":"","src":"https:\/\/i0.wp.com\/www.sportalsub.net\/blog\/wp-content\/uploads\/2014\/05\/cursounam1.jpg?resize=350%2C200&ssl=1","width":350,"height":200,"srcset":"https:\/\/i0.wp.com\/www.sportalsub.net\/blog\/wp-content\/uploads\/2014\/05\/cursounam1.jpg?resize=350%2C200&ssl=1 1x, https:\/\/i0.wp.com\/www.sportalsub.net\/blog\/wp-content\/uploads\/2014\/05\/cursounam1.jpg?resize=525%2C300&ssl=1 1.5x"},"classes":[]},{"id":26363,"url":"https:\/\/www.sportalsub.net\/blog\/Fiesta+Mexicana+de+Apnea+Indoor+2017","url_meta":{"origin":25735,"position":1},"title":"\ud83c\uddf2\ud83c\uddfd Fiesta Mexicana de Apnea Indoor 2017","author":"Sportalsub.net","date":"5 septiembre 2017","format":false,"excerpt":"(Sportalsub.net \/ ACMAS) La Asociaci\u00f3n de La Ciudad de M\u00e9xico en Actividades Subacu\u00e1ticas A.C. a trav\u00e9s de\u00a0su Comisi\u00f3n de Apnea convoca a las Asociaciones, Delegaciones, Clubes y\u00a0Entidades afiliadas a participar en el Indoor de Apnea Alberca Ol\u00edmpica Fiesta Mexicana 2017 El evento se llevar\u00e1 a cabo los d\u00edas del 9\u2026","rel":"","context":"En \u00abApnea\u00bb","block_context":{"text":"Apnea","link":"https:\/\/www.sportalsub.net\/blog\/category\/modalidades\/apnea\/"},"img":{"alt_text":"","src":"https:\/\/i0.wp.com\/www.sportalsub.net\/blog\/wp-content\/uploads\/2017\/08\/fiesta-mexicana.jpg?resize=350%2C200&ssl=1","width":350,"height":200,"srcset":"https:\/\/i0.wp.com\/www.sportalsub.net\/blog\/wp-content\/uploads\/2017\/08\/fiesta-mexicana.jpg?resize=350%2C200&ssl=1 1x, https:\/\/i0.wp.com\/www.sportalsub.net\/blog\/wp-content\/uploads\/2017\/08\/fiesta-mexicana.jpg?resize=525%2C300&ssl=1 1.5x"},"classes":[]},{"id":26324,"url":"https:\/\/www.sportalsub.net\/blog\/panamericano-apnea-indoor-cmas-mexico-2017","url_meta":{"origin":25735,"position":2},"title":"\ud83c\uddf2\ud83c\uddfd Resultados Finales &#8211; VI Campeonato Panamericano de Apnea Indoor CMAS Veracruz, M\u00e9xico 2017","author":"Sportalsub.net","date":"1 noviembre 2017","format":false,"excerpt":"(Sportalsub.net \/ CMAS \/ CMAS Am\u00e9rica \/ FMAS) - Read in English El\u00a0VI Campeonato Panamericano de Apnea Indoor CMAS se llev\u00f3 a cabo en Veracruz, M\u00e9xico del 25 al 29 de Octubre, 2017 y cont\u00f3 con la participaci\u00f3n de apneistas de 4 pa\u00edses: Chile, Colombia, Ecuador y M\u00e9xico.\u00a0Colombia se titul\u00f3\u2026","rel":"","context":"En \u00abApnea\u00bb","block_context":{"text":"Apnea","link":"https:\/\/www.sportalsub.net\/blog\/category\/modalidades\/apnea\/"},"img":{"alt_text":"","src":"https:\/\/i0.wp.com\/www.sportalsub.net\/blog\/wp-content\/uploads\/2017\/10\/panamericanoapnea2017final.jpg?resize=350%2C200&ssl=1","width":350,"height":200,"srcset":"https:\/\/i0.wp.com\/www.sportalsub.net\/blog\/wp-content\/uploads\/2017\/10\/panamericanoapnea2017final.jpg?resize=350%2C200&ssl=1 1x, https:\/\/i0.wp.com\/www.sportalsub.net\/blog\/wp-content\/uploads\/2017\/10\/panamericanoapnea2017final.jpg?resize=525%2C300&ssl=1 1.5x, https:\/\/i0.wp.com\/www.sportalsub.net\/blog\/wp-content\/uploads\/2017\/10\/panamericanoapnea2017final.jpg?resize=700%2C400&ssl=1 2x"},"classes":[]},{"id":35605,"url":"https:\/\/www.sportalsub.net\/blog\/campeonatos-universitarios-de-apnea-indoor-y-nado-con-aletas-fmas-chipas-mexico-2019\/","url_meta":{"origin":25735,"position":3},"title":"\ud83c\uddf2\ud83c\uddfd  Campeonatos Universitarios de Apnea Indoor y Nado con Aletas FMAS 2019 &#8211; Chipas, M\u00e9xico","author":"Sportalsub.net","date":"30 noviembre 2019","format":false,"excerpt":"Foto: Jos\u00e9 Luis Cruz V. \/ Federaci\u00f3n Mexicana de Actividades Subacu\u00e1ticas (Sportalsub.net \/ FMAS) Del 28 de noviembre al 1 de diciembre 2019 se llevan a cabo en la Universidad de Ciencias y Artes de Chiapas, los Campeonatos Universitarios curso corto (piscina de 25 metros) por clubes y categor\u00edas de\u2026","rel":"","context":"En \u00abApnea\u00bb","block_context":{"text":"Apnea","link":"https:\/\/www.sportalsub.net\/blog\/category\/modalidades\/apnea\/"},"img":{"alt_text":"","src":"https:\/\/i0.wp.com\/www.sportalsub.net\/blog\/wp-content\/uploads\/2019\/11\/universitariofmas.jpg?resize=350%2C200&ssl=1","width":350,"height":200,"srcset":"https:\/\/i0.wp.com\/www.sportalsub.net\/blog\/wp-content\/uploads\/2019\/11\/universitariofmas.jpg?resize=350%2C200&ssl=1 1x, https:\/\/i0.wp.com\/www.sportalsub.net\/blog\/wp-content\/uploads\/2019\/11\/universitariofmas.jpg?resize=525%2C300&ssl=1 1.5x, https:\/\/i0.wp.com\/www.sportalsub.net\/blog\/wp-content\/uploads\/2019\/11\/universitariofmas.jpg?resize=700%2C400&ssl=1 2x"},"classes":[]},{"id":81109,"url":"https:\/\/www.sportalsub.net\/blog\/1er-rugbysub-mexico-2025","url_meta":{"origin":25735,"position":4},"title":"\ud83c\uddf2\ud83c\uddfd 1er Torneo Abierto de Rugby Subacu\u00e1tico 2025 \u2013 Ciudad de M\u00e9xico","author":"Sportalsub.net","date":"5 agosto 2025","format":false,"excerpt":"(Sportalsub.net \/ Axolotls) El equipo Axolotls de Rugby Subacu\u00e1tico invita al Primer Torneo Abierto de Rugby Subacu\u00e1tico a realizarse el\u00a0S\u00e1bado 9 de Agosto 2025 en el Centro Deportivo \"Joaquin Capilla\" de Ciudad de M\u00e9xico. Modalidad mixta, 6 jugadores por equipo Inscripciones hasta el 1 de agosto Inscripciones y m\u00e1s informaci\u00f3n\u2026","rel":"","context":"En \u00abM\u00e9xico\u00bb","block_context":{"text":"M\u00e9xico","link":"https:\/\/www.sportalsub.net\/blog\/category\/paises\/america\/mexico\/"},"img":{"alt_text":"","src":"https:\/\/i0.wp.com\/www.sportalsub.net\/blog\/wp-content\/uploads\/2025\/07\/1er-rugbysub-mexico.jpg?resize=350%2C200&ssl=1","width":350,"height":200,"srcset":"https:\/\/i0.wp.com\/www.sportalsub.net\/blog\/wp-content\/uploads\/2025\/07\/1er-rugbysub-mexico.jpg?resize=350%2C200&ssl=1 1x, https:\/\/i0.wp.com\/www.sportalsub.net\/blog\/wp-content\/uploads\/2025\/07\/1er-rugbysub-mexico.jpg?resize=525%2C300&ssl=1 1.5x, https:\/\/i0.wp.com\/www.sportalsub.net\/blog\/wp-content\/uploads\/2025\/07\/1er-rugbysub-mexico.jpg?resize=700%2C400&ssl=1 2x"},"classes":[]},{"id":31072,"url":"https:\/\/www.sportalsub.net\/blog\/seleccion-apnea-mexico-panamericano-chile-2019","url_meta":{"origin":25735,"position":5},"title":"\ud83c\uddf2\ud83c\uddfd M\u00e9xico tambi\u00e9n estar\u00e1 en el Campeonato Panamericano CMAS de Apnea Indoor 2019 en Santiago de Chile","author":"Sportalsub.net","date":"24 junio 2019","format":false,"excerpt":"(Sportalsub.net \/ FMAS) La Federaci\u00f3n Mexicana de Actividades Subacu\u00e1ticas (FMAS) tambi\u00e9n ha confirmado su participaci\u00f3n en el \u00a0VII Campeonato Panamericano de Apnea CMAS\u00a0a realizarse del 26 al 30 de Junio 2019 en Santiago de Chile. El seleccionado mexicano estar\u00e1 compuesto por los siguientes deportistas: Luisa Daniela Fortuna Luz G. Viveras\u2026","rel":"","context":"En \u00abApnea\u00bb","block_context":{"text":"Apnea","link":"https:\/\/www.sportalsub.net\/blog\/category\/modalidades\/apnea\/"},"img":{"alt_text":"","src":"https:\/\/i0.wp.com\/www.sportalsub.net\/blog\/wp-content\/uploads\/2019\/06\/apnea-mexico.jpg?resize=350%2C200&ssl=1","width":350,"height":200,"srcset":"https:\/\/i0.wp.com\/www.sportalsub.net\/blog\/wp-content\/uploads\/2019\/06\/apnea-mexico.jpg?resize=350%2C200&ssl=1 1x, https:\/\/i0.wp.com\/www.sportalsub.net\/blog\/wp-content\/uploads\/2019\/06\/apnea-mexico.jpg?resize=525%2C300&ssl=1 1.5x, https:\/\/i0.wp.com\/www.sportalsub.net\/blog\/wp-content\/uploads\/2019\/06\/apnea-mexico.jpg?resize=700%2C400&ssl=1 2x"},"classes":[]}],"_links":{"self":[{"href":"https:\/\/www.sportalsub.net\/blog\/wp-json\/wp\/v2\/posts\/25735","targetHints":{"allow":["GET"]}}],"collection":[{"href":"https:\/\/www.sportalsub.net\/blog\/wp-json\/wp\/v2\/posts"}],"about":[{"href":"https:\/\/www.sportalsub.net\/blog\/wp-json\/wp\/v2\/types\/post"}],"author":[{"embeddable":true,"href":"https:\/\/www.sportalsub.net\/blog\/wp-json\/wp\/v2\/users\/1"}],"replies":[{"embeddable":true,"href":"https:\/\/www.sportalsub.net\/blog\/wp-json\/wp\/v2\/comments?post=25735"}],"version-history":[{"count":0,"href":"https:\/\/www.sportalsub.net\/blog\/wp-json\/wp\/v2\/posts\/25735\/revisions"}],"wp:featuredmedia":[{"embeddable":true,"href":"https:\/\/www.sportalsub.net\/blog\/wp-json\/wp\/v2\/media\/25736"}],"wp:attachment":[{"href":"https:\/\/www.sportalsub.net\/blog\/wp-json\/wp\/v2\/media?parent=25735"}],"wp:term":[{"taxonomy":"category","embeddable":true,"href":"https:\/\/www.sportalsub.net\/blog\/wp-json\/wp\/v2\/categories?post=25735"},{"taxonomy":"post_tag","embeddable":true,"href":"https:\/\/www.sportalsub.net\/blog\/wp-json\/wp\/v2\/tags?post=25735"}],"curies":[{"name":"wp","href":"https:\/\/api.w.org\/{rel}","templated":true}]}}