{"id":25835,"date":"2017-02-21T14:20:23","date_gmt":"2017-02-21T17:20:23","guid":{"rendered":"http:\/\/www.sportalsub.net\/blog\/?p=25835"},"modified":"2019-08-31T22:46:06","modified_gmt":"2019-09-01T02:46:06","slug":"chile-tendra-participacion-en-copa-del-mundo-de-nado-con-aletas-en-hungria","status":"publish","type":"post","link":"https:\/\/www.sportalsub.net\/blog\/chile-tendra-participacion-en-copa-del-mundo-de-nado-con-aletas-en-hungria\/","title":{"rendered":"\ud83c\udde8\ud83c\uddf1 Chile tendr\u00e1 participaci\u00f3n en Copa del Mundo de Nado con Aletas en Hungr\u00eda"},"content":{"rendered":"<p><a href=\"http:\/\/www.sportalsub.net\/blog\/wp-content\/uploads\/2017\/02\/javierachile.jpg\" target=\"_blank\"><img loading=\"lazy\" decoding=\"async\" class=\"alignnone size-full wp-image-25836\" src=\"http:\/\/www.sportalsub.net\/blog\/wp-content\/uploads\/2017\/02\/javierachile.jpg\" alt=\"\" width=\"2048\" height=\"1370\" srcset=\"https:\/\/www.sportalsub.net\/blog\/wp-content\/uploads\/2017\/02\/javierachile.jpg 2048w, https:\/\/www.sportalsub.net\/blog\/wp-content\/uploads\/2017\/02\/javierachile-300x201.jpg 300w, https:\/\/www.sportalsub.net\/blog\/wp-content\/uploads\/2017\/02\/javierachile-768x514.jpg 768w, https:\/\/www.sportalsub.net\/blog\/wp-content\/uploads\/2017\/02\/javierachile-1024x685.jpg 1024w, https:\/\/www.sportalsub.net\/blog\/wp-content\/uploads\/2017\/02\/javierachile-177x118.jpg 177w\" sizes=\"auto, (max-width: 2048px) 100vw, 2048px\" \/><\/a><\/p>\n<p>(Sportalsub.net \/ FEDESUB)<\/p>\n<p>La Federaci\u00f3n Deportiva Nacional de Actividades Subacu\u00e1ticas y Salvamento Acu\u00e1tico de Chile FEDESUB agradece al Comit\u00e9 Ol\u00edmpico de Chile y Team Chile por el apoyo y financiamiento para la participaci\u00f3n de la deportista <strong>Javiera Charrie<\/strong> en la <a href=\"http:\/\/www.sportalsub.net\/blog\/cmas-finswimming-world-cup-2017-eger-hungary\">1ra Ronda de la Copa del Mundo de Nado con Aletas a realizarse en Eger, Hungr\u00eda del 24 al 26 de febrero<\/a>. Marcando con esto una primera participaci\u00f3n oficial hist\u00f3rica de un deportista chileno en una Copa Mundial de Nado con Aletas.<\/p>\n<p>Fuente: <a href=\"https:\/\/www.facebook.com\/fedesub.chile\" target=\"_blank\">FEDESUB<\/a><\/p>\n<header class=\"entry-header\">\n<p class=\"entry-title\"><a href=\"http:\/\/www.sportalsub.net\/blog\/cmas-finswimming-world-cup-2017-eger-hungary\" rel=\"bookmark\">Copa Mundo CMAS Nataci\u00f3n Con Aletas 2017 \u2013 Eger, Hungr\u00eda<\/a><\/p>\n<\/header>\n<div class=\"entry-content\">\n<div class=\"post-image non-zoomin\"><a href=\"http:\/\/www.sportalsub.net\/blog\/cmas-finswimming-world-cup-2017-eger-hungary\"><img decoding=\"async\" src=\"http:\/\/www.sportalsub.net\/blog\/wp-content\/uploads\/2016\/12\/finswimminghungria-326x235.jpg\" alt=\"\" \/><\/a><\/div>\n<\/div>\n","protected":false},"excerpt":{"rendered":"<p>(Sportalsub.net \/ FEDESUB) La Federaci\u00f3n Deportiva Nacional de Actividades Subacu\u00e1ticas y Salvamento Acu\u00e1tico de Chile FEDESUB agradece al Comit\u00e9 Ol\u00edmpico de Chile y Team Chile por el apoyo y financiamiento para la participaci\u00f3n de la deportista Javiera Charrie en la 1ra Ronda de la Copa del Mundo de Nado con Aletas a realizarse en Eger, Hungr\u00eda del 24 al 26 [&#8230;]<\/p>\n","protected":false},"author":1,"featured_media":25836,"comment_status":"open","ping_status":"closed","sticky":false,"template":"","format":"standard","meta":{"_lmt_disableupdate":"","_lmt_disable":"","jetpack_post_was_ever_published":false,"_jetpack_newsletter_access":"","_jetpack_dont_email_post_to_subs":true,"_jetpack_newsletter_tier_id":0,"_jetpack_memberships_contains_paywalled_content":false,"_jetpack_memberships_contains_paid_content":false,"footnotes":"","jetpack_publicize_message":"","jetpack_publicize_feature_enabled":true,"jetpack_social_post_already_shared":true,"jetpack_social_options":{"image_generator_settings":{"template":"highway","default_image_id":0,"font":"","enabled":false},"version":2}},"categories":[83,12],"tags":[],"class_list":["post-25835","post","type-post","status-publish","format-standard","has-post-thumbnail","hentry","category-chile","category-natacion-con-aletas"],"modified_by":"Sportalsub.net","views":4979,"jetpack_publicize_connections":[],"jetpack_featured_media_url":"https:\/\/www.sportalsub.net\/blog\/wp-content\/uploads\/2017\/02\/javierachile.jpg","jetpack_sharing_enabled":true,"jetpack_shortlink":"https:\/\/wp.me\/pf9lN-6IH","jetpack_likes_enabled":false,"jetpack-related-posts":[{"id":26684,"url":"https:\/\/www.sportalsub.net\/blog\/3ra-copa-fedesub-nado-con-aletas-2017-en-santiago-chile\/","url_meta":{"origin":25835,"position":0},"title":"\ud83c\udde8\ud83c\uddf1 Resultados &#8211; 3ra Copa FEDESUB Nado con Aletas 2017 en Santiago, Chile","author":"Sportalsub.net","date":"31 octubre 2017","format":false,"excerpt":"(Sportalsub.net \/ FEDESUB \/ CMAS Chile) El 28 y 29 de octubre 2017 se realiz\u00f3 en la ciudad de Santiago de Chile, la 3ra Copa FEDESUB de Nataci\u00f3n con Aletas, organizada y avalada por la Federaci\u00f3n Deportiva Nacional de Actividades Subacu\u00e1ticas y Salvamento Acu\u00e1tico de Chile (FEDESUB \/ CMAS Chile).\u2026","rel":"","context":"En \u00abChile\u00bb","block_context":{"text":"Chile","link":"https:\/\/www.sportalsub.net\/blog\/category\/paises\/america\/chile\/"},"img":{"alt_text":"","src":"https:\/\/i0.wp.com\/www.sportalsub.net\/blog\/wp-content\/uploads\/2017\/10\/resultados-copa-fedesub-2017.jpg?resize=350%2C200&ssl=1","width":350,"height":200,"srcset":"https:\/\/i0.wp.com\/www.sportalsub.net\/blog\/wp-content\/uploads\/2017\/10\/resultados-copa-fedesub-2017.jpg?resize=350%2C200&ssl=1 1x, https:\/\/i0.wp.com\/www.sportalsub.net\/blog\/wp-content\/uploads\/2017\/10\/resultados-copa-fedesub-2017.jpg?resize=525%2C300&ssl=1 1.5x, https:\/\/i0.wp.com\/www.sportalsub.net\/blog\/wp-content\/uploads\/2017\/10\/resultados-copa-fedesub-2017.jpg?resize=700%2C400&ssl=1 2x"},"classes":[]},{"id":28270,"url":"https:\/\/www.sportalsub.net\/blog\/4ta-copa-fedesub-de-natacion-con-aletas-chile-2018\/","url_meta":{"origin":25835,"position":1},"title":"\ud83c\udde8\ud83c\uddf1 Resultados &#8211; 4ta Copa FEDESUB de Nataci\u00f3n con Aletas 2018 &#8211; Santiago de Chile","author":"Sportalsub.net","date":"16 julio 2018","format":false,"excerpt":"(Sportalsub.net \/ FEDESUB \/ CMAS Chile) La Federaci\u00f3n Deportiva Nacional de Actividades Subacu\u00e1ticas y Salvamento Acu\u00e1tico (FEDESUB) llev\u00f3 a cabo con todo \u00e9xito, la 4ta Copa FEDESUB de Nataci\u00f3n con Aletas, la cual se realiz\u00f3 los d\u00edas 14 y 15 de Julio 2018 en el Centro\u00a0Acu\u00e1tico del Estadio Nacional. Con\u2026","rel":"","context":"En \u00abChile\u00bb","block_context":{"text":"Chile","link":"https:\/\/www.sportalsub.net\/blog\/category\/paises\/america\/chile\/"},"img":{"alt_text":"","src":"https:\/\/i0.wp.com\/www.sportalsub.net\/blog\/wp-content\/uploads\/2018\/07\/resultados-4ta-copa-fedesub.jpg?resize=350%2C200&ssl=1","width":350,"height":200,"srcset":"https:\/\/i0.wp.com\/www.sportalsub.net\/blog\/wp-content\/uploads\/2018\/07\/resultados-4ta-copa-fedesub.jpg?resize=350%2C200&ssl=1 1x, https:\/\/i0.wp.com\/www.sportalsub.net\/blog\/wp-content\/uploads\/2018\/07\/resultados-4ta-copa-fedesub.jpg?resize=525%2C300&ssl=1 1.5x, https:\/\/i0.wp.com\/www.sportalsub.net\/blog\/wp-content\/uploads\/2018\/07\/resultados-4ta-copa-fedesub.jpg?resize=700%2C400&ssl=1 2x"},"classes":[]},{"id":30711,"url":"https:\/\/www.sportalsub.net\/blog\/5ta-copa-fedesub-nadosub-chile-2019","url_meta":{"origin":25835,"position":2},"title":"\ud83c\udde8\ud83c\uddf1 Resultados &#8211; 5ta Copa FEDESUB de Nataci\u00f3n con Aletas, Santiago de Chile &#8211; Junio 2019","author":"Sportalsub.net","date":"8 junio 2019","format":false,"excerpt":"(Sportalsub.net \/ FEDESUB \/ CMAS Chile) Con una numerosa participaci\u00f3n de clubes de varias regiones de Chile y un creciente nivel deportivo y competitivo evidenciado en los resultados de las pruebas, la Federaci\u00f3n Deportiva Nacional de Actividades Subacu\u00e1ticas y Salvamento Acu\u00e1tico (FEDESUB) llev\u00f3 a cabo con todo \u00e9xito la 5ta\u2026","rel":"","context":"En \u00abChile\u00bb","block_context":{"text":"Chile","link":"https:\/\/www.sportalsub.net\/blog\/category\/paises\/america\/chile\/"},"img":{"alt_text":"","src":"https:\/\/i0.wp.com\/www.sportalsub.net\/blog\/wp-content\/uploads\/2019\/06\/resultados-copa-fedesub.jpg?resize=350%2C200&ssl=1","width":350,"height":200,"srcset":"https:\/\/i0.wp.com\/www.sportalsub.net\/blog\/wp-content\/uploads\/2019\/06\/resultados-copa-fedesub.jpg?resize=350%2C200&ssl=1 1x, https:\/\/i0.wp.com\/www.sportalsub.net\/blog\/wp-content\/uploads\/2019\/06\/resultados-copa-fedesub.jpg?resize=525%2C300&ssl=1 1.5x, https:\/\/i0.wp.com\/www.sportalsub.net\/blog\/wp-content\/uploads\/2019\/06\/resultados-copa-fedesub.jpg?resize=700%2C400&ssl=1 2x"},"classes":[]},{"id":21975,"url":"https:\/\/www.sportalsub.net\/blog\/festival-juegos-playa-arica-chile","url_meta":{"origin":25835,"position":3},"title":"\ud83c\udde8\ud83c\uddf1 Resultados Festival de Juegos de Playa Apnea y Nataci\u00f3n con Aletas Arica Chile","author":"Sportalsub.net","date":"4 noviembre 2015","format":false,"excerpt":"Fotos:\u00a0Carmen Gloria M R (Sportalsub.net \/ FEDESUB \/ Arisub \/ Club Oro Arica) La Asociaci\u00f3n de deportes Submarinos y Nataci\u00f3n con Aletas de Arica \u201cARISUB\u201d y la Federaci\u00f3n de deportes Submarinos y nataci\u00f3n con aletas \u201cFEDESUB\u201d, llevaron a cabo\u00a0el Campeonato \"Festival de Juegos de Playa\", con la organizaci\u00f3n del Club\u2026","rel":"","context":"En \u00abApnea\u00bb","block_context":{"text":"Apnea","link":"https:\/\/www.sportalsub.net\/blog\/category\/modalidades\/apnea\/"},"img":{"alt_text":"","src":"https:\/\/i0.wp.com\/www.sportalsub.net\/blog\/wp-content\/uploads\/2015\/10\/aletas-arica.jpg?resize=350%2C200&ssl=1","width":350,"height":200,"srcset":"https:\/\/i0.wp.com\/www.sportalsub.net\/blog\/wp-content\/uploads\/2015\/10\/aletas-arica.jpg?resize=350%2C200&ssl=1 1x, https:\/\/i0.wp.com\/www.sportalsub.net\/blog\/wp-content\/uploads\/2015\/10\/aletas-arica.jpg?resize=525%2C300&ssl=1 1.5x, https:\/\/i0.wp.com\/www.sportalsub.net\/blog\/wp-content\/uploads\/2015\/10\/aletas-arica.jpg?resize=700%2C400&ssl=1 2x"},"classes":[]},{"id":25956,"url":"https:\/\/www.sportalsub.net\/blog\/curso-de-jueces-nivel-nacional-fedesub-chile-abril-2017\/","url_meta":{"origin":25835,"position":4},"title":"\ud83c\udde8\ud83c\uddf1 Curso de Jueces Nivel Nacional Nado con Aletas, Apnea y Salvamento Deportivo FEDESUB Chile Abril 2017","author":"Sportalsub.net","date":"8 abril 2017","format":false,"excerpt":"(Sportalsub.net \/ FEDESUB) La\u00a0Federaci\u00f3n Deportiva Nacional de Actividades Subacu\u00e1ticas y Salvamento Acu\u00e1tico de Chile (FEDESUB) inicia proceso de formaci\u00f3n de jueces Nivel Nacional\u00a0de Nado con Aletas, Apnea y Salvamento Deportivo los d\u00edas 17, 18 y 20 de abril de 2017, en horarios comprendidos de 19:00 a 23:00 hrs en el\u2026","rel":"","context":"En \u00abApnea\u00bb","block_context":{"text":"Apnea","link":"https:\/\/www.sportalsub.net\/blog\/category\/modalidades\/apnea\/"},"img":{"alt_text":"","src":"https:\/\/i0.wp.com\/www.sportalsub.net\/blog\/wp-content\/uploads\/2017\/04\/curos-2017.jpg?resize=350%2C200&ssl=1","width":350,"height":200,"srcset":"https:\/\/i0.wp.com\/www.sportalsub.net\/blog\/wp-content\/uploads\/2017\/04\/curos-2017.jpg?resize=350%2C200&ssl=1 1x, https:\/\/i0.wp.com\/www.sportalsub.net\/blog\/wp-content\/uploads\/2017\/04\/curos-2017.jpg?resize=525%2C300&ssl=1 1.5x, https:\/\/i0.wp.com\/www.sportalsub.net\/blog\/wp-content\/uploads\/2017\/04\/curos-2017.jpg?resize=700%2C400&ssl=1 2x, https:\/\/i0.wp.com\/www.sportalsub.net\/blog\/wp-content\/uploads\/2017\/04\/curos-2017.jpg?resize=1050%2C600&ssl=1 3x"},"classes":[]},{"id":21482,"url":"https:\/\/www.sportalsub.net\/blog\/final-copa-fedesub-2015-aletas-chile","url_meta":{"origin":25835,"position":5},"title":"\ud83c\udde8\ud83c\uddf1 Resultados Copa FEDESUB 2015 de Nataci\u00f3n con Aletas en Santiago de Chile","author":"Sportalsub.net","date":"30 septiembre 2015","format":false,"excerpt":"(Sportalsub.net \/ FEDESUB \/ Foto: Luis Rossel) El pasado domingo 27 de septiembre se llev\u00f3 a cabo en el\u00a0Centro Acu\u00e1tico del Estadio Nacional de Santiago de Chile la Copa FEDESUB 2015 de Nataci\u00f3n con Aletas, organizada por la\u00a0Federaci\u00f3n Chilena de Deportes Submarinos y Nataci\u00f3n con aletas en la cual participaron\u00a0aproximadamente\u2026","rel":"","context":"En \u00abChile\u00bb","block_context":{"text":"Chile","link":"https:\/\/www.sportalsub.net\/blog\/category\/paises\/america\/chile\/"},"img":{"alt_text":"","src":"https:\/\/i0.wp.com\/www.sportalsub.net\/blog\/wp-content\/uploads\/2015\/11\/12000921_908179715916737_6090207728450695717_o.jpg?resize=350%2C200&ssl=1","width":350,"height":200,"srcset":"https:\/\/i0.wp.com\/www.sportalsub.net\/blog\/wp-content\/uploads\/2015\/11\/12000921_908179715916737_6090207728450695717_o.jpg?resize=350%2C200&ssl=1 1x, https:\/\/i0.wp.com\/www.sportalsub.net\/blog\/wp-content\/uploads\/2015\/11\/12000921_908179715916737_6090207728450695717_o.jpg?resize=525%2C300&ssl=1 1.5x, https:\/\/i0.wp.com\/www.sportalsub.net\/blog\/wp-content\/uploads\/2015\/11\/12000921_908179715916737_6090207728450695717_o.jpg?resize=700%2C400&ssl=1 2x, https:\/\/i0.wp.com\/www.sportalsub.net\/blog\/wp-content\/uploads\/2015\/11\/12000921_908179715916737_6090207728450695717_o.jpg?resize=1050%2C600&ssl=1 3x, https:\/\/i0.wp.com\/www.sportalsub.net\/blog\/wp-content\/uploads\/2015\/11\/12000921_908179715916737_6090207728450695717_o.jpg?resize=1400%2C800&ssl=1 4x"},"classes":[]}],"_links":{"self":[{"href":"https:\/\/www.sportalsub.net\/blog\/wp-json\/wp\/v2\/posts\/25835","targetHints":{"allow":["GET"]}}],"collection":[{"href":"https:\/\/www.sportalsub.net\/blog\/wp-json\/wp\/v2\/posts"}],"about":[{"href":"https:\/\/www.sportalsub.net\/blog\/wp-json\/wp\/v2\/types\/post"}],"author":[{"embeddable":true,"href":"https:\/\/www.sportalsub.net\/blog\/wp-json\/wp\/v2\/users\/1"}],"replies":[{"embeddable":true,"href":"https:\/\/www.sportalsub.net\/blog\/wp-json\/wp\/v2\/comments?post=25835"}],"version-history":[{"count":0,"href":"https:\/\/www.sportalsub.net\/blog\/wp-json\/wp\/v2\/posts\/25835\/revisions"}],"wp:featuredmedia":[{"embeddable":true,"href":"https:\/\/www.sportalsub.net\/blog\/wp-json\/wp\/v2\/media\/25836"}],"wp:attachment":[{"href":"https:\/\/www.sportalsub.net\/blog\/wp-json\/wp\/v2\/media?parent=25835"}],"wp:term":[{"taxonomy":"category","embeddable":true,"href":"https:\/\/www.sportalsub.net\/blog\/wp-json\/wp\/v2\/categories?post=25835"},{"taxonomy":"post_tag","embeddable":true,"href":"https:\/\/www.sportalsub.net\/blog\/wp-json\/wp\/v2\/tags?post=25835"}],"curies":[{"name":"wp","href":"https:\/\/api.w.org\/{rel}","templated":true}]}}