{"id":26030,"date":"2017-05-05T18:31:48","date_gmt":"2017-05-05T22:31:48","guid":{"rendered":"http:\/\/www.sportalsub.net\/blog\/?p=26030"},"modified":"2019-08-31T21:30:23","modified_gmt":"2019-09-01T01:30:23","slug":"resultados-xiv-campeonato-nacional-de-apnea-en-piscina-2017-pereira-colombia","status":"publish","type":"post","link":"https:\/\/www.sportalsub.net\/blog\/resultados-xiv-campeonato-nacional-de-apnea-en-piscina-pereira-colombia","title":{"rendered":"\ud83c\udde8\ud83c\uddf4 Resultados XIV Campeonato Nacional de Apnea en piscina 2017 Pereira, Colombia"},"content":{"rendered":"<p><a href=\"http:\/\/www.sportalsub.net\/blog\/wp-content\/uploads\/2017\/05\/apnea-colombia-2017-1.jpg\" target=\"_blank\"><img loading=\"lazy\" decoding=\"async\" class=\"alignnone size-full wp-image-26041\" src=\"http:\/\/www.sportalsub.net\/blog\/wp-content\/uploads\/2017\/05\/apnea-colombia-2017-1.jpg\" alt=\"\" width=\"911\" height=\"550\" srcset=\"https:\/\/www.sportalsub.net\/blog\/wp-content\/uploads\/2017\/05\/apnea-colombia-2017-1.jpg 911w, https:\/\/www.sportalsub.net\/blog\/wp-content\/uploads\/2017\/05\/apnea-colombia-2017-1-300x181.jpg 300w, https:\/\/www.sportalsub.net\/blog\/wp-content\/uploads\/2017\/05\/apnea-colombia-2017-1-768x464.jpg 768w\" sizes=\"auto, (max-width: 911px) 100vw, 911px\" \/><\/a><\/p>\n<p>(Sportalsub.net \/ FEDECAS \/ Club Calypso)<\/p>\n<p>Del 28 de abril al 1 \u00a0de mayo de 2017\u00a0se llev\u00f3 a cabo el XIV Campeonato Nacional de Apnea en piscina de la Federaci\u00f3n Colombiana de Actividades Subacu\u00e1ticas (FEDECAS), el evento fue organizado por el Club Subacu\u00e1tico Calypso con el aval de la Comisi\u00f3n T\u00e9cnica y de Juzgamiento de Apnea FEDECAS.<\/p>\n<h2><strong>Resultados Oficiales<\/strong><\/h2>\n<p><strong><a href=\"http:\/\/www.sportalsub.net\/blog\/wp-content\/uploads\/2017\/05\/Dinamica-bialeta-AP017-Pereira.xlsm.pdf\" target=\"_blank\" rel=\"noopener noreferrer\">Dinamica con bialetas<\/a><br \/>\n<\/strong><strong><a href=\"http:\/\/www.sportalsub.net\/blog\/wp-content\/uploads\/2017\/05\/Dinamica-Monoaleta-AP017-Pereira.pdf\" target=\"_blank\" rel=\"noopener noreferrer\">Dinamica con Monoaleta<br \/>\n<\/a><a href=\"http:\/\/www.sportalsub.net\/blog\/wp-content\/uploads\/2017\/05\/dinamica-sin-aletas-pereira-017.pdf\" target=\"_blank\" rel=\"noopener noreferrer\">Din\u00e1mica sin aletas<\/a><br \/>\n<a href=\"http:\/\/www.sportalsub.net\/blog\/wp-content\/uploads\/2017\/05\/estatica-pereira-017.pdf\" target=\"_blank\" rel=\"noopener noreferrer\">Est\u00e1tica<\/a><br \/>\n<a href=\"http:\/\/www.sportalsub.net\/blog\/wp-content\/uploads\/2017\/05\/Medalleria-x-club-Pereira-017.pdf\" target=\"_blank\" rel=\"noopener noreferrer\">Medaller\u00eda por clubes<\/a><\/strong><\/p>\n<p><a href=\"https:\/\/www.facebook.com\/media\/set\/?set=ms.c.eJw9kduNRTEIAztaYd7039gqvgd~_R8GMCVANJEoNLSZ~%3B~_EBGBiz9A5rR0yHeHzD4GzGzBao97TP4gM880NiMMI4AOxLqb4tHHqgfuFChR9ZlIJlhuyXSqN5nWv1GSnQ9tN8LxZwHAWSunHIEfVsIPBdkCO9xB4oA186pO~_tXnZgJQV~%3BbSIKoFSvWD9kMd6qHrXoULya1GSlK4HHq9LDeDPUhmFXX6N~_LuZ9jubxyPizns~_VseFONu7oUv~%3BJMM~%3BBA5pqm819E8A8G53ev.bps.a.1178112342318413.1073741834.856010421195275&amp;type=3\" target=\"_blank\"><strong>Galer\u00eda de Fotos<\/strong><\/a><\/p>\n<p>Con informaci\u00f3n de: <a href=\"mailto:comisionnalapneafedecas@gmail.com\">comisionnalapneafedecas@gmail.com<\/a> \/\u00a0<a href=\"mailto:clubcalypso3000@gmail.com\">clubcalypso3000@gmail.com<\/a><\/p>\n<p><a href=\"http:\/\/www.sportalsub.net\/blog\/wp-content\/uploads\/2017\/05\/afiche-apnea-colombia.jpg\" target=\"_blank\"><img loading=\"lazy\" decoding=\"async\" class=\"alignnone size-full wp-image-26032\" src=\"http:\/\/www.sportalsub.net\/blog\/wp-content\/uploads\/2017\/05\/afiche-apnea-colombia.jpg\" alt=\"\" width=\"630\" height=\"960\" srcset=\"https:\/\/www.sportalsub.net\/blog\/wp-content\/uploads\/2017\/05\/afiche-apnea-colombia.jpg 630w, https:\/\/www.sportalsub.net\/blog\/wp-content\/uploads\/2017\/05\/afiche-apnea-colombia-197x300.jpg 197w\" sizes=\"auto, (max-width: 630px) 100vw, 630px\" \/><\/a><\/p>\n<p>&nbsp;<\/p>\n","protected":false},"excerpt":{"rendered":"<p>(Sportalsub.net \/ FEDECAS \/ Club Calypso) Del 28 de abril al 1 \u00a0de mayo de 2017\u00a0se llev\u00f3 a cabo el XIV Campeonato Nacional de Apnea en piscina de la Federaci\u00f3n Colombiana de Actividades Subacu\u00e1ticas (FEDECAS), el evento fue organizado por el Club Subacu\u00e1tico Calypso con el aval de la Comisi\u00f3n T\u00e9cnica y de Juzgamiento de Apnea FEDECAS. Resultados Oficiales Dinamica [&#8230;]<\/p>\n","protected":false},"author":1,"featured_media":26041,"comment_status":"open","ping_status":"closed","sticky":false,"template":"","format":"standard","meta":{"_lmt_disableupdate":"","_lmt_disable":"","jetpack_post_was_ever_published":false,"_jetpack_newsletter_access":"","_jetpack_dont_email_post_to_subs":false,"_jetpack_newsletter_tier_id":0,"_jetpack_memberships_contains_paywalled_content":false,"_jetpack_memberships_contains_paid_content":false,"footnotes":"","jetpack_publicize_message":"","jetpack_publicize_feature_enabled":true,"jetpack_social_post_already_shared":true,"jetpack_social_options":{"image_generator_settings":{"template":"highway","default_image_id":0,"font":"","enabled":false},"version":2}},"categories":[9,3,120],"tags":[],"class_list":["post-26030","post","type-post","status-publish","format-standard","has-post-thumbnail","hentry","category-apnea","category-colombia","category-resultados"],"modified_by":"Sportalsub.net","views":3977,"jetpack_publicize_connections":[],"jetpack_featured_media_url":"https:\/\/www.sportalsub.net\/blog\/wp-content\/uploads\/2017\/05\/apnea-colombia-2017-1.jpg","jetpack_sharing_enabled":true,"jetpack_shortlink":"https:\/\/wp.me\/pf9lN-6LQ","jetpack_likes_enabled":false,"jetpack-related-posts":[{"id":23989,"url":"https:\/\/www.sportalsub.net\/blog\/interclubes-apnea-2016-pereira-colombia","url_meta":{"origin":26030,"position":0},"title":"\ud83c\udde8\ud83c\uddf4 Resultados Campeonato Nacional Interclubes de Apnea en Aguas Confinadas 2016. Pereira, Colombia","author":"Sportalsub.net","date":"11 mayo 2016","format":false,"excerpt":"(Sportalsub.net \/ Club Calypso \/ FEDECAS) Del 6 al 9 de mayo 2016 se realiz\u00f3 en las piscinas ol\u00edmpicas de Pereira, Risaralda, el XII Campeonato Nacional Interclubes de Apnea en Aguas confinadas de la Federaci\u00f3n Colombiana de Actividades Subacu\u00e1ticas FEDECAS. El evento fue\u00a0organizado por el Club Calypso e incluy\u00f3\u00a0tambi\u00e9n un\u2026","rel":"","context":"En \u00abApnea\u00bb","block_context":{"text":"Apnea","link":"https:\/\/www.sportalsub.net\/blog\/category\/modalidades\/apnea\/"},"img":{"alt_text":"","src":"https:\/\/i0.wp.com\/www.sportalsub.net\/blog\/wp-content\/uploads\/2016\/04\/apnea-risaralda.jpg?resize=350%2C200&ssl=1","width":350,"height":200,"srcset":"https:\/\/i0.wp.com\/www.sportalsub.net\/blog\/wp-content\/uploads\/2016\/04\/apnea-risaralda.jpg?resize=350%2C200&ssl=1 1x, https:\/\/i0.wp.com\/www.sportalsub.net\/blog\/wp-content\/uploads\/2016\/04\/apnea-risaralda.jpg?resize=525%2C300&ssl=1 1.5x, https:\/\/i0.wp.com\/www.sportalsub.net\/blog\/wp-content\/uploads\/2016\/04\/apnea-risaralda.jpg?resize=700%2C400&ssl=1 2x, https:\/\/i0.wp.com\/www.sportalsub.net\/blog\/wp-content\/uploads\/2016\/04\/apnea-risaralda.jpg?resize=1050%2C600&ssl=1 3x"},"classes":[]},{"id":27543,"url":"https:\/\/www.sportalsub.net\/blog\/laura-maria-castrillon-velasquez+","url_meta":{"origin":26030,"position":1},"title":"\ud83c\udde8\ud83c\uddf4 Laura Maria Castrill\u00f3n Velasquez &#8211; Deportista de Apnea de Colombia \u00abIn Memoriam\u00bb","author":"Sportalsub.net","date":"21 febrero 2018","format":false,"excerpt":"(Sportalsub.net \/ FEDECAS \/ Club Calypso) Sportalsub.net se une al duelo que embarga a La Federaci\u00f3n Colombia de Actividades Subacu\u00e1ticas, al Club Calypso de la ciudad de Pereira y a toda la comunidad subacu\u00e1tica de ese pa\u00eds y lamenta profundamente \u00a0el fallecimiento de la joven deportista de las modalidades de\u2026","rel":"","context":"En \u00abApnea\u00bb","block_context":{"text":"Apnea","link":"https:\/\/www.sportalsub.net\/blog\/category\/modalidades\/apnea\/"},"img":{"alt_text":"","src":"https:\/\/i0.wp.com\/www.sportalsub.net\/blog\/wp-content\/uploads\/2018\/02\/laura-apnea.jpg?resize=350%2C200&ssl=1","width":350,"height":200,"srcset":"https:\/\/i0.wp.com\/www.sportalsub.net\/blog\/wp-content\/uploads\/2018\/02\/laura-apnea.jpg?resize=350%2C200&ssl=1 1x, https:\/\/i0.wp.com\/www.sportalsub.net\/blog\/wp-content\/uploads\/2018\/02\/laura-apnea.jpg?resize=525%2C300&ssl=1 1.5x, https:\/\/i0.wp.com\/www.sportalsub.net\/blog\/wp-content\/uploads\/2018\/02\/laura-apnea.jpg?resize=700%2C400&ssl=1 2x"},"classes":[]},{"id":14702,"url":"https:\/\/www.sportalsub.net\/blog\/campeonato-nacional-interclubes-con-invitacion-internacional-de-apnea-en-piscina-fedecas-colombia-abril-2013\/","url_meta":{"origin":26030,"position":2},"title":"\ud83c\udde8\ud83c\uddf4 Ranking Colombiano de Apnea luego del Campeonato Nacional Interclubes de apnea en piscina FEDECAS, Abril 2013","author":"Sportalsub.net","date":"3 junio 2013","format":false,"excerpt":"(Especial Sportalsub.net \/ Club Hipocampos \/ Livas \/ FEDECAS) Del 26 al 28 de abril de 2013 se realiz\u00f3 en Santiago de Cali, Colombia el IX Campeonato Nacional Interclubes de Apnea en piscinas con Invitaci\u00f3n Internacional. El evento fue organizado por el Club de Buceo Hipocampos\u00a0con el aval de la\u2026","rel":"","context":"En \u00abApnea\u00bb","block_context":{"text":"Apnea","link":"https:\/\/www.sportalsub.net\/blog\/category\/modalidades\/apnea\/"},"img":{"alt_text":"","src":"https:\/\/i0.wp.com\/www.sportalsub.net\/blog\/wp-content\/uploads\/2013\/03\/apnea-colombia-2013.jpg?resize=350%2C200&ssl=1","width":350,"height":200,"srcset":"https:\/\/i0.wp.com\/www.sportalsub.net\/blog\/wp-content\/uploads\/2013\/03\/apnea-colombia-2013.jpg?resize=350%2C200&ssl=1 1x, https:\/\/i0.wp.com\/www.sportalsub.net\/blog\/wp-content\/uploads\/2013\/03\/apnea-colombia-2013.jpg?resize=525%2C300&ssl=1 1.5x"},"classes":[]},{"id":64816,"url":"https:\/\/www.sportalsub.net\/blog\/apnea-medellin-2023","url_meta":{"origin":26030,"position":3},"title":"\ud83c\udde8\ud83c\uddf4 Resultados &#8211; Campeonato Nacional Open Internacional FEDECAS CMAS Am\u00e9rica Apnea en piscina. Medell\u00edn Colombia 2023","author":"Sportalsub.net","date":"30 julio 2023","format":false,"excerpt":"(Sportalsub.net \/ CMAS Zona Am\u00e9rica \/ FEDECAS) La Federaci\u00f3n Colombiana de Actividades Subacu\u00e1ticas \u2013 (FEDECAS), convoca a los Clubes del pa\u00eds a participar en el \u201cCampeonato Nacional Interclubes de Apnea Indoor Categor\u00edas Novatos, Junior, Senior y Master 2023\u201d y \u201cOpen Internacional de Apnea Indoor Categor\u00edas Junior, Senior y Master para\u2026","rel":"","context":"En \u00abApnea\u00bb","block_context":{"text":"Apnea","link":"https:\/\/www.sportalsub.net\/blog\/category\/modalidades\/apnea\/"},"img":{"alt_text":"","src":"https:\/\/i0.wp.com\/www.sportalsub.net\/blog\/wp-content\/uploads\/2023\/07\/apneamedellin2023.jpg?resize=350%2C200&ssl=1","width":350,"height":200,"srcset":"https:\/\/i0.wp.com\/www.sportalsub.net\/blog\/wp-content\/uploads\/2023\/07\/apneamedellin2023.jpg?resize=350%2C200&ssl=1 1x, https:\/\/i0.wp.com\/www.sportalsub.net\/blog\/wp-content\/uploads\/2023\/07\/apneamedellin2023.jpg?resize=525%2C300&ssl=1 1.5x, https:\/\/i0.wp.com\/www.sportalsub.net\/blog\/wp-content\/uploads\/2023\/07\/apneamedellin2023.jpg?resize=700%2C400&ssl=1 2x"},"classes":[]},{"id":20832,"url":"https:\/\/www.sportalsub.net\/blog\/campeonato-apnea-piscina-colombia-2015","url_meta":{"origin":26030,"position":4},"title":"\ud83c\udde8\ud83c\uddf4 Resultados Campeonato Nacional Interclubes de Apnea en piscina \u00abBarracudas Blue\u00bb Cali, Colombia","author":"Sportalsub.net","date":"30 junio 2015","format":false,"excerpt":"(Sportalsub.net \/ FEDECAS \/ LIVAS \/ Barracudas) Campeonato Nacional Interclubes por categor\u00edas de apnea en aguas confinadas de la Federaci\u00f3n Colombiana de Actividades Subacu\u00e1ticas, FEDECAS, realizado\u00a0del 27 al 29 de junio en Cali, Colombia. HORARIO DE PRUEBAS GENERALES CAMPEONATO APNEA Reuni\u00f3n\u00a0Informativa. Viernes 26 de Junio\u00a07:00 pm Sal\u00f3n de Reuniones Liga\u00a0Valle\u2026","rel":"","context":"En \u00abApnea\u00bb","block_context":{"text":"Apnea","link":"https:\/\/www.sportalsub.net\/blog\/category\/modalidades\/apnea\/"},"img":{"alt_text":"","src":"https:\/\/i0.wp.com\/www.sportalsub.net\/blog\/wp-content\/uploads\/2015\/06\/apneacali1.jpg?resize=350%2C200&ssl=1","width":350,"height":200,"srcset":"https:\/\/i0.wp.com\/www.sportalsub.net\/blog\/wp-content\/uploads\/2015\/06\/apneacali1.jpg?resize=350%2C200&ssl=1 1x, https:\/\/i0.wp.com\/www.sportalsub.net\/blog\/wp-content\/uploads\/2015\/06\/apneacali1.jpg?resize=525%2C300&ssl=1 1.5x, https:\/\/i0.wp.com\/www.sportalsub.net\/blog\/wp-content\/uploads\/2015\/06\/apneacali1.jpg?resize=700%2C400&ssl=1 2x"},"classes":[]},{"id":18124,"url":"https:\/\/www.sportalsub.net\/blog\/curso-apnea-pereira-agosto-2014","url_meta":{"origin":26030,"position":5},"title":"\ud83c\udde8\ud83c\uddf4 Curso de Buceo libre en Pereira, Risaralda. Colombia","author":"Sportalsub.net","date":"18 julio 2014","format":false,"excerpt":"(Especial Sportalsub.net \/Club Deportivo Subacuaticas Calypso) Del 20 al 24 de agosto se realizar\u00e1 en las piscinas ol\u00edmpicas de Pereira en Risaralda, el Curso de buceo libre con Certificaci\u00f3n Internacional en apnea Nivel 1 por CMAS y FEDECAS, organizado por el Club Deportivo Subacu\u00e1ticas Calypso y dictado por Carlos Correa,\u2026","rel":"","context":"En \u00abApnea\u00bb","block_context":{"text":"Apnea","link":"https:\/\/www.sportalsub.net\/blog\/category\/modalidades\/apnea\/"},"img":{"alt_text":"","src":"https:\/\/i0.wp.com\/www.sportalsub.net\/blog\/wp-content\/uploads\/2014\/07\/curso-buceo-libre-risaralda.jpg?resize=350%2C200&ssl=1","width":350,"height":200,"srcset":"https:\/\/i0.wp.com\/www.sportalsub.net\/blog\/wp-content\/uploads\/2014\/07\/curso-buceo-libre-risaralda.jpg?resize=350%2C200&ssl=1 1x, https:\/\/i0.wp.com\/www.sportalsub.net\/blog\/wp-content\/uploads\/2014\/07\/curso-buceo-libre-risaralda.jpg?resize=525%2C300&ssl=1 1.5x, https:\/\/i0.wp.com\/www.sportalsub.net\/blog\/wp-content\/uploads\/2014\/07\/curso-buceo-libre-risaralda.jpg?resize=700%2C400&ssl=1 2x"},"classes":[]}],"_links":{"self":[{"href":"https:\/\/www.sportalsub.net\/blog\/wp-json\/wp\/v2\/posts\/26030","targetHints":{"allow":["GET"]}}],"collection":[{"href":"https:\/\/www.sportalsub.net\/blog\/wp-json\/wp\/v2\/posts"}],"about":[{"href":"https:\/\/www.sportalsub.net\/blog\/wp-json\/wp\/v2\/types\/post"}],"author":[{"embeddable":true,"href":"https:\/\/www.sportalsub.net\/blog\/wp-json\/wp\/v2\/users\/1"}],"replies":[{"embeddable":true,"href":"https:\/\/www.sportalsub.net\/blog\/wp-json\/wp\/v2\/comments?post=26030"}],"version-history":[{"count":0,"href":"https:\/\/www.sportalsub.net\/blog\/wp-json\/wp\/v2\/posts\/26030\/revisions"}],"wp:featuredmedia":[{"embeddable":true,"href":"https:\/\/www.sportalsub.net\/blog\/wp-json\/wp\/v2\/media\/26041"}],"wp:attachment":[{"href":"https:\/\/www.sportalsub.net\/blog\/wp-json\/wp\/v2\/media?parent=26030"}],"wp:term":[{"taxonomy":"category","embeddable":true,"href":"https:\/\/www.sportalsub.net\/blog\/wp-json\/wp\/v2\/categories?post=26030"},{"taxonomy":"post_tag","embeddable":true,"href":"https:\/\/www.sportalsub.net\/blog\/wp-json\/wp\/v2\/tags?post=26030"}],"curies":[{"name":"wp","href":"https:\/\/api.w.org\/{rel}","templated":true}]}}