{"id":26648,"date":"2017-09-26T12:18:49","date_gmt":"2017-09-26T15:18:49","guid":{"rendered":"http:\/\/www.sportalsub.net\/blog\/?p=26648"},"modified":"2019-08-31T22:22:16","modified_gmt":"2019-09-01T02:22:16","slug":"resultados-xxxvi-campeonato-de-espana-de-clubes-de-autonomias-vii-copa-sub-23-iv-open-de-veteranos-y-open-feminas-de-pesca-submarina-2017","status":"publish","type":"post","link":"https:\/\/www.sportalsub.net\/blog\/resultados-xxxvi-campeonato-de-espana-de-clubes-de-autonomias-vii-copa-sub-23-iv-open-de-veteranos-y-open-feminas-de-pesca-submarina-2017\/","title":{"rendered":"\ud83c\uddea\ud83c\uddf8 Resultados XXXVI Campeonato de Espa\u00f1a de Clubes de Autonom\u00edas, VII copa Sub-23, IV Open de Veteranos y Open F\u00e9minas de Pesca Submarina 2017"},"content":{"rendered":"<p><a href=\"http:\/\/www.sportalsub.net\/blog\/wp-content\/uploads\/2017\/10\/pescasubesp2017.jpg\" target=\"_blank\"><img loading=\"lazy\" decoding=\"async\" class=\"alignnone size-full wp-image-26649\" src=\"http:\/\/www.sportalsub.net\/blog\/wp-content\/uploads\/2017\/10\/pescasubesp2017.jpg\" alt=\"\" width=\"960\" height=\"720\" srcset=\"https:\/\/www.sportalsub.net\/blog\/wp-content\/uploads\/2017\/10\/pescasubesp2017.jpg 960w, https:\/\/www.sportalsub.net\/blog\/wp-content\/uploads\/2017\/10\/pescasubesp2017-300x225.jpg 300w, https:\/\/www.sportalsub.net\/blog\/wp-content\/uploads\/2017\/10\/pescasubesp2017-768x576.jpg 768w, https:\/\/www.sportalsub.net\/blog\/wp-content\/uploads\/2017\/10\/pescasubesp2017-320x240.jpg 320w\" sizes=\"auto, (max-width: 960px) 100vw, 960px\" \/><\/a><\/p>\n<p>(Sportalsub.net \/ FEDAS)<\/p>\n<p>El viernes 22 de septiembre, en el sal\u00f3n de actos junto a la Biblioteca Municipal de Colindres, se presentaban el XXXVI Campeonato de Espa\u00f1a de Clubes de Autonom\u00edas, la VII copa de Espa\u00f1a Sub-23, el IV Open de Veteranos y el Open F\u00e9minas, organizados por el Club de Actividades Subacu\u00e1ticas Blue Colindres y la Federaci\u00f3n C\u00e1ntabra, en un acto presidido por el alcalde de Colindres, Javier Incera y el presidente de FEDAS, Jos\u00e9 Antonio Olmedo. El Campeonato se llev\u00f3 a cabo el s\u00e1bado 23 de septiembre.<\/p>\n<p>Tras el acto de presentaci\u00f3n en el que el alcalde de Colindres destacaba el compromiso de su ayuntamiento con el deporte, punto que se vi\u00f3 confirmado por los medios facilitados por \u00e9ste municipio a lo largo de la celebraci\u00f3n del evento, se daba paso a la reuni\u00f3n t\u00e9cnica donde se trataron de aclarar algunos puntos del reglamento como los referentes a cupos, especies y delimitaci\u00f3n de las zonas de competici\u00f3n. Finalizada esta, y tras un rato de charla entre los asistentes en los jardines exteriores del sal\u00f3n, los equipos se fueron retirando para descansar de cara a la jornada del s\u00e1bado.<\/p>\n<p>En la ma\u00f1ana del s\u00e1bado, las embarcaciones de los 39 equipos inscritos se iban agrupando en el puerto de Colindres desde el que se saldr\u00eda en grupo hasta la zona de pesca que comenzaba en la Punta del Buey, junto al puerto deportivo de Laredo y terminaba bajo los acantilados de Ont\u00f3n, teniendo excluida en su parte central el espacio protegido de Sonabia. Por su parte, los deportistas que de la VII copa de Espa\u00f1a Sub-23 con 19 inscritos, el IV Open de Veteranos con 16 inscritos y el Open F\u00e9minas con 4 inscritas, se acercaban a la playa Helgueras en Noja, en la que ten\u00edan prevista su zona.<\/p>\n<p>A las 9:30 se daba se iniciaba la competici\u00f3n de clubes de autonom\u00edas (de seis horas de duraci\u00f3n) hacia el centro de la zona, frente a Islares, mientras que el resto de competiciones (con cuatro horas de duraci\u00f3n), que sal\u00edan de tierra, ya hab\u00edan comenzado a las 9:00.<\/p>\n<p>Los equipos se distribuyeron de forma bastante regular a lo largo de la zona de pesca y los desplazamientos de la mayor parte de los pescadores no eran muy grandes, por lo que se pod\u00eda pensar que estaban encontrando peces de talla. Adem\u00e1s, la mar y el clima acompa\u00f1aron durante toda la ma\u00f1ana, a pesar de que al principio, un viendo del nordeste parec\u00eda que iba a incomodar la jornada, aunque finalmente, rol\u00f3 a sur y dej\u00f3 la mar en muy buenas condiciones para la navegaci\u00f3n, con un peque\u00f1o toque en algunos puntos de la orilla, y el d\u00eda con una temperatura que m\u00e1s de uno hubiera deseado m\u00e1s baja.<\/p>\n<p>Acababa la jornada a las 13:00 para Sub-23, Veteranos y F\u00e9minas, miestras que la de Clubes de autonom\u00edas se estiraba hasta las 15:30. Como es de rigor, tras la competici\u00f3n, se hac\u00eda recuento de embarcaciones y se retornaba a puerto a descargar las capturas para el pesaje que como siempre, determina las clasificaciones.<\/p>\n<p>Mientras los deportistas tomaban un tentempi\u00e9, se hac\u00edan los preparativos para el pesaje, que fue largo dada la gran cantidad de capturas a pesar, casi 80 pesadas y tras el que se dieron a conocer los vencedores de las diferentes competiciones que fueron:<\/p>\n<p>En el XXXVI Campeonato de Espa\u00f1a de Clubes de Autonom\u00edas (<a href=\"http:\/\/fedas.es\/wp-content\/uploads\/2017\/09\/XXXVI_Clubes_Autonomias.pdf\" target=\"_blank\" rel=\"noopener noreferrer\" target=\"_blank\">clasificaci\u00f3n oficial<\/a>):<\/p>\n<ol>\n<li>Club Galatea (Cantabria) compuesto por \u00c1ngel Cruz, Mario Ca\u00f1izo y Jos\u00e9 Enrique Villa<\/li>\n<li>Gij\u00f3n Sub (Asturias) compuesto por Santiago L\u00f3pez, Iv\u00e1n Garc\u00eda y Juan Fco. Rodr\u00edguez<\/li>\n<li>Real Sociedad (Gipuzkoa) compuesto por Eder Garc\u00eda, David Tartane y Iv\u00e1n Valencia<\/li>\n<\/ol>\n<p><img loading=\"lazy\" decoding=\"async\" class=\"alignnone size-full wp-image-5178\" src=\"http:\/\/fedas.es\/wp-content\/uploads\/2017\/09\/IMG_8486.jpg\" sizes=\"auto, (max-width: 640px) 100vw, 640px\" srcset=\"http:\/\/fedas.es\/wp-content\/uploads\/2017\/09\/IMG_8486.jpg 640w, http:\/\/fedas.es\/wp-content\/uploads\/2017\/09\/IMG_8486-300x225.jpg 300w\" alt=\"IMG_8486\" width=\"640\" height=\"480\" \/><\/p>\n<p>El trofeo a la pieza mayor por la captura de un pinto de 2,340 Kg fue para el club Nautic Ciutadella compuesto por, Joan Marqu\u00e9s, Carlos P\u00e9rez y David Esquivel.<\/p>\n<p><img loading=\"lazy\" decoding=\"async\" class=\"alignnone size-full wp-image-5185\" src=\"http:\/\/fedas.es\/wp-content\/uploads\/2017\/09\/IMG_8494.jpg\" sizes=\"auto, (max-width: 640px) 100vw, 640px\" srcset=\"http:\/\/fedas.es\/wp-content\/uploads\/2017\/09\/IMG_8494.jpg 640w, http:\/\/fedas.es\/wp-content\/uploads\/2017\/09\/IMG_8494-300x225.jpg 300w\" alt=\"IMG_8494\" width=\"640\" height=\"480\" \/><\/p>\n<p>En la VII copa de Espa\u00f1a Sub-23\u00a0(<a href=\"http:\/\/fedas.es\/wp-content\/uploads\/2017\/09\/VII_Copa_Esp_Sub-23.pdf\" target=\"_blank\" rel=\"noopener noreferrer\" target=\"_blank\">clasificaci\u00f3n oficial<\/a>):<\/p>\n<ol>\n<li>Pedro Fabregues (Fed. Balear)<\/li>\n<li>Pablo D\u00edez (Fed. Asturiana)<\/li>\n<li>Iv\u00e1n Costa (Fed Gallega)<\/li>\n<\/ol>\n<p><img loading=\"lazy\" decoding=\"async\" class=\"alignnone size-full wp-image-5179\" src=\"http:\/\/fedas.es\/wp-content\/uploads\/2017\/09\/IMG_8463.jpg\" sizes=\"auto, (max-width: 640px) 100vw, 640px\" srcset=\"http:\/\/fedas.es\/wp-content\/uploads\/2017\/09\/IMG_8463.jpg 640w, http:\/\/fedas.es\/wp-content\/uploads\/2017\/09\/IMG_8463-300x225.jpg 300w\" alt=\"IMG_8463\" width=\"640\" height=\"480\" \/><\/p>\n<p>En el IV Open de Veteranos\u00a0(<a href=\"http:\/\/fedas.es\/wp-content\/uploads\/2017\/09\/IV_Open_Veteranos.pdf\" target=\"_blank\" rel=\"noopener noreferrer\" target=\"_blank\">clasificaci\u00f3n oficial<\/a>):<\/p>\n<ol>\n<li>Jes\u00fas Gutierrez (Fed. C\u00e1ntabra)<\/li>\n<li>Jos\u00e9 Luis Somohano (Fed. C\u00e1ntabra)<\/li>\n<li>Juan Jaime Moya (Fed. Balear)<\/li>\n<\/ol>\n<p><img loading=\"lazy\" decoding=\"async\" class=\"alignnone size-full wp-image-5180\" src=\"http:\/\/fedas.es\/wp-content\/uploads\/2017\/09\/IMG_8467.jpg\" sizes=\"auto, (max-width: 640px) 100vw, 640px\" srcset=\"http:\/\/fedas.es\/wp-content\/uploads\/2017\/09\/IMG_8467.jpg 640w, http:\/\/fedas.es\/wp-content\/uploads\/2017\/09\/IMG_8467-300x225.jpg 300w\" alt=\"IMG_8467\" width=\"640\" height=\"480\" \/><\/p>\n<p>En el Open F\u00e9minas\u00a0(<a href=\"http:\/\/fedas.es\/wp-content\/uploads\/2017\/09\/Open_Feminas.pdf\" target=\"_blank\" rel=\"noopener noreferrer\" target=\"_blank\">clasificaci\u00f3n oficial<\/a>):<\/p>\n<ol>\n<li>Alexandra Prat<\/li>\n<li>Marina L\u00f3pez<\/li>\n<li>Ainhoa Abell\u00e1n<\/li>\n<li>Rosa Gonz\u00e1lez<\/li>\n<\/ol>\n<p><img loading=\"lazy\" decoding=\"async\" class=\"alignnone size-full wp-image-5181\" src=\"http:\/\/fedas.es\/wp-content\/uploads\/2017\/09\/IMG_8473_r.jpg\" sizes=\"auto, (max-width: 640px) 100vw, 640px\" srcset=\"http:\/\/fedas.es\/wp-content\/uploads\/2017\/09\/IMG_8473_r.jpg 640w, http:\/\/fedas.es\/wp-content\/uploads\/2017\/09\/IMG_8473_r-300x225.jpg 300w\" alt=\"IMG_8473_r\" width=\"640\" height=\"480\" \/><\/p>\n<p>Terminado el pesaje, se cerraba el programa con una cena en el polideportivo de Colindres que fue el broche a una excelente organizaci\u00f3n por parte del Club Blue Colindres, la Federaci\u00f3n C\u00e1ntabra de Actividades Subacu\u00e1ticas con la inestimable colaboraci\u00f3n del Ayuntamiento de Colindres y tambi\u00e9n de el de Liendo.<\/p>\n<p>Todas las capturas de estas pruebas se repartieron a las asociaciones ben\u00e9fica Cocina Econ\u00f3mica de Santander y DYA de Liendo y Laredo.<\/p>\n<p><img loading=\"lazy\" decoding=\"async\" class=\"alignnone size-full wp-image-5186\" src=\"http:\/\/fedas.es\/wp-content\/uploads\/2017\/09\/whatsapp-image-2017-09-24-at-13.37.jpg\" sizes=\"auto, (max-width: 640px) 100vw, 640px\" srcset=\"http:\/\/fedas.es\/wp-content\/uploads\/2017\/09\/whatsapp-image-2017-09-24-at-13.37.jpg 640w, http:\/\/fedas.es\/wp-content\/uploads\/2017\/09\/whatsapp-image-2017-09-24-at-13.37-300x225.jpg 300w\" alt=\"whatsapp-image-2017-09-24-at-13.37\" width=\"640\" height=\"480\" \/><\/p>\n<p>Algunas fotos m\u00e1s:<\/p>\n<p><iframe loading=\"lazy\" src=\"http:\/\/imgur.com\/a\/b3x86\/embed?pub=true&amp;ref=http:\/\/fedas.es\/&amp;context=false&amp;w=640\" width=\"650\" height=\"575\" scrolling=\"no\" data-mce-fragment=\"1\"><\/iframe><\/p>\n<p>Texto y fotos: Jos\u00e9 F\u00e9lix<\/p>\n<p>Fuente: <a href=\"http:\/\/fedas.es\/xxxvi-campeonato-de-espana-de-clubes-de-autonomias-vii-copa-sub-23-iv-open-de-veteranos-y-open-feminas\/\" target=\"_blank\">FEDAS Pesca Submarina<\/a><\/p>\n","protected":false},"excerpt":{"rendered":"<p>(Sportalsub.net \/ FEDAS) El viernes 22 de septiembre, en el sal\u00f3n de actos junto a la Biblioteca Municipal de Colindres, se presentaban el XXXVI Campeonato de Espa\u00f1a de Clubes de Autonom\u00edas, la VII copa de Espa\u00f1a Sub-23, el IV Open de Veteranos y el Open F\u00e9minas, organizados por el Club de Actividades Subacu\u00e1ticas Blue Colindres y la Federaci\u00f3n C\u00e1ntabra, en [&#8230;]<\/p>\n","protected":false},"author":1,"featured_media":26649,"comment_status":"open","ping_status":"closed","sticky":false,"template":"","format":"standard","meta":{"_lmt_disableupdate":"","_lmt_disable":"","jetpack_post_was_ever_published":false,"_jetpack_newsletter_access":"","_jetpack_dont_email_post_to_subs":false,"_jetpack_newsletter_tier_id":0,"_jetpack_memberships_contains_paywalled_content":false,"_jetpack_memberships_contains_paid_content":false,"footnotes":"","jetpack_publicize_message":"","jetpack_publicize_feature_enabled":true,"jetpack_social_post_already_shared":true,"jetpack_social_options":{"image_generator_settings":{"template":"highway","default_image_id":0,"font":"","enabled":false},"version":2}},"categories":[347,10,18,120],"tags":[],"class_list":["post-26648","post","type-post","status-publish","format-standard","has-post-thumbnail","hentry","category-destacados","category-espana","category-pesca-submarina","category-resultados"],"modified_by":"Sportalsub.net","views":3488,"jetpack_publicize_connections":[],"jetpack_featured_media_url":"https:\/\/www.sportalsub.net\/blog\/wp-content\/uploads\/2017\/10\/pescasubesp2017.jpg","jetpack_sharing_enabled":true,"jetpack_shortlink":"https:\/\/wp.me\/pf9lN-6VO","jetpack_likes_enabled":false,"jetpack-related-posts":[{"id":22138,"url":"https:\/\/www.sportalsub.net\/blog\/campeonatos-espana-pescasub-clubes-veteranos-sub23-2015","url_meta":{"origin":26648,"position":0},"title":"\ud83c\uddea\ud83c\uddf8 Resultados XXXIV Campeonato de Espa\u00f1a de Clubes de Autonom\u00edas II Open de Veteranos y V Copa de Espa\u00f1a Sub-23 de Pesca Submarina","author":"Sportalsub.net","date":"28 septiembre 2015","format":false,"excerpt":"(Sportalsub.net \/ Pesca Submarina FEDAS) El pasado s\u00e1bado 26 de septiembre, se celebraba en aguas de Gij\u00f3n, Asturias, el XXXIV Campeonato de Espa\u00f1a de Pesca Submarina de Clubes de Autonom\u00edas en el espacio comprendido entre Merend\u00e1lvarez (cabo de Pe\u00f1as) y la playa de Xivares. En el evento han participado veintinueve\u2026","rel":"","context":"En \u00abEspa\u00f1a\u00bb","block_context":{"text":"Espa\u00f1a","link":"https:\/\/www.sportalsub.net\/blog\/category\/paises\/europa\/espana\/"},"img":{"alt_text":"","src":"https:\/\/i0.wp.com\/www.sportalsub.net\/blog\/wp-content\/uploads\/2015\/10\/XXXIV-CtoClubes-Podio1r.jpg?resize=350%2C200&ssl=1","width":350,"height":200,"srcset":"https:\/\/i0.wp.com\/www.sportalsub.net\/blog\/wp-content\/uploads\/2015\/10\/XXXIV-CtoClubes-Podio1r.jpg?resize=350%2C200&ssl=1 1x, https:\/\/i0.wp.com\/www.sportalsub.net\/blog\/wp-content\/uploads\/2015\/10\/XXXIV-CtoClubes-Podio1r.jpg?resize=525%2C300&ssl=1 1.5x"},"classes":[]},{"id":18806,"url":"https:\/\/www.sportalsub.net\/blog\/campeonatos-espana-pescasub-2014","url_meta":{"origin":26648,"position":1},"title":"\ud83c\uddea\ud83c\uddf8 Resultados XXXIII Campeonato de Espa\u00f1a de Pesca Submarina por Comunidades Aut\u00f3nomas, IV Copa Sub-23  y I Copa de Veteranos","author":"Sportalsub.net","date":"18 noviembre 2014","format":false,"excerpt":"(Sportalsub.net \/ FEDAS \/ FBDAS) Del 13 al 15 de Noviembre\u00a0se celebraron en Can Picafort, Mallorca\u00a0el XXXIII Campeonato de Espa\u00f1a de Pesca Submarina por Comunidades Aut\u00f3nomas, IV Copa Sub-23 \u00a0y \u00a0I Copa de Veteranos de la Federaci\u00f3n Espa\u00f1ola de Actividades Subacu\u00e1ticas, con la organizaci\u00f3n de la Federaci\u00f3n Balear de Actividades\u2026","rel":"","context":"En \u00abEspa\u00f1a\u00bb","block_context":{"text":"Espa\u00f1a","link":"https:\/\/www.sportalsub.net\/blog\/category\/paises\/europa\/espana\/"},"img":{"alt_text":"","src":"https:\/\/i0.wp.com\/www.sportalsub.net\/blog\/wp-content\/uploads\/2014\/11\/XXXIII-CAMPEONATO-DE-ESPANA-PESCA-SUBMARINA.jpg?resize=350%2C200&ssl=1","width":350,"height":200},"classes":[]},{"id":35086,"url":"https:\/\/www.sportalsub.net\/blog\/campeonato-espana-pescasub-2019","url_meta":{"origin":26648,"position":2},"title":"\ud83c\uddea\ud83c\uddf8 Resultados &#8211; XXXVIII Campeonato de Espa\u00f1a de Pesca Submarina por equipos de Clubes de Autonom\u00edas y VI Open Veteranos 2019","author":"Sportalsub.net","date":"15 octubre 2019","format":false,"excerpt":"(Sportalsub.net\/FEDAS\/FBDAS) Este 11 y 12 de Octubre del presente a\u00f1o se llevaron a cabo el XXXVIII Campeonato de Pesca Submarina por equipos de Clubes de Autonom\u00edas y el VI Open Veteranos en Puerto base CN Can Picafort-Espa\u00f1a, bajo la organizaci\u00f3n de la Federaci\u00f3n Espa\u00f1ola de Actividades Subacu\u00e1ticas (FEDAS) y la\u2026","rel":"","context":"En \u00abDestacados\u00bb","block_context":{"text":"Destacados","link":"https:\/\/www.sportalsub.net\/blog\/category\/mas\/destacados\/"},"img":{"alt_text":"","src":"https:\/\/i0.wp.com\/www.sportalsub.net\/blog\/wp-content\/uploads\/2019\/10\/Podio_ClubesAut-1.jpg?resize=350%2C200&ssl=1","width":350,"height":200,"srcset":"https:\/\/i0.wp.com\/www.sportalsub.net\/blog\/wp-content\/uploads\/2019\/10\/Podio_ClubesAut-1.jpg?resize=350%2C200&ssl=1 1x, https:\/\/i0.wp.com\/www.sportalsub.net\/blog\/wp-content\/uploads\/2019\/10\/Podio_ClubesAut-1.jpg?resize=525%2C300&ssl=1 1.5x, https:\/\/i0.wp.com\/www.sportalsub.net\/blog\/wp-content\/uploads\/2019\/10\/Podio_ClubesAut-1.jpg?resize=700%2C400&ssl=1 2x"},"classes":[]},{"id":28459,"url":"https:\/\/www.sportalsub.net\/blog\/campeonato-clubes-autonomias-veteranos-pescasub-espana-2018","url_meta":{"origin":26648,"position":3},"title":"\ud83c\uddea\ud83c\uddf8 Resultados &#8211; XXXVII Campeonato de Clubes de Autonom\u00edas y V Open de Veteranos de Pesca Submarina de Espa\u00f1a 2018","author":"Sportalsub.net","date":"2 octubre 2018","format":false,"excerpt":"(Sportalsub.net \/ Pesca Submarina FEDAS) El XXXVII Campeonato de Clubes de Autonom\u00edas y el V Open de Veteranos de Pesca Submarina de Espa\u00f1a, se celebraron en C\u00e1diz del 28 al 29 de septiembre de 2018, organizados por delegaci\u00f3n de la Federaci\u00f3n Espa\u00f1ola de Actividades Subacu\u00e1ticas (FEDAS), por la Federaci\u00f3n Andaluza\u2026","rel":"","context":"En \u00abDestacados\u00bb","block_context":{"text":"Destacados","link":"https:\/\/www.sportalsub.net\/blog\/category\/mas\/destacados\/"},"img":{"alt_text":"","src":"https:\/\/i0.wp.com\/www.sportalsub.net\/blog\/wp-content\/uploads\/2018\/08\/pescasubesp.jpg?resize=350%2C200&ssl=1","width":350,"height":200,"srcset":"https:\/\/i0.wp.com\/www.sportalsub.net\/blog\/wp-content\/uploads\/2018\/08\/pescasubesp.jpg?resize=350%2C200&ssl=1 1x, https:\/\/i0.wp.com\/www.sportalsub.net\/blog\/wp-content\/uploads\/2018\/08\/pescasubesp.jpg?resize=525%2C300&ssl=1 1.5x, https:\/\/i0.wp.com\/www.sportalsub.net\/blog\/wp-content\/uploads\/2018\/08\/pescasubesp.jpg?resize=700%2C400&ssl=1 2x"},"classes":[]},{"id":50449,"url":"https:\/\/www.sportalsub.net\/blog\/pescasub-tenerife-2021","url_meta":{"origin":26648,"position":4},"title":"\ud83c\uddea\ud83c\uddf8 Resultados &#8211; Campeonatos de Espa\u00f1a de Clubes Senior, Veteranos y VII Open Internacional de Pesca Submarina &#8211; Tenerife 2021","author":"Sportalsub.net","date":"28 noviembre 2021","format":false,"excerpt":"(Sportalsub.net \/ FEDAS) La \u00e9lite de la pesca submarina espa\u00f1ola, europea y canaria \u201cse sumerge\u201d en Gu\u00eda de Isora. El municipio sure\u00f1o acogi\u00f3 este fin de semana tres campeonatos: el s\u00e1bado 27 de noviembre el Campeonato de Espa\u00f1a por Clubs Senior; y el domingo 28 el VII Open Internacional Isla\u2026","rel":"","context":"En \u00abEspa\u00f1a\u00bb","block_context":{"text":"Espa\u00f1a","link":"https:\/\/www.sportalsub.net\/blog\/category\/paises\/europa\/espana\/"},"img":{"alt_text":"","src":"https:\/\/i0.wp.com\/www.sportalsub.net\/blog\/wp-content\/uploads\/2021\/11\/esp-pescasub-nov-2021.jpg?resize=350%2C200&ssl=1","width":350,"height":200,"srcset":"https:\/\/i0.wp.com\/www.sportalsub.net\/blog\/wp-content\/uploads\/2021\/11\/esp-pescasub-nov-2021.jpg?resize=350%2C200&ssl=1 1x, https:\/\/i0.wp.com\/www.sportalsub.net\/blog\/wp-content\/uploads\/2021\/11\/esp-pescasub-nov-2021.jpg?resize=525%2C300&ssl=1 1.5x, https:\/\/i0.wp.com\/www.sportalsub.net\/blog\/wp-content\/uploads\/2021\/11\/esp-pescasub-nov-2021.jpg?resize=700%2C400&ssl=1 2x"},"classes":[]},{"id":19354,"url":"https:\/\/www.sportalsub.net\/blog\/master-pesca-submarina-espana-2015","url_meta":{"origin":26648,"position":5},"title":"\ud83c\uddea\ud83c\uddf8 XIV Master de Pesca Submarina, Copa de las Naciones y Open Ciutat de Palma, Espa\u00f1a 2015","author":"Sportalsub.net","date":"26 enero 2015","format":false,"excerpt":"Victoria de \u00d3scar Cervantes en el XIV M\u00e1ster Ciutat de Palma (Sportalsub.net \/ CMAS \/ FEDAS \/ FBDAS \/ Pesca Submarina TV \/ ComoPeces) Read this article in english Este domingo 25 de enero\u00a0y con un fuerte viento de tramontana, se daban cita nueve deportistas de Espa\u00f1a, Portugal y Croacia\u2026","rel":"","context":"En \u00abCroacia\u00bb","block_context":{"text":"Croacia","link":"https:\/\/www.sportalsub.net\/blog\/category\/paises\/europa\/croacia\/"},"img":{"alt_text":"","src":"https:\/\/i0.wp.com\/www.sportalsub.net\/blog\/wp-content\/uploads\/2015\/01\/Podio-Master2015.jpg?resize=350%2C200&ssl=1","width":350,"height":200,"srcset":"https:\/\/i0.wp.com\/www.sportalsub.net\/blog\/wp-content\/uploads\/2015\/01\/Podio-Master2015.jpg?resize=350%2C200&ssl=1 1x, https:\/\/i0.wp.com\/www.sportalsub.net\/blog\/wp-content\/uploads\/2015\/01\/Podio-Master2015.jpg?resize=525%2C300&ssl=1 1.5x"},"classes":[]}],"_links":{"self":[{"href":"https:\/\/www.sportalsub.net\/blog\/wp-json\/wp\/v2\/posts\/26648","targetHints":{"allow":["GET"]}}],"collection":[{"href":"https:\/\/www.sportalsub.net\/blog\/wp-json\/wp\/v2\/posts"}],"about":[{"href":"https:\/\/www.sportalsub.net\/blog\/wp-json\/wp\/v2\/types\/post"}],"author":[{"embeddable":true,"href":"https:\/\/www.sportalsub.net\/blog\/wp-json\/wp\/v2\/users\/1"}],"replies":[{"embeddable":true,"href":"https:\/\/www.sportalsub.net\/blog\/wp-json\/wp\/v2\/comments?post=26648"}],"version-history":[{"count":0,"href":"https:\/\/www.sportalsub.net\/blog\/wp-json\/wp\/v2\/posts\/26648\/revisions"}],"wp:featuredmedia":[{"embeddable":true,"href":"https:\/\/www.sportalsub.net\/blog\/wp-json\/wp\/v2\/media\/26649"}],"wp:attachment":[{"href":"https:\/\/www.sportalsub.net\/blog\/wp-json\/wp\/v2\/media?parent=26648"}],"wp:term":[{"taxonomy":"category","embeddable":true,"href":"https:\/\/www.sportalsub.net\/blog\/wp-json\/wp\/v2\/categories?post=26648"},{"taxonomy":"post_tag","embeddable":true,"href":"https:\/\/www.sportalsub.net\/blog\/wp-json\/wp\/v2\/tags?post=26648"}],"curies":[{"name":"wp","href":"https:\/\/api.w.org\/{rel}","templated":true}]}}