{"id":26941,"date":"2017-11-14T07:10:19","date_gmt":"2017-11-14T10:10:19","guid":{"rendered":"http:\/\/www.sportalsub.net\/blog\/?p=26941"},"modified":"2019-08-29T22:55:14","modified_gmt":"2019-08-30T02:55:14","slug":"resultados-ii-parada-nacional-rugby-subacuatico-elite-y-ascenso-20172018-en-colombia","status":"publish","type":"post","link":"https:\/\/www.sportalsub.net\/blog\/resultados-ii-parada-nacional-rugby-subacuatico-elite-y-ascenso-20172018-en-colombia\/","title":{"rendered":"\ud83c\udde8\ud83c\uddf4 Resultados II Parada Nacional Rugby Subacu\u00e1tico \u00c9lite y Ascenso 2017\/2018 en Colombia"},"content":{"rendered":"<p style=\"padding-left: 30px;\"><img loading=\"lazy\" decoding=\"async\" class=\"size-full wp-image-25253 alignnone\" src=\"http:\/\/www.sportalsub.net\/blog\/wp-content\/uploads\/2016\/10\/resultados-elite-rugby-medellin.jpg\" alt=\"\" width=\"900\" height=\"610\" srcset=\"https:\/\/www.sportalsub.net\/blog\/wp-content\/uploads\/2016\/10\/resultados-elite-rugby-medellin.jpg 900w, https:\/\/www.sportalsub.net\/blog\/wp-content\/uploads\/2016\/10\/resultados-elite-rugby-medellin-300x203.jpg 300w, https:\/\/www.sportalsub.net\/blog\/wp-content\/uploads\/2016\/10\/resultados-elite-rugby-medellin-768x521.jpg 768w\" sizes=\"auto, (max-width: 900px) 100vw, 900px\" \/><\/p>\n<p>(Sportalsub.net \/ FEDECAS)<\/p>\n<p>Del 4 al 6 de noviembre 2017 en la ciudad de Medell\u00edn, se llev\u00f3 a cabo la II Parada Nacional Interclubes de Rugby Subacu\u00e1tico Categor\u00eda Ascenso, mientras que del 10 al 13 de noviembre 2017 en la ciudad de Medell\u00edn, se realiz\u00f3 la II Parada Nacional Interclubes de Rugby Subacu\u00e1tico Categor\u00edas \u00c9lite Masculina y \u00c9lite Femenina.<\/p>\n<p><strong>CUADRO DE HONOR CATEGOR\u00cdA ASCENSO<\/strong><\/p>\n<div id=\"ppPrt7-zgq_SinglePostMediaTop_MediaPost__0_0__type_MediaPost\" class=\" flex_vbox\">\n<div id=\"59fdfa4448f9e967750bc615ppPrt7-zgq_SinglePostMediaTop_MediaPost__0_0_mediaText\" class=\"s_usaAWRichTextClickableSkin\" data-proxy-name=\"MediaLabel\" data-width=\"660\">\n<div id=\"59fdfa4448f9e967750bc615ppPrt7-zgq_SinglePostMediaTop_MediaPost__0_0_mediaTextrichTextContainer\" class=\"s_usaAWRichTextClickableSkin_richTextContainer s_usaAWRichTextClickableSkinrichTextContainer\">\n<div id=\"innercomp_txtMediauvg\" class=\"s_heNoSkinPhoto\" title=\"\" data-exact-height=\"704.3286926994907\" data-content-padding-horizontal=\"0\" data-content-padding-vertical=\"0\">\n<div id=\"innercomp_txtMediauvglink\" class=\"s_heNoSkinPhotolink\">\n<div id=\"innercomp_txtMediauvgimg\" class=\"s_heNoSkinPhotoimg\" data-style=\"\"><img decoding=\"async\" id=\"innercomp_txtMediauvgimgimage\" src=\"https:\/\/static.wixstatic.com\/media\/a75488_2ab322a23a524d91a5d54d5bae212540~mv2.png\/v1\/fill\/w_589,h_776,al_c\/a75488_2ab322a23a524d91a5d54d5bae212540~mv2.png\" alt=\"\" data-type=\"image\" \/><\/div>\n<\/div>\n<\/div>\n<\/div>\n<\/div>\n<\/div>\n<p><strong>CUADROS DE HONOR CATEGOR\u00cdA ELITE<\/strong><\/p>\n<div id=\"innercomp_txtMedia1v9e\" class=\"s_heNoSkinPhoto\" title=\"\" data-exact-height=\"703.763440860215\" data-content-padding-horizontal=\"0\" data-content-padding-vertical=\"0\">\n<div id=\"innercomp_txtMedia1v9elink\" class=\"s_heNoSkinPhotolink\">\n<div id=\"innercomp_txtMedia1v9eimg\" class=\"s_heNoSkinPhotoimg\" data-style=\"\"><img decoding=\"async\" id=\"innercomp_txtMedia1v9eimgimage\" src=\"https:\/\/static.wixstatic.com\/media\/a75488_ea653d0d5bff424b89f8e35724d4a668~mv2.png\/v1\/fill\/w_558,h_700,al_c\/a75488_ea653d0d5bff424b89f8e35724d4a668~mv2.png\" alt=\"\" data-type=\"image\" \/><\/div>\n<\/div>\n<\/div>\n<div id=\"innercomp_txtMedia839\" class=\"s_heNoSkinPhoto\" title=\"\" data-exact-height=\"699.2028318584071\" data-content-padding-horizontal=\"0\" data-content-padding-vertical=\"0\">\n<div id=\"innercomp_txtMedia839link\" class=\"s_heNoSkinPhotolink\">\n<div id=\"innercomp_txtMedia839img\" class=\"s_heNoSkinPhotoimg\" data-style=\"\"><img decoding=\"async\" id=\"innercomp_txtMedia839imgimage\" src=\"https:\/\/static.wixstatic.com\/media\/a75488_dbc67a127a73469aae0f1b09c3bfe34f~mv2.png\/v1\/fill\/w_565,h_696,al_c\/a75488_dbc67a127a73469aae0f1b09c3bfe34f~mv2.png\" alt=\"\" data-type=\"image\" \/><\/div>\n<\/div>\n<\/div>\n<p>&nbsp;<\/p>\n<p><strong>Fuente: FEDECAS<\/strong><\/p>\n<p>&nbsp;<\/p>\n<p>&nbsp;<\/p>\n","protected":false},"excerpt":{"rendered":"<p>(Sportalsub.net \/ FEDECAS) Del 4 al 6 de noviembre 2017 en la ciudad de Medell\u00edn, se llev\u00f3 a cabo la II Parada Nacional Interclubes de Rugby Subacu\u00e1tico Categor\u00eda Ascenso, mientras que del 10 al 13 de noviembre 2017 en la ciudad de Medell\u00edn, se realiz\u00f3 la II Parada Nacional Interclubes de Rugby Subacu\u00e1tico Categor\u00edas \u00c9lite Masculina y \u00c9lite Femenina. CUADRO [&#8230;]<\/p>\n","protected":false},"author":1,"featured_media":25253,"comment_status":"open","ping_status":"closed","sticky":false,"template":"","format":"standard","meta":{"_lmt_disableupdate":"","_lmt_disable":"","jetpack_post_was_ever_published":false,"_jetpack_newsletter_access":"","_jetpack_dont_email_post_to_subs":false,"_jetpack_newsletter_tier_id":0,"_jetpack_memberships_contains_paywalled_content":false,"_jetpack_memberships_contains_paid_content":false,"footnotes":"","jetpack_publicize_message":"","jetpack_publicize_feature_enabled":true,"jetpack_social_post_already_shared":true,"jetpack_social_options":{"image_generator_settings":{"template":"highway","default_image_id":0,"font":"","enabled":false},"version":2}},"categories":[3,347,120,7],"tags":[],"class_list":["post-26941","post","type-post","status-publish","format-standard","has-post-thumbnail","hentry","category-colombia","category-destacados","category-resultados","category-rugby-subacuatico"],"modified_by":"Sportalsub.net","views":2722,"jetpack_publicize_connections":[],"jetpack_featured_media_url":"https:\/\/www.sportalsub.net\/blog\/wp-content\/uploads\/2016\/10\/resultados-elite-rugby-medellin.jpg","jetpack_sharing_enabled":true,"jetpack_shortlink":"https:\/\/wp.me\/pf9lN-70x","jetpack_likes_enabled":false,"jetpack-related-posts":[{"id":17349,"url":"https:\/\/www.sportalsub.net\/blog\/ii-parada-nacional-interclubes-de-rugby-subacuatico-elite-y-ascenso-fedecas-2014-medellin-colombia\/","url_meta":{"origin":26941,"position":0},"title":"\ud83c\udde8\ud83c\uddf4 II Parada Nacional Interclubes de Rugby Subacuatico &#8211; Elite y Ascenso FEDECAS 2014. Medell\u00edn, Colombia","author":"Sportalsub.net","date":"24 febrero 2014","format":false,"excerpt":"(Especial Sportalsub.net \/ FEDECAS) El \u00d3rgano de Administraci\u00f3n de la Federaci\u00f3n Colombiana de Actividades Subacu\u00e1ticas FEDECAS, haciendo uso de las facultades legales que le confiere el Estatuto, convoca a los clubes del pa\u00eds a la II PARADA NACIONAL INTERCLUBES DE RUGBY SUBACU\u00c1TICO CATEGOR\u00cdA \u00c9LITE Y ASCENSO CON INVITACION INTERNACIONAL a\u2026","rel":"","context":"En \u00abColombia\u00bb","block_context":{"text":"Colombia","link":"https:\/\/www.sportalsub.net\/blog\/category\/paises\/america\/colombia\/"},"img":{"alt_text":"","src":"https:\/\/i0.wp.com\/www.sportalsub.net\/blog\/wp-content\/uploads\/2014\/02\/rugby.jpg?resize=350%2C200&ssl=1","width":350,"height":200,"srcset":"https:\/\/i0.wp.com\/www.sportalsub.net\/blog\/wp-content\/uploads\/2014\/02\/rugby.jpg?resize=350%2C200&ssl=1 1x, https:\/\/i0.wp.com\/www.sportalsub.net\/blog\/wp-content\/uploads\/2014\/02\/rugby.jpg?resize=525%2C300&ssl=1 1.5x, https:\/\/i0.wp.com\/www.sportalsub.net\/blog\/wp-content\/uploads\/2014\/02\/rugby.jpg?resize=700%2C400&ssl=1 2x"},"classes":[]},{"id":13106,"url":"https:\/\/www.sportalsub.net\/blog\/inicia-la-ii-parada-nacional-interclubes-de-rugby-subacuatico-2012-con-invitacion-internacional-medellin-colombia\/","url_meta":{"origin":26941,"position":1},"title":"\ud83c\udde8\ud83c\uddf4 Inicia la II Parada Nacional Interclubes de Rugby Subacu\u00e1tico 2012 con Invitaci\u00f3n Internacional. Medell\u00edn, Colombia","author":"Sportalsub.net","date":"20 julio 2012","format":false,"excerpt":"(Especial Sportalsub.net \/ FEDECAS \/ Ecomares \/ 6alagua) El \u00d3rgano de Administraci\u00f3n de la Federaci\u00f3n Colombiana de Actividades Subacu\u00e1ticas FEDECAS, haciendo uso de las facultades legales que le confiere el Estatuto, convoca a los clubes del pa\u00eds a la II Parada Nacional Interclubes de Rugby Subacu\u00e1tico con Invitaci\u00f3n Internacional a\u2026","rel":"","context":"En \u00abColombia\u00bb","block_context":{"text":"Colombia","link":"https:\/\/www.sportalsub.net\/blog\/category\/paises\/america\/colombia\/"},"img":{"alt_text":"","src":"https:\/\/i0.wp.com\/www.sportalsub.net\/blog\/wp-content\/uploads\/2012\/07\/rugbysub-medellin.jpg?resize=350%2C200&ssl=1","width":350,"height":200,"srcset":"https:\/\/i0.wp.com\/www.sportalsub.net\/blog\/wp-content\/uploads\/2012\/07\/rugbysub-medellin.jpg?resize=350%2C200&ssl=1 1x, https:\/\/i0.wp.com\/www.sportalsub.net\/blog\/wp-content\/uploads\/2012\/07\/rugbysub-medellin.jpg?resize=525%2C300&ssl=1 1.5x"},"classes":[]},{"id":30104,"url":"https:\/\/www.sportalsub.net\/blog\/2do-rugbysub-ascenso-2019-villavicencio-colombia","url_meta":{"origin":26941,"position":2},"title":"\ud83c\udde8\ud83c\uddf4 Resultados &#8211; II Parada Nacional Interclubes de Rugby Subacu\u00e1tico Categor\u00eda Ascenso 2019. Villavicencio, Colombia","author":"Sportalsub.net","date":"18 marzo 2019","format":false,"excerpt":"(Sportalsub.net \/ FEDECAS \/ Liga Subacu\u00e1ticas Meta\/ Pira\u00f1as UWRuby) Del 15 al 17 de marzo de 2019 se llev\u00f3 a cabo en la ciudad de Villavicencio - Meta, la II Parada Nacional Interclubes de Rugby Subacu\u00e1tico Categor\u00eda Ascenso de la Federaci\u00f3n Colombiana de Actividades Subacu\u00e1ticas FEDECAS. En el evento participaron\u2026","rel":"","context":"En \u00abColombia\u00bb","block_context":{"text":"Colombia","link":"https:\/\/www.sportalsub.net\/blog\/category\/paises\/america\/colombia\/"},"img":{"alt_text":"","src":"https:\/\/i0.wp.com\/www.sportalsub.net\/blog\/wp-content\/uploads\/2019\/03\/tritonesudea.jpg?resize=350%2C200&ssl=1","width":350,"height":200,"srcset":"https:\/\/i0.wp.com\/www.sportalsub.net\/blog\/wp-content\/uploads\/2019\/03\/tritonesudea.jpg?resize=350%2C200&ssl=1 1x, https:\/\/i0.wp.com\/www.sportalsub.net\/blog\/wp-content\/uploads\/2019\/03\/tritonesudea.jpg?resize=525%2C300&ssl=1 1.5x, https:\/\/i0.wp.com\/www.sportalsub.net\/blog\/wp-content\/uploads\/2019\/03\/tritonesudea.jpg?resize=700%2C400&ssl=1 2x"},"classes":[]},{"id":27632,"url":"https:\/\/www.sportalsub.net\/blog\/iii-parada-nacional-interclubes-de-rugby-subacuatico-categoria-elite-2017-2018-medellin-colombia\/","url_meta":{"origin":26941,"position":3},"title":"\ud83c\udde8\ud83c\uddf4 Resultados &#8211; III Parada Nacional Interclubes de Rugby Subacu\u00e1tico Categor\u00eda \u00c9lite 2017 &#8211; 2018. Medellin, Colombia","author":"Sportalsub.net","date":"21 marzo 2018","format":false,"excerpt":"(Sportalsub.net \/ FEDECAS \/ LASA) La Federaci\u00f3n Colombiana de Actividades\u00a0Subacu\u00e1ticas FEDECAS, llev\u00f3 a cabo la III Parada Nacional\u00a0Interclubes de Rugby Subacu\u00e1tico Categor\u00eda \u00c9lite 2017 - 2018,\u00a0realizada en el Complejo Acu\u00e1tico\u00a0Unidad Deportiva en la\u00a0ciudad de Medell\u00edn, del 16 al 19 de marzo de 2018, con la organizaci\u00f3n de la\u00a0Liga Antioque\u00f1a de\u00a0Actividades\u2026","rel":"","context":"En \u00abColombia\u00bb","block_context":{"text":"Colombia","link":"https:\/\/www.sportalsub.net\/blog\/category\/paises\/america\/colombia\/"},"img":{"alt_text":"","src":"https:\/\/i0.wp.com\/www.sportalsub.net\/blog\/wp-content\/uploads\/2018\/03\/rugbysubmedellinmarzo2018.jpg?resize=350%2C200&ssl=1","width":350,"height":200,"srcset":"https:\/\/i0.wp.com\/www.sportalsub.net\/blog\/wp-content\/uploads\/2018\/03\/rugbysubmedellinmarzo2018.jpg?resize=350%2C200&ssl=1 1x, https:\/\/i0.wp.com\/www.sportalsub.net\/blog\/wp-content\/uploads\/2018\/03\/rugbysubmedellinmarzo2018.jpg?resize=525%2C300&ssl=1 1.5x, https:\/\/i0.wp.com\/www.sportalsub.net\/blog\/wp-content\/uploads\/2018\/03\/rugbysubmedellinmarzo2018.jpg?resize=700%2C400&ssl=1 2x"},"classes":[]},{"id":13141,"url":"https:\/\/www.sportalsub.net\/blog\/resultados-ii-parada-nacional-interclubes-de-rugby-subacuatico-2012-con-invitacion-internacional-medellin-colombia\/","url_meta":{"origin":26941,"position":4},"title":"\ud83c\udde8\ud83c\uddf4 Resultados II Parada Nacional Interclubes de Rugby Subacu\u00e1tico 2012 con Invitaci\u00f3n Internacional. Medell\u00edn, Colombia","author":"Sportalsub.net","date":"31 julio 2012","format":false,"excerpt":"(Especial Sportalsub.net \/ 6algua \/ Ecomares \/ FEDECAS) Fueron 3 d\u00edas de pura adrenalina bajo el agua! M\u00e1s de 100 partidos disputados entre las 4\u00a0categor\u00edas\u00a0participantes, m\u00e1s de 400 deportistas de toda Colombia y 8 valientes integrantes del Club Martillos de Venezuela se hicieron presentes en el complejo acu\u00e1tico de Medellin\u2026","rel":"","context":"En \u00abColombia\u00bb","block_context":{"text":"Colombia","link":"https:\/\/www.sportalsub.net\/blog\/category\/paises\/america\/colombia\/"},"img":{"alt_text":"","src":"https:\/\/i0.wp.com\/www.sportalsub.net\/blog\/wp-content\/uploads\/2012\/07\/resultados-rugby-colombia.jpg?resize=350%2C200&ssl=1","width":350,"height":200,"srcset":"https:\/\/i0.wp.com\/www.sportalsub.net\/blog\/wp-content\/uploads\/2012\/07\/resultados-rugby-colombia.jpg?resize=350%2C200&ssl=1 1x, https:\/\/i0.wp.com\/www.sportalsub.net\/blog\/wp-content\/uploads\/2012\/07\/resultados-rugby-colombia.jpg?resize=525%2C300&ssl=1 1.5x"},"classes":[]},{"id":49643,"url":"https:\/\/www.sportalsub.net\/blog\/2da-parada-medellin-rugbysub-2021","url_meta":{"origin":26941,"position":5},"title":"\ud83c\udde8\ud83c\uddf4 Resultados &#8211; II Parada Nacional Interclubes 2021-2022 de Rugby Subacu\u00e1tico FEDECAS Colombia Categor\u00eda \u00c9lite. Medell\u00edn","author":"Sportalsub.net","date":"2 noviembre 2021","format":false,"excerpt":"(Sportalsub.net \/ FEDECAS \/ LASA) La Federaci\u00f3n Colombiana de Actividades Subacu\u00e1ticas FEDECAS, convoc\u00f3 a las ligas del pa\u00eds para que sus Clubes afiliados participaran en la II Parada Nacional Interclubes de Rugby Subacu\u00e1tico Categor\u00eda \u00c9lite, realizada en la ciudad de Medell\u00edn, del 29 de octubre al 1 de noviembre de\u2026","rel":"","context":"En \u00abColombia\u00bb","block_context":{"text":"Colombia","link":"https:\/\/www.sportalsub.net\/blog\/category\/paises\/america\/colombia\/"},"img":{"alt_text":"","src":"https:\/\/i0.wp.com\/www.sportalsub.net\/blog\/wp-content\/uploads\/2021\/10\/rugbysubmedellinoctubre2021.jpg?resize=350%2C200&ssl=1","width":350,"height":200,"srcset":"https:\/\/i0.wp.com\/www.sportalsub.net\/blog\/wp-content\/uploads\/2021\/10\/rugbysubmedellinoctubre2021.jpg?resize=350%2C200&ssl=1 1x, https:\/\/i0.wp.com\/www.sportalsub.net\/blog\/wp-content\/uploads\/2021\/10\/rugbysubmedellinoctubre2021.jpg?resize=525%2C300&ssl=1 1.5x, https:\/\/i0.wp.com\/www.sportalsub.net\/blog\/wp-content\/uploads\/2021\/10\/rugbysubmedellinoctubre2021.jpg?resize=700%2C400&ssl=1 2x"},"classes":[]}],"_links":{"self":[{"href":"https:\/\/www.sportalsub.net\/blog\/wp-json\/wp\/v2\/posts\/26941","targetHints":{"allow":["GET"]}}],"collection":[{"href":"https:\/\/www.sportalsub.net\/blog\/wp-json\/wp\/v2\/posts"}],"about":[{"href":"https:\/\/www.sportalsub.net\/blog\/wp-json\/wp\/v2\/types\/post"}],"author":[{"embeddable":true,"href":"https:\/\/www.sportalsub.net\/blog\/wp-json\/wp\/v2\/users\/1"}],"replies":[{"embeddable":true,"href":"https:\/\/www.sportalsub.net\/blog\/wp-json\/wp\/v2\/comments?post=26941"}],"version-history":[{"count":0,"href":"https:\/\/www.sportalsub.net\/blog\/wp-json\/wp\/v2\/posts\/26941\/revisions"}],"wp:featuredmedia":[{"embeddable":true,"href":"https:\/\/www.sportalsub.net\/blog\/wp-json\/wp\/v2\/media\/25253"}],"wp:attachment":[{"href":"https:\/\/www.sportalsub.net\/blog\/wp-json\/wp\/v2\/media?parent=26941"}],"wp:term":[{"taxonomy":"category","embeddable":true,"href":"https:\/\/www.sportalsub.net\/blog\/wp-json\/wp\/v2\/categories?post=26941"},{"taxonomy":"post_tag","embeddable":true,"href":"https:\/\/www.sportalsub.net\/blog\/wp-json\/wp\/v2\/tags?post=26941"}],"curies":[{"name":"wp","href":"https:\/\/api.w.org\/{rel}","templated":true}]}}