{"id":27009,"date":"2018-02-03T00:50:13","date_gmt":"2018-02-03T04:50:13","guid":{"rendered":"http:\/\/www.sportalsub.net\/blog\/?p=27009"},"modified":"2019-08-31T18:57:11","modified_gmt":"2019-08-31T22:57:11","slug":"semana-master-pesca-submarina-ciutat-de-palma-cmas-world-cup-pesca-submarina-espana-enero-2018","status":"publish","type":"post","link":"https:\/\/www.sportalsub.net\/blog\/semana-master-pescasub-2018","title":{"rendered":"\ud83c\uddea\ud83c\uddf8 Resultados, Rese\u00f1a y Fotos &#8211; Semana Master Pesca Submarina Ciutat de Palma &#8211; CMAS World Cup. Espa\u00f1a 2018"},"content":{"rendered":"<p><img loading=\"lazy\" decoding=\"async\" class=\"alignnone size-full wp-image-27369\" src=\"http:\/\/www.sportalsub.net\/blog\/wp-content\/uploads\/2018\/01\/masterpescasubesp.jpg\" alt=\"\" width=\"1024\" height=\"768\" srcset=\"https:\/\/www.sportalsub.net\/blog\/wp-content\/uploads\/2018\/01\/masterpescasubesp.jpg 1024w, https:\/\/www.sportalsub.net\/blog\/wp-content\/uploads\/2018\/01\/masterpescasubesp-300x225.jpg 300w, https:\/\/www.sportalsub.net\/blog\/wp-content\/uploads\/2018\/01\/masterpescasubesp-768x576.jpg 768w, https:\/\/www.sportalsub.net\/blog\/wp-content\/uploads\/2018\/01\/masterpescasubesp-320x240.jpg 320w\" sizes=\"auto, (max-width: 1024px) 100vw, 1024px\" \/><\/p>\n<p>(Sportalsub.net \/ CMAS \/ FEDAS \/ FBDAS) &#8211; <a href=\"http:\/\/www.sportalsub.net\/en\/semana-master-pescasub-2018\">Read in English<\/a><\/p>\n<p>En el \u00faltimo fin de semana del mes de enero, del 25 al 27, se celebraron en Mallorca con\u00a0base en el Real Club N\u00e1utico, y organizadas por\u00a0la Federaci\u00f3n Balear de Actividades Subacu\u00e1ticas, cuatro competiciones de pesca submarina en el marco de la semana del XVII M\u00e1ster Ciutat de Palma.\u00a0En primer lugar,\u00a0el viernes d\u00eda 26:<\/p>\n<ul>\n<li>El \u201cXVII M\u00e1ster de Pesca Submarina Ciutat de Palma\u201d (torneo de maestros), \u00a0en el que se dieron cita\u00a0en torno a 20 grandes pescadores.<\/li>\n<\/ul>\n<p>Y el s\u00e1bado d\u00eda 27, el resto de competiciones:<\/p>\n<ul>\n<li>La \u201cIII CMAS World Cup\u201d, una copa en la que participaron pescadores de diferentes Selecciones Nacionales, entre las que est\u00e1n: Argelia, Grecia, Malta, M\u00e9xico, T\u00fanez y por supuesto, Espa\u00f1a, representada en esta ocasi\u00f3n por el equipo conformado por:\u00a0<strong>Jos\u00e9 Luis Fern\u00e1ndez,\u00a0\u00a0Sergio de Juli\u00e1n y Xavier Blanco<\/strong>.<\/li>\n<li>El \u201cXVIII Open Ciutat de Palma, VII Memorial Sebasti\u00e1 Carbonell\u201d, un multitudinario y ya cl\u00e1sico open, en el que participaron en torno a los 30 equipos.<\/li>\n<li>La \u201cII Brands World Cup\u201d, \u00a0en la que est\u00e1 previsto que participen 6 marcas del sector.<\/li>\n<\/ul>\n<p>Entre todas las pruebas, fueron m\u00e1s de 150 los deportistas que se dieron cita esta semana\u00a0del M\u00e1ster Ciutat de Palma.<\/p>\n<p>En esta edici\u00f3n y durante las presentaciones del evento, el mi\u00e9rcoles d\u00eda 24 en el Ayuntamiento de Palma de Mallorca y el jueves 25 en el Real Club N\u00e1utico, se rindi\u00f3 homenaje al campe\u00f3n del Europa y del Mundo, Alberto March.\u00a0Tamb\u00eden se concluyeron en este evento los\u00a0actos \u201cFedas del 50 aniversario\u201d.<\/p>\n<h1 class=\"page-title\">Victoria de Espa\u00f1a en la III CMAS World Cup<\/h1>\n<div class=\"page-featured-image\"><img loading=\"lazy\" decoding=\"async\" class=\"attachment-st_normal_thumb size-st_normal_thumb wp-post-image\" src=\"http:\/\/fedas.es\/wp-content\/uploads\/2018\/01\/III_CMAS_W_C_esp-500x336.jpg\" alt=\"III_CMAS_W_C_esp\" width=\"500\" height=\"336\" \/><\/div>\n<p>El equipo espa\u00f1ol formado por Jos\u00e9 Luis Fern\u00e1ndez, Sergio de Juli\u00e1n y Xavier Blanco, con Patxi D\u00edaz como capit\u00e1n, ha revalidado su t\u00edtulo de vencedor en esta tercera edici\u00f3n de la CMAS World Cup celebrada en Palma de Mallorca este pasado s\u00e1bado 27 de enero, obteniendo as\u00ed la Selecci\u00f3n Nacional Espa\u00f1ola su tercer\u00a0oro (de tres) en esta prueba.<\/p>\n<p>Con puerto base en el Real Club N\u00e1utico de Palma, se celebraba\u00a0esta edici\u00f3n\u00a0con la asistencia las selecciones de Argelia, Espa\u00f1a, Grecia, Malta y M\u00e9xico, que pescaron en la zona comprendida entre el islote de Can Pastilla y Cap Blanc, con excepci\u00f3n de la zona de reserva.<\/p>\n<p>El fr\u00edo, la lluvia intermitente y un viento del norte que fue arreciando a lo largo de la ma\u00f1ana, no pusieron nada f\u00e1cil a los competidores conseguir capturas. La mayor parte de los equipos trataron de buscar peces v\u00e1lidos cerca de la orilla, un poco a resguardo del viento, aunque algunos se aventuraron a pescar m\u00e1s alejados, cogiendo m\u00e1s fondo y tratando de encontrar piezas de m\u00e1s porte.<\/p>\n<p><img loading=\"lazy\" decoding=\"async\" class=\"alignnone size-full wp-image-5560\" src=\"http:\/\/fedas.es\/wp-content\/uploads\/2018\/01\/IMG_1473.jpg\" sizes=\"auto, (max-width: 640px) 100vw, 640px\" srcset=\"http:\/\/fedas.es\/wp-content\/uploads\/2018\/01\/IMG_1473.jpg 1024w, http:\/\/fedas.es\/wp-content\/uploads\/2018\/01\/IMG_1473-300x225.jpg 300w, http:\/\/fedas.es\/wp-content\/uploads\/2018\/01\/IMG_1473-768x576.jpg 768w\" alt=\"IMG_1473\" width=\"640\" height=\"480\" \/><\/p>\n<p>Terminada la prueba, el pesaje y los c\u00e1lculos finales de piezas especies y cupos conseguidos, confirmaban que el equipo espa\u00f1ol se hac\u00eda con la primera plaza del podio con un margen de poco m\u00e1s de siete mil puntos por encima de Grecia, que quedaba en segunda posici\u00f3n; la tercera plaza la ocupaba el equipo de Argelia. La pieza mayor la captur\u00f3 el equipo de Malta que participaba por primera vez en este evento, M\u00e9xico, que tambi\u00e9n acud\u00eda por primera vez, ocup\u00f3 la quinta posici\u00f3n.<\/p>\n<p><img loading=\"lazy\" decoding=\"async\" class=\"alignnone size-full wp-image-5561\" src=\"http:\/\/fedas.es\/wp-content\/uploads\/2018\/01\/IMG_1501.jpg\" sizes=\"auto, (max-width: 640px) 100vw, 640px\" srcset=\"http:\/\/fedas.es\/wp-content\/uploads\/2018\/01\/IMG_1501.jpg 1024w, http:\/\/fedas.es\/wp-content\/uploads\/2018\/01\/IMG_1501-300x225.jpg 300w, http:\/\/fedas.es\/wp-content\/uploads\/2018\/01\/IMG_1501-768x576.jpg 768w\" alt=\"IMG_1501\" width=\"640\" height=\"480\" \/><\/p>\n<p>La clasificaci\u00f3n quedaba as\u00ed:<\/p>\n<table width=\"100%\">\n<tbody>\n<tr>\n<td><\/td>\n<td>Naci\u00f3n<\/td>\n<td>Pieza Mayor<\/td>\n<td>Peso<\/td>\n<td>Piezas<\/td>\n<td>Especies<\/td>\n<td>Cupos<\/td>\n<td>Total<\/td>\n<\/tr>\n<tr>\n<td>1<\/td>\n<td>Espa\u00f1a<\/td>\n<td>Sargo<\/td>\n<td>810<\/td>\n<td>36<\/td>\n<td>9<\/td>\n<td>6<\/td>\n<td>54.501<\/td>\n<\/tr>\n<tr>\n<td>2<\/td>\n<td>Grecia<\/td>\n<td>Mero liso<\/td>\n<td>2.055<\/td>\n<td>28<\/td>\n<td>10<\/td>\n<td>5<\/td>\n<td>47.415<\/td>\n<\/tr>\n<tr>\n<td>3<\/td>\n<td>Argelia<\/td>\n<td>Lisa<\/td>\n<td>1.150<\/td>\n<td>16<\/td>\n<td>6<\/td>\n<td>1<\/td>\n<td>17.565<\/td>\n<\/tr>\n<tr>\n<td>4<\/td>\n<td>Malta<\/td>\n<td>Lisa<\/td>\n<td>2.310<\/td>\n<td>10<\/td>\n<td>5<\/td>\n<td>1<\/td>\n<td>15.055<\/td>\n<\/tr>\n<tr>\n<td>5<\/td>\n<td>M\u00e9xico<\/td>\n<td>Caproig<\/td>\n<td>805<\/td>\n<td>10<\/td>\n<td>5<\/td>\n<td>1<\/td>\n<td>10.550<\/td>\n<\/tr>\n<\/tbody>\n<\/table>\n<h1 class=\"page-title\">Resumen del XVIII Open Ciutat de Palma, VII Memorial Sebasti\u00e1 Carbonell<\/h1>\n<p>Con una inscripci\u00f3n de 34 equipos (de tres deportistas cada uno) tanto nacionales como internacionales, empezaba la jornada de la prueba del XVIII Open Ciutat de Palma, VII Memorial Sebasti\u00e1 Carbonell, en el Real Club N\u00e1utico de Palma a primera hora de la ma\u00f1ana del s\u00e1bado d\u00eda 27 de enero.<\/p>\n<p>El inicio de la prueba se daba frente a la catedral de Palma y los equipos se distribu\u00edan por la amplia zona comprendida entre el morro d\u2019en Feliu y el islote de Can Pastilla, en una ma\u00f1ana en la que el fr\u00edo, la lluvia ocasional y viento del norte, no iban a poner f\u00e1cil la captura de piezas v\u00e1lidas.<\/p>\n<p><img loading=\"lazy\" decoding=\"async\" class=\"alignnone wp-image-5576\" src=\"http:\/\/fedas.es\/wp-content\/uploads\/2018\/01\/IMG_1293-300x225.jpg\" sizes=\"auto, (max-width: 640px) 100vw, 640px\" srcset=\"http:\/\/fedas.es\/wp-content\/uploads\/2018\/01\/IMG_1293-300x225.jpg 300w, http:\/\/fedas.es\/wp-content\/uploads\/2018\/01\/IMG_1293-768x576.jpg 768w, http:\/\/fedas.es\/wp-content\/uploads\/2018\/01\/IMG_1293.jpg 1024w\" alt=\"IMG_1293\" width=\"640\" height=\"480\" \/><\/p>\n<p>Tras cinco duras horas de pesca en las que el viento iba arreciando a lo largo de la ma\u00f1ana, los pescadores llegaban a puerto para entregar sus capturas, que no fueron muchas, salvo algunos de los que a la postre ser\u00edan los primeros clasificados, y reponer fuerzas con un asado argentino mientras se hac\u00edan los preparativos para el pesaje.<\/p>\n<p>El pesaje y los c\u00e1lculos de peso, especies y cupos daban como vencedor de la prueba al Team Phatos compuesto por \u00d3scar L\u00f3pez, Giacommo de Mola y Kostas Makris, que tambi\u00e9n obten\u00eda el trofeo a la pieza mayor con un mero de algo m\u00e1s de cinco kilos; en segunda posici\u00f3n el Team Blausub, formado por Guillem Miralles, Manuel P\u00e9rez y Miguel A. Galera; la tercera posici\u00f3n fu\u00e9 para el equipo Casa Calico 1, formado por Miguel Nobile, H\u00e9ctor S\u00e1nchez y Jaime Rodr\u00edguez.<\/p>\n<p><img loading=\"lazy\" decoding=\"async\" class=\"alignnone wp-image-5577\" src=\"http:\/\/fedas.es\/wp-content\/uploads\/2018\/01\/IMG_1484-300x225.jpg\" sizes=\"auto, (max-width: 640px) 100vw, 640px\" srcset=\"http:\/\/fedas.es\/wp-content\/uploads\/2018\/01\/IMG_1484-300x225.jpg 300w, http:\/\/fedas.es\/wp-content\/uploads\/2018\/01\/IMG_1484-768x576.jpg 768w, http:\/\/fedas.es\/wp-content\/uploads\/2018\/01\/IMG_1484.jpg 1024w\" alt=\"IMG_1484\" width=\"640\" height=\"480\" \/><\/p>\n<p>La clasificaci\u00f3n quedaba as\u00ed:<\/p>\n<p><a href=\"http:\/\/fedas.es\/wp-content\/uploads\/2018\/01\/Class_open_2018.jpg\" target=\"_blank\" rel=\"noopener noreferrer\" target=\"_blank\"><img loading=\"lazy\" decoding=\"async\" class=\"alignnone wp-image-5578\" src=\"http:\/\/fedas.es\/wp-content\/uploads\/2018\/01\/Class_open_2018-300x236.jpg\" sizes=\"auto, (max-width: 640px) 100vw, 640px\" srcset=\"http:\/\/fedas.es\/wp-content\/uploads\/2018\/01\/Class_open_2018-300x236.jpg 300w, http:\/\/fedas.es\/wp-content\/uploads\/2018\/01\/Class_open_2018-768x604.jpg 768w, http:\/\/fedas.es\/wp-content\/uploads\/2018\/01\/Class_open_2018-1024x805.jpg 1024w, http:\/\/fedas.es\/wp-content\/uploads\/2018\/01\/Class_open_2018.jpg 1280w\" width=\"640\" height=\"503\" \/><\/a><\/p>\n<p>Tras cerrar el plazo de reclamaciones y ya sin opci\u00f3n en el cambio de la clasificaci\u00f3n oficial, se confirm\u00f3 la existencia de un error en la clasificaci\u00f3n, por el que la tercera posici\u00f3n hubiera correspondido al equipo Pathos Baleares cuyos miembros son: Carlos Martorell, David Martorell y Juan Campins.<\/p>\n<p><a href=\"http:\/\/fedas.es\/wp-content\/uploads\/2018\/01\/Nota_Open_err.jpg\" target=\"_blank\" rel=\"noopener noreferrer\" target=\"_blank\"><img loading=\"lazy\" decoding=\"async\" class=\"alignnone wp-image-5580 size-thumbnail\" src=\"http:\/\/fedas.es\/wp-content\/uploads\/2018\/01\/Nota_Open_err-150x150.jpg\" sizes=\"auto, (max-width: 150px) 100vw, 150px\" srcset=\"http:\/\/fedas.es\/wp-content\/uploads\/2018\/01\/Nota_Open_err-150x150.jpg 150w, http:\/\/fedas.es\/wp-content\/uploads\/2018\/01\/Nota_Open_err-50x50.jpg 50w, http:\/\/fedas.es\/wp-content\/uploads\/2018\/01\/Nota_Open_err-125x125.jpg 125w\" width=\"150\" height=\"150\" \/><\/a><\/p>\n<p>Durante la misma jornada, se celebr\u00f3 la\u00a0II CMAS World Cup de Marcas en la que participaron seis marcas comerciales con el siguiente resultado:<\/p>\n<p><a href=\"http:\/\/fedas.es\/wp-content\/uploads\/2018\/01\/Class_open_M_2018.jpg\" target=\"_blank\" rel=\"noopener noreferrer\" target=\"_blank\"><img loading=\"lazy\" decoding=\"async\" class=\"alignnone wp-image-5581\" src=\"http:\/\/fedas.es\/wp-content\/uploads\/2018\/01\/Class_open_M_2018-300x80.jpg\" sizes=\"auto, (max-width: 640px) 100vw, 640px\" srcset=\"http:\/\/fedas.es\/wp-content\/uploads\/2018\/01\/Class_open_M_2018-300x80.jpg 300w, http:\/\/fedas.es\/wp-content\/uploads\/2018\/01\/Class_open_M_2018-768x206.jpg 768w, http:\/\/fedas.es\/wp-content\/uploads\/2018\/01\/Class_open_M_2018-1024x274.jpg 1024w, http:\/\/fedas.es\/wp-content\/uploads\/2018\/01\/Class_open_M_2018.jpg 1280w\" width=\"640\" height=\"172\" \/><\/a><\/p>\n<h1 class=\"page-title\">\u00d3scar Cervantes gana el XVII M\u00e1ster Ciutat de Palma<\/h1>\n<div class=\"page-featured-image\"><img loading=\"lazy\" decoding=\"async\" class=\"attachment-st_normal_thumb size-st_normal_thumb wp-post-image\" src=\"http:\/\/fedas.es\/wp-content\/uploads\/2018\/01\/Podio-Master_2018-600x336.jpg\" alt=\"Podio-Master_2018\" width=\"600\" height=\"336\" \/><\/div>\n<p>Este pasado viernes d\u00eda 27 de enero en la bah\u00eda de Palma de Mallorca, \u00d3scar Cervantes, con una espectacular pesca, se ha hecho de nuevo con la primera plaza en el M\u00e1ster Ciutat de Palma en esta su 17\u00aa edici\u00f3n.<\/p>\n<p>Con la asistencia de diecisiete grandes pescadores submarinos entre los que se encontraba parte de los mejores deportistas de la especialidad a nivel mundial y un deportista de cada marca participante en el Open de Marcas, comenzaba en el Real Club N\u00e1utico de Palma el XVII M\u00e1ster Ciutat de Palma a primeras horas de la ma\u00f1ana del viernes, una ma\u00f1ana en la que el fr\u00edo, la lluvia y el viento no iban a ayudar mucho a competidores y barqueros.<\/p>\n<p><img loading=\"lazy\" decoding=\"async\" class=\"alignnone size-full wp-image-5565\" src=\"http:\/\/fedas.es\/wp-content\/uploads\/2018\/01\/IMG_0993.jpg\" sizes=\"auto, (max-width: 640px) 100vw, 640px\" srcset=\"http:\/\/fedas.es\/wp-content\/uploads\/2018\/01\/IMG_0993.jpg 1024w, http:\/\/fedas.es\/wp-content\/uploads\/2018\/01\/IMG_0993-300x225.jpg 300w, http:\/\/fedas.es\/wp-content\/uploads\/2018\/01\/IMG_0993-768x576.jpg 768w\" alt=\"IMG_0993\" width=\"640\" height=\"480\" \/><\/p>\n<p>La zona de pesca, que era la comprendida entre el islotes des Secs y el morro d\u2019en Feliu, punto en el que empieza una reserva, se vi\u00f3 ampliada al inicio de la prueba por su parte norte, en el interior de la bah\u00eda, ante la previsi\u00f3n de que el estado de la mar a la vuelta del faro de cala Figuera no fuera seguro para la competici\u00f3n, cosa que al final no se di\u00f3 y se pudo pescar en la totalidad de la zona.<\/p>\n<p><img loading=\"lazy\" decoding=\"async\" class=\"alignnone size-full wp-image-5567\" src=\"http:\/\/fedas.es\/wp-content\/uploads\/2018\/01\/IMG_1136.jpg\" sizes=\"auto, (max-width: 640px) 100vw, 640px\" srcset=\"http:\/\/fedas.es\/wp-content\/uploads\/2018\/01\/IMG_1136.jpg 1024w, http:\/\/fedas.es\/wp-content\/uploads\/2018\/01\/IMG_1136-300x225.jpg 300w, http:\/\/fedas.es\/wp-content\/uploads\/2018\/01\/IMG_1136-768x576.jpg 768w\" alt=\"IMG_1136\" width=\"640\" height=\"480\" \/><\/p>\n<p>Como siempre despu\u00e9s de cinco horas de competici\u00f3n y tras llevar a cabo los c\u00e1lculos asociados al pesaje, se daba por vencedor de la prueba a \u00d3scar Cervantes (Espa\u00f1a), quien con una pesca combinada a poca agua al principio y tocando marcas m\u00e1s profundas despu\u00e9s, consegu\u00eda completar dos cupos, con once piezas de seis especies diferentes, entre las que se pudieron ver bonitos ejemplares de pez de San Pedro, mero y cabracho; la segunda posici\u00f3n la consegu\u00eda Daniel Gospic (Croacia), tambi\u00e9n con una vistosa pesca con varios meros y les segu\u00eda en el podio, ya en tercera posici\u00f3n, Giacommo de Mola (Italia).<\/p>\n<p><img loading=\"lazy\" decoding=\"async\" class=\"alignnone size-full wp-image-5566\" src=\"http:\/\/fedas.es\/wp-content\/uploads\/2018\/01\/IMG_1263.jpg\" sizes=\"auto, (max-width: 640px) 100vw, 640px\" srcset=\"http:\/\/fedas.es\/wp-content\/uploads\/2018\/01\/IMG_1263.jpg 1024w, http:\/\/fedas.es\/wp-content\/uploads\/2018\/01\/IMG_1263-300x225.jpg 300w, http:\/\/fedas.es\/wp-content\/uploads\/2018\/01\/IMG_1263-768x576.jpg 768w\" alt=\"IMG_1263\" width=\"640\" height=\"480\" \/><\/p>\n<p>La clasificaci\u00f3n quedaba as\u00ed:<\/p>\n<table width=\"638\" align=\"center\">\n<tbody>\n<tr>\n<td>Pos.<\/td>\n<td>Participante<\/td>\n<td>Equipo<\/td>\n<td>P. Mayor<\/td>\n<td>Peso<\/td>\n<td>Cupos<\/td>\n<td>Piezas<\/td>\n<td>Especies<\/td>\n<td>Total<\/td>\n<\/tr>\n<tr>\n<td>1<\/td>\n<td>\u00d3scar Cervantes<\/td>\n<td>Espa\u00f1a<\/td>\n<td>Mero<\/td>\n<td>5.475<\/td>\n<td>2<\/td>\n<td>11<\/td>\n<td>6<\/td>\n<td>28.095<\/td>\n<\/tr>\n<tr>\n<td>2<\/td>\n<td>Daniel Gospic<\/td>\n<td>Croacia<\/td>\n<td>Mero<\/td>\n<td>7.670<\/td>\n<td>1<\/td>\n<td>9<\/td>\n<td>7<\/td>\n<td>25.475<\/td>\n<\/tr>\n<tr>\n<td>3<\/td>\n<td>Giacommo de Mola<\/td>\n<td>Italia<\/td>\n<td>M\u00f3llera<\/td>\n<td>1.265<\/td>\n<td>3<\/td>\n<td>14<\/td>\n<td>5<\/td>\n<td>23.150<\/td>\n<\/tr>\n<tr>\n<td>4<\/td>\n<td>Santiago L\u00f3pez Cid<\/td>\n<td>Espa\u00f1a<\/td>\n<td>Dorada<\/td>\n<td>1.020<\/td>\n<td>2<\/td>\n<td>14<\/td>\n<td>6<\/td>\n<td>18.235<\/td>\n<\/tr>\n<tr>\n<td>5<\/td>\n<td>Alberto March<\/td>\n<td>Espa\u00f1a<\/td>\n<td>Escorball<\/td>\n<td>1.295<\/td>\n<td>2<\/td>\n<td>11<\/td>\n<td>4<\/td>\n<td>14.030<\/td>\n<\/tr>\n<tr>\n<td>6<\/td>\n<td>Xavi Blanco<\/td>\n<td>Espa\u00f1a<\/td>\n<td>Lisa<\/td>\n<td>1.035<\/td>\n<td>0<\/td>\n<td>11<\/td>\n<td>6<\/td>\n<td>12.975<\/td>\n<\/tr>\n<tr>\n<td>7<\/td>\n<td>Nikos Sarantinos<\/td>\n<td>Grecia<\/td>\n<td>Escorball<\/td>\n<td>1.065<\/td>\n<td>1<\/td>\n<td>7<\/td>\n<td>3<\/td>\n<td>8.335<\/td>\n<\/tr>\n<tr>\n<td>8<\/td>\n<td>Javier Amores<\/td>\n<td>Espa\u00f1a<\/td>\n<td>Caproig<\/td>\n<td>890<\/td>\n<td>0<\/td>\n<td>7<\/td>\n<td>5<\/td>\n<td>8.010<\/td>\n<\/tr>\n<tr>\n<td>9<\/td>\n<td>Foppolo Stephan<\/td>\n<td>Mares<\/td>\n<td>Mero<\/td>\n<td>2.000<\/td>\n<td>0<\/td>\n<td>6<\/td>\n<td>4<\/td>\n<td>7.860<\/td>\n<\/tr>\n<tr>\n<td>10<\/td>\n<td>Eloy Mart\u00ednez<\/td>\n<td>Omer<\/td>\n<td>Escorball<\/td>\n<td>690<\/td>\n<td>1<\/td>\n<td>6<\/td>\n<td>3<\/td>\n<td>6.935<\/td>\n<\/tr>\n<tr>\n<td>11<\/td>\n<td>Gerasimos Kawadias<\/td>\n<td>Grecia<\/td>\n<td>grivia<\/td>\n<td>645<\/td>\n<td>1<\/td>\n<td>6<\/td>\n<td>3<\/td>\n<td>6.830<\/td>\n<\/tr>\n<tr>\n<td>12<\/td>\n<td>Jos\u00e9 Luis Fern\u00e1ndez<\/td>\n<td>Cressi<\/td>\n<td>Tordo<\/td>\n<td>470<\/td>\n<td>0<\/td>\n<td>6<\/td>\n<td>3<\/td>\n<td>5.700<\/td>\n<\/tr>\n<tr>\n<td>13<\/td>\n<td>Tasis Peroulis<\/td>\n<td>Grecia<\/td>\n<td>Grivia<\/td>\n<td>620<\/td>\n<td>0<\/td>\n<td>5<\/td>\n<td>3<\/td>\n<td>5.350<\/td>\n<\/tr>\n<tr>\n<td>14<\/td>\n<td>Jos\u00e9 Mari Pel\u00e1ez<\/td>\n<td>Tecnoblu<\/td>\n<td>Tordo<\/td>\n<td>415<\/td>\n<td>0<\/td>\n<td>3<\/td>\n<td>2<\/td>\n<td>3.115<\/td>\n<\/tr>\n<tr>\n<td>15<\/td>\n<td>Danijel Pizentic<\/td>\n<td>XT Diving<\/td>\n<td>Cabracho<\/td>\n<td>590<\/td>\n<td>0<\/td>\n<td>2<\/td>\n<td>2<\/td>\n<td>2.580<\/td>\n<\/tr>\n<tr>\n<td>16<\/td>\n<td>C\u00e9sar Bustelo<\/td>\n<td>Beuchat<\/td>\n<td>Grivia<\/td>\n<td>440<\/td>\n<td>0<\/td>\n<td>2<\/td>\n<td>2<\/td>\n<td>2.400<\/td>\n<\/tr>\n<tr>\n<td>17<\/td>\n<td>Zaidi Sofiane<\/td>\n<td>Argelia<\/td>\n<td>Tordo<\/td>\n<td>640<\/td>\n<td>0<\/td>\n<td>1<\/td>\n<td>1<\/td>\n<td>1.440<\/td>\n<\/tr>\n<\/tbody>\n<\/table>\n<p>Todas las capturas de la prueba\u00a0fueron entregadas a SOS Mamas.<\/p>\n<p>Fotos de las cuatro competiciones de la Semana del M\u00e1ster ciutat de Palma:<\/p>\n<p><iframe loading=\"lazy\" src=\"http:\/\/imgur.com\/a\/UpE1H\/embed?pub=true&amp;ref=http:\/\/fedas.es\/&amp;context=false&amp;w=640\" width=\"650\" height=\"575\" scrolling=\"no\" data-mce-fragment=\"1\"><\/iframe><\/p>\n<p>Texto y fotos: Jos\u00e9 F\u00e9lix<\/p>\n<p>M\u00e1s informaci\u00f3n: <a href=\"http:\/\/fbdas.com\/pesca-submarina-semana-master-2018\" target=\"_blank\">FBDAS<\/a>\u00a0\/ <a href=\"http:\/\/fedas.es\/comites-deportivos\/pesca-submarina\/\" target=\"_blank\">Comit\u00e9 de Pesca Submarina FEDAS<\/a><\/p>\n<p><img loading=\"lazy\" decoding=\"async\" class=\"alignnone size-full wp-image-27159\" src=\"http:\/\/www.sportalsub.net\/blog\/wp-content\/uploads\/2017\/12\/posters-MARCH-FOTO-2018.jpg\" alt=\"\" width=\"588\" height=\"640\" srcset=\"https:\/\/www.sportalsub.net\/blog\/wp-content\/uploads\/2017\/12\/posters-MARCH-FOTO-2018.jpg 588w, https:\/\/www.sportalsub.net\/blog\/wp-content\/uploads\/2017\/12\/posters-MARCH-FOTO-2018-276x300.jpg 276w\" sizes=\"auto, (max-width: 588px) 100vw, 588px\" \/><\/p>\n<p><img loading=\"lazy\" decoding=\"async\" class=\"alignnone size-full wp-image-27010\" src=\"http:\/\/www.sportalsub.net\/blog\/wp-content\/uploads\/2017\/12\/posters-fbdas-ok-ok-2018-940x1024.jpg\" alt=\"\" width=\"940\" height=\"1024\" srcset=\"https:\/\/www.sportalsub.net\/blog\/wp-content\/uploads\/2017\/12\/posters-fbdas-ok-ok-2018-940x1024.jpg 940w, https:\/\/www.sportalsub.net\/blog\/wp-content\/uploads\/2017\/12\/posters-fbdas-ok-ok-2018-940x1024-275x300.jpg 275w, https:\/\/www.sportalsub.net\/blog\/wp-content\/uploads\/2017\/12\/posters-fbdas-ok-ok-2018-940x1024-768x837.jpg 768w\" sizes=\"auto, (max-width: 940px) 100vw, 940px\" \/><\/p>\n","protected":false},"excerpt":{"rendered":"<p>(Sportalsub.net \/ CMAS \/ FEDAS \/ FBDAS) &#8211; Read in English En el \u00faltimo fin de semana del mes de enero, del 25 al 27, se celebraron en Mallorca con\u00a0base en el Real Club N\u00e1utico, y organizadas por\u00a0la Federaci\u00f3n Balear de Actividades Subacu\u00e1ticas, cuatro competiciones de pesca submarina en el marco de la semana del XVII M\u00e1ster Ciutat de Palma.\u00a0En [&#8230;]<\/p>\n","protected":false},"author":1,"featured_media":27369,"comment_status":"open","ping_status":"closed","sticky":false,"template":"","format":"standard","meta":{"_lmt_disableupdate":"","_lmt_disable":"","jetpack_post_was_ever_published":false,"_jetpack_newsletter_access":"","_jetpack_dont_email_post_to_subs":false,"_jetpack_newsletter_tier_id":0,"_jetpack_memberships_contains_paywalled_content":false,"_jetpack_memberships_contains_paid_content":false,"footnotes":"","jetpack_publicize_message":"","jetpack_publicize_feature_enabled":true,"jetpack_social_post_already_shared":true,"jetpack_social_options":{"image_generator_settings":{"template":"highway","default_image_id":0,"font":"","enabled":false},"version":2}},"categories":[347,10,18,120],"tags":[],"class_list":["post-27009","post","type-post","status-publish","format-standard","has-post-thumbnail","hentry","category-destacados","category-espana","category-pesca-submarina","category-resultados"],"modified_by":"Sportalsub.net","views":5384,"jetpack_publicize_connections":[],"jetpack_featured_media_url":"https:\/\/www.sportalsub.net\/blog\/wp-content\/uploads\/2018\/01\/masterpescasubesp.jpg","jetpack_sharing_enabled":true,"jetpack_shortlink":"https:\/\/wp.me\/pf9lN-71D","jetpack_likes_enabled":false,"jetpack-related-posts":[{"id":29643,"url":"https:\/\/www.sportalsub.net\/blog\/semana-master-pescasub-2019","url_meta":{"origin":27009,"position":0},"title":"\ud83c\uddea\ud83c\uddf8 Resultados &#8211; Semana Master Pesca Submarina Ciutat de Palma \u2013 CMAS World Cup. Espa\u00f1a 2019","author":"Sportalsub.net","date":"31 enero 2019","format":false,"excerpt":"(Sportalsub.net \/ CMAS \/ FEDAS \/ FBDAS) \u2013\u00a0Read in English Como todos los a\u00f1os, en el \u00faltimo fin de semana del mes de enero de 2019, del 24 al 26, se celebraron en Mallorca con\u00a0base en el Club N\u00e1utico Portixol, y organizadas por\u00a0la Federaci\u00f3n Balear de Actividades Subacu\u00e1ticas, cinco competiciones\u2026","rel":"","context":"En \u00abDestacados\u00bb","block_context":{"text":"Destacados","link":"https:\/\/www.sportalsub.net\/blog\/category\/mas\/destacados\/"},"img":{"alt_text":"","src":"https:\/\/i0.wp.com\/www.sportalsub.net\/blog\/wp-content\/uploads\/2019\/01\/resultados-master-pescasub-2019.jpg?resize=350%2C200&ssl=1","width":350,"height":200,"srcset":"https:\/\/i0.wp.com\/www.sportalsub.net\/blog\/wp-content\/uploads\/2019\/01\/resultados-master-pescasub-2019.jpg?resize=350%2C200&ssl=1 1x, https:\/\/i0.wp.com\/www.sportalsub.net\/blog\/wp-content\/uploads\/2019\/01\/resultados-master-pescasub-2019.jpg?resize=525%2C300&ssl=1 1.5x, https:\/\/i0.wp.com\/www.sportalsub.net\/blog\/wp-content\/uploads\/2019\/01\/resultados-master-pescasub-2019.jpg?resize=700%2C400&ssl=1 2x"},"classes":[]},{"id":22570,"url":"https:\/\/www.sportalsub.net\/blog\/master-pescasub-2016","url_meta":{"origin":27009,"position":1},"title":"\ud83c\uddea\ud83c\uddf8 Resultados Finales XV Master de Pesca Submarina Ciutat de Palma y 1ra CMAS World Cup 2016 Espa\u00f1a","author":"Sportalsub.net","date":"18 enero 2016","format":false,"excerpt":"(Sportalsub.net \/ CMAS \/ FEDAS \/ FBDAS \/ Pesca Submarina Televisi\u00f3n) - Read in English A mediados de enero, como todos los a\u00f1os, se realiza la Semana del Master de Pesca Submarina, que se lleva a cabo del 14 al 17 de enero en Palma de Mallorca, Espa\u00f1a y en\u2026","rel":"","context":"En \u00abDestacados\u00bb","block_context":{"text":"Destacados","link":"https:\/\/www.sportalsub.net\/blog\/category\/mas\/destacados\/"},"img":{"alt_text":"","src":"https:\/\/i0.wp.com\/www.sportalsub.net\/blog\/wp-content\/uploads\/2016\/01\/cmasworldcup61.jpg?resize=350%2C200&ssl=1","width":350,"height":200,"srcset":"https:\/\/i0.wp.com\/www.sportalsub.net\/blog\/wp-content\/uploads\/2016\/01\/cmasworldcup61.jpg?resize=350%2C200&ssl=1 1x, https:\/\/i0.wp.com\/www.sportalsub.net\/blog\/wp-content\/uploads\/2016\/01\/cmasworldcup61.jpg?resize=525%2C300&ssl=1 1.5x, https:\/\/i0.wp.com\/www.sportalsub.net\/blog\/wp-content\/uploads\/2016\/01\/cmasworldcup61.jpg?resize=700%2C400&ssl=1 2x"},"classes":[]},{"id":36177,"url":"https:\/\/www.sportalsub.net\/blog\/semana-master-pescasub-2020","url_meta":{"origin":27009,"position":2},"title":"\ud83c\uddea\ud83c\uddf8 Resultados &#8211; Semana Master Ciutat de Palma de Pesca Submarina y Copa Mundo CMAS 2020, Espa\u00f1a","author":"Sportalsub.net","date":"26 enero 2020","format":false,"excerpt":"(Sportalsub.net \/ CMAS \/ FEDAS \/ FBDAS) \u2013\u00a0Read in English La Semana Master de Pesca Submarina Ciutat de Palma 2020 se llev\u00f3 a cabo los d\u00edas 24 y 25 de enero 2020 en Palma de Mallorca, Espa\u00f1a, en donde se llevaron cabo las 5 competiciones de esta modalidad: RESULTADOS II\u2026","rel":"","context":"En \u00abDestacados\u00bb","block_context":{"text":"Destacados","link":"https:\/\/www.sportalsub.net\/blog\/category\/mas\/destacados\/"},"img":{"alt_text":"","src":"https:\/\/i0.wp.com\/www.sportalsub.net\/blog\/wp-content\/uploads\/2020\/01\/semanamasterpescasub2020.jpg?resize=350%2C200&ssl=1","width":350,"height":200,"srcset":"https:\/\/i0.wp.com\/www.sportalsub.net\/blog\/wp-content\/uploads\/2020\/01\/semanamasterpescasub2020.jpg?resize=350%2C200&ssl=1 1x, https:\/\/i0.wp.com\/www.sportalsub.net\/blog\/wp-content\/uploads\/2020\/01\/semanamasterpescasub2020.jpg?resize=525%2C300&ssl=1 1.5x, https:\/\/i0.wp.com\/www.sportalsub.net\/blog\/wp-content\/uploads\/2020\/01\/semanamasterpescasub2020.jpg?resize=700%2C400&ssl=1 2x"},"classes":[]},{"id":66467,"url":"https:\/\/www.sportalsub.net\/blog\/semana-master-pescasub-2024","url_meta":{"origin":27009,"position":3},"title":"\ud83c\uddea\ud83c\uddf8 Resultados &#8211; Semana Master Ciutat de Palma y Campeonato Mundial Master de Pesca Submarina CMAS 2024, Espa\u00f1a","author":"Sportalsub.net","date":"29 enero 2024","format":false,"excerpt":"(Sportalsub.net \/ CMAS \/ FEDAS \/ FBDAS) \u2013\u00a0Read in English La Federaci\u00f3n Balear de Actividades Subacu\u00e1ticas (FBDAS) organiz\u00f3 la\u201cSEMANA MASTER\u2019S PALMA 2024\u201d de Pesca Submarina, evento que en esta edici\u00f3n incluy\u00f3 por primera vez el \u201cI Campeonato Mundial CMAS Master (50 a\u00f1os o m\u00e1s)por equipos. Teniendo como sede las aguas\u2026","rel":"","context":"En \u00abEspa\u00f1a\u00bb","block_context":{"text":"Espa\u00f1a","link":"https:\/\/www.sportalsub.net\/blog\/category\/paises\/europa\/espana\/"},"img":{"alt_text":"","src":"https:\/\/i0.wp.com\/www.sportalsub.net\/blog\/wp-content\/uploads\/2023\/11\/semana-master-pescasub-2024.jpg?resize=350%2C200&ssl=1","width":350,"height":200,"srcset":"https:\/\/i0.wp.com\/www.sportalsub.net\/blog\/wp-content\/uploads\/2023\/11\/semana-master-pescasub-2024.jpg?resize=350%2C200&ssl=1 1x, https:\/\/i0.wp.com\/www.sportalsub.net\/blog\/wp-content\/uploads\/2023\/11\/semana-master-pescasub-2024.jpg?resize=525%2C300&ssl=1 1.5x, https:\/\/i0.wp.com\/www.sportalsub.net\/blog\/wp-content\/uploads\/2023\/11\/semana-master-pescasub-2024.jpg?resize=700%2C400&ssl=1 2x"},"classes":[]},{"id":77306,"url":"https:\/\/www.sportalsub.net\/blog\/semana-master-pescasub-2025","url_meta":{"origin":27009,"position":4},"title":"\ud83c\uddea\ud83c\uddf8 Resultados &#8211; \u00abSemana de Pesca Submarina Ciutat de Palma 2025\u00bb 4 Competiciones CMAS: Open, Masters, +50 y Femenina &#8211; Espa\u00f1a","author":"Sportalsub.net","date":"26 enero 2025","format":false,"excerpt":"(Sportalsub.net \/ CMAS \/ FEDAS \/ FBDAS) \u2013\u00a0Leer en Espa\u00f1ol La Semana de Pesca Submarina Ciutat de Palma 2025 es uno de los eventos m\u00e1s destacados del calendario de actividades subacu\u00e1ticas. Esta competici\u00f3n internacional realizada del 23 al 25 de enero de 2025, organizada por la CMAS abri\u00f3 el Calendario\u2026","rel":"","context":"En \u00abEspa\u00f1a\u00bb","block_context":{"text":"Espa\u00f1a","link":"https:\/\/www.sportalsub.net\/blog\/category\/paises\/europa\/espana\/"},"img":{"alt_text":"","src":"https:\/\/i0.wp.com\/www.sportalsub.net\/blog\/wp-content\/uploads\/2024\/12\/spearfishing-palma-mallorca-2024.jpg?resize=350%2C200&ssl=1","width":350,"height":200,"srcset":"https:\/\/i0.wp.com\/www.sportalsub.net\/blog\/wp-content\/uploads\/2024\/12\/spearfishing-palma-mallorca-2024.jpg?resize=350%2C200&ssl=1 1x, https:\/\/i0.wp.com\/www.sportalsub.net\/blog\/wp-content\/uploads\/2024\/12\/spearfishing-palma-mallorca-2024.jpg?resize=525%2C300&ssl=1 1.5x, https:\/\/i0.wp.com\/www.sportalsub.net\/blog\/wp-content\/uploads\/2024\/12\/spearfishing-palma-mallorca-2024.jpg?resize=700%2C400&ssl=1 2x"},"classes":[]},{"id":85677,"url":"https:\/\/www.sportalsub.net\/blog\/semana-master-pescasub-2026","url_meta":{"origin":27009,"position":5},"title":"\ud83c\uddea\ud83c\uddf8 Resultados &#8211; \u201cSemana Master Ciutat de Palma\u201d de Pesca Submarina 2026 \u2013 Espa\u00f1a","author":"Sportalsub.net","date":"2 febrero 2026","format":false,"excerpt":"(Sportalsub.net \/ CMAS \/ FEDAS \/ FBDAS) \u2013 Read in English SEMANA M\u00c1STER CIUTAT DE PALMA DE PESCA SUBMARINA Del 29 al 31 de ENERO 2026 Palma de Mallorca, Espa\u00f1a Competiciones: XXIII MASTERS INTERNACIONAL CIUTAT DE PALMA 6\u00aa CMAS WOMEN\u00b4S CUP CIUTAT DE PALMA XXIV OPEN CIUTAT DE PALMA INTERNACIONAL.\u2026","rel":"","context":"En \u00abEspa\u00f1a\u00bb","block_context":{"text":"Espa\u00f1a","link":"https:\/\/www.sportalsub.net\/blog\/category\/paises\/europa\/espana\/"},"img":{"alt_text":"","src":"https:\/\/i0.wp.com\/www.sportalsub.net\/blog\/wp-content\/uploads\/2026\/01\/semana-master-pescasub-2026.jpg?resize=350%2C200&ssl=1","width":350,"height":200,"srcset":"https:\/\/i0.wp.com\/www.sportalsub.net\/blog\/wp-content\/uploads\/2026\/01\/semana-master-pescasub-2026.jpg?resize=350%2C200&ssl=1 1x, https:\/\/i0.wp.com\/www.sportalsub.net\/blog\/wp-content\/uploads\/2026\/01\/semana-master-pescasub-2026.jpg?resize=525%2C300&ssl=1 1.5x, https:\/\/i0.wp.com\/www.sportalsub.net\/blog\/wp-content\/uploads\/2026\/01\/semana-master-pescasub-2026.jpg?resize=700%2C400&ssl=1 2x"},"classes":[]}],"_links":{"self":[{"href":"https:\/\/www.sportalsub.net\/blog\/wp-json\/wp\/v2\/posts\/27009","targetHints":{"allow":["GET"]}}],"collection":[{"href":"https:\/\/www.sportalsub.net\/blog\/wp-json\/wp\/v2\/posts"}],"about":[{"href":"https:\/\/www.sportalsub.net\/blog\/wp-json\/wp\/v2\/types\/post"}],"author":[{"embeddable":true,"href":"https:\/\/www.sportalsub.net\/blog\/wp-json\/wp\/v2\/users\/1"}],"replies":[{"embeddable":true,"href":"https:\/\/www.sportalsub.net\/blog\/wp-json\/wp\/v2\/comments?post=27009"}],"version-history":[{"count":0,"href":"https:\/\/www.sportalsub.net\/blog\/wp-json\/wp\/v2\/posts\/27009\/revisions"}],"wp:featuredmedia":[{"embeddable":true,"href":"https:\/\/www.sportalsub.net\/blog\/wp-json\/wp\/v2\/media\/27369"}],"wp:attachment":[{"href":"https:\/\/www.sportalsub.net\/blog\/wp-json\/wp\/v2\/media?parent=27009"}],"wp:term":[{"taxonomy":"category","embeddable":true,"href":"https:\/\/www.sportalsub.net\/blog\/wp-json\/wp\/v2\/categories?post=27009"},{"taxonomy":"post_tag","embeddable":true,"href":"https:\/\/www.sportalsub.net\/blog\/wp-json\/wp\/v2\/tags?post=27009"}],"curies":[{"name":"wp","href":"https:\/\/api.w.org\/{rel}","templated":true}]}}