{"id":2743,"date":"2009-09-15T06:02:21","date_gmt":"2009-09-15T10:32:21","guid":{"rendered":"http:\/\/www.sportalsub.net\/blog\/?p=2743"},"modified":"2019-09-01T11:13:33","modified_gmt":"2019-09-01T15:13:33","slug":"colombia-logra-9-medallas-de-oro-en-la-golden-final-de-la-copa-del-mundo-de-natacion-con-aletas-cmas-2009","status":"publish","type":"post","link":"https:\/\/www.sportalsub.net\/blog\/colombia-logra-9-medallas-de-oro-en-la-golden-final-de-la-copa-del-mundo-de-natacion-con-aletas-cmas-2009\/","title":{"rendered":"\ud83c\udde8\ud83c\uddf4 Colombia logra 9 medallas de oro en la Golden Final de la Copa del Mundo de Nataci\u00f3n con Aletas CMAS 2009"},"content":{"rendered":"<p style=\"text-align: center;\"><a href=\"http:\/\/www.sportalsub.net\/blog\/2009\/09\/15\/colombia-logra-9-medallas-de-oro-en-la-golden-final-de-la-copa-del-mundo-de-natacion-con-aletas-cmas-2009\/\"><img loading=\"lazy\" decoding=\"async\" class=\"alignnone size-full wp-image-2744\" style=\"border: 0px;\" title=\"goldenfinal\" src=\"http:\/\/www.sportalsub.net\/blog\/wp-content\/uploads\/2009\/09\/goldenfinal.jpg\" alt=\"goldenfinal\" width=\"500\" height=\"215\" srcset=\"https:\/\/www.sportalsub.net\/blog\/wp-content\/uploads\/2009\/09\/goldenfinal.jpg 500w, https:\/\/www.sportalsub.net\/blog\/wp-content\/uploads\/2009\/09\/goldenfinal-300x129.jpg 300w\" sizes=\"auto, (max-width: 500px) 100vw, 500px\" \/><\/a><br \/>\nVictoria P\u00e9rez se consolid\u00f3 entre las mejores del mundo<\/p>\n<p style=\"text-align: justify;\">\u00a0Colombia tuvo un gran desempe\u00f1o en la\u00a0Golden Final de Nataci\u00f3n con Aletas realizada en Valencia, Espa\u00f1a, del 10 al 14 de septiembre,\u00a0al totalizar 9 medallas de oro, 3 de plata y 5 de bronce.\u00a0 Los deportistas m\u00e1s destacados por el pa\u00eds fueron los juveniles vallecaucanos Juan Fernando Ocampo y Grace Fern\u00e1ndez (Tiburones del Valle), al igual que la bogotana Alix Victoria P\u00e9rez (Cafam), al colgarse cada uno tres medallas de oro.<\/p>\n<p style=\"text-align: justify;\"><!--more--><\/p>\n<p>Por su parte, Mary \u00c1ngela Mej\u00eda (Cangrejos del Valle) obtuvo una plata y dos bronces; Kelly P\u00e9rez (Cafam de Bogot\u00e1) consigui\u00f3 una plata y el relevo de 4&#215;100 superficie del Club Nutrias, en la categor\u00eda juvenil masculina, aport\u00f3 la otra plata.<\/p>\n<p>Los bronce los ganaron Diego Herrera (2) y Hern\u00e1n Garc\u00eda (1). Otros hechos relevantes fueron las marcas nacionales de Alix P\u00e9rez en los 100 metros inmersi\u00f3n (38,66 segundos) y Grace Fern\u00e1ndez en los 50 metros superficie (18,56).<\/p>\n<p>Terminadas las siete rondas de la Copa Mundo Cmas, Juan F. Ocampo, Grace Fern\u00e1ndez y Alix P\u00e9rez ocupan el primer lugar en el escalaf\u00f3n mundial<\/p>\n<p>A nivel de clubes, el club Tiburones del Valle culmin\u00f3 en el cuarto puesto, mientras que el club CAFAM Bogot\u00e1 se coloc\u00f3 en el puesto 11, siendo los mejores clubes colombianos en el ranking 2009<\/p>\n<p><a href=\"http:\/\/www.cmasworldcup.org\/2009\/abgmw.php\" target=\"_blank\" rel=\"noopener noreferrer\" target=\"_blank\">Ranking Mundial Individual<\/a><\/p>\n<p><a href=\"http:\/\/www.cmasworldcup.org\/2009\/tall.php\" target=\"_blank\" rel=\"noopener noreferrer\" target=\"_blank\">Ranking Mundial por Clubes<\/a><\/p>\n","protected":false},"excerpt":{"rendered":"<p>Victoria P\u00e9rez se consolid\u00f3 entre las mejores del mundo \u00a0Colombia tuvo un gran desempe\u00f1o en la\u00a0Golden Final de Nataci\u00f3n con Aletas realizada en Valencia, Espa\u00f1a, del 10 al 14 de septiembre,\u00a0al totalizar 9 medallas de oro, 3 de plata y 5 de bronce.\u00a0 Los deportistas m\u00e1s destacados por el pa\u00eds fueron los juveniles vallecaucanos Juan Fernando Ocampo y Grace Fern\u00e1ndez [&#8230;]<\/p>\n","protected":false},"author":1,"featured_media":2744,"comment_status":"open","ping_status":"closed","sticky":false,"template":"","format":"standard","meta":{"_lmt_disableupdate":"","_lmt_disable":"","jetpack_post_was_ever_published":false,"_jetpack_newsletter_access":"","_jetpack_dont_email_post_to_subs":false,"_jetpack_newsletter_tier_id":0,"_jetpack_memberships_contains_paywalled_content":false,"_jetpack_memberships_contains_paid_content":false,"footnotes":"","jetpack_publicize_message":"","jetpack_publicize_feature_enabled":true,"jetpack_social_post_already_shared":false,"jetpack_social_options":{"image_generator_settings":{"template":"highway","default_image_id":0,"font":"","enabled":false},"version":2}},"categories":[148,3,141,120],"tags":[],"class_list":["post-2743","post","type-post","status-publish","format-standard","has-post-thumbnail","hentry","category-cmas-organizaciones","category-colombia","category-golden-final-copa-mundo-2009","category-resultados"],"modified_by":"Sportalsub.net","views":2550,"jetpack_publicize_connections":[],"jetpack_featured_media_url":"https:\/\/www.sportalsub.net\/blog\/wp-content\/uploads\/2009\/09\/goldenfinal.jpg","jetpack_sharing_enabled":true,"jetpack_shortlink":"https:\/\/wp.me\/pf9lN-If","jetpack_likes_enabled":false,"jetpack-related-posts":[{"id":2708,"url":"https:\/\/www.sportalsub.net\/blog\/resultados-de-la-golden-final-de-la-copa-del-mundo-de-natacion-con-aletas-2009-valencia-espana\/","url_meta":{"origin":2743,"position":0},"title":"\ud83c\uddea\ud83c\uddf8 Resultados de la Golden Final de la Copa del Mundo de Nataci\u00f3n con Aletas 2009. Valencia, Espa\u00f1a","author":"Sportalsub.net","date":"10 septiembre 2009","format":false,"excerpt":"Este jueves 10 de septiembre iniciaron las competencias Especial Sportalsub.net Sigue la actuaci\u00f3n de los deportistas hispanoamericanos en la Golden Final de la IV Copa del Mundo de Nataci\u00f3n con Aletas interclubes que se realiza desde este jueves 10 de octubre hasta el s\u00e1bado 12 en Valencia, Espa\u00f1a. Los atletas\u2026","rel":"","context":"En \u00abCMAS\u00bb","block_context":{"text":"CMAS","link":"https:\/\/www.sportalsub.net\/blog\/category\/mas\/organizaciones\/cmas-organizaciones\/"},"img":{"alt_text":"","src":"https:\/\/i0.wp.com\/www.sportalsub.net\/blog\/wp-content\/uploads\/2013\/11\/0009.jpg?resize=350%2C200&ssl=1","width":350,"height":200,"srcset":"https:\/\/i0.wp.com\/www.sportalsub.net\/blog\/wp-content\/uploads\/2013\/11\/0009.jpg?resize=350%2C200&ssl=1 1x, https:\/\/i0.wp.com\/www.sportalsub.net\/blog\/wp-content\/uploads\/2013\/11\/0009.jpg?resize=525%2C300&ssl=1 1.5x"},"classes":[]},{"id":2726,"url":"https:\/\/www.sportalsub.net\/blog\/resultados-de-la-2da-jornada-de-la-golden-final-de-la-copa-del-mundo-de-natacion-con-aletas-2009-valencia-espana\/","url_meta":{"origin":2743,"position":1},"title":"\ud83c\uddea\ud83c\uddf8 Resultados de la 2da Jornada de la Golden Final de la Copa del Mundo de Nataci\u00f3n con Aletas 2009. Valencia, Espa\u00f1a","author":"Sportalsub.net","date":"11 septiembre 2009","format":false,"excerpt":"Este viernes 11 de septiembre se realizaron las pruebas finales en piscina de la Golden Final de la IV Copa del Mundo de Nataci\u00f3n con Aletas interclubes que se realiza desde este jueves 10 de octubre hasta el s\u00e1bado 12 en Valencia, Espa\u00f1a. Sportalsub.net trae los resultados y rese\u00f1a de\u2026","rel":"","context":"En \u00abCMAS\u00bb","block_context":{"text":"CMAS","link":"https:\/\/www.sportalsub.net\/blog\/category\/mas\/organizaciones\/cmas-organizaciones\/"},"img":{"alt_text":"","src":"https:\/\/i0.wp.com\/www.sportalsub.net\/blog\/wp-content\/uploads\/2013\/11\/0027.jpg?resize=350%2C200&ssl=1","width":350,"height":200,"srcset":"https:\/\/i0.wp.com\/www.sportalsub.net\/blog\/wp-content\/uploads\/2013\/11\/0027.jpg?resize=350%2C200&ssl=1 1x, https:\/\/i0.wp.com\/www.sportalsub.net\/blog\/wp-content\/uploads\/2013\/11\/0027.jpg?resize=525%2C300&ssl=1 1.5x"},"classes":[]},{"id":16125,"url":"https:\/\/www.sportalsub.net\/blog\/viii-copa-mundo-natacion-con-aletas-cmas-golden-final-2013-suiza\/","url_meta":{"origin":2743,"position":2},"title":"\ud83c\udde8\ud83c\udded Resultados VIII Copa Mundo Nataci\u00f3n con Aletas CMAS \u2013 Golden Final 2013 \u2013 Suiza","author":"Sportalsub.net","date":"1 octubre 2013","format":false,"excerpt":"(Especial Sportalsub.net \/ SUSV\/ Club Dauphins \/ CMAS\/ Finswimmer) Del 27 al 30 al \u00a0de septiembre se reali\u00f3 en Ginebra, Suiza la Ronda Final o Golden Final de la Copa del Mundo de Nataci\u00f3n con Aletas CMAS 2013, que incluy\u00f3 las pruebas de piscina y larga distancia. Colombia tuvo participaci\u00f3n\u2026","rel":"","context":"En \u00abColombia\u00bb","block_context":{"text":"Colombia","link":"https:\/\/www.sportalsub.net\/blog\/category\/paises\/america\/colombia\/"},"img":{"alt_text":"","src":"https:\/\/i0.wp.com\/www.sportalsub.net\/blog\/wp-content\/uploads\/2013\/09\/golden-final-2013.jpg?resize=350%2C200&ssl=1","width":350,"height":200,"srcset":"https:\/\/i0.wp.com\/www.sportalsub.net\/blog\/wp-content\/uploads\/2013\/09\/golden-final-2013.jpg?resize=350%2C200&ssl=1 1x, https:\/\/i0.wp.com\/www.sportalsub.net\/blog\/wp-content\/uploads\/2013\/09\/golden-final-2013.jpg?resize=525%2C300&ssl=1 1.5x"},"classes":[]},{"id":5907,"url":"https:\/\/www.sportalsub.net\/blog\/resultados-de-la-6ta-ronda-v-copa-mundo-de-natacion-con-aletas-cmas-bogota-colombia\/","url_meta":{"origin":2743,"position":3},"title":"\ud83c\udde8\ud83c\uddf4 Resultados de la 6ta Ronda V Copa Mundo de Nataci\u00f3n con Aletas CMAS. Bogot\u00e1, Colombia","author":"Sportalsub.net","date":"18 agosto 2010","format":false,"excerpt":"Anny Trejos, Alix Victoria P\u00e9rez y Ana Mar\u00eda Cifuentes Foto: Andr\u00e9s Valderrama - CAFAM (Especial Sportalsub.net) El pasado fin de semana 14 y 15 de agosto, se realiz\u00f3 en la capital de Colombia, Bogot\u00e1 la 6ta Ronda de la V Copa Mundo de Nataci\u00f3n con Aletas de Nataci\u00f3n con Aletas\u2026","rel":"","context":"En \u00abCMAS\u00bb","block_context":{"text":"CMAS","link":"https:\/\/www.sportalsub.net\/blog\/category\/mas\/organizaciones\/cmas-organizaciones\/"},"img":{"alt_text":"","src":"https:\/\/i0.wp.com\/www.sportalsub.net\/blog\/wp-content\/uploads\/2010\/08\/copamundo.jpg?resize=350%2C200&ssl=1","width":350,"height":200,"srcset":"https:\/\/i0.wp.com\/www.sportalsub.net\/blog\/wp-content\/uploads\/2010\/08\/copamundo.jpg?resize=350%2C200&ssl=1 1x, https:\/\/i0.wp.com\/www.sportalsub.net\/blog\/wp-content\/uploads\/2010\/08\/copamundo.jpg?resize=525%2C300&ssl=1 1.5x"},"classes":[]},{"id":2013,"url":"https:\/\/www.sportalsub.net\/blog\/6ta-ronda-de-la-iv-copa-mundo-de-natacion-con-aletas-cmas-2009\/","url_meta":{"origin":2743,"position":4},"title":"\ud83c\udde8\ud83c\udded 6ta Ronda de la IV Copa Mundo de Nataci\u00f3n con Aletas CMAS 2009","author":"Sportalsub.net","date":"1 mayo 2009","format":false,"excerpt":"Foto: TicinoOnline Este viernes 1 de mayo, inici\u00f3 en Tenero, Suiza, la 6ta Ronda de la IV Copa del Mundo de Nataci\u00f3n con Aletas CMAS, en la cual los deportistas colombianos cumplieron una destacada actuaci\u00f3n en las 2 primeras jornadas, sumando varias medallas para sus respectivos clubes. Gracias a la\u2026","rel":"","context":"En \u00abColombia\u00bb","block_context":{"text":"Colombia","link":"https:\/\/www.sportalsub.net\/blog\/category\/paises\/america\/colombia\/"},"img":{"alt_text":"","src":"https:\/\/i0.wp.com\/www.sportalsub.net\/blog\/wp-content\/uploads\/2009\/05\/copamundosuiza.jpg?resize=350%2C200&ssl=1","width":350,"height":200},"classes":[]},{"id":22540,"url":"https:\/\/www.sportalsub.net\/blog\/tomsk-2016","url_meta":{"origin":2743,"position":5},"title":"\ud83c\uddf7\ud83c\uddfa Resultados Finales &#8211; Golden Final Copa Mundo CMAS Nataci\u00f3n con Aletas 2016 Tomsk, Rusia","author":"Sportalsub.net","date":"12 septiembre 2016","format":false,"excerpt":"(Sportalsub.net \/ CMAS \/ World Cup Final 2016) - Read in English La Golden Final de la Copa Mundo de Nataci\u00f3n con Aletas CMAS 2016 se realiz\u00f3 en la ciudad de Tomsk, Rusia, del 9 al 11 de septiembre, con la participaci\u00f3n de clubes y deportistas de diferentes pa\u00edses y\u2026","rel":"","context":"En \u00abColombia\u00bb","block_context":{"text":"Colombia","link":"https:\/\/www.sportalsub.net\/blog\/category\/paises\/america\/colombia\/"},"img":{"alt_text":"","src":"https:\/\/i0.wp.com\/www.sportalsub.net\/blog\/wp-content\/uploads\/2016\/09\/cmasworldcup3.jpg?resize=350%2C200&ssl=1","width":350,"height":200,"srcset":"https:\/\/i0.wp.com\/www.sportalsub.net\/blog\/wp-content\/uploads\/2016\/09\/cmasworldcup3.jpg?resize=350%2C200&ssl=1 1x, https:\/\/i0.wp.com\/www.sportalsub.net\/blog\/wp-content\/uploads\/2016\/09\/cmasworldcup3.jpg?resize=525%2C300&ssl=1 1.5x, https:\/\/i0.wp.com\/www.sportalsub.net\/blog\/wp-content\/uploads\/2016\/09\/cmasworldcup3.jpg?resize=700%2C400&ssl=1 2x, https:\/\/i0.wp.com\/www.sportalsub.net\/blog\/wp-content\/uploads\/2016\/09\/cmasworldcup3.jpg?resize=1050%2C600&ssl=1 3x"},"classes":[]}],"_links":{"self":[{"href":"https:\/\/www.sportalsub.net\/blog\/wp-json\/wp\/v2\/posts\/2743","targetHints":{"allow":["GET"]}}],"collection":[{"href":"https:\/\/www.sportalsub.net\/blog\/wp-json\/wp\/v2\/posts"}],"about":[{"href":"https:\/\/www.sportalsub.net\/blog\/wp-json\/wp\/v2\/types\/post"}],"author":[{"embeddable":true,"href":"https:\/\/www.sportalsub.net\/blog\/wp-json\/wp\/v2\/users\/1"}],"replies":[{"embeddable":true,"href":"https:\/\/www.sportalsub.net\/blog\/wp-json\/wp\/v2\/comments?post=2743"}],"version-history":[{"count":0,"href":"https:\/\/www.sportalsub.net\/blog\/wp-json\/wp\/v2\/posts\/2743\/revisions"}],"wp:featuredmedia":[{"embeddable":true,"href":"https:\/\/www.sportalsub.net\/blog\/wp-json\/wp\/v2\/media\/2744"}],"wp:attachment":[{"href":"https:\/\/www.sportalsub.net\/blog\/wp-json\/wp\/v2\/media?parent=2743"}],"wp:term":[{"taxonomy":"category","embeddable":true,"href":"https:\/\/www.sportalsub.net\/blog\/wp-json\/wp\/v2\/categories?post=2743"},{"taxonomy":"post_tag","embeddable":true,"href":"https:\/\/www.sportalsub.net\/blog\/wp-json\/wp\/v2\/tags?post=2743"}],"curies":[{"name":"wp","href":"https:\/\/api.w.org\/{rel}","templated":true}]}}