{"id":2753,"date":"2009-09-15T11:41:15","date_gmt":"2009-09-15T16:11:15","guid":{"rendered":"http:\/\/www.sportalsub.net\/blog\/?p=2753"},"modified":"2019-08-31T19:56:20","modified_gmt":"2019-08-31T23:56:20","slug":"conferencia-de-medicina-subacuatica-en-monagas-venezuela","status":"publish","type":"post","link":"https:\/\/www.sportalsub.net\/blog\/conferencia-de-medicina-subacuatica-en-monagas-venezuela\/","title":{"rendered":"\ud83c\uddfb\ud83c\uddea Conferencia de Medicina Subacu\u00e1tica en Monagas, Venezuela"},"content":{"rendered":"<p style=\"text-align: center;\"><a href=\"http:\/\/www.sportalsub.net\/blog\/2009\/09\/15\/conferencia-de-medicina-subacuatica-en-monagas-venezuela\/\"><img decoding=\"async\" class=\"alignnone\" style=\"border: 0px;\" src=\"http:\/\/photos-d.ak.fbcdn.net\/hphotos-ak-snc1\/hs280.snc1\/10725_1223161665860_1433539642_656331_4809012_n.jpg\" alt=\"\" width=\"250\" \/><\/a><\/p>\n<p style=\"text-align: justify;\"><strong>Nueva Fecha: 3 de Octubr<\/strong>e<br \/>\nLa Conferencia pautada para el s\u00e1bado 20 de septiembre a partir de las 8am,\u00a0en el auditorio del Instituto de Deportes del Estado Monagas, con la organizaci\u00f3n de la Asociaci\u00f3n de Actividades Subacu\u00e1ticas de esa entidad,\u00a0 donde se realizar\u00e1 el Congreso de Medicina Subacu\u00e1tica, dictado por la Organizaci\u00f3n Hiperb\u00e1ricas de Venezuela y con el T\u00e9cnico Lenin Aponcio y el Dr. Pedro Rojas como ponentes ha sido reprogramada para el s\u00e1bado 3 de octubre<\/p>\n<p style=\"text-align: justify;\"><!--more--><\/p>\n<p style=\"text-align: justify;\">Programa:<br \/>\n1. HISTORIA DE LA CAMARA HIPERB\u00c1RICA Y USOS.<br \/>\n2. PREVENCI\u00d3N Y ATENCI\u00d3N EN LAS ACTIVIDADES SUBACU\u00c1TICAS.<br \/>\n3. MEDICINA HIPERB\u00c1RICA COMO CIENCIA APLICADA AL DEPORTE:<br \/>\na. Tratamiento y rehabilitaci\u00f3n de lesiones causadas en la practica deportiva.<br \/>\nb. Preparaci\u00f3n y acondicionamiento de atletas en la oxigenoterapia hiperb\u00e1rica.<br \/>\nPRODUCCI\u00d3N Y RECICLAJE &#8211; DR. HERNAN PAPATERRA<br \/>\n4. CONSERVACI\u00d3N, MANTENIMIENTO DE MARES Y PLAYAS<\/p>\n<p>M\u00e1s Informaci\u00f3n:<br \/>\n<a href=\"http:\/\/www.facebook.com\/event.php?eid=246114810095&amp;index=1\" target=\"_blank\" rel=\"noopener noreferrer\" target=\"_blank\">http:\/\/www.facebook.com\/event.php?eid=246114810095&amp;index=1<\/a><\/p>\n","protected":false},"excerpt":{"rendered":"<p>Nueva Fecha: 3 de Octubre La Conferencia pautada para el s\u00e1bado 20 de septiembre a partir de las 8am,\u00a0en el auditorio del Instituto de Deportes del Estado Monagas, con la organizaci\u00f3n de la Asociaci\u00f3n de Actividades Subacu\u00e1ticas de esa entidad,\u00a0 donde se realizar\u00e1 el Congreso de Medicina Subacu\u00e1tica, dictado por la Organizaci\u00f3n Hiperb\u00e1ricas de Venezuela y con el T\u00e9cnico Lenin [&#8230;]<\/p>\n","protected":false},"author":1,"featured_media":16515,"comment_status":"open","ping_status":"closed","sticky":false,"template":"","format":"standard","meta":{"_lmt_disableupdate":"","_lmt_disable":"","jetpack_post_was_ever_published":false,"_jetpack_newsletter_access":"","_jetpack_dont_email_post_to_subs":false,"_jetpack_newsletter_tier_id":0,"_jetpack_memberships_contains_paywalled_content":false,"_jetpack_memberships_contains_paid_content":false,"footnotes":"","jetpack_publicize_message":"","jetpack_publicize_feature_enabled":true,"jetpack_social_post_already_shared":false,"jetpack_social_options":{"image_generator_settings":{"template":"highway","default_image_id":0,"font":"","enabled":false},"version":2}},"categories":[142,8],"tags":[],"class_list":["post-2753","post","type-post","status-publish","format-standard","has-post-thumbnail","hentry","category-medicina-subacuatica","category-venezuela"],"modified_by":"Sportalsub.net","views":4266,"jetpack_publicize_connections":[],"jetpack_featured_media_url":"https:\/\/www.sportalsub.net\/blog\/wp-content\/uploads\/2013\/11\/10725_1223161665860_1433539642_656331_4809012_n.jpg","jetpack_sharing_enabled":true,"jetpack_shortlink":"https:\/\/wp.me\/pf9lN-Ip","jetpack_likes_enabled":false,"jetpack-related-posts":[{"id":45422,"url":"https:\/\/www.sportalsub.net\/blog\/i-jornadas-on-line-de-medicina-subacuatica-e-hiperbarica-organizadas-por-fedas-espana\/","url_meta":{"origin":2753,"position":0},"title":"\ud83c\uddea\ud83c\uddf8 I Jornadas On-Line de Medicina Subacu\u00e1tica e Hiperb\u00e1rica organizadas por FEDAS Espa\u00f1a","author":"Sportalsub.net","date":"4 mayo 2021","format":false,"excerpt":"(Sportalsub.net \/ FEDAS) La Federaci\u00f3n Espa\u00f1ola de Actividades Subacu\u00e1ticas organiza las I Jornadas On-Line de Medicina Subacu\u00e1tica e Hiperb\u00e1rica a realizarse en idioma espa\u00f1ol. Las 1as. Jornadas On Line de Medicina Subacu\u00e1tica e Hiperb\u00e1rica para instructores de buceo y apnea FEDAS-CMAS ser\u00e1n dirigidas por el Departamento M\u00e9dico de la FEDAS,\u2026","rel":"","context":"En \u00abApnea\u00bb","block_context":{"text":"Apnea","link":"https:\/\/www.sportalsub.net\/blog\/category\/modalidades\/apnea\/"},"img":{"alt_text":"","src":"https:\/\/i0.wp.com\/www.sportalsub.net\/blog\/wp-content\/uploads\/2021\/05\/medicinasubacuaticafedas.jpg?resize=350%2C200&ssl=1","width":350,"height":200,"srcset":"https:\/\/i0.wp.com\/www.sportalsub.net\/blog\/wp-content\/uploads\/2021\/05\/medicinasubacuaticafedas.jpg?resize=350%2C200&ssl=1 1x, https:\/\/i0.wp.com\/www.sportalsub.net\/blog\/wp-content\/uploads\/2021\/05\/medicinasubacuaticafedas.jpg?resize=525%2C300&ssl=1 1.5x, https:\/\/i0.wp.com\/www.sportalsub.net\/blog\/wp-content\/uploads\/2021\/05\/medicinasubacuaticafedas.jpg?resize=700%2C400&ssl=1 2x"},"classes":[]},{"id":12665,"url":"https:\/\/www.sportalsub.net\/blog\/austriaco-herbert-nitsch-falla-en-intento-de-record-mundial-y-es-tratado-en-camara-hiperbarica\/","url_meta":{"origin":2753,"position":1},"title":"\ud83c\udde6\ud83c\uddf9 Austr\u00edaco Herbert Nitsch falla en intento de R\u00e9cord Mundial de apnea y es tratado en c\u00e1mara hiperb\u00e1rica","author":"Sportalsub.net","date":"6 junio 2012","format":false,"excerpt":"(Especial Sportalsub.net) El Austriaco\u00a0Herbert Nitsch\u00a0recibe tratamiento en una c\u00e1mara hiberb\u00e1rica en Atenas, despues de fallar este jueves 6 de junio en su intento de Record de No limits de -244m en Santorini (Grecia). Herbert regres\u00f3 a los 4 min 20 seg a la superficie conciente, cumplio su protocolo de seguridad\u2026","rel":"","context":"En \u00abApnea\u00bb","block_context":{"text":"Apnea","link":"https:\/\/www.sportalsub.net\/blog\/category\/modalidades\/apnea\/"},"img":{"alt_text":"","src":"https:\/\/i0.wp.com\/www.sportalsub.net\/blog\/wp-content\/uploads\/2012\/06\/ntisch.jpg?resize=350%2C200&ssl=1","width":350,"height":200,"srcset":"https:\/\/i0.wp.com\/www.sportalsub.net\/blog\/wp-content\/uploads\/2012\/06\/ntisch.jpg?resize=350%2C200&ssl=1 1x, https:\/\/i0.wp.com\/www.sportalsub.net\/blog\/wp-content\/uploads\/2012\/06\/ntisch.jpg?resize=525%2C300&ssl=1 1.5x"},"classes":[]},{"id":10574,"url":"https:\/\/www.sportalsub.net\/blog\/actividades-subacuaticas-presentes-en-el-vi-congreso-nacional-de-educacion-fisica-y-recreacion-de-venezuela\/","url_meta":{"origin":2753,"position":2},"title":"\ud83c\uddfb\ud83c\uddea Actividades Subacu\u00e1ticas presentes en el VI Congreso Nacional de Educaci\u00f3n F\u00edsica y Recreaci\u00f3n de Venezuela","author":"Sportalsub.net","date":"20 agosto 2011","format":false,"excerpt":"(Especial Sportalsub.net) El pasado 30 de junio hasta el 2 de julio 2011 se realizo el\u00a0VI CONGRESO NACIONAL DE EDUCACI\u00d3N F\u00cdSICA Y RECREACI\u00d3N. Gracias a la organizaci\u00f3n de la Fundaci\u00f3n para el Deporte, Recreaci\u00f3n y Educaci\u00f3n F\u00edsica (FUNDADREF) bajo direcci\u00f3n del Lic. Efr\u00e9n Ruiz y Lic. Jos\u00e9 Reyes. La Nueva\u2026","rel":"","context":"En \u00abApnea\u00bb","block_context":{"text":"Apnea","link":"https:\/\/www.sportalsub.net\/blog\/category\/modalidades\/apnea\/"},"img":{"alt_text":"","src":"https:\/\/i0.wp.com\/www.sportalsub.net\/blog\/wp-content\/uploads\/2011\/08\/congreso1.jpg?resize=350%2C200&ssl=1","width":350,"height":200,"srcset":"https:\/\/i0.wp.com\/www.sportalsub.net\/blog\/wp-content\/uploads\/2011\/08\/congreso1.jpg?resize=350%2C200&ssl=1 1x, https:\/\/i0.wp.com\/www.sportalsub.net\/blog\/wp-content\/uploads\/2011\/08\/congreso1.jpg?resize=525%2C300&ssl=1 1.5x, https:\/\/i0.wp.com\/www.sportalsub.net\/blog\/wp-content\/uploads\/2011\/08\/congreso1.jpg?resize=700%2C400&ssl=1 2x"},"classes":[]},{"id":5317,"url":"https:\/\/www.sportalsub.net\/blog\/aspectos-medicos-relacionados-a-las-lesiones-producidas-por-el-pez-leon\/","url_meta":{"origin":2753,"position":3},"title":"\ud83c\udde8\ud83c\uddfa Aspectos m\u00e9dicos relacionados a las lesiones producidas por el pez le\u00f3n","author":"Sportalsub.net","date":"16 junio 2010","format":false,"excerpt":"Recientemente, ha tomado mucho protagonismo en los medios y en la poblaci\u00f3n, lo relacionado a las lesiones que puede causar el pez le\u00f3n, debido a la introducci\u00f3n de esta especie en los ecosistemas marinos, principalmente en las aguas del caribe, con este interesante art\u00edculo enviado por nuestro amigo el Dr.\u2026","rel":"","context":"En \u00abCuba\u00bb","block_context":{"text":"Cuba","link":"https:\/\/www.sportalsub.net\/blog\/category\/paises\/america\/cuba\/"},"img":{"alt_text":"","src":"https:\/\/i0.wp.com\/www.sportalsub.net\/blog\/wp-content\/uploads\/2010\/06\/pezleonbrunet.jpg?resize=350%2C200&ssl=1","width":350,"height":200},"classes":[]},{"id":41422,"url":"https:\/\/www.sportalsub.net\/blog\/covid-19-y-buceo-especificidades-y-recomendaciones","url_meta":{"origin":2753,"position":4},"title":"\ud83c\uddea\ud83c\uddf8 Covid-19 y Buceo. Especificidades y recomendaciones por Agust\u00ed Ruiz, Director M\u00e9dico de la FEDAS","author":"Sportalsub.net","date":"27 septiembre 2020","format":false,"excerpt":"(Sportalsub.net \/ FEDAS) Gracias a la Federaci\u00f3n Espa\u00f1ola de Actividades Subacu\u00e1ticas (FEDAS) publicamos un nuevo art\u00edculo, escrito por el El Dr. Agust\u00ed Ruiz, director m\u00e9dico de FEDAS, quien da especificidades y recomendaciones en clave m\u00e9dica para buceadores, en el contexto de la actual pandemia. Las fuentes de referencia de su\u2026","rel":"","context":"En \u00abBuceo\u00bb","block_context":{"text":"Buceo","link":"https:\/\/www.sportalsub.net\/blog\/category\/modalidades\/buceo-2\/"},"img":{"alt_text":"","src":"https:\/\/i0.wp.com\/www.sportalsub.net\/blog\/wp-content\/uploads\/2020\/09\/covid19ybuceo.jpg?resize=350%2C200&ssl=1","width":350,"height":200,"srcset":"https:\/\/i0.wp.com\/www.sportalsub.net\/blog\/wp-content\/uploads\/2020\/09\/covid19ybuceo.jpg?resize=350%2C200&ssl=1 1x, https:\/\/i0.wp.com\/www.sportalsub.net\/blog\/wp-content\/uploads\/2020\/09\/covid19ybuceo.jpg?resize=525%2C300&ssl=1 1.5x, https:\/\/i0.wp.com\/www.sportalsub.net\/blog\/wp-content\/uploads\/2020\/09\/covid19ybuceo.jpg?resize=700%2C400&ssl=1 2x"},"classes":[]},{"id":5323,"url":"https:\/\/www.sportalsub.net\/blog\/1ra-jornada-de-cursos-y-conferencias-de-actividades-subacuaticas-ubv-2010\/","url_meta":{"origin":2753,"position":5},"title":"\ud83c\uddfb\ud83c\uddea 1ra Jornada de Cursos y Conferencias de Actividades Subacu\u00e1ticas UBV 2010","author":"Sportalsub.net","date":"17 junio 2010","format":false,"excerpt":"Del 25 al 27 de junio se realizar\u00e1 en la sede de la Universidad Bolivariana de Venezuela, Los Chaguaramos, Caracas, Distrito Capital la 1ra Jornada de Cursos y Conferencias de Actividades Subacu\u00e1ticas UBV 2010. Conferencias de Medicina Subacu\u00e1tico, Salvamento y Rescate Subacu\u00e1tico, Cursos y Talleres para Jueces Deportivos y Personal\u2026","rel":"","context":"En \u00abApnea\u00bb","block_context":{"text":"Apnea","link":"https:\/\/www.sportalsub.net\/blog\/category\/modalidades\/apnea\/"},"img":{"alt_text":"","src":"https:\/\/i0.wp.com\/www.sportalsub.net\/blog\/wp-content\/uploads\/2013\/11\/jornadas.jpg?resize=350%2C200&ssl=1","width":350,"height":200},"classes":[]}],"_links":{"self":[{"href":"https:\/\/www.sportalsub.net\/blog\/wp-json\/wp\/v2\/posts\/2753","targetHints":{"allow":["GET"]}}],"collection":[{"href":"https:\/\/www.sportalsub.net\/blog\/wp-json\/wp\/v2\/posts"}],"about":[{"href":"https:\/\/www.sportalsub.net\/blog\/wp-json\/wp\/v2\/types\/post"}],"author":[{"embeddable":true,"href":"https:\/\/www.sportalsub.net\/blog\/wp-json\/wp\/v2\/users\/1"}],"replies":[{"embeddable":true,"href":"https:\/\/www.sportalsub.net\/blog\/wp-json\/wp\/v2\/comments?post=2753"}],"version-history":[{"count":0,"href":"https:\/\/www.sportalsub.net\/blog\/wp-json\/wp\/v2\/posts\/2753\/revisions"}],"wp:featuredmedia":[{"embeddable":true,"href":"https:\/\/www.sportalsub.net\/blog\/wp-json\/wp\/v2\/media\/16515"}],"wp:attachment":[{"href":"https:\/\/www.sportalsub.net\/blog\/wp-json\/wp\/v2\/media?parent=2753"}],"wp:term":[{"taxonomy":"category","embeddable":true,"href":"https:\/\/www.sportalsub.net\/blog\/wp-json\/wp\/v2\/categories?post=2753"},{"taxonomy":"post_tag","embeddable":true,"href":"https:\/\/www.sportalsub.net\/blog\/wp-json\/wp\/v2\/tags?post=2753"}],"curies":[{"name":"wp","href":"https:\/\/api.w.org\/{rel}","templated":true}]}}