{"id":27618,"date":"2018-04-25T05:57:58","date_gmt":"2018-04-25T09:57:58","guid":{"rendered":"http:\/\/www.sportalsub.net\/blog\/?p=27618"},"modified":"2019-08-31T21:28:06","modified_gmt":"2019-09-01T01:28:06","slug":"curso-de-juez-internacional-de-apnea-cmas-zona-america-abril-2018-santa-marta-colombia","status":"publish","type":"post","link":"https:\/\/www.sportalsub.net\/blog\/curso-juez-apnea-cmas-colombia-2018","title":{"rendered":"\ud83c\udde8\ud83c\uddf4 Culmin\u00f3 con \u00e9xito Curso de Juez Internacional de Apnea CMAS \u2013 Zona Am\u00e9rica en Santa Marta, Colombia"},"content":{"rendered":"<p><img loading=\"lazy\" decoding=\"async\" class=\"alignnone size-full wp-image-27960\" src=\"http:\/\/www.sportalsub.net\/blog\/wp-content\/uploads\/2018\/04\/0ba202a5-f3a4-4833-ac07-e45a21fd9863.jpg\" alt=\"\" width=\"1600\" height=\"777\" srcset=\"https:\/\/www.sportalsub.net\/blog\/wp-content\/uploads\/2018\/04\/0ba202a5-f3a4-4833-ac07-e45a21fd9863.jpg 1600w, https:\/\/www.sportalsub.net\/blog\/wp-content\/uploads\/2018\/04\/0ba202a5-f3a4-4833-ac07-e45a21fd9863-300x146.jpg 300w, https:\/\/www.sportalsub.net\/blog\/wp-content\/uploads\/2018\/04\/0ba202a5-f3a4-4833-ac07-e45a21fd9863-768x373.jpg 768w, https:\/\/www.sportalsub.net\/blog\/wp-content\/uploads\/2018\/04\/0ba202a5-f3a4-4833-ac07-e45a21fd9863-1024x497.jpg 1024w\" sizes=\"auto, (max-width: 1600px) 100vw, 1600px\" \/><\/p>\n<p>(Sportalsub.net \/ FEDECAS \/ CMAS Zona Am\u00e9rica)<\/p>\n<p>Culmin\u00f3 con \u00e9xito la capacitaci\u00f3n internacional de jueces CMAS de Apnea Indoor a cargo del director de la comisi\u00f3n t\u00e9cnica de Apnea CMAS Levent Ucuzal, del 19 al 22 de abril en Santa Marta.\u00a0Con la participaci\u00f3n de 22 personas de 4 pa\u00edses Chile, Ecuador, USA y Colombia.<\/p>\n<p><em>El curso te\u00f3rico se realiz\u00f3 del 19 al 20 de abril de 2018 y el pr\u00e1ctico del 20 al 22.<\/em><\/p>\n<p>Con las primeras clases te\u00f3ricas en el complejo acu\u00e1tico Vida inici\u00f3 el Curso de Juez Internacional de Apnea Zona Am\u00e9rica, organizado por la Confederaci\u00f3n Mundial de Actividades Subacu\u00e1ticas CMAS y delegado a la Federaci\u00f3n Colombiana de Actividades Subacu\u00e1ticas, Fedecas.<\/p>\n<p>Este curso te\u00f3rico y pr\u00e1ctico cont\u00f3 con cerca de 22 participantes de diferentes regiones del pa\u00eds y estuvo dirigido a todos los pa\u00edses afiliados a CMAS Zona Am\u00e9rica interesados en formar jueces capacitados internacionalmente en esta modalidad.<\/p>\n<p>William Pe\u00f1a, presidente de CMAS Zona Am\u00e9rica y de la Federaci\u00f3n Colombiana de Actividades Subacu\u00e1ticas, fue una de las autoridades del curso que finaliz\u00f3 el pasado domingo cuando se entregaron los premios y certificaciones. \u00a0Le acompa\u00f1aron Walter Roldan Reyes, secretario de la Federaci\u00f3n Colombiana de Actividades Subacu\u00e1ticas y coordinador de la Organizaci\u00f3n; el director t\u00e9cnico Levent Ucuzal, Juez internacional CMAS y Director de la Comisi\u00f3n T\u00e9cnica de Apnea CMAS y designado por CMAS.<\/p>\n<p>La capacitaci\u00f3n se desarroll\u00f3 durante las competencias del \u201cVXII Campeonato Nacional Interclubes de Apnea en Aguas Confinadas con Invitaci\u00f3n Internacional\u201d.<\/p>\n<p>El Curso Internacional de Juez de Apnea CMAS se llev\u00f3 a cabo en formato de curso te\u00f3rico (sal\u00f3n de Clases) y curso pr\u00e1ctico en piscina. En la parte te\u00f3rica se abarcaron todos los detalles de las reglas y procedimientos de competencias de Apnea CMAS; mientras que en la parte pr\u00e1ctica se realiz\u00f3 durante el VXII Campeonato Nacional Interclubes de Apnea en Aguas Confinadas con Invitaci\u00f3n Internacional. Al aprobar el Curso Internacional de Apnea CMAS se otorgaron Certificados de Juez de Apnea Regional, Nacional e Internacional. Los mejores participantes fueron aceptados como asistentes del juez principal en las competencias del campeonato.<\/p>\n<blockquote><p><em>El instructor sigui\u00f3 a los candidatos a jueces-(CJs) en todas las fases, y le\u00a0<\/em><em>correspondi\u00f3 a \u00e9l realizar examen verbal o escrito para ellos y al final del proceso te\u00f3rico y pr\u00e1ctico, el instructor propondr\u00e1 qui\u00e9n ha tenido \u00e9xito en el curso como Juez Internacional para la aprobaci\u00f3n Del \u00d3rgano de Administraci\u00f3n de CMAS<\/em><\/p><\/blockquote>\n<p>De esta manera culmina con \u00e9xito la capacitaci\u00f3n internacional CMAS de Juzgamiento en Apnea, gracias a la secretar\u00eda de deportes, a su director Edgar Martinez y a su coordinadora de escenarios Paola Bohada.\u00a0Agradecimiento al juez internacional Levent Ucuzal.<\/p>\n<div id=\"gallery-1\" class=\"gallery galleryid-1538 gallery-columns-3 gallery-size-thumbnail\">\n<figure class=\"gallery-item\">\n<div class=\"gallery-icon landscape\"><a href=\"http:\/\/www.cmasamerica.org\/wp-content\/uploads\/2018\/04\/0ba202a5-f3a4-4833-ac07-e45a21fd9863.jpg\"class=\"fancybox\"  rel=\"fancybox\" target=\"_blank\"><img loading=\"lazy\" decoding=\"async\" class=\"attachment-thumbnail size-thumbnail\" src=\"http:\/\/www.cmasamerica.org\/wp-content\/uploads\/2018\/04\/0ba202a5-f3a4-4833-ac07-e45a21fd9863-150x150.jpg\" sizes=\"auto, (max-width: 150px) 100vw, 150px\" srcset=\"http:\/\/www.cmasamerica.org\/wp-content\/uploads\/2018\/04\/0ba202a5-f3a4-4833-ac07-e45a21fd9863-150x150.jpg 150w, http:\/\/www.cmasamerica.org\/wp-content\/uploads\/2018\/04\/0ba202a5-f3a4-4833-ac07-e45a21fd9863-70x70.jpg 70w\" alt=\"\" width=\"150\" height=\"150\" \/><\/a><\/div>\n<\/figure>\n<figure class=\"gallery-item\">\n<div class=\"gallery-icon portrait\"><a href=\"http:\/\/www.cmasamerica.org\/wp-content\/uploads\/2018\/04\/86b701be-ad07-41a0-8c8e-3594692931cf.jpg\"class=\"fancybox\"  rel=\"fancybox\" target=\"_blank\"><img loading=\"lazy\" decoding=\"async\" class=\"attachment-thumbnail size-thumbnail\" src=\"http:\/\/www.cmasamerica.org\/wp-content\/uploads\/2018\/04\/86b701be-ad07-41a0-8c8e-3594692931cf-150x150.jpg\" sizes=\"auto, (max-width: 150px) 100vw, 150px\" srcset=\"http:\/\/www.cmasamerica.org\/wp-content\/uploads\/2018\/04\/86b701be-ad07-41a0-8c8e-3594692931cf-150x150.jpg 150w, http:\/\/www.cmasamerica.org\/wp-content\/uploads\/2018\/04\/86b701be-ad07-41a0-8c8e-3594692931cf-70x70.jpg 70w\" alt=\"\" width=\"150\" height=\"150\" \/><\/a><\/div>\n<\/figure>\n<figure class=\"gallery-item\">\n<div class=\"gallery-icon portrait\"><a href=\"http:\/\/www.cmasamerica.org\/wp-content\/uploads\/2018\/04\/26121022-a795-4e04-b968-297c8dd6f71f.jpg\"class=\"fancybox\"  rel=\"fancybox\" target=\"_blank\"><img loading=\"lazy\" decoding=\"async\" class=\"attachment-thumbnail size-thumbnail\" src=\"http:\/\/www.cmasamerica.org\/wp-content\/uploads\/2018\/04\/26121022-a795-4e04-b968-297c8dd6f71f-150x150.jpg\" sizes=\"auto, (max-width: 150px) 100vw, 150px\" srcset=\"http:\/\/www.cmasamerica.org\/wp-content\/uploads\/2018\/04\/26121022-a795-4e04-b968-297c8dd6f71f-150x150.jpg 150w, http:\/\/www.cmasamerica.org\/wp-content\/uploads\/2018\/04\/26121022-a795-4e04-b968-297c8dd6f71f-70x70.jpg 70w\" alt=\"\" width=\"150\" height=\"150\" \/><\/a><\/div>\n<\/figure>\n<figure class=\"gallery-item\">\n<div class=\"gallery-icon landscape\"><a href=\"http:\/\/www.cmasamerica.org\/wp-content\/uploads\/2018\/04\/b7da2922-9c59-4e28-b3fd-7f8765e7e184.jpg\"class=\"fancybox\"  rel=\"fancybox\" target=\"_blank\"><img loading=\"lazy\" decoding=\"async\" class=\"attachment-thumbnail size-thumbnail\" src=\"http:\/\/www.cmasamerica.org\/wp-content\/uploads\/2018\/04\/b7da2922-9c59-4e28-b3fd-7f8765e7e184-150x150.jpg\" sizes=\"auto, (max-width: 150px) 100vw, 150px\" srcset=\"http:\/\/www.cmasamerica.org\/wp-content\/uploads\/2018\/04\/b7da2922-9c59-4e28-b3fd-7f8765e7e184-150x150.jpg 150w, http:\/\/www.cmasamerica.org\/wp-content\/uploads\/2018\/04\/b7da2922-9c59-4e28-b3fd-7f8765e7e184-70x70.jpg 70w\" alt=\"\" width=\"150\" height=\"150\" \/><\/a><\/div>\n<\/figure>\n<figure class=\"gallery-item\">\n<div class=\"gallery-icon portrait\"><a href=\"http:\/\/www.cmasamerica.org\/wp-content\/uploads\/2018\/04\/7a2e3b39-4266-4463-9a3c-33a6e707cb04.jpg\"class=\"fancybox\"  rel=\"fancybox\" target=\"_blank\"><img loading=\"lazy\" decoding=\"async\" class=\"attachment-thumbnail size-thumbnail\" src=\"http:\/\/www.cmasamerica.org\/wp-content\/uploads\/2018\/04\/7a2e3b39-4266-4463-9a3c-33a6e707cb04-150x150.jpg\" sizes=\"auto, (max-width: 150px) 100vw, 150px\" srcset=\"http:\/\/www.cmasamerica.org\/wp-content\/uploads\/2018\/04\/7a2e3b39-4266-4463-9a3c-33a6e707cb04-150x150.jpg 150w, http:\/\/www.cmasamerica.org\/wp-content\/uploads\/2018\/04\/7a2e3b39-4266-4463-9a3c-33a6e707cb04-70x70.jpg 70w\" alt=\"\" width=\"150\" height=\"150\" \/><\/a><\/div>\n<\/figure>\n<figure class=\"gallery-item\">\n<div class=\"gallery-icon landscape\"><a href=\"http:\/\/www.cmasamerica.org\/wp-content\/uploads\/2018\/04\/8a860bda-fb6f-4522-afc9-109849f7e286.jpg\"class=\"fancybox\"  rel=\"fancybox\" target=\"_blank\"><img loading=\"lazy\" decoding=\"async\" class=\"attachment-thumbnail size-thumbnail\" src=\"http:\/\/www.cmasamerica.org\/wp-content\/uploads\/2018\/04\/8a860bda-fb6f-4522-afc9-109849f7e286-150x150.jpg\" sizes=\"auto, (max-width: 150px) 100vw, 150px\" srcset=\"http:\/\/www.cmasamerica.org\/wp-content\/uploads\/2018\/04\/8a860bda-fb6f-4522-afc9-109849f7e286-150x150.jpg 150w, http:\/\/www.cmasamerica.org\/wp-content\/uploads\/2018\/04\/8a860bda-fb6f-4522-afc9-109849f7e286-70x70.jpg 70w\" alt=\"\" width=\"150\" height=\"150\" \/><\/a><\/div>\n<\/figure>\n<figure class=\"gallery-item\">\n<div class=\"gallery-icon landscape\"><a href=\"http:\/\/www.cmasamerica.org\/wp-content\/uploads\/2018\/04\/260f48d0-0cd3-425a-84e3-e23f2554f980.jpg\"class=\"fancybox\"  rel=\"fancybox\" target=\"_blank\"><img loading=\"lazy\" decoding=\"async\" class=\"attachment-thumbnail size-thumbnail\" src=\"http:\/\/www.cmasamerica.org\/wp-content\/uploads\/2018\/04\/260f48d0-0cd3-425a-84e3-e23f2554f980-150x150.jpg\" sizes=\"auto, (max-width: 150px) 100vw, 150px\" srcset=\"http:\/\/www.cmasamerica.org\/wp-content\/uploads\/2018\/04\/260f48d0-0cd3-425a-84e3-e23f2554f980-150x150.jpg 150w, http:\/\/www.cmasamerica.org\/wp-content\/uploads\/2018\/04\/260f48d0-0cd3-425a-84e3-e23f2554f980-70x70.jpg 70w\" alt=\"\" width=\"150\" height=\"150\" \/><\/a><\/div>\n<\/figure>\n<figure class=\"gallery-item\">\n<div class=\"gallery-icon landscape\"><a href=\"http:\/\/www.cmasamerica.org\/wp-content\/uploads\/2018\/04\/a7087d93-5415-4a26-ab87-febe16106b79.jpg\"class=\"fancybox\"  rel=\"fancybox\" target=\"_blank\"><img loading=\"lazy\" decoding=\"async\" class=\"attachment-thumbnail size-thumbnail\" src=\"http:\/\/www.cmasamerica.org\/wp-content\/uploads\/2018\/04\/a7087d93-5415-4a26-ab87-febe16106b79-150x150.jpg\" sizes=\"auto, (max-width: 150px) 100vw, 150px\" srcset=\"http:\/\/www.cmasamerica.org\/wp-content\/uploads\/2018\/04\/a7087d93-5415-4a26-ab87-febe16106b79-150x150.jpg 150w, http:\/\/www.cmasamerica.org\/wp-content\/uploads\/2018\/04\/a7087d93-5415-4a26-ab87-febe16106b79-70x70.jpg 70w\" alt=\"\" width=\"150\" height=\"150\" \/><\/a><\/div>\n<\/figure>\n<figure class=\"gallery-item\">\n<div class=\"gallery-icon landscape\"><a href=\"http:\/\/www.cmasamerica.org\/wp-content\/uploads\/2018\/04\/a8122614-dd79-414f-86d9-be4b4f266b39.jpg\"class=\"fancybox\"  rel=\"fancybox\" target=\"_blank\"><img loading=\"lazy\" decoding=\"async\" class=\"attachment-thumbnail size-thumbnail\" src=\"http:\/\/www.cmasamerica.org\/wp-content\/uploads\/2018\/04\/a8122614-dd79-414f-86d9-be4b4f266b39-150x150.jpg\" sizes=\"auto, (max-width: 150px) 100vw, 150px\" srcset=\"http:\/\/www.cmasamerica.org\/wp-content\/uploads\/2018\/04\/a8122614-dd79-414f-86d9-be4b4f266b39-150x150.jpg 150w, http:\/\/www.cmasamerica.org\/wp-content\/uploads\/2018\/04\/a8122614-dd79-414f-86d9-be4b4f266b39-70x70.jpg 70w\" alt=\"\" width=\"150\" height=\"150\" \/><\/a><\/div>\n<\/figure>\n<figure class=\"gallery-item\">\n<div class=\"gallery-icon landscape\"><a href=\"http:\/\/www.cmasamerica.org\/wp-content\/uploads\/2018\/04\/cced0447-c048-4d3b-93fb-240d0e25e61f.jpg\"class=\"fancybox\"  rel=\"fancybox\" target=\"_blank\"><img loading=\"lazy\" decoding=\"async\" class=\"attachment-thumbnail size-thumbnail\" src=\"http:\/\/www.cmasamerica.org\/wp-content\/uploads\/2018\/04\/cced0447-c048-4d3b-93fb-240d0e25e61f-150x150.jpg\" sizes=\"auto, (max-width: 150px) 100vw, 150px\" srcset=\"http:\/\/www.cmasamerica.org\/wp-content\/uploads\/2018\/04\/cced0447-c048-4d3b-93fb-240d0e25e61f-150x150.jpg 150w, http:\/\/www.cmasamerica.org\/wp-content\/uploads\/2018\/04\/cced0447-c048-4d3b-93fb-240d0e25e61f-70x70.jpg 70w\" alt=\"\" width=\"150\" height=\"150\" \/><\/a><\/div>\n<\/figure>\n<figure class=\"gallery-item\">\n<div class=\"gallery-icon landscape\"><a href=\"http:\/\/www.cmasamerica.org\/wp-content\/uploads\/2018\/04\/6a88c363-ffd2-4803-ab01-d254c7f54750.jpg\"class=\"fancybox\"  rel=\"fancybox\" target=\"_blank\"><img loading=\"lazy\" decoding=\"async\" class=\"attachment-thumbnail size-thumbnail\" src=\"http:\/\/www.cmasamerica.org\/wp-content\/uploads\/2018\/04\/6a88c363-ffd2-4803-ab01-d254c7f54750-150x150.jpg\" sizes=\"auto, (max-width: 150px) 100vw, 150px\" srcset=\"http:\/\/www.cmasamerica.org\/wp-content\/uploads\/2018\/04\/6a88c363-ffd2-4803-ab01-d254c7f54750-150x150.jpg 150w, http:\/\/www.cmasamerica.org\/wp-content\/uploads\/2018\/04\/6a88c363-ffd2-4803-ab01-d254c7f54750-70x70.jpg 70w\" alt=\"\" width=\"150\" height=\"150\" \/><\/a><\/div>\n<\/figure>\n<\/div>\n<p><img loading=\"lazy\" decoding=\"async\" class=\"alignnone size-full wp-image-27619\" src=\"http:\/\/www.sportalsub.net\/blog\/wp-content\/uploads\/2018\/03\/juezapneacmas.jpg\" alt=\"\" width=\"640\" height=\"426\" srcset=\"https:\/\/www.sportalsub.net\/blog\/wp-content\/uploads\/2018\/03\/juezapneacmas.jpg 640w, https:\/\/www.sportalsub.net\/blog\/wp-content\/uploads\/2018\/03\/juezapneacmas-300x200.jpg 300w, https:\/\/www.sportalsub.net\/blog\/wp-content\/uploads\/2018\/03\/juezapneacmas-177x118.jpg 177w\" sizes=\"auto, (max-width: 640px) 100vw, 640px\" \/><\/p>\n<p>La Confederaci\u00f3n Mundial de Actividades Subacu\u00e1ticas CMAS, delega en la\u00a0Federaci\u00f3n Colombiana de Actividades Subacu\u00e1ticas FEDECAS la organizaci\u00f3n\u00a0del \u201cCurso de Juez Internacional de Apnea CMAS\u201d Zona Am\u00e9rica, el cual se\u00a0desarrollar\u00e1 entre los d\u00edas 18 al 23 de abril de 2018 en la Ciudad de Santa Marta\u00a0departamento del Magdalena Colombia.<\/p>\n<p>El \u201cCurso de Juez Internacional de Apnea CMAS\u201d est\u00e1 dirigido a todos los pa\u00edses\u00a0afiliados a CMAS Zona Am\u00e9rica que est\u00e9n interesados y quieran formar jueces\u00a0capacitados internacionalmente en esta modalidad.<\/p>\n<p><a href=\"http:\/\/www.cmasamerica.org\/wp-content\/uploads\/2018\/02\/Curso-Internacional-CMAS-Apnea.pdf\" target=\"_blank\" rel=\"noopener noreferrer\" target=\"_blank\"><strong>Convocatoria Oficial<\/strong><\/a><\/p>\n<p><img decoding=\"async\" src=\"http:\/\/www.cmasamerica.org\/wp-content\/uploads\/2018\/02\/afiche1-mod.jpg\" \/><\/p>\n<p>Fuente: <a href=\"http:\/\/www.cmasamerica.org\/curso-de-juez-internacional-de-apnea-cmas-zona-america-abril-2018-colombia\/\" target=\"_blank\">CMAS Zona Am\u00e9rica<\/a><\/p>\n","protected":false},"excerpt":{"rendered":"<p>(Sportalsub.net \/ FEDECAS \/ CMAS Zona Am\u00e9rica) Culmin\u00f3 con \u00e9xito la capacitaci\u00f3n internacional de jueces CMAS de Apnea Indoor a cargo del director de la comisi\u00f3n t\u00e9cnica de Apnea CMAS Levent Ucuzal, del 19 al 22 de abril en Santa Marta.\u00a0Con la participaci\u00f3n de 22 personas de 4 pa\u00edses Chile, Ecuador, USA y Colombia. El curso te\u00f3rico se realiz\u00f3 del [&#8230;]<\/p>\n","protected":false},"author":1,"featured_media":27960,"comment_status":"open","ping_status":"closed","sticky":false,"template":"","format":"standard","meta":{"_lmt_disableupdate":"","_lmt_disable":"","jetpack_post_was_ever_published":false,"_jetpack_newsletter_access":"","_jetpack_dont_email_post_to_subs":false,"_jetpack_newsletter_tier_id":0,"_jetpack_memberships_contains_paywalled_content":false,"_jetpack_memberships_contains_paid_content":false,"footnotes":"","jetpack_publicize_message":"","jetpack_publicize_feature_enabled":true,"jetpack_social_post_already_shared":true,"jetpack_social_options":{"image_generator_settings":{"template":"highway","default_image_id":0,"font":"","enabled":false},"version":2}},"categories":[9,83,3,112,347,97],"tags":[],"class_list":["post-27618","post","type-post","status-publish","format-standard","has-post-thumbnail","hentry","category-apnea","category-chile","category-colombia","category-cursos-y-talleres","category-destacados","category-ecuador"],"modified_by":"Sportalsub.net","views":3933,"jetpack_publicize_connections":[],"jetpack_featured_media_url":"https:\/\/www.sportalsub.net\/blog\/wp-content\/uploads\/2018\/04\/0ba202a5-f3a4-4833-ac07-e45a21fd9863.jpg","jetpack_sharing_enabled":true,"jetpack_shortlink":"https:\/\/wp.me\/pf9lN-7bs","jetpack_likes_enabled":false,"jetpack-related-posts":[{"id":27340,"url":"https:\/\/www.sportalsub.net\/blog\/curso-profesionales-apnea-cmas-fedecas-colombia-marzo-2018\/","url_meta":{"origin":27618,"position":0},"title":"\ud83c\udde8\ud83c\uddf4 Realizado con \u00e9xito Curso de Desarrollo de Profesionales de APNEA CMAS \u2013 FEDECAS. Colombia. Julio-Agosto 2018","author":"Sportalsub.net","date":"16 agosto 2018","format":false,"excerpt":"(Sportalsub.net \/ CMAS Zona Am\u00e9rica \/ FEDECAS) Despu\u00e9s de 135 horas de capacitaci\u00f3n, 15 buceos de profundidad, en el trascurso de 10\u00a0d\u00edas, del 30 de julio al 8 de agosto, se llev\u00f3 a cabo el curso de formaci\u00f3n de instructores de\u00a0apnea nivel 1, con el apoyo del SENA Distrito Capital,\u2026","rel":"","context":"En \u00abApnea\u00bb","block_context":{"text":"Apnea","link":"https:\/\/www.sportalsub.net\/blog\/category\/modalidades\/apnea\/"},"img":{"alt_text":"","src":"https:\/\/i0.wp.com\/www.sportalsub.net\/blog\/wp-content\/uploads\/2018\/07\/curso6.jpg?resize=350%2C200&ssl=1","width":350,"height":200,"srcset":"https:\/\/i0.wp.com\/www.sportalsub.net\/blog\/wp-content\/uploads\/2018\/07\/curso6.jpg?resize=350%2C200&ssl=1 1x, https:\/\/i0.wp.com\/www.sportalsub.net\/blog\/wp-content\/uploads\/2018\/07\/curso6.jpg?resize=525%2C300&ssl=1 1.5x, https:\/\/i0.wp.com\/www.sportalsub.net\/blog\/wp-content\/uploads\/2018\/07\/curso6.jpg?resize=700%2C400&ssl=1 2x, https:\/\/i0.wp.com\/www.sportalsub.net\/blog\/wp-content\/uploads\/2018\/07\/curso6.jpg?resize=1050%2C600&ssl=1 3x, https:\/\/i0.wp.com\/www.sportalsub.net\/blog\/wp-content\/uploads\/2018\/07\/curso6.jpg?resize=1400%2C800&ssl=1 4x"},"classes":[]},{"id":27615,"url":"https:\/\/www.sportalsub.net\/blog\/curso-buceo-cientifico-colombia-2018","url_meta":{"origin":27618,"position":1},"title":"\ud83c\udde8\ud83c\uddf4 Realizado Curso Internacional de Preservaci\u00f3n y Conservaci\u00f3n Marina para la Formaci\u00f3n de Buzos Cient\u00edficos 2018 \u2013 Colombia","author":"Sportalsub.net","date":"30 mayo 2018","format":false,"excerpt":"(Sportalsub.net \/ FEDECAS \/ CMAS Zona Am\u00e9rica) - Read in English Culmina con gran \u00e9xito el \u201cCurso Internacional de Preservaci\u00f3n y Conservaci\u00f3n Marina para la Formaci\u00f3n de Buzos Cient\u00edficos\u201d que se realiz\u00f3 en la Isla de San Andr\u00e9s y Providencia, Colombia del 23 al 28 de mayo de 2018. Cont\u00f3\u2026","rel":"","context":"En \u00abBuceo Cient\u00edfico\u00bb","block_context":{"text":"Buceo Cient\u00edfico","link":"https:\/\/www.sportalsub.net\/blog\/category\/modalidades\/buceo-2\/buceo-cientifico\/"},"img":{"alt_text":"","src":"https:\/\/i0.wp.com\/www.sportalsub.net\/blog\/wp-content\/uploads\/2018\/05\/cursocientificocolombia.jpg?resize=350%2C200&ssl=1","width":350,"height":200,"srcset":"https:\/\/i0.wp.com\/www.sportalsub.net\/blog\/wp-content\/uploads\/2018\/05\/cursocientificocolombia.jpg?resize=350%2C200&ssl=1 1x, https:\/\/i0.wp.com\/www.sportalsub.net\/blog\/wp-content\/uploads\/2018\/05\/cursocientificocolombia.jpg?resize=525%2C300&ssl=1 1.5x, https:\/\/i0.wp.com\/www.sportalsub.net\/blog\/wp-content\/uploads\/2018\/05\/cursocientificocolombia.jpg?resize=700%2C400&ssl=1 2x"},"classes":[]},{"id":25385,"url":"https:\/\/www.sportalsub.net\/blog\/curso-de-juez-nacional-de-apnea-faascmas-argentina\/","url_meta":{"origin":27618,"position":2},"title":"\ud83c\udde6\ud83c\uddf7 Finaliza con \u00e9xito el 1er Curso de Jueces Nacionales de Apnea FAAS\/CMAS en Argentina Diciembre 2016","author":"Sportalsub.net","date":"7 enero 2017","format":false,"excerpt":"(Sportalsub.net \/ FAAS \/ Blup \/ FEDESUB \/ CMAS Zona Am\u00e9rica) Con la emisi\u00f3n y entrega de los certificados de participaci\u00f3n y aprobaci\u00f3n del Curso, la Federaci\u00f3n Argentina de Actividades Subacu\u00e1ticas (FAAS) finaliz\u00f3 el Primer Curso de Jueces Nacionales de Apnea con Reglamentos CMAS, en el cual certific\u00f3 al primer\u2026","rel":"","context":"En \u00abApnea\u00bb","block_context":{"text":"Apnea","link":"https:\/\/www.sportalsub.net\/blog\/category\/modalidades\/apnea\/"},"img":{"alt_text":"","src":"https:\/\/i0.wp.com\/www.sportalsub.net\/blog\/wp-content\/uploads\/2016\/12\/jucesapneablup.jpg?resize=350%2C200&ssl=1","width":350,"height":200,"srcset":"https:\/\/i0.wp.com\/www.sportalsub.net\/blog\/wp-content\/uploads\/2016\/12\/jucesapneablup.jpg?resize=350%2C200&ssl=1 1x, https:\/\/i0.wp.com\/www.sportalsub.net\/blog\/wp-content\/uploads\/2016\/12\/jucesapneablup.jpg?resize=525%2C300&ssl=1 1.5x, https:\/\/i0.wp.com\/www.sportalsub.net\/blog\/wp-content\/uploads\/2016\/12\/jucesapneablup.jpg?resize=700%2C400&ssl=1 2x"},"classes":[]},{"id":27621,"url":"https:\/\/www.sportalsub.net\/blog\/campeonato-interclubes-de-apnea-indoor-internacional-colombia-2018","url_meta":{"origin":27618,"position":3},"title":"\ud83c\udde8\ud83c\uddf4 3 R\u00e9cords Panamericanos en el Campeonato Interclubes de Apnea Indoor con invitaci\u00f3n Internacional realizado en Santa Marta, Colombia","author":"Sportalsub.net","date":"26 abril 2018","format":false,"excerpt":"(Sportalsub.net \/ FEDECAS \/ CMAS Zona Am\u00e9rica) La Federaci\u00f3n Colombiana de Actividades\u00a0Subacu\u00e1ticas FEDECAS, llev\u00f3 a cabo el \u201cXVI Campeonato\u00a0Nacional Interclubes de Apnea Indoor por Categor\u00edas con invitaci\u00f3n\u00a0Internacional\u201d, realizado en la ciudad de Santa Marta, del 19 al 23 de Abril de\u00a02018. En el evento se establecieron 3 nuevos r\u00e9cords panamericanos\u2026","rel":"","context":"En \u00abApnea\u00bb","block_context":{"text":"Apnea","link":"https:\/\/www.sportalsub.net\/blog\/category\/modalidades\/apnea\/"},"img":{"alt_text":"","src":"https:\/\/i0.wp.com\/www.sportalsub.net\/blog\/wp-content\/uploads\/2018\/04\/sofia-gomez.jpg?resize=350%2C200&ssl=1","width":350,"height":200,"srcset":"https:\/\/i0.wp.com\/www.sportalsub.net\/blog\/wp-content\/uploads\/2018\/04\/sofia-gomez.jpg?resize=350%2C200&ssl=1 1x, https:\/\/i0.wp.com\/www.sportalsub.net\/blog\/wp-content\/uploads\/2018\/04\/sofia-gomez.jpg?resize=525%2C300&ssl=1 1.5x, https:\/\/i0.wp.com\/www.sportalsub.net\/blog\/wp-content\/uploads\/2018\/04\/sofia-gomez.jpg?resize=700%2C400&ssl=1 2x"},"classes":[]},{"id":40979,"url":"https:\/\/www.sportalsub.net\/blog\/capacitacion-juzgamiento-fedecas-cmas-america-2020","url_meta":{"origin":27618,"position":4},"title":"\ud83c\udde8\ud83c\uddf4 FEDECAS Colombia dicta capacitaci\u00f3n para jueces de actividades subacu\u00e1ticas a los pa\u00edses de CMAS Zona Am\u00e9rica","author":"Sportalsub.net","date":"4 julio 2020","format":false,"excerpt":"(Sportalsub.net \/ FEDECAS \/ CMAS Zona Am\u00e9rica) Como parte de las actividades que se realizan en este per\u00edodo especial de cuarentena y confinamiento, La Federaci\u00f3n Colombiana de Actividades Subacu\u00e1ticas \u2013 FEDECAS y la Comisi\u00f3n de Juzgamiento Nacional de Actividades Subacu\u00e1ticas, conjuntamente con CMAS Zona Am\u00e9rica llevan a cabo el M\u00f3dulo\u2026","rel":"","context":"En \u00abApnea\u00bb","block_context":{"text":"Apnea","link":"https:\/\/www.sportalsub.net\/blog\/category\/modalidades\/apnea\/"},"img":{"alt_text":"","src":"https:\/\/i0.wp.com\/www.sportalsub.net\/blog\/wp-content\/uploads\/2020\/06\/capacitacionjuzgamiento.jpg?resize=350%2C200&ssl=1","width":350,"height":200,"srcset":"https:\/\/i0.wp.com\/www.sportalsub.net\/blog\/wp-content\/uploads\/2020\/06\/capacitacionjuzgamiento.jpg?resize=350%2C200&ssl=1 1x, https:\/\/i0.wp.com\/www.sportalsub.net\/blog\/wp-content\/uploads\/2020\/06\/capacitacionjuzgamiento.jpg?resize=525%2C300&ssl=1 1.5x, https:\/\/i0.wp.com\/www.sportalsub.net\/blog\/wp-content\/uploads\/2020\/06\/capacitacionjuzgamiento.jpg?resize=700%2C400&ssl=1 2x"},"classes":[]},{"id":85785,"url":"https:\/\/www.sportalsub.net\/blog\/2026-cmas-open-internacional-freediving-indoor-santa-marta-500-colombia","url_meta":{"origin":27618,"position":5},"title":"\ud83c\udde8\ud83c\uddf4 Open Internacional 2026 de Apnea en piscina CMAS Santa Marta 500+ Colombia","author":"Sportalsub.net","date":"20 marzo 2026","format":false,"excerpt":"(Sportalsub.net \/ FEDECAS \/ CMAS \/ CMAS Am\u00e9rica) Read in english La Federaci\u00f3n Colombiana de Actividades Subacu\u00e1ticas (FEDECAS) con el acuerdo de CMAS, invita a todas las Federaciones, Clubes y Atletas interesados en participar en el 2026 CMAS Open International Freediving Indoor Santa Marta 500+ a realizarse de octubre 22\u2026","rel":"","context":"En \u00abApnea\u00bb","block_context":{"text":"Apnea","link":"https:\/\/www.sportalsub.net\/blog\/category\/modalidades\/apnea\/"},"img":{"alt_text":"","src":"https:\/\/i0.wp.com\/www.sportalsub.net\/blog\/wp-content\/uploads\/2026\/02\/freediving-santa-marta-2026.jpg?resize=350%2C200&ssl=1","width":350,"height":200,"srcset":"https:\/\/i0.wp.com\/www.sportalsub.net\/blog\/wp-content\/uploads\/2026\/02\/freediving-santa-marta-2026.jpg?resize=350%2C200&ssl=1 1x, https:\/\/i0.wp.com\/www.sportalsub.net\/blog\/wp-content\/uploads\/2026\/02\/freediving-santa-marta-2026.jpg?resize=525%2C300&ssl=1 1.5x, https:\/\/i0.wp.com\/www.sportalsub.net\/blog\/wp-content\/uploads\/2026\/02\/freediving-santa-marta-2026.jpg?resize=700%2C400&ssl=1 2x"},"classes":[]}],"_links":{"self":[{"href":"https:\/\/www.sportalsub.net\/blog\/wp-json\/wp\/v2\/posts\/27618","targetHints":{"allow":["GET"]}}],"collection":[{"href":"https:\/\/www.sportalsub.net\/blog\/wp-json\/wp\/v2\/posts"}],"about":[{"href":"https:\/\/www.sportalsub.net\/blog\/wp-json\/wp\/v2\/types\/post"}],"author":[{"embeddable":true,"href":"https:\/\/www.sportalsub.net\/blog\/wp-json\/wp\/v2\/users\/1"}],"replies":[{"embeddable":true,"href":"https:\/\/www.sportalsub.net\/blog\/wp-json\/wp\/v2\/comments?post=27618"}],"version-history":[{"count":0,"href":"https:\/\/www.sportalsub.net\/blog\/wp-json\/wp\/v2\/posts\/27618\/revisions"}],"wp:featuredmedia":[{"embeddable":true,"href":"https:\/\/www.sportalsub.net\/blog\/wp-json\/wp\/v2\/media\/27960"}],"wp:attachment":[{"href":"https:\/\/www.sportalsub.net\/blog\/wp-json\/wp\/v2\/media?parent=27618"}],"wp:term":[{"taxonomy":"category","embeddable":true,"href":"https:\/\/www.sportalsub.net\/blog\/wp-json\/wp\/v2\/categories?post=27618"},{"taxonomy":"post_tag","embeddable":true,"href":"https:\/\/www.sportalsub.net\/blog\/wp-json\/wp\/v2\/tags?post=27618"}],"curies":[{"name":"wp","href":"https:\/\/api.w.org\/{rel}","templated":true}]}}