{"id":27943,"date":"2018-04-23T04:12:49","date_gmt":"2018-04-23T08:12:49","guid":{"rendered":"http:\/\/www.sportalsub.net\/blog\/?p=27943"},"modified":"2019-08-30T07:21:29","modified_gmt":"2019-08-30T11:21:29","slug":"resultados-festival-nacional-infantil-interclubes-de-natacion-con-aletas-2018-cali-colombia","status":"publish","type":"post","link":"https:\/\/www.sportalsub.net\/blog\/festival-infantil-nadosub-colombia-2018","title":{"rendered":"\ud83c\udde8\ud83c\uddf4 Resultados &#8211; Festival Nacional Infantil Interclubes de Nataci\u00f3n con Aletas FEDECAS 2018. Cali, Colombia"},"content":{"rendered":"<p><a href=\"http:\/\/www.colombiaacuatica.com\/backtun\/torneos\/resultados\/pdf\/2018\/20180420resultados.pdf\" target=\"_blank\"><img loading=\"lazy\" decoding=\"async\" class=\"alignnone size-full wp-image-27944\" src=\"http:\/\/www.sportalsub.net\/blog\/wp-content\/uploads\/2018\/04\/festivalinfantilcolombia.jpg\" alt=\"\" width=\"900\" height=\"550\" srcset=\"https:\/\/www.sportalsub.net\/blog\/wp-content\/uploads\/2018\/04\/festivalinfantilcolombia.jpg 900w, https:\/\/www.sportalsub.net\/blog\/wp-content\/uploads\/2018\/04\/festivalinfantilcolombia-300x183.jpg 300w, https:\/\/www.sportalsub.net\/blog\/wp-content\/uploads\/2018\/04\/festivalinfantilcolombia-768x469.jpg 768w\" sizes=\"auto, (max-width: 900px) 100vw, 900px\" \/><\/a><\/p>\n<p>(Sportalsub.net \/ FEDECAS)<\/p>\n<p>La Federaci\u00f3n Colombiana de Actividades\u00a0Subacu\u00e1ticas FEDECAS, llev\u00f3 a cabo con todo \u00e9xito el\u00a0Festival Nacional Infantil<br \/>\nInterclubes de Nataci\u00f3n con Aletas, realizado en la ciudad de Santiago de\u00a0Cali, del 20 al 22 de abril 2018<\/p>\n<p><a href=\"http:\/\/www.colombiaacuatica.com\/backtun\/torneos\/resultados\/pdf\/2018\/20180420resultados.pdf\" target=\"_blank\" rel=\"noopener noreferrer\" target=\"_blank\"><strong>Resultados del Evento<\/strong><\/a><\/p>\n<p class=\"font_8\">Im\u00e1genes del Festival Nacional\u00a0Infantil Interclubes de Nataci\u00f3n con Aletas, desarrollado en la Ciudad de Cali.<\/p>\n<div id=\"innerComp_jga3tiqa4mm\" class=\"s_NLHgBlogMatrixGallery\" data-height-diff=\"25\" data-width-diff=\"0\" data-presented-row=\"6\" data-should-add-min-height=\"true\" data-state=\"notMobile desktopView fullView\">\n<div id=\"innerComp_jga3tiqa4mmitemsContainer\" class=\"s_NLHgBlogMatrixGalleryitemsContainer\">\n<div id=\"innerComp_jga3tiqa4mmnew_4a75488_7178b53885e34ac7aa566824f0366b9a~mv2.jpg\" class=\"s_NLHgBlogMatrixGalleryimageItem\" data-image-index=\"0\" data-displayer-width=\"1280\" data-displayer-height=\"720\" data-displayer-uri=\"a75488_7178b53885e34ac7aa566824f0366b9a~mv2.jpg\" data-height-diff=\"0\" data-width-diff=\"0\" data-bottom-gap=\"0\" data-image-wrapper-right=\"0\" data-image-wrapper-left=\"0\" data-image-wrapper-top=\"0\" data-image-wrapper-bottom=\"0\" data-margin-to-container=\"0\" data-state=\"notShowPanel desktopView alignLeft unselected clipImage noTransition normal noLink\">\n<div id=\"innerComp_jga3tiqa4mmnew_4a75488_7178b53885e34ac7aa566824f0366b9a~mv2.jpgimageWrapper\" class=\"s_NLHgBlogMatrixGalleryimageItemimageWrapper\">\n<div class=\"s_NLHgBlogMatrixGalleryimageItem_imgBorder\">\n<div id=\"innerComp_jga3tiqa4mmnew_4a75488_7178b53885e34ac7aa566824f0366b9a~mv2.jpgimage\" class=\"s_NLHgBlogMatrixGalleryimageItemimage\" data-style=\"position:relative;overflow:hidden\"><img decoding=\"async\" id=\"innerComp_jga3tiqa4mmnew_4a75488_7178b53885e34ac7aa566824f0366b9a~mv2.jpgimageimage\" src=\"https:\/\/static.wixstatic.com\/media\/a75488_7178b53885e34ac7aa566824f0366b9a~mv2.jpg\/v1\/fill\/w_256,h_194,al_c,q_80,usm_0.66_1.00_0.01\/a75488_7178b53885e34ac7aa566824f0366b9a~mv2.webp\" alt=\"Festival Infantil Nat. con Aletas\" data-type=\"image\" \/>\u00a0<img decoding=\"async\" id=\"innerComp_jga3tiqa4mmnew_7a75488_e1045047f0f24ccda1a977eea13c5183~mv2.jpgimageimage\" src=\"https:\/\/static.wixstatic.com\/media\/a75488_e1045047f0f24ccda1a977eea13c5183~mv2.jpg\/v1\/fill\/w_256,h_194,al_c,q_80,usm_0.66_1.00_0.01\/a75488_e1045047f0f24ccda1a977eea13c5183~mv2.webp\" alt=\"Festival Infantil Nat. con Aletas\" data-type=\"image\" \/>\u00a0<img decoding=\"async\" id=\"innerComp_jga3tiqa4mmnew_1a75488_dd992b3b85804270b59f37ac0f1ecbbe~mv2.jpgimageimage\" src=\"https:\/\/static.wixstatic.com\/media\/a75488_dd992b3b85804270b59f37ac0f1ecbbe~mv2.jpg\/v1\/fill\/w_256,h_194,al_c,q_80,usm_0.66_1.00_0.01\/a75488_dd992b3b85804270b59f37ac0f1ecbbe~mv2.webp\" alt=\"Festival Infantil Nat. con Aletas\" data-type=\"image\" \/><\/div>\n<\/div>\n<\/div>\n<\/div>\n<div id=\"innerComp_jga3tiqa4mmnew_3a75488_17d38188c3d7420cb1368123899d1b3d~mv2.jpg\" class=\"s_NLHgBlogMatrixGalleryimageItem\" data-image-index=\"3\" data-displayer-width=\"1280\" data-displayer-height=\"720\" data-displayer-uri=\"a75488_17d38188c3d7420cb1368123899d1b3d~mv2.jpg\" data-height-diff=\"0\" data-width-diff=\"0\" data-bottom-gap=\"0\" data-image-wrapper-right=\"0\" data-image-wrapper-left=\"0\" data-image-wrapper-top=\"0\" data-image-wrapper-bottom=\"0\" data-margin-to-container=\"0\" data-state=\"notShowPanel desktopView alignLeft unselected clipImage noTransition normal noLink\">\n<div id=\"innerComp_jga3tiqa4mmnew_3a75488_17d38188c3d7420cb1368123899d1b3d~mv2.jpgimageWrapper\" class=\"s_NLHgBlogMatrixGalleryimageItemimageWrapper\">\n<div class=\"s_NLHgBlogMatrixGalleryimageItem_imgBorder\">\n<div id=\"innerComp_jga3tiqa4mmnew_3a75488_17d38188c3d7420cb1368123899d1b3d~mv2.jpgimage\" class=\"s_NLHgBlogMatrixGalleryimageItemimage\" data-style=\"position:relative;overflow:hidden\"><img decoding=\"async\" id=\"innerComp_jga3tiqa4mmnew_3a75488_17d38188c3d7420cb1368123899d1b3d~mv2.jpgimageimage\" src=\"https:\/\/static.wixstatic.com\/media\/a75488_17d38188c3d7420cb1368123899d1b3d~mv2.jpg\/v1\/fill\/w_256,h_194,al_c,q_80,usm_0.66_1.00_0.01\/a75488_17d38188c3d7420cb1368123899d1b3d~mv2.webp\" alt=\"Festival Infantil Nat. con Aletas\" data-type=\"image\" \/>\u00a0<img decoding=\"async\" id=\"innerComp_jga3tiqa4mmnew_14a75488_cc6b7704c9de4934b708adedaa0e7419~mv2.jpgimageimage\" src=\"https:\/\/static.wixstatic.com\/media\/a75488_cc6b7704c9de4934b708adedaa0e7419~mv2.jpg\/v1\/fill\/w_256,h_194,al_c,q_80,usm_0.66_1.00_0.01\/a75488_cc6b7704c9de4934b708adedaa0e7419~mv2.webp\" alt=\"Festival Infantil Nat. con Aletas\" data-type=\"image\" \/>\u00a0<img decoding=\"async\" id=\"innerComp_jga3tiqa4mmnew_6a75488_09df2a0d01e341bca1a31a3ffbd6c7db~mv2_d_1210_1280_s_2.jpgimageimage\" src=\"https:\/\/static.wixstatic.com\/media\/a75488_09df2a0d01e341bca1a31a3ffbd6c7db~mv2_d_1210_1280_s_2.jpg\/v1\/fill\/w_256,h_194,al_c,q_80,usm_0.66_1.00_0.01\/a75488_09df2a0d01e341bca1a31a3ffbd6c7db~mv2_d_1210_1280_s_2.webp\" alt=\"Festival Infantil Nat. con Aletas\" data-type=\"image\" \/><\/div>\n<\/div>\n<\/div>\n<\/div>\n<div id=\"innerComp_jga3tiqa4mmnew_11a75488_664b5b3e24934183b3960f886d8a646f~mv2.jpg\" class=\"s_NLHgBlogMatrixGalleryimageItem\" data-image-index=\"6\" data-displayer-width=\"1280\" data-displayer-height=\"720\" data-displayer-uri=\"a75488_664b5b3e24934183b3960f886d8a646f~mv2.jpg\" data-height-diff=\"0\" data-width-diff=\"0\" data-bottom-gap=\"0\" data-image-wrapper-right=\"0\" data-image-wrapper-left=\"0\" data-image-wrapper-top=\"0\" data-image-wrapper-bottom=\"0\" data-margin-to-container=\"0\" data-state=\"notShowPanel desktopView alignLeft unselected clipImage noTransition normal noLink\">\n<div id=\"innerComp_jga3tiqa4mmnew_11a75488_664b5b3e24934183b3960f886d8a646f~mv2.jpgimageWrapper\" class=\"s_NLHgBlogMatrixGalleryimageItemimageWrapper\">\n<div class=\"s_NLHgBlogMatrixGalleryimageItem_imgBorder\">\n<div id=\"innerComp_jga3tiqa4mmnew_11a75488_664b5b3e24934183b3960f886d8a646f~mv2.jpgimage\" class=\"s_NLHgBlogMatrixGalleryimageItemimage\" data-style=\"position:relative;overflow:hidden\"><img decoding=\"async\" id=\"innerComp_jga3tiqa4mmnew_11a75488_664b5b3e24934183b3960f886d8a646f~mv2.jpgimageimage\" src=\"https:\/\/static.wixstatic.com\/media\/a75488_664b5b3e24934183b3960f886d8a646f~mv2.jpg\/v1\/fill\/w_256,h_194,al_c,q_80,usm_0.66_1.00_0.01\/a75488_664b5b3e24934183b3960f886d8a646f~mv2.webp\" alt=\"Festival Infantil Nat. con Aletas\" data-type=\"image\" \/>\u00a0<img decoding=\"async\" id=\"innerComp_jga3tiqa4mmnew_8a75488_95edd60e9ed54858b2d9c1d6d368e93d~mv2.jpgimageimage\" src=\"https:\/\/static.wixstatic.com\/media\/a75488_95edd60e9ed54858b2d9c1d6d368e93d~mv2.jpg\/v1\/fill\/w_256,h_194,al_c,q_80,usm_0.66_1.00_0.01\/a75488_95edd60e9ed54858b2d9c1d6d368e93d~mv2.webp\" alt=\"Festival Infantil Nat. con Aletas\" data-type=\"image\" \/>\u00a0<img decoding=\"async\" id=\"innerComp_jga3tiqa4mmnew_15a75488_7b50cbf16cc646e995e4b76fd14c31bd~mv2.jpgimageimage\" src=\"https:\/\/static.wixstatic.com\/media\/a75488_7b50cbf16cc646e995e4b76fd14c31bd~mv2.jpg\/v1\/fill\/w_256,h_194,al_c,q_80,usm_0.66_1.00_0.01\/a75488_7b50cbf16cc646e995e4b76fd14c31bd~mv2.webp\" alt=\"Festival Infantil Nat. con Aletas\" data-type=\"image\" \/><\/div>\n<\/div>\n<\/div>\n<\/div>\n<div id=\"innerComp_jga3tiqa4mmnew_12a75488_8480918b5f844477a781a0c13cfbd2e5~mv2.jpg\" class=\"s_NLHgBlogMatrixGalleryimageItem\" data-image-index=\"9\" data-displayer-width=\"1280\" data-displayer-height=\"720\" data-displayer-uri=\"a75488_8480918b5f844477a781a0c13cfbd2e5~mv2.jpg\" data-height-diff=\"0\" data-width-diff=\"0\" data-bottom-gap=\"0\" data-image-wrapper-right=\"0\" data-image-wrapper-left=\"0\" data-image-wrapper-top=\"0\" data-image-wrapper-bottom=\"0\" data-margin-to-container=\"0\" data-state=\"notShowPanel desktopView alignLeft unselected clipImage noTransition normal noLink\">\n<div id=\"innerComp_jga3tiqa4mmnew_12a75488_8480918b5f844477a781a0c13cfbd2e5~mv2.jpgimageWrapper\" class=\"s_NLHgBlogMatrixGalleryimageItemimageWrapper\">\n<div class=\"s_NLHgBlogMatrixGalleryimageItem_imgBorder\">\n<div id=\"innerComp_jga3tiqa4mmnew_12a75488_8480918b5f844477a781a0c13cfbd2e5~mv2.jpgimage\" class=\"s_NLHgBlogMatrixGalleryimageItemimage\" data-style=\"position:relative;overflow:hidden\"><img decoding=\"async\" id=\"innerComp_jga3tiqa4mmnew_12a75488_8480918b5f844477a781a0c13cfbd2e5~mv2.jpgimageimage\" src=\"https:\/\/static.wixstatic.com\/media\/a75488_8480918b5f844477a781a0c13cfbd2e5~mv2.jpg\/v1\/fill\/w_256,h_194,al_c,q_80,usm_0.66_1.00_0.01\/a75488_8480918b5f844477a781a0c13cfbd2e5~mv2.webp\" alt=\"Festival Infantil Nat. con Aletas\" data-type=\"image\" \/>\u00a0<img decoding=\"async\" id=\"innerComp_jga3tiqa4mmnew_9a75488_e8722f0b472a47b788cf52753d14a5d9~mv2.jpgimageimage\" src=\"https:\/\/static.wixstatic.com\/media\/a75488_e8722f0b472a47b788cf52753d14a5d9~mv2.jpg\/v1\/fill\/w_256,h_194,al_c,q_80,usm_0.66_1.00_0.01\/a75488_e8722f0b472a47b788cf52753d14a5d9~mv2.webp\" alt=\"Festival Infantil Nat. con Aletas\" data-type=\"image\" \/>\u00a0<img decoding=\"async\" id=\"innerComp_jga3tiqa4mmnew_16a75488_284e2f88bc684a5e860905bd4dbfa505~mv2.jpgimageimage\" src=\"https:\/\/static.wixstatic.com\/media\/a75488_284e2f88bc684a5e860905bd4dbfa505~mv2.jpg\/v1\/fill\/w_256,h_194,al_c,q_80,usm_0.66_1.00_0.01\/a75488_284e2f88bc684a5e860905bd4dbfa505~mv2.webp\" alt=\"Festival Infantil Nat. con Aletas\" data-type=\"image\" \/><\/div>\n<\/div>\n<\/div>\n<\/div>\n<div id=\"innerComp_jga3tiqa4mmnew_13a75488_be237c57f7324d878cae3400a1eeb205~mv2.jpg\" class=\"s_NLHgBlogMatrixGalleryimageItem\" data-image-index=\"12\" data-displayer-width=\"1280\" data-displayer-height=\"720\" data-displayer-uri=\"a75488_be237c57f7324d878cae3400a1eeb205~mv2.jpg\" data-height-diff=\"0\" data-width-diff=\"0\" data-bottom-gap=\"0\" data-image-wrapper-right=\"0\" data-image-wrapper-left=\"0\" data-image-wrapper-top=\"0\" data-image-wrapper-bottom=\"0\" data-margin-to-container=\"0\" data-state=\"notShowPanel desktopView alignLeft unselected clipImage noTransition normal noLink\">\n<div id=\"innerComp_jga3tiqa4mmnew_13a75488_be237c57f7324d878cae3400a1eeb205~mv2.jpgimageWrapper\" class=\"s_NLHgBlogMatrixGalleryimageItemimageWrapper\">\n<div class=\"s_NLHgBlogMatrixGalleryimageItem_imgBorder\">\n<div id=\"innerComp_jga3tiqa4mmnew_13a75488_be237c57f7324d878cae3400a1eeb205~mv2.jpgimage\" class=\"s_NLHgBlogMatrixGalleryimageItemimage\" data-style=\"position:relative;overflow:hidden\"><img decoding=\"async\" id=\"innerComp_jga3tiqa4mmnew_13a75488_be237c57f7324d878cae3400a1eeb205~mv2.jpgimageimage\" src=\"https:\/\/static.wixstatic.com\/media\/a75488_be237c57f7324d878cae3400a1eeb205~mv2.jpg\/v1\/fill\/w_256,h_194,al_c,q_80,usm_0.66_1.00_0.01\/a75488_be237c57f7324d878cae3400a1eeb205~mv2.webp\" alt=\"Festival Infantil Nat. con Aletas\" data-type=\"image\" \/>\u00a0<img decoding=\"async\" id=\"innerComp_jga3tiqa4mmnew_17a75488_8a0c507b1c3c48c69470c2f59a03befd~mv2.jpgimageimage\" src=\"https:\/\/static.wixstatic.com\/media\/a75488_8a0c507b1c3c48c69470c2f59a03befd~mv2.jpg\/v1\/fill\/w_256,h_194,al_c,q_80,usm_0.66_1.00_0.01\/a75488_8a0c507b1c3c48c69470c2f59a03befd~mv2.webp\" alt=\"Festival Infantil Nat. con Aletas\" data-type=\"image\" \/>\u00a0<img decoding=\"async\" id=\"innerComp_jga3tiqa4mmnew_18a75488_db76d7ec829e48de9fb6d4cd7eb8a113~mv2.jpgimageimage\" src=\"https:\/\/static.wixstatic.com\/media\/a75488_db76d7ec829e48de9fb6d4cd7eb8a113~mv2.jpg\/v1\/fill\/w_256,h_194,al_c,q_80,usm_0.66_1.00_0.01\/a75488_db76d7ec829e48de9fb6d4cd7eb8a113~mv2.webp\" alt=\"Festival Infantil Nat. con Aletas\" data-type=\"image\" \/><\/div>\n<\/div>\n<\/div>\n<\/div>\n<div id=\"innerComp_jga3tiqa4mmnew_19a75488_12249dd63c5e46ebbb5e4b05083a6715~mv2.jpg\" class=\"s_NLHgBlogMatrixGalleryimageItem\" data-image-index=\"15\" data-displayer-width=\"1280\" data-displayer-height=\"720\" data-displayer-uri=\"a75488_12249dd63c5e46ebbb5e4b05083a6715~mv2.jpg\" data-height-diff=\"0\" data-width-diff=\"0\" data-bottom-gap=\"0\" data-image-wrapper-right=\"0\" data-image-wrapper-left=\"0\" data-image-wrapper-top=\"0\" data-image-wrapper-bottom=\"0\" data-margin-to-container=\"0\" data-state=\"notShowPanel desktopView alignLeft unselected clipImage noTransition normal noLink\">\n<div id=\"innerComp_jga3tiqa4mmnew_19a75488_12249dd63c5e46ebbb5e4b05083a6715~mv2.jpgimageWrapper\" class=\"s_NLHgBlogMatrixGalleryimageItemimageWrapper\">\n<div class=\"s_NLHgBlogMatrixGalleryimageItem_imgBorder\">\n<div id=\"innerComp_jga3tiqa4mmnew_19a75488_12249dd63c5e46ebbb5e4b05083a6715~mv2.jpgimage\" class=\"s_NLHgBlogMatrixGalleryimageItemimage\" data-style=\"position:relative;overflow:hidden\"><img decoding=\"async\" id=\"innerComp_jga3tiqa4mmnew_19a75488_12249dd63c5e46ebbb5e4b05083a6715~mv2.jpgimageimage\" src=\"https:\/\/static.wixstatic.com\/media\/a75488_12249dd63c5e46ebbb5e4b05083a6715~mv2.jpg\/v1\/fill\/w_256,h_194,al_c,q_80,usm_0.66_1.00_0.01\/a75488_12249dd63c5e46ebbb5e4b05083a6715~mv2.webp\" alt=\"Festival Infantil Nat. con Aletas\" data-type=\"image\" \/>\u00a0<img decoding=\"async\" id=\"innerComp_jga3tiqa4mmnew_0a75488_463da97ff2094d838876446c0774f085~mv2.jpgimageimage\" src=\"https:\/\/static.wixstatic.com\/media\/a75488_463da97ff2094d838876446c0774f085~mv2.jpg\/v1\/fill\/w_256,h_194,al_c,q_80,usm_0.66_1.00_0.01\/a75488_463da97ff2094d838876446c0774f085~mv2.webp\" alt=\"24\" data-type=\"image\" \/>\u00a0<img decoding=\"async\" id=\"innerComp_jga3tiqa4mmnew_2a75488_041e2031d84b4075a502097b01b4ccc3~mv2.jpgimageimage\" src=\"https:\/\/static.wixstatic.com\/media\/a75488_041e2031d84b4075a502097b01b4ccc3~mv2.jpg\/v1\/fill\/w_256,h_194,al_c,q_80,usm_0.66_1.00_0.01\/a75488_041e2031d84b4075a502097b01b4ccc3~mv2.webp\" alt=\"Festival Infantil Nat. con Aletas\" data-type=\"image\" \/><\/div>\n<\/div>\n<\/div>\n<\/div>\n<\/div>\n<\/div>\n<p>Fuente y Galer\u00eda de fotos: <a href=\"https:\/\/www.fedecas.org\/single-post\/2018\/04\/21\/FESTIVAL-NACIONAL-INFANTIL-INTERCLUBES-DE-NATACI%C3%93N-CON-ALETAS\" target=\"_blank\">FEDECAS<\/a><\/p>\n","protected":false},"excerpt":{"rendered":"<p>(Sportalsub.net \/ FEDECAS) La Federaci\u00f3n Colombiana de Actividades\u00a0Subacu\u00e1ticas FEDECAS, llev\u00f3 a cabo con todo \u00e9xito el\u00a0Festival Nacional Infantil Interclubes de Nataci\u00f3n con Aletas, realizado en la ciudad de Santiago de\u00a0Cali, del 20 al 22 de abril 2018 Resultados del Evento Im\u00e1genes del Festival Nacional\u00a0Infantil Interclubes de Nataci\u00f3n con Aletas, desarrollado en la Ciudad de Cali. \u00a0\u00a0 \u00a0\u00a0 \u00a0\u00a0 \u00a0\u00a0 \u00a0\u00a0 [&#8230;]<\/p>\n","protected":false},"author":1,"featured_media":27944,"comment_status":"open","ping_status":"closed","sticky":false,"template":"","format":"standard","meta":{"_lmt_disableupdate":"","_lmt_disable":"","jetpack_post_was_ever_published":false,"_jetpack_newsletter_access":"","_jetpack_dont_email_post_to_subs":false,"_jetpack_newsletter_tier_id":0,"_jetpack_memberships_contains_paywalled_content":false,"_jetpack_memberships_contains_paid_content":false,"footnotes":"","jetpack_publicize_message":"","jetpack_publicize_feature_enabled":true,"jetpack_social_post_already_shared":true,"jetpack_social_options":{"image_generator_settings":{"template":"highway","default_image_id":0,"font":"","enabled":false},"version":2}},"categories":[3,347,12,120],"tags":[],"class_list":["post-27943","post","type-post","status-publish","format-standard","has-post-thumbnail","hentry","category-colombia","category-destacados","category-natacion-con-aletas","category-resultados"],"modified_by":"Sportalsub.net","views":2460,"jetpack_publicize_connections":[],"jetpack_featured_media_url":"https:\/\/www.sportalsub.net\/blog\/wp-content\/uploads\/2018\/04\/festivalinfantilcolombia.jpg","jetpack_sharing_enabled":true,"jetpack_shortlink":"https:\/\/wp.me\/pf9lN-7gH","jetpack_likes_enabled":false,"jetpack-related-posts":[{"id":17491,"url":"https:\/\/www.sportalsub.net\/blog\/festival-nacional-infantil-interclubes-de-natacion-con-aletas-2014-cali-colombia\/","url_meta":{"origin":27943,"position":0},"title":"\ud83c\udde8\ud83c\uddf4 Resultados del Festival Nacional Infantil Interclubes de Nataci\u00f3n con Aletas 2014 Cali, Colombia","author":"Sportalsub.net","date":"5 mayo 2014","format":false,"excerpt":"(Especial Sportalsub.net \/ FEDECAS \/ LIVAS \/ Tiburones del Valle) Con todo \u00e9xito se llev\u00f3 a cabo el\u00a0FESTIVAL NACIONAL INFANTIL INTERCLUBES DE NATACI\u00d3N CON ALETAS de la Federaci\u00f3n Colombiana de Actividades Subacu\u00e1ticas FEDECAS,\u00a0realizado\u00a0en la ciudad de Santiago de Cali, Valle del Cauca, del 1 al 4 de Mayo de 2014.\u2026","rel":"","context":"En \u00abColombia\u00bb","block_context":{"text":"Colombia","link":"https:\/\/www.sportalsub.net\/blog\/category\/paises\/america\/colombia\/"},"img":{"alt_text":"","src":"https:\/\/i0.wp.com\/www.sportalsub.net\/blog\/wp-content\/uploads\/2014\/03\/festivalinfantilcolombia.jpg?resize=350%2C200&ssl=1","width":350,"height":200,"srcset":"https:\/\/i0.wp.com\/www.sportalsub.net\/blog\/wp-content\/uploads\/2014\/03\/festivalinfantilcolombia.jpg?resize=350%2C200&ssl=1 1x, https:\/\/i0.wp.com\/www.sportalsub.net\/blog\/wp-content\/uploads\/2014\/03\/festivalinfantilcolombia.jpg?resize=525%2C300&ssl=1 1.5x, https:\/\/i0.wp.com\/www.sportalsub.net\/blog\/wp-content\/uploads\/2014\/03\/festivalinfantilcolombia.jpg?resize=700%2C400&ssl=1 2x"},"classes":[]},{"id":11328,"url":"https:\/\/www.sportalsub.net\/blog\/festival-nacional-infantil-interclubes-de-natacion-con-aletas-medellin-colombia\/","url_meta":{"origin":27943,"position":1},"title":"\ud83c\udde8\ud83c\uddf4 Festival Nacional Infantil Interclubes de Nataci\u00f3n con Aletas. Medell\u00edn, Colombia","author":"Sportalsub.net","date":"18 noviembre 2011","format":false,"excerpt":"(Especial Sportalsub.net \/ FEDECAS) El \u00d3rgano de Administraci\u00f3n de la Federaci\u00f3n Colombiana de Actividades Subacu\u00e1ticas FEDECAS, haciendo uso de las facultades legales que le confiere el Estatuto, convoca a los Clubes Afiliados del pa\u00eds al XXIV FESTIVAL NACIONAL INFANTIL INTERCLUBES DE NATACI\u00d3N CON ALETAS, a realizarse en la ciudad de\u2026","rel":"","context":"En \u00abColombia\u00bb","block_context":{"text":"Colombia","link":"https:\/\/www.sportalsub.net\/blog\/category\/paises\/america\/colombia\/"},"img":{"alt_text":"","src":"https:\/\/i0.wp.com\/www.sportalsub.net\/blog\/wp-content\/uploads\/2011\/11\/Natacion-con-aletas.jpg?resize=350%2C200&ssl=1","width":350,"height":200,"srcset":"https:\/\/i0.wp.com\/www.sportalsub.net\/blog\/wp-content\/uploads\/2011\/11\/Natacion-con-aletas.jpg?resize=350%2C200&ssl=1 1x, https:\/\/i0.wp.com\/www.sportalsub.net\/blog\/wp-content\/uploads\/2011\/11\/Natacion-con-aletas.jpg?resize=525%2C300&ssl=1 1.5x"},"classes":[]},{"id":50584,"url":"https:\/\/www.sportalsub.net\/blog\/festival-nacional-infantil-interligas-de-natacion-con-aletas-cali-colombia-2021\/","url_meta":{"origin":27943,"position":2},"title":"\ud83c\udde8\ud83c\uddf4 Resultados &#8211; Festival Nacional Infantil Interligas de Nataci\u00f3n con Aletas &#8211; Cali, Colombia 2021","author":"Sportalsub.net","date":"20 diciembre 2021","format":false,"excerpt":"(Sportalsub.net \/ FEDECAS \/ LIVAS) La Federaci\u00f3n Colombiana de Actividades Subacu\u00e1ticas convoc\u00f3 a las Ligas del pa\u00eds a participar en el \u201cFestival Nacional Interligas Infantil de Nataci\u00f3n con Aletas\u201d, reazliado en el Distrito Especial de Santiago de Cali del 17 al 19 de diciembre de 2021. La Organizaci\u00f3n estuvo a\u2026","rel":"","context":"En \u00abColombia\u00bb","block_context":{"text":"Colombia","link":"https:\/\/www.sportalsub.net\/blog\/category\/paises\/america\/colombia\/"},"img":{"alt_text":"","src":"https:\/\/i0.wp.com\/www.sportalsub.net\/blog\/wp-content\/uploads\/2021\/12\/infantil-interligas-2021.jpg?resize=350%2C200&ssl=1","width":350,"height":200,"srcset":"https:\/\/i0.wp.com\/www.sportalsub.net\/blog\/wp-content\/uploads\/2021\/12\/infantil-interligas-2021.jpg?resize=350%2C200&ssl=1 1x, https:\/\/i0.wp.com\/www.sportalsub.net\/blog\/wp-content\/uploads\/2021\/12\/infantil-interligas-2021.jpg?resize=525%2C300&ssl=1 1.5x, https:\/\/i0.wp.com\/www.sportalsub.net\/blog\/wp-content\/uploads\/2021\/12\/infantil-interligas-2021.jpg?resize=700%2C400&ssl=1 2x"},"classes":[]},{"id":20597,"url":"https:\/\/www.sportalsub.net\/blog\/infantil-interclubes-nadosub-colombia-2015","url_meta":{"origin":27943,"position":3},"title":"\ud83c\udde8\ud83c\uddf4 Resultados I Festival Nacional Infantil Interclubes de Nataci\u00f3n con Aletas Medell\u00edn, Colombia 2015","author":"Sportalsub.net","date":"5 mayo 2015","format":false,"excerpt":"(Sportalsubnet \/ LASA \/ FEDECAS) El \u00d3rgano de Administraci\u00f3n de la Federaci\u00f3n Colombiana de Actividades Subacu\u00e1ticas\u00a0FEDECAS, haciendo uso de las facultades legales que le confiere el Estatuto, convoc\u00f3 al I Festival Nacional Infantil Interclubes de Nataci\u00f3n\u00a0con Aletas, realizado\u00a0en la ciudad de Medel\u00edn-Antioquia del 1 al 3 de mayo 2015. Resultados\u2026","rel":"","context":"En \u00abColombia\u00bb","block_context":{"text":"Colombia","link":"https:\/\/www.sportalsub.net\/blog\/category\/paises\/america\/colombia\/"},"img":{"alt_text":"","src":"https:\/\/i0.wp.com\/www.sportalsub.net\/blog\/wp-content\/uploads\/2012\/05\/infantil-colombia-2012.jpg?resize=350%2C200&ssl=1","width":350,"height":200,"srcset":"https:\/\/i0.wp.com\/www.sportalsub.net\/blog\/wp-content\/uploads\/2012\/05\/infantil-colombia-2012.jpg?resize=350%2C200&ssl=1 1x, https:\/\/i0.wp.com\/www.sportalsub.net\/blog\/wp-content\/uploads\/2012\/05\/infantil-colombia-2012.jpg?resize=525%2C300&ssl=1 1.5x"},"classes":[]},{"id":79410,"url":"https:\/\/www.sportalsub.net\/blog\/infantil-aletas-villavicencio-2025","url_meta":{"origin":27943,"position":4},"title":"\ud83c\udde8\ud83c\uddf4 Resultados &#8211; Festival Nacional Infantil Interclubes de Nataci\u00f3n con Aletas FEDECAS 2025 &#8211; Villavicencio, Colombia","author":"Sportalsub.net","date":"14 abril 2025","format":false,"excerpt":"(Sportalsub.net \/ FEDECAS) Festival Nacional Infantil Interclubes de Nataci\u00f3n con Aletas 2025 de la Federaci\u00f3n Colombiana de Actividades Subacu\u00e1ticas \u2013 (FEDECAS). Villavicencio, Departamento del Meta 11 al 13 de abril de 2025. RESULTADOS OFICIALES (PDF)\u00a0 CONVOCATORIA OFICIAL SERIES\u00a0 Fuente: www.fedecas.org","rel":"","context":"En \u00abColombia\u00bb","block_context":{"text":"Colombia","link":"https:\/\/www.sportalsub.net\/blog\/category\/paises\/america\/colombia\/"},"img":{"alt_text":"","src":"https:\/\/i0.wp.com\/www.sportalsub.net\/blog\/wp-content\/uploads\/2025\/04\/infantil-colombia-2025.jpg?resize=350%2C200&ssl=1","width":350,"height":200,"srcset":"https:\/\/i0.wp.com\/www.sportalsub.net\/blog\/wp-content\/uploads\/2025\/04\/infantil-colombia-2025.jpg?resize=350%2C200&ssl=1 1x, https:\/\/i0.wp.com\/www.sportalsub.net\/blog\/wp-content\/uploads\/2025\/04\/infantil-colombia-2025.jpg?resize=525%2C300&ssl=1 1.5x, https:\/\/i0.wp.com\/www.sportalsub.net\/blog\/wp-content\/uploads\/2025\/04\/infantil-colombia-2025.jpg?resize=700%2C400&ssl=1 2x"},"classes":[]},{"id":12411,"url":"https:\/\/www.sportalsub.net\/blog\/festival-nacional-infantil-interclubes-de-natacion-con-aletas-medellin-colombia-2012\/","url_meta":{"origin":27943,"position":5},"title":"\ud83c\udde8\ud83c\uddf4 Festival Nacional Infantil Interclubes de Natacion con Aletas. Medell\u00edn, Colombia 2012","author":"Sportalsub.net","date":"10 mayo 2012","format":false,"excerpt":"(Especial Sportalsub.net \/ FEDECAS) Del 18 al 21 de Mayo de 2012 se realizar\u00e1 en la ciudad de Medell\u00edn, Colombia el Festival Nacional Infantil Interclubes de Nataci\u00f3n con Aletas de la Federaci\u00f3n Colombiana de Actividades Subacu\u00e1ticas FEDECAS organizado por el club Esturiones. El evento contar\u00e1 con transmisi\u00f3n en directo via\u2026","rel":"","context":"En \u00abColombia\u00bb","block_context":{"text":"Colombia","link":"https:\/\/www.sportalsub.net\/blog\/category\/paises\/america\/colombia\/"},"img":{"alt_text":"","src":"https:\/\/i0.wp.com\/www.sportalsub.net\/blog\/wp-content\/uploads\/2012\/05\/infantil-colombia-2012.jpg?resize=350%2C200&ssl=1","width":350,"height":200,"srcset":"https:\/\/i0.wp.com\/www.sportalsub.net\/blog\/wp-content\/uploads\/2012\/05\/infantil-colombia-2012.jpg?resize=350%2C200&ssl=1 1x, https:\/\/i0.wp.com\/www.sportalsub.net\/blog\/wp-content\/uploads\/2012\/05\/infantil-colombia-2012.jpg?resize=525%2C300&ssl=1 1.5x"},"classes":[]}],"_links":{"self":[{"href":"https:\/\/www.sportalsub.net\/blog\/wp-json\/wp\/v2\/posts\/27943","targetHints":{"allow":["GET"]}}],"collection":[{"href":"https:\/\/www.sportalsub.net\/blog\/wp-json\/wp\/v2\/posts"}],"about":[{"href":"https:\/\/www.sportalsub.net\/blog\/wp-json\/wp\/v2\/types\/post"}],"author":[{"embeddable":true,"href":"https:\/\/www.sportalsub.net\/blog\/wp-json\/wp\/v2\/users\/1"}],"replies":[{"embeddable":true,"href":"https:\/\/www.sportalsub.net\/blog\/wp-json\/wp\/v2\/comments?post=27943"}],"version-history":[{"count":0,"href":"https:\/\/www.sportalsub.net\/blog\/wp-json\/wp\/v2\/posts\/27943\/revisions"}],"wp:featuredmedia":[{"embeddable":true,"href":"https:\/\/www.sportalsub.net\/blog\/wp-json\/wp\/v2\/media\/27944"}],"wp:attachment":[{"href":"https:\/\/www.sportalsub.net\/blog\/wp-json\/wp\/v2\/media?parent=27943"}],"wp:term":[{"taxonomy":"category","embeddable":true,"href":"https:\/\/www.sportalsub.net\/blog\/wp-json\/wp\/v2\/categories?post=27943"},{"taxonomy":"post_tag","embeddable":true,"href":"https:\/\/www.sportalsub.net\/blog\/wp-json\/wp\/v2\/tags?post=27943"}],"curies":[{"name":"wp","href":"https:\/\/api.w.org\/{rel}","templated":true}]}}