{"id":28089,"date":"2018-05-25T04:54:38","date_gmt":"2018-05-25T08:54:38","guid":{"rendered":"http:\/\/www.sportalsub.net\/blog\/?p=28089"},"modified":"2019-08-29T21:18:37","modified_gmt":"2019-08-30T01:18:37","slug":"campeonato-de-espana-de-apnea-indoor-fedas-madrid-2018","status":"publish","type":"post","link":"https:\/\/www.sportalsub.net\/blog\/apnea-espana-fedas-madrid-2018","title":{"rendered":"\ud83c\uddea\ud83c\uddf8 Resultados &#8211; Campeonato de Espa\u00f1a de Apnea Indoor FEDAS, Madrid 2018"},"content":{"rendered":"<p><img loading=\"lazy\" decoding=\"async\" class=\"alignnone size-full wp-image-28138\" src=\"http:\/\/www.sportalsub.net\/blog\/wp-content\/uploads\/2018\/05\/campeonatoespanaindoor.jpg\" alt=\"\" width=\"900\" height=\"550\" srcset=\"https:\/\/www.sportalsub.net\/blog\/wp-content\/uploads\/2018\/05\/campeonatoespanaindoor.jpg 900w, https:\/\/www.sportalsub.net\/blog\/wp-content\/uploads\/2018\/05\/campeonatoespanaindoor-300x183.jpg 300w, https:\/\/www.sportalsub.net\/blog\/wp-content\/uploads\/2018\/05\/campeonatoespanaindoor-768x469.jpg 768w\" sizes=\"auto, (max-width: 900px) 100vw, 900px\" \/><\/p>\n<p>(Sportalsub.net \/ FEDAS Apnea \/ Apnealo)<\/p>\n<p>El XVII Campeonato Nacional de\u00a0Apnea Indoor de Espa\u00f1a se realiz\u00f3 en Madrid, el fin de semana del 18,19 y 20 de mayo\u00a0organizado por la Federaci\u00f3n Espa\u00f1ola de Actividades Subacu\u00e1ticas con la\u00a0colaboraci\u00f3n de la Federaci\u00f3n Madrile\u00f1a de Actividades Subacu\u00e1ticas.<\/p>\n<p>El evento incluy\u00f3 las modalidades de: Est\u00e1tica, Din\u00e1mica con Aletas y Din\u00e1mica sin Aletas.<\/p>\n<h2><strong>RESULTADOS OFICIALES<\/strong><\/h2>\n<h3><strong>APNEA EST\u00c1TICA<\/strong><\/h3>\n<p><strong>CLASIFICACI\u00d3N MASCULINA<\/strong><\/p>\n<ol>\n<li>ALEIX SEGURA &#8211; FECDAS &#8211; CATALUNYA &#8211; 07:16<\/li>\n<li>PABLO SANCHEZ &#8211; FAAS &#8211; ANDALUCIA &#8211; 06:38<\/li>\n<li>OLIVIER VILAIN &#8211; FARAS &#8211; ARAGON &#8211; 06:20<\/li>\n<\/ol>\n<p><strong>CLASIFICACI\u00d3N FEMENINA<\/strong><\/p>\n<ol>\n<li>ISABEL SANCHEZ &#8211; FASCV &#8211; VALENCIA &#8211; 05:42<\/li>\n<li>GEMMA VILA &#8211; FASCV &#8211; VALENCIA &#8211; 05:26<\/li>\n<li>BEATRIZ MINGUEZ &#8211; FMDAS &#8211; MADRID &#8211; 05:02<\/li>\n<\/ol>\n<p><a href=\"https:\/\/scontent-mia3-1.xx.fbcdn.net\/v\/t1.0-9\/33026099_779703738901550_6215904948282982400_o.jpg?_nc_cat=0&amp;_nc_eui2=AeGRZHBO25jHQ2YEXrrlQ8SlRbOM02ymDVZbbgknvPqw6x0kWLLs0511jqM_8_GosSIju0CtW86nIaHxgcdl3gB8qxfaCcCg-7DtoWxX40-XdA&amp;oh=60e9f53de2ccff3c812dcf1f9e784446&amp;oe=5B8E2D6D\" target=\"_blank\"><img loading=\"lazy\" decoding=\"async\" class=\"alignnone\" src=\"https:\/\/scontent-mia3-1.xx.fbcdn.net\/v\/t1.0-9\/33026099_779703738901550_6215904948282982400_o.jpg?_nc_cat=0&amp;_nc_eui2=AeGRZHBO25jHQ2YEXrrlQ8SlRbOM02ymDVZbbgknvPqw6x0kWLLs0511jqM_8_GosSIju0CtW86nIaHxgcdl3gB8qxfaCcCg-7DtoWxX40-XdA&amp;oh=60e9f53de2ccff3c812dcf1f9e784446&amp;oe=5B8E2D6D\" alt=\"No hay texto alternativo autom\u00c3\u00a1tico disponible.\" width=\"1864\" height=\"1294\" \/><\/a><\/p>\n<h3><strong>APNEA DIN\u00c1MICA SIN ALETAS<\/strong><\/h3>\n<p><strong>CLASIFICACI\u00d3N MASCULINA<\/strong><\/p>\n<ol>\n<li>TOM\u00c1S VALD\u00c9S &#8211; FECDAS &#8211; CATALUNYA &#8211; 144,10<\/li>\n<li>ANTONIO GARCIA &#8211; FEGAS &#8211; GALICIA &#8211; 140,30<\/li>\n<li>SANTIAGO L\u00d3PEZ &#8211; FACSV &#8211; VALENCIA &#8211; 140,20<\/li>\n<\/ol>\n<p><strong>CLASIFICACI\u00d3N FEMENINA<\/strong><\/p>\n<ol>\n<li>GEMMA VILA &#8211; FASCV &#8211; VALENCIA &#8211; 132,20 &#8211; RECORD NACIONAL<\/li>\n<li>ALMUDENA CALVO &#8211; FCEDAS &#8211; CANTABRIA &#8211; 117,60<\/li>\n<li>ESTELA CARBONELL &#8211; FASCV &#8211; VALENCIA &#8211; 64,70<\/li>\n<\/ol>\n<p><a href=\"https:\/\/scontent-mia3-1.xx.fbcdn.net\/v\/t1.0-9\/32890540_779704125568178_407596463724429312_o.jpg?_nc_cat=0&amp;_nc_eui2=AeFiFY2nBAlZiLncMSYPmyxMqWNI8-JbwpcV5CR8Sp8QkTHgntpoMJnnlPAMMXz4TzsL69eflnnhIvV2m8HjfgmVh49k9aF8xgNrg9PdMidFwA&amp;oh=5b571b10dfffef5418df671689fb5814&amp;oe=5B8CC005\" target=\"_blank\"><img loading=\"lazy\" decoding=\"async\" class=\"alignnone\" src=\"https:\/\/scontent-mia3-1.xx.fbcdn.net\/v\/t1.0-9\/32890540_779704125568178_407596463724429312_o.jpg?_nc_cat=0&amp;_nc_eui2=AeFiFY2nBAlZiLncMSYPmyxMqWNI8-JbwpcV5CR8Sp8QkTHgntpoMJnnlPAMMXz4TzsL69eflnnhIvV2m8HjfgmVh49k9aF8xgNrg9PdMidFwA&amp;oh=5b571b10dfffef5418df671689fb5814&amp;oe=5B8CC005\" alt=\"No hay texto alternativo autom\u00c3\u00a1tico disponible.\" width=\"1833\" height=\"1616\" \/><\/a><\/p>\n<h3><strong>APNEA DIN\u00c1MICA CON ALETAS<\/strong><\/h3>\n<p><strong>CLASIFICACI\u00d3N MASCULINA<\/strong><\/p>\n<ol>\n<li>JORGE ROCHA &#8211; FMDAS &#8211; MADRID &#8211; 200,00<\/li>\n<li>ANTONIO GARCIA &#8211; FEGAS &#8211; GALICIA &#8211; 200,00<\/li>\n<li>SANTIAGO L\u00d3PEZ &#8211; FACSV &#8211; VALENCIA &#8211; 189,00<\/li>\n<\/ol>\n<p><strong>CLASIFICACI\u00d3N FEMENINA<\/strong><\/p>\n<ol>\n<li>ALMUDENA CALVO &#8211; FCEDAS &#8211; CANTABRIA &#8211; 185,40<\/li>\n<li>GISELA SOLA &#8211; FECDAS- CATALUNYA &#8211; 150,00<\/li>\n<li>CRISTINA AS\u00cdN &#8211; FARAS &#8211; ARAGON &#8211; 114,14<\/li>\n<\/ol>\n<p><a href=\"https:\/\/scontent-mia3-1.xx.fbcdn.net\/v\/t1.0-9\/33020812_779970315541559_6867599212486328320_n.jpg?_nc_cat=0&amp;_nc_eui2=AeFXg4fZoP9Bl4_l2mNWdmwYLYrorXANAMtoq1xes4SpwtExlv3cqFqOxTXJlc7cd1m1t8AbsuVBNalrN-GKnLeljRKdEiGYhKLfSVIYi3h9MQ&amp;oh=aacd48ef8391306889c07936b86b386e&amp;oe=5B7E901D\" target=\"_blank\"><img loading=\"lazy\" decoding=\"async\" class=\"alignnone\" src=\"https:\/\/scontent-mia3-1.xx.fbcdn.net\/v\/t1.0-9\/33020812_779970315541559_6867599212486328320_n.jpg?_nc_cat=0&amp;_nc_eui2=AeFXg4fZoP9Bl4_l2mNWdmwYLYrorXANAMtoq1xes4SpwtExlv3cqFqOxTXJlc7cd1m1t8AbsuVBNalrN-GKnLeljRKdEiGYhKLfSVIYi3h9MQ&amp;oh=aacd48ef8391306889c07936b86b386e&amp;oe=5B7E901D\" alt=\"\" width=\"960\" height=\"812\" \/><\/a><\/p>\n<h3>CLASIFICACI\u00d3N EQUIPOS<\/h3>\n<ol>\n<li>FASCV &#8211; COMUNIDAD VALENCIANA &#8211; 967,54<\/li>\n<li>FMDAS &#8211; MADRID &#8211; 842,14<\/li>\n<li>FECAS &#8211; CATALUNYA &#8211; 824,93<\/li>\n<\/ol>\n<p><a href=\"https:\/\/scontent-mia3-1.xx.fbcdn.net\/v\/t1.0-9\/33046830_780307215507869_7519505935836905472_n.jpg?_nc_cat=0&amp;_nc_eui2=AeEM2sQW_BWMavylkkA--XJ_hxoyWEtc_VBbYNkguzA-ZfDFFxGEIo0-yvIyU9BIX92knxYCGD-iktg5JNu4VQ1BZUSv7Z4SagdZnHrzbd57iQ&amp;oh=1e845aab5829bfaecbe03b770229fc23&amp;oe=5BBEFBCC\" target=\"_blank\"><img loading=\"lazy\" decoding=\"async\" class=\"alignnone\" src=\"https:\/\/scontent-mia3-1.xx.fbcdn.net\/v\/t1.0-9\/33046830_780307215507869_7519505935836905472_n.jpg?_nc_cat=0&amp;_nc_eui2=AeEM2sQW_BWMavylkkA--XJ_hxoyWEtc_VBbYNkguzA-ZfDFFxGEIo0-yvIyU9BIX92knxYCGD-iktg5JNu4VQ1BZUSv7Z4SagdZnHrzbd57iQ&amp;oh=1e845aab5829bfaecbe03b770229fc23&amp;oe=5BBEFBCC\" alt=\"No hay texto alternativo autom\u00c3\u00a1tico disponible.\" width=\"960\" height=\"486\" \/><\/a><\/p>\n<p><a href=\"https:\/\/www.facebook.com\/apnealo\" target=\"_blank\" rel=\"noopener noreferrer\" target=\"_blank\"><strong>Resultados y Fotos, cortes\u00eda de: Apnealo<\/strong><\/a><\/p>\n<p><a href=\"https:\/\/www.facebook.com\/apnealo\" target=\"_blank\" rel=\"noopener noreferrer\" target=\"_blank\"><img decoding=\"async\" src=\"https:\/\/scontent-mia3-1.xx.fbcdn.net\/v\/t1.0-1\/p320x320\/26166412_721490054722919_3169818398653439099_n.png?_nc_cat=0&amp;_nc_eui2=AeH4j3zLR61ihMEqTRwBdD2kM40SvoOVtwukH8PRk_5qHMuuBc_xVPV6mRe_EyA8uQOPNG-eUz47_EDs-WEXzNtUZmCiLRDw_v_LPAMxoSIr0w&amp;oh=947ff627ac299fb2834e01a6e794011a&amp;oe=5B8F2C03\" \/><\/a><\/p>\n<p><img loading=\"lazy\" decoding=\"async\" class=\"alignnone size-full wp-image-28139\" src=\"http:\/\/www.sportalsub.net\/blog\/wp-content\/uploads\/2018\/05\/comunidades.jpg\" alt=\"\" width=\"900\" height=\"550\" srcset=\"https:\/\/www.sportalsub.net\/blog\/wp-content\/uploads\/2018\/05\/comunidades.jpg 900w, https:\/\/www.sportalsub.net\/blog\/wp-content\/uploads\/2018\/05\/comunidades-300x183.jpg 300w, https:\/\/www.sportalsub.net\/blog\/wp-content\/uploads\/2018\/05\/comunidades-768x469.jpg 768w\" sizes=\"auto, (max-width: 900px) 100vw, 900px\" \/><\/p>\n<p><a href=\"https:\/\/www.facebook.com\/pg\/Apnea.Madrid.Club\/photos\/?tab=album&amp;album_id=618373101833072\" target=\"_blank\" rel=\"noopener noreferrer\" target=\"_blank\"><strong>GALER\u00cdA DE FOTOS SUBACU\u00c1TICAS Y PREMIACIONES POR BORJA CONDE &#8211; CLUB APNEA MADRID<\/strong><\/a><\/p>\n<p><a href=\"https:\/\/www.facebook.com\/pg\/Apnea.Madrid.Club\/photos\/?tab=album&amp;album_id=618373101833072\" target=\"_blank\" rel=\"noopener noreferrer\" target=\"_blank\"><img decoding=\"async\" src=\"https:\/\/scontent-mia3-1.xx.fbcdn.net\/v\/t1.0-9\/33493688_618375531832829_7254222603580080128_o.jpg?_nc_cat=0&amp;_nc_eui2=AeFMgnKA1qXZZlaT1FpSCbBq4QamJpqHIYQLYeNV4vv26_ni9vXWHJLDTuIWP7GH20nOj_G4a3E9DmGLQJa967VbCw8v0OgUg5BzcCoV9uRP5g&amp;oh=4b357c22cb66c0def84503a5090b72ba&amp;oe=5B840C55\" alt=\"La imagen puede contener: una o varias personas\" \/><\/a><\/p>\n<p><strong>DOCUMENTACI\u00d3N DEL CAMPEONATO:<\/strong><\/p>\n<p><a href=\"http:\/\/fedas.es\/wp-content\/uploads\/2017\/12\/CAMPEONATO-DE-APNEA-INDOOR-2018-INFORMACI%C3%93N.pdf\" target=\"_blank\">CAMPEONATO DE APNEA INDOOR 2018 \u2013 INFORMACI\u00d3N<\/a><\/p>\n<p><a href=\"http:\/\/fedas.es\/wp-content\/uploads\/2017\/12\/CAMPEONATO-DE-ESPA%C3%91A-DE-APNEA-INDOOR-2018-HOJA-INSCRIPCION-..pdf\" target=\"_blank\">CAMPEONATO DE ESPA\u00d1A DE APNEA INDOOR 2018 \u2013 HOJA INSCRIPCION .<\/a><\/p>\n<p>M\u00e1s info: <a href=\"http:\/\/fedas.es\/events\/campeonato-de-espana-de-apnea-indoor\/\" target=\"_blank\" rel=\"noopener noreferrer\" target=\"_blank\">Web FEDAS<\/a> \/ <a href=\"https:\/\/www.facebook.com\/groups\/Fedas.apnea\/\" target=\"_blank\">Facebook FEDAS Apnea<\/a><\/p>\n<p><img loading=\"lazy\" decoding=\"async\" class=\"alignnone size-full wp-image-28090\" src=\"http:\/\/www.sportalsub.net\/blog\/wp-content\/uploads\/2018\/05\/fedasapnea2018.jpg\" alt=\"\" width=\"900\" height=\"550\" srcset=\"https:\/\/www.sportalsub.net\/blog\/wp-content\/uploads\/2018\/05\/fedasapnea2018.jpg 900w, https:\/\/www.sportalsub.net\/blog\/wp-content\/uploads\/2018\/05\/fedasapnea2018-300x183.jpg 300w, https:\/\/www.sportalsub.net\/blog\/wp-content\/uploads\/2018\/05\/fedasapnea2018-768x469.jpg 768w\" sizes=\"auto, (max-width: 900px) 100vw, 900px\" \/><\/p>\n<p><img decoding=\"async\" src=\"https:\/\/scontent-mia3-1.xx.fbcdn.net\/v\/t1.0-9\/31793558_174172766509499_5178826777597837312_n.jpg?_nc_cat=0&amp;oh=58943775b29aba58fe2f98fdbc7c0371&amp;oe=5B9BC384\" alt=\"La imagen puede contener: texto\" \/><\/p>\n","protected":false},"excerpt":{"rendered":"<p>(Sportalsub.net \/ FEDAS Apnea \/ Apnealo) El XVII Campeonato Nacional de\u00a0Apnea Indoor de Espa\u00f1a se realiz\u00f3 en Madrid, el fin de semana del 18,19 y 20 de mayo\u00a0organizado por la Federaci\u00f3n Espa\u00f1ola de Actividades Subacu\u00e1ticas con la\u00a0colaboraci\u00f3n de la Federaci\u00f3n Madrile\u00f1a de Actividades Subacu\u00e1ticas. El evento incluy\u00f3 las modalidades de: Est\u00e1tica, Din\u00e1mica con Aletas y Din\u00e1mica sin Aletas. RESULTADOS OFICIALES [&#8230;]<\/p>\n","protected":false},"author":1,"featured_media":28138,"comment_status":"open","ping_status":"closed","sticky":false,"template":"","format":"standard","meta":{"_lmt_disableupdate":"","_lmt_disable":"","jetpack_post_was_ever_published":false,"_jetpack_newsletter_access":"","_jetpack_dont_email_post_to_subs":false,"_jetpack_newsletter_tier_id":0,"_jetpack_memberships_contains_paywalled_content":false,"_jetpack_memberships_contains_paid_content":false,"footnotes":"","jetpack_publicize_message":"","jetpack_publicize_feature_enabled":true,"jetpack_social_post_already_shared":true,"jetpack_social_options":{"image_generator_settings":{"template":"highway","default_image_id":0,"font":"","enabled":false},"version":2}},"categories":[9,347,10,120],"tags":[],"class_list":["post-28089","post","type-post","status-publish","format-standard","has-post-thumbnail","hentry","category-apnea","category-destacados","category-espana","category-resultados"],"modified_by":"Sportalsub.net","views":4193,"jetpack_publicize_connections":[],"jetpack_featured_media_url":"https:\/\/www.sportalsub.net\/blog\/wp-content\/uploads\/2018\/05\/campeonatoespanaindoor.jpg","jetpack_sharing_enabled":true,"jetpack_shortlink":"https:\/\/wp.me\/pf9lN-7j3","jetpack_likes_enabled":false,"jetpack-related-posts":[{"id":54575,"url":"https:\/\/www.sportalsub.net\/blog\/apnea-fedas-zaragoza-espana-2022","url_meta":{"origin":28089,"position":0},"title":"\ud83c\uddea\ud83c\uddf8 Resultados &#8211; Campeonato de Espa\u00f1a de Apnea Indoor 2022 FEDAS &#8211; Zaragoza","author":"Sportalsub.net","date":"17 mayo 2022","format":false,"excerpt":"(Sportalsub.net \/ FEDAS) El Campeonato de Espa\u00f1a de Apnea Indoor 2022 de la Federaci\u00f3n Espa\u00f1ola de Actividades Subacu\u00e1ticas(FEDAS) se realiz\u00f3 los d\u00edas 14 y 15 de mayo en el Stadium Casablanca de Zaragoza. El evento incluy\u00f3 las modalidades de est\u00e1tica, din\u00e1mica con aletas, din\u00e1mica con bialetas y din\u00e1mica sin aletas\u2026","rel":"","context":"En \u00abApnea\u00bb","block_context":{"text":"Apnea","link":"https:\/\/www.sportalsub.net\/blog\/category\/modalidades\/apnea\/"},"img":{"alt_text":"","src":"https:\/\/i0.wp.com\/www.sportalsub.net\/blog\/wp-content\/uploads\/2022\/05\/espanaindoorapnea2022.jpg?resize=350%2C200&ssl=1","width":350,"height":200,"srcset":"https:\/\/i0.wp.com\/www.sportalsub.net\/blog\/wp-content\/uploads\/2022\/05\/espanaindoorapnea2022.jpg?resize=350%2C200&ssl=1 1x, https:\/\/i0.wp.com\/www.sportalsub.net\/blog\/wp-content\/uploads\/2022\/05\/espanaindoorapnea2022.jpg?resize=525%2C300&ssl=1 1.5x, https:\/\/i0.wp.com\/www.sportalsub.net\/blog\/wp-content\/uploads\/2022\/05\/espanaindoorapnea2022.jpg?resize=700%2C400&ssl=1 2x"},"classes":[]},{"id":21077,"url":"https:\/\/www.sportalsub.net\/blog\/campeonato-espana-apnea-indoor-2015","url_meta":{"origin":28089,"position":1},"title":"\ud83c\uddea\ud83c\uddf8 Resultados XV Campeonato de Espa\u00f1a de Apnea Indoor FEDAS 2015","author":"Sportalsub.net","date":"14 julio 2015","format":false,"excerpt":"(Sportalsub.net \/ FEDAS Apnea \/ FECLAS) El XV CAMPEONATO DE ESPA\u00d1A DE APNEA INDOOR se celebr\u00f3 en Valladolid,\u00a0los d\u00edas 11 y 12 de julio 2015 En la clasificaci\u00f3n por Comunidades, el primer lugar lo obtuvo Catalu\u00f1a con 798 puntos; segundo lugar para Valencia (465 puntos) y tercer lugar Madrid 384\u2026","rel":"","context":"En \u00abApnea\u00bb","block_context":{"text":"Apnea","link":"https:\/\/www.sportalsub.net\/blog\/category\/modalidades\/apnea\/"},"img":{"alt_text":"","src":"https:\/\/i0.wp.com\/www.sportalsub.net\/blog\/wp-content\/uploads\/2015\/07\/apneavalladolid.jpg?resize=350%2C200&ssl=1","width":350,"height":200,"srcset":"https:\/\/i0.wp.com\/www.sportalsub.net\/blog\/wp-content\/uploads\/2015\/07\/apneavalladolid.jpg?resize=350%2C200&ssl=1 1x, https:\/\/i0.wp.com\/www.sportalsub.net\/blog\/wp-content\/uploads\/2015\/07\/apneavalladolid.jpg?resize=525%2C300&ssl=1 1.5x, https:\/\/i0.wp.com\/www.sportalsub.net\/blog\/wp-content\/uploads\/2015\/07\/apneavalladolid.jpg?resize=700%2C400&ssl=1 2x"},"classes":[]},{"id":30225,"url":"https:\/\/www.sportalsub.net\/blog\/campeonato-de-espana-de-apnea-indoor-fedas-2019-lloret-de-mar\/","url_meta":{"origin":28089,"position":2},"title":"\ud83c\uddea\ud83c\uddf8 Resultados &#8211; Campeonato de Espa\u00f1a de Apnea Indoor FEDAS 2019 &#8211; Lloret de Mar","author":"Sportalsub.net","date":"28 abril 2019","format":false,"excerpt":"(Sportalsub.net \/ FEDAS \/ FECDAS) Los d\u00edas 26, 27 y 28 de Abril se llev\u00f3 a cabo en Lloret de Mar (Catalu\u00f1a) el Campeonato de Espa\u00f1a de Apnea Indoor 2019 de la Federaci\u00f3n Espa\u00f1ola de Actividades Subacu\u00e1ticas FEDAS, en el que participaron 10 selecciones auton\u00f3micas: Andaluc\u00eda, Arag\u00f3n, Asturias, Baleares, Cantabria,\u2026","rel":"","context":"En \u00abApnea\u00bb","block_context":{"text":"Apnea","link":"https:\/\/www.sportalsub.net\/blog\/category\/modalidades\/apnea\/"},"img":{"alt_text":"","src":"https:\/\/i0.wp.com\/www.sportalsub.net\/blog\/wp-content\/uploads\/2019\/04\/ea4e81e8-e72c-4ddd-bc46-2babad493ba4-e1556465052986.jpg?resize=350%2C200&ssl=1","width":350,"height":200,"srcset":"https:\/\/i0.wp.com\/www.sportalsub.net\/blog\/wp-content\/uploads\/2019\/04\/ea4e81e8-e72c-4ddd-bc46-2babad493ba4-e1556465052986.jpg?resize=350%2C200&ssl=1 1x, https:\/\/i0.wp.com\/www.sportalsub.net\/blog\/wp-content\/uploads\/2019\/04\/ea4e81e8-e72c-4ddd-bc46-2babad493ba4-e1556465052986.jpg?resize=525%2C300&ssl=1 1.5x, https:\/\/i0.wp.com\/www.sportalsub.net\/blog\/wp-content\/uploads\/2019\/04\/ea4e81e8-e72c-4ddd-bc46-2babad493ba4-e1556465052986.jpg?resize=700%2C400&ssl=1 2x, https:\/\/i0.wp.com\/www.sportalsub.net\/blog\/wp-content\/uploads\/2019\/04\/ea4e81e8-e72c-4ddd-bc46-2babad493ba4-e1556465052986.jpg?resize=1050%2C600&ssl=1 3x, https:\/\/i0.wp.com\/www.sportalsub.net\/blog\/wp-content\/uploads\/2019\/04\/ea4e81e8-e72c-4ddd-bc46-2babad493ba4-e1556465052986.jpg?resize=1400%2C800&ssl=1 4x"},"classes":[]},{"id":23540,"url":"https:\/\/www.sportalsub.net\/blog\/campeonato-espana-apnea-indoor-fedas-2016","url_meta":{"origin":28089,"position":3},"title":"\ud83c\uddea\ud83c\uddf8 Resultados Campeonato de Espa\u00f1a de Apnea Indoor FEDAS 2016","author":"Sportalsub.net","date":"25 mayo 2016","format":false,"excerpt":"(Sportalsub.net \/ FEDAS \/ FECDAS) Foto: www.susiapnea.com Del 20 al 22 de mayo se realiz\u00f3 en Matar\u00f3, Espa\u00f1a el\u00a0Campeonato de Espa\u00f1a de Apnea Indoor de la Federaci\u00f3n Espa\u00f1ola de Actividades Subacu\u00e1ticas, bajo la organizaci\u00f3n de la Federaci\u00f3n Catalana de Actividades Subacu\u00e1ticas. El evento comprendi\u00f3\u00a0las modalidades de est\u00e1tica (STA), din\u00e1mica (DYN)\u2026","rel":"","context":"En \u00abApnea\u00bb","block_context":{"text":"Apnea","link":"https:\/\/www.sportalsub.net\/blog\/category\/modalidades\/apnea\/"},"img":{"alt_text":"","src":"https:\/\/i0.wp.com\/www.sportalsub.net\/blog\/wp-content\/uploads\/2016\/05\/resultados-apnea-esp.jpg?resize=350%2C200&ssl=1","width":350,"height":200,"srcset":"https:\/\/i0.wp.com\/www.sportalsub.net\/blog\/wp-content\/uploads\/2016\/05\/resultados-apnea-esp.jpg?resize=350%2C200&ssl=1 1x, https:\/\/i0.wp.com\/www.sportalsub.net\/blog\/wp-content\/uploads\/2016\/05\/resultados-apnea-esp.jpg?resize=525%2C300&ssl=1 1.5x, https:\/\/i0.wp.com\/www.sportalsub.net\/blog\/wp-content\/uploads\/2016\/05\/resultados-apnea-esp.jpg?resize=700%2C400&ssl=1 2x"},"classes":[]},{"id":9882,"url":"https:\/\/www.sportalsub.net\/blog\/resultados-del-campeonato-de-espana-de-apnea-2011\/","url_meta":{"origin":28089,"position":4},"title":"\ud83c\uddea\ud83c\uddf8 Resultados del Campeonato de Espa\u00f1a de Apnea 2011","author":"Sportalsub.net","date":"12 julio 2011","format":false,"excerpt":"(Especial Sportalsub.net \/ FEDAS) Del 7 al 10 de Julio se realiz\u00f3 en Roses, Catalu\u00f1a el XII Campeonato de Apnea de la Federaci\u00f3n Espa\u00f1ola de Actividades Subacu\u00e1ticas (FEDAS). En el evento se implataron 3 nuevos r\u00e9cords nacionales de Espa\u00f1a: Aleix Segura (Catalu\u00f1a) con 8 minutos 3 segundos en Apnea Est\u00e1tica;\u2026","rel":"","context":"En \u00abApnea\u00bb","block_context":{"text":"Apnea","link":"https:\/\/www.sportalsub.net\/blog\/category\/modalidades\/apnea\/"},"img":{"alt_text":"","src":"https:\/\/i0.wp.com\/www.sportalsub.net\/blog\/wp-content\/uploads\/2011\/07\/apneaesp2011.jpg?resize=350%2C200&ssl=1","width":350,"height":200,"srcset":"https:\/\/i0.wp.com\/www.sportalsub.net\/blog\/wp-content\/uploads\/2011\/07\/apneaesp2011.jpg?resize=350%2C200&ssl=1 1x, https:\/\/i0.wp.com\/www.sportalsub.net\/blog\/wp-content\/uploads\/2011\/07\/apneaesp2011.jpg?resize=525%2C300&ssl=1 1.5x"},"classes":[]},{"id":18581,"url":"https:\/\/www.sportalsub.net\/blog\/campeonato-espana-apnea-piscina-2014","url_meta":{"origin":28089,"position":5},"title":"\ud83c\uddea\ud83c\uddf8 Resultados del XIV Campeonato de Espa\u00f1a de Apnea en piscina 2014","author":"Sportalsub.net","date":"22 septiembre 2014","format":false,"excerpt":"(Especial Sportalsub.net \/ FEDAS \/ FMDAS \/ Club Apnea Madrid) Este s\u00e1bado y domingo 20 y 21 de Septiembre de 10:00 a 15:00 se llev\u00f3 a cabo el \u00a0XIV Campeonato de Espa\u00f1a de Apnea de la Federaci\u00f3n Espa\u00f1ola de Actividades Subacu\u00e1ticas, evento realizado\u00a0en la piscina del IES San Fernando, Carretera\u2026","rel":"","context":"En \u00abApnea\u00bb","block_context":{"text":"Apnea","link":"https:\/\/www.sportalsub.net\/blog\/category\/modalidades\/apnea\/"},"img":{"alt_text":"","src":"https:\/\/i0.wp.com\/www.sportalsub.net\/blog\/wp-content\/uploads\/2014\/09\/apnea-madrid.jpg?resize=350%2C200&ssl=1","width":350,"height":200,"srcset":"https:\/\/i0.wp.com\/www.sportalsub.net\/blog\/wp-content\/uploads\/2014\/09\/apnea-madrid.jpg?resize=350%2C200&ssl=1 1x, https:\/\/i0.wp.com\/www.sportalsub.net\/blog\/wp-content\/uploads\/2014\/09\/apnea-madrid.jpg?resize=525%2C300&ssl=1 1.5x"},"classes":[]}],"_links":{"self":[{"href":"https:\/\/www.sportalsub.net\/blog\/wp-json\/wp\/v2\/posts\/28089","targetHints":{"allow":["GET"]}}],"collection":[{"href":"https:\/\/www.sportalsub.net\/blog\/wp-json\/wp\/v2\/posts"}],"about":[{"href":"https:\/\/www.sportalsub.net\/blog\/wp-json\/wp\/v2\/types\/post"}],"author":[{"embeddable":true,"href":"https:\/\/www.sportalsub.net\/blog\/wp-json\/wp\/v2\/users\/1"}],"replies":[{"embeddable":true,"href":"https:\/\/www.sportalsub.net\/blog\/wp-json\/wp\/v2\/comments?post=28089"}],"version-history":[{"count":0,"href":"https:\/\/www.sportalsub.net\/blog\/wp-json\/wp\/v2\/posts\/28089\/revisions"}],"wp:featuredmedia":[{"embeddable":true,"href":"https:\/\/www.sportalsub.net\/blog\/wp-json\/wp\/v2\/media\/28138"}],"wp:attachment":[{"href":"https:\/\/www.sportalsub.net\/blog\/wp-json\/wp\/v2\/media?parent=28089"}],"wp:term":[{"taxonomy":"category","embeddable":true,"href":"https:\/\/www.sportalsub.net\/blog\/wp-json\/wp\/v2\/categories?post=28089"},{"taxonomy":"post_tag","embeddable":true,"href":"https:\/\/www.sportalsub.net\/blog\/wp-json\/wp\/v2\/tags?post=28089"}],"curies":[{"name":"wp","href":"https:\/\/api.w.org\/{rel}","templated":true}]}}