{"id":28348,"date":"2018-07-16T12:26:51","date_gmt":"2018-07-16T16:26:51","guid":{"rendered":"http:\/\/www.sportalsub.net\/blog\/?p=28348"},"modified":"2019-09-01T00:07:47","modified_gmt":"2019-09-01T04:07:47","slug":"diplomado-de-natacion-y-o-subacuatica-teorico-practico-en-pereira-colombia","status":"publish","type":"post","link":"https:\/\/www.sportalsub.net\/blog\/diplomado-de-natacion-y-o-subacuatica-en-pereira-colombia\/","title":{"rendered":"\ud83c\udde8\ud83c\uddf4 Diplomado de Nataci\u00f3n y\/o Subacu\u00e1tica Te\u00f3rico, Pr\u00e1ctico en Pereira, Colombia"},"content":{"rendered":"<p><img loading=\"lazy\" decoding=\"async\" class=\"alignnone size-full wp-image-28350\" src=\"http:\/\/www.sportalsub.net\/blog\/wp-content\/uploads\/2018\/07\/diplomado-dest.jpg\" alt=\"\" width=\"900\" height=\"550\" srcset=\"https:\/\/www.sportalsub.net\/blog\/wp-content\/uploads\/2018\/07\/diplomado-dest.jpg 900w, https:\/\/www.sportalsub.net\/blog\/wp-content\/uploads\/2018\/07\/diplomado-dest-300x183.jpg 300w, https:\/\/www.sportalsub.net\/blog\/wp-content\/uploads\/2018\/07\/diplomado-dest-768x469.jpg 768w\" sizes=\"auto, (max-width: 900px) 100vw, 900px\" \/><\/p>\n<p>(Sportalsub.net \/ Club Subacu\u00e1tico Calypso)<\/p>\n<p>El Club Deportivo Subacu\u00e1tico Calypso, de la ciudad de Pereira, Colombia ha dise\u00f1ado el 1er diplomado de Nataci\u00f3n y\/o Subacu\u00e1tica a realizarse durante casi 5 meses, del Viernes 27 de junio hasta el s\u00e1bado 1 de diciembre de 2018.<\/p>\n<p>El Diplomado de\u00a0\u00a0Nataci\u00f3n y\/o Subacu\u00e1tica tiene certificaci\u00f3n del Instituto T\u00e9cnico FUGAN Resoluci\u00f3n N\u00b0 1937 de mayo 6 de 2013,\u00a0el cual contiene temas de\u00a0<strong>Apnea, buceo\u00a0\u00a0y nataci\u00f3n con aletas,<\/strong>\u00a0 ser\u00e1 realizado en la ciudad\u00a0de Pereira, Departamento de Risaralda en Colombia desde el\u00a0<strong>27 de julio\u00a0\u00a0hasta\u00a0\u00a0el 1 de diciembre del 2018<\/strong>\u00a0 cada tema se program\u00f3 dictarlo cada quince d\u00edas\u00a0\u00a0para facilidad\u00a0\u00a0de las personas que viven fuera de la ciudad; las sesiones te\u00f3ricas podr\u00e1n ser vistas online.<\/p>\n<p><strong>Documentos para Descargar<\/strong><\/p>\n<p><a href=\"http:\/\/www.sportalsub.net\/blog\/wp-content\/uploads\/2018\/07\/Plan-de-estudio-y-cronograma-Diplomado-SUBACUATICOS-ok-junio-8.xlsx\"><strong>Programa y Plan de Estudios<\/strong><\/a><\/p>\n<p><a href=\"http:\/\/www.sportalsub.net\/blog\/wp-content\/uploads\/2018\/07\/CONVENIO-DE-PAGO-Y-CUENTA-BANCARIA-JUNIO-8.docx\"><strong>Convenio de Pago y Cuenta Bancaria<\/strong><\/a><\/p>\n<p><a href=\"http:\/\/www.sportalsub.net\/blog\/wp-content\/uploads\/2018\/07\/FICHA-DE-MATRICULA.docx\"><strong>Ficha de Matr\u00edcula<\/strong><\/a><\/p>\n<p><strong>Contactos:<\/strong><\/p>\n<p>Piscinas Ol\u00edmpicas Pereira Risaralda, E-mail: <a href=\"mailto:clubcalypso3000@gmail.com\">clubcalypso3000@gmail.com<\/a><\/p>\n<p>Tel\u00e9fonos: 3271435\u00a0\u00a0 3104124979 \u2013 3104121830 \u2013 3113794237<\/p>\n<p><strong>Liliana Saldarriaga Toro<br \/>\n<\/strong>Profesional en ciencias del deporte y la Recreaci\u00f3n<br \/>\nEspecialista en entrenamiento deportivo<br \/>\nEspecialista en Administraci\u00f3n y gesti\u00f3n deportiva<br \/>\n<strong>Tel\u00e9fono: 311-3794237<\/strong><\/p>\n<p><strong><a href=\"https:\/\/www.instagram.com\/clubsubacuaticocalypso\/\" target=\"_blank\" rel=\"noopener noreferrer\" target=\"_blank\">Instagram Club Subacu\u00e1tico Calypso<\/a> \/ <a href=\"https:\/\/www.facebook.com\/clubsubacuaticocalypso\/\" target=\"_blank\" rel=\"noopener noreferrer\" target=\"_blank\">Facebook Club Subacu\u00e1tico Calypso<\/a><\/strong><\/p>\n<p><img loading=\"lazy\" decoding=\"async\" class=\"alignnone size-full wp-image-28349\" src=\"http:\/\/www.sportalsub.net\/blog\/wp-content\/uploads\/2018\/07\/diplomado-pereira.jpg\" alt=\"\" width=\"720\" height=\"1370\" srcset=\"https:\/\/www.sportalsub.net\/blog\/wp-content\/uploads\/2018\/07\/diplomado-pereira.jpg 720w, https:\/\/www.sportalsub.net\/blog\/wp-content\/uploads\/2018\/07\/diplomado-pereira-158x300.jpg 158w, https:\/\/www.sportalsub.net\/blog\/wp-content\/uploads\/2018\/07\/diplomado-pereira-538x1024.jpg 538w\" sizes=\"auto, (max-width: 720px) 100vw, 720px\" \/><\/p>\n<p>Este diplomado es promovido y publicado por Sportalsub.net, sin embargo la organizaci\u00f3n del mismo est\u00e1 a cargo el Club Subacu\u00e1tico Calypso<\/p>\n","protected":false},"excerpt":{"rendered":"<p>(Sportalsub.net \/ Club Subacu\u00e1tico Calypso) El Club Deportivo Subacu\u00e1tico Calypso, de la ciudad de Pereira, Colombia ha dise\u00f1ado el 1er diplomado de Nataci\u00f3n y\/o Subacu\u00e1tica a realizarse durante casi 5 meses, del Viernes 27 de junio hasta el s\u00e1bado 1 de diciembre de 2018. El Diplomado de\u00a0\u00a0Nataci\u00f3n y\/o Subacu\u00e1tica tiene certificaci\u00f3n del Instituto T\u00e9cnico FUGAN Resoluci\u00f3n N\u00b0 1937 de mayo [&#8230;]<\/p>\n","protected":false},"author":1,"featured_media":28350,"comment_status":"open","ping_status":"closed","sticky":false,"template":"","format":"standard","meta":{"_lmt_disableupdate":"","_lmt_disable":"","jetpack_post_was_ever_published":false,"_jetpack_newsletter_access":"","_jetpack_dont_email_post_to_subs":false,"_jetpack_newsletter_tier_id":0,"_jetpack_memberships_contains_paywalled_content":false,"_jetpack_memberships_contains_paid_content":false,"footnotes":"","jetpack_publicize_message":"","jetpack_publicize_feature_enabled":true,"jetpack_social_post_already_shared":true,"jetpack_social_options":{"image_generator_settings":{"template":"highway","default_image_id":0,"font":"","enabled":false},"version":2}},"categories":[9,3,112,347,12],"tags":[],"class_list":["post-28348","post","type-post","status-publish","format-standard","has-post-thumbnail","hentry","category-apnea","category-colombia","category-cursos-y-talleres","category-destacados","category-natacion-con-aletas"],"modified_by":"Sportalsub.net","views":3931,"jetpack_publicize_connections":[],"jetpack_featured_media_url":"https:\/\/www.sportalsub.net\/blog\/wp-content\/uploads\/2018\/07\/diplomado-dest.jpg","jetpack_sharing_enabled":true,"jetpack_shortlink":"https:\/\/wp.me\/pf9lN-7ne","jetpack_likes_enabled":false,"jetpack-related-posts":[{"id":29797,"url":"https:\/\/www.sportalsub.net\/blog\/club-subacuatico-desde-1992-en-pereira-colombia\/","url_meta":{"origin":28348,"position":0},"title":"\ud83c\udde8\ud83c\uddf4 Club Subacu\u00e1tico Calypso, desde 1992 desarrollando las Actividades Subacu\u00e1ticas en Pereira, Colombia","author":"Sportalsub.net","date":"4 febrero 2020","format":false,"excerpt":"(Sportalsub.net \/ Club Subacu\u00e1tico Calypso) El Club Subacu\u00e1tico Calypso, fundado en 1992, es uno de los pioneros en las actividades subacu\u00e1ticas en la ciudad de Pereira, en el Departamento de Risaralda en Colombia y cuenta con un amplio staff de Monitores, Entrenadores e Instructores. Bajo la direcci\u00f3n de la Lcda.\u2026","rel":"","context":"En \u00abApnea\u00bb","block_context":{"text":"Apnea","link":"https:\/\/www.sportalsub.net\/blog\/category\/modalidades\/apnea\/"},"img":{"alt_text":"","src":"https:\/\/i0.wp.com\/www.sportalsub.net\/blog\/wp-content\/uploads\/2019\/01\/clubsubacuaticocalypso.jpg?resize=350%2C200&ssl=1","width":350,"height":200,"srcset":"https:\/\/i0.wp.com\/www.sportalsub.net\/blog\/wp-content\/uploads\/2019\/01\/clubsubacuaticocalypso.jpg?resize=350%2C200&ssl=1 1x, https:\/\/i0.wp.com\/www.sportalsub.net\/blog\/wp-content\/uploads\/2019\/01\/clubsubacuaticocalypso.jpg?resize=525%2C300&ssl=1 1.5x, https:\/\/i0.wp.com\/www.sportalsub.net\/blog\/wp-content\/uploads\/2019\/01\/clubsubacuaticocalypso.jpg?resize=700%2C400&ssl=1 2x"},"classes":[]},{"id":27543,"url":"https:\/\/www.sportalsub.net\/blog\/laura-maria-castrillon-velasquez+","url_meta":{"origin":28348,"position":1},"title":"\ud83c\udde8\ud83c\uddf4 Laura Maria Castrill\u00f3n Velasquez &#8211; Deportista de Apnea de Colombia \u00abIn Memoriam\u00bb","author":"Sportalsub.net","date":"21 febrero 2018","format":false,"excerpt":"(Sportalsub.net \/ FEDECAS \/ Club Calypso) Sportalsub.net se une al duelo que embarga a La Federaci\u00f3n Colombia de Actividades Subacu\u00e1ticas, al Club Calypso de la ciudad de Pereira y a toda la comunidad subacu\u00e1tica de ese pa\u00eds y lamenta profundamente \u00a0el fallecimiento de la joven deportista de las modalidades de\u2026","rel":"","context":"En \u00abApnea\u00bb","block_context":{"text":"Apnea","link":"https:\/\/www.sportalsub.net\/blog\/category\/modalidades\/apnea\/"},"img":{"alt_text":"","src":"https:\/\/i0.wp.com\/www.sportalsub.net\/blog\/wp-content\/uploads\/2018\/02\/laura-apnea.jpg?resize=350%2C200&ssl=1","width":350,"height":200,"srcset":"https:\/\/i0.wp.com\/www.sportalsub.net\/blog\/wp-content\/uploads\/2018\/02\/laura-apnea.jpg?resize=350%2C200&ssl=1 1x, https:\/\/i0.wp.com\/www.sportalsub.net\/blog\/wp-content\/uploads\/2018\/02\/laura-apnea.jpg?resize=525%2C300&ssl=1 1.5x, https:\/\/i0.wp.com\/www.sportalsub.net\/blog\/wp-content\/uploads\/2018\/02\/laura-apnea.jpg?resize=700%2C400&ssl=1 2x"},"classes":[]},{"id":55906,"url":"https:\/\/www.sportalsub.net\/blog\/copa-calypso-nadosub-2022","url_meta":{"origin":28348,"position":2},"title":"\ud83c\udde8\ud83c\uddf4 Resultados &#8211; Copa Calypso 30 a\u00f1os Campeonato Departamental de Nataci\u00f3n con Aletas 2022 &#8211; Pereira, Colombia","author":"Sportalsub.net","date":"21 agosto 2022","format":false,"excerpt":"(Sportalsub.net \/ Club Subacu\u00e1tico Calypso) El Club Deportivo de Actividades Subacu\u00e1ticas CALYPSO, con aval de la Liga de Actividades Subacu\u00e1ticas de Risaralda \u201cLASER\u201d, organiz\u00f3 la COPA COLOMBIA TEMATICA CALYPSO 30 A\u00d1OS, CAMPEONATO DEPARTAMENTAL por categor\u00edas\u00a0 Infantil, Juvenil, Mayores y Master \u00a0En las \u00a0Piscina \u00a0ol\u00edmpicas\u00a0 de la\u00a0 ciudad de Pereira\u00a0 \u201cEsta\u2026","rel":"","context":"En \u00abColombia\u00bb","block_context":{"text":"Colombia","link":"https:\/\/www.sportalsub.net\/blog\/category\/paises\/america\/colombia\/"},"img":{"alt_text":"","src":"https:\/\/i0.wp.com\/www.sportalsub.net\/blog\/wp-content\/uploads\/2022\/07\/copacalypso2022web.jpg?resize=350%2C200&ssl=1","width":350,"height":200,"srcset":"https:\/\/i0.wp.com\/www.sportalsub.net\/blog\/wp-content\/uploads\/2022\/07\/copacalypso2022web.jpg?resize=350%2C200&ssl=1 1x, https:\/\/i0.wp.com\/www.sportalsub.net\/blog\/wp-content\/uploads\/2022\/07\/copacalypso2022web.jpg?resize=525%2C300&ssl=1 1.5x, https:\/\/i0.wp.com\/www.sportalsub.net\/blog\/wp-content\/uploads\/2022\/07\/copacalypso2022web.jpg?resize=700%2C400&ssl=1 2x"},"classes":[]},{"id":83917,"url":"https:\/\/www.sportalsub.net\/blog\/4ta-copa-calypso-yubarta-de-natacion-con-aletas-risaralda-colombia\/","url_meta":{"origin":28348,"position":3},"title":"\ud83c\udde8\ud83c\uddf4 Resultados 4ta Copa Calypso Yubarta de Nataci\u00f3n con Aletas, Pereira \u2013 Colombia","author":"Sportalsub.net","date":"28 octubre 2025","format":false,"excerpt":"(Sportalsub.net \/ Club Subacu\u00e1tico Calypso) Con una excelente participaci\u00f3n de m\u00e1s de 175 deportistas de 14 equipos se realiz\u00f3 con todo \u00e9xito la 4ta edici\u00f3n de la la Copa CALYPSO 2025 con invitaci\u00f3n regional, nacional e internacional, realizada el s\u00e1bado 25 y\u00a0 domingo 26 de Octubre de 2025 en el\u2026","rel":"","context":"En \u00abColombia\u00bb","block_context":{"text":"Colombia","link":"https:\/\/www.sportalsub.net\/blog\/category\/paises\/america\/colombia\/"},"img":{"alt_text":"","src":"https:\/\/i0.wp.com\/www.sportalsub.net\/blog\/wp-content\/uploads\/2025\/10\/resultados-calypso-2025-sportalsub.jpg?resize=350%2C200&ssl=1","width":350,"height":200,"srcset":"https:\/\/i0.wp.com\/www.sportalsub.net\/blog\/wp-content\/uploads\/2025\/10\/resultados-calypso-2025-sportalsub.jpg?resize=350%2C200&ssl=1 1x, https:\/\/i0.wp.com\/www.sportalsub.net\/blog\/wp-content\/uploads\/2025\/10\/resultados-calypso-2025-sportalsub.jpg?resize=525%2C300&ssl=1 1.5x, https:\/\/i0.wp.com\/www.sportalsub.net\/blog\/wp-content\/uploads\/2025\/10\/resultados-calypso-2025-sportalsub.jpg?resize=700%2C400&ssl=1 2x"},"classes":[]},{"id":75557,"url":"https:\/\/www.sportalsub.net\/blog\/3ra-copa-calypso-rural-y-urbana-de-natacion-con-aletas-risaralda-colombia\/","url_meta":{"origin":28348,"position":4},"title":"\ud83c\udde8\ud83c\uddf4 Resultados &#8211; 3ra Copa Calypso Rural y Urbana de Nataci\u00f3n con Aletas, Risaralda &#8211; Colombia","author":"Sportalsub.net","date":"28 octubre 2024","format":false,"excerpt":"(Sportalsub.net \/ Club Subacu\u00e1tico Calypso) Con una excelente participaci\u00f3n de 180 deportistas de 10 equipos del pa\u00eds, se realiz\u00f3 con todo \u00e9xito la 3ra edici\u00f3n de la la Copa CALYPSO 2024 de Nataci\u00f3n Con Aletas con invitaci\u00f3n regional y nacional, realizada en la ciudad de PEREIRA , en el Complejo\u2026","rel":"","context":"En \u00abColombia\u00bb","block_context":{"text":"Colombia","link":"https:\/\/www.sportalsub.net\/blog\/category\/paises\/america\/colombia\/"},"img":{"alt_text":"","src":"https:\/\/i0.wp.com\/www.sportalsub.net\/blog\/wp-content\/uploads\/2024\/10\/3racopacalypsosportalsub.jpg?resize=350%2C200&ssl=1","width":350,"height":200,"srcset":"https:\/\/i0.wp.com\/www.sportalsub.net\/blog\/wp-content\/uploads\/2024\/10\/3racopacalypsosportalsub.jpg?resize=350%2C200&ssl=1 1x, https:\/\/i0.wp.com\/www.sportalsub.net\/blog\/wp-content\/uploads\/2024\/10\/3racopacalypsosportalsub.jpg?resize=525%2C300&ssl=1 1.5x, https:\/\/i0.wp.com\/www.sportalsub.net\/blog\/wp-content\/uploads\/2024\/10\/3racopacalypsosportalsub.jpg?resize=700%2C400&ssl=1 2x"},"classes":[]},{"id":35314,"url":"https:\/\/www.sportalsub.net\/blog\/festival-nacional-infantil-interligas-de-natacion-aletas-pereira-colombia-2019\/","url_meta":{"origin":28348,"position":5},"title":"\ud83c\udde8\ud83c\uddf4 Resultados &#8211; Festival Nacional Infantil Interligas de Nataci\u00f3n con Aletas, Pereira-Colombia 2019","author":"Sportalsub.net","date":"10 noviembre 2019","format":false,"excerpt":"(Sportalsub.net \/ FEDECAS) - Fotos: Club Subacu\u00e1tico Calypso Del 8 al 10 de Noviembre del presente a\u00f1o se llev\u00f3 a cabo el Festival Nacional Infantil Interligas de Nataci\u00f3n con Aletas en la ciudad de Pereira-Colombia, la Liga de Actividades Subacu\u00e1ticas de Risaralda fue la organizadora de dicho festival que tuvo\u2026","rel":"","context":"En \u00abColombia\u00bb","block_context":{"text":"Colombia","link":"https:\/\/www.sportalsub.net\/blog\/category\/paises\/america\/colombia\/"},"img":{"alt_text":"","src":"https:\/\/i0.wp.com\/www.sportalsub.net\/blog\/wp-content\/uploads\/2019\/11\/resultados-infantil-colombia.jpg?resize=350%2C200&ssl=1","width":350,"height":200,"srcset":"https:\/\/i0.wp.com\/www.sportalsub.net\/blog\/wp-content\/uploads\/2019\/11\/resultados-infantil-colombia.jpg?resize=350%2C200&ssl=1 1x, https:\/\/i0.wp.com\/www.sportalsub.net\/blog\/wp-content\/uploads\/2019\/11\/resultados-infantil-colombia.jpg?resize=525%2C300&ssl=1 1.5x, https:\/\/i0.wp.com\/www.sportalsub.net\/blog\/wp-content\/uploads\/2019\/11\/resultados-infantil-colombia.jpg?resize=700%2C400&ssl=1 2x"},"classes":[]}],"_links":{"self":[{"href":"https:\/\/www.sportalsub.net\/blog\/wp-json\/wp\/v2\/posts\/28348","targetHints":{"allow":["GET"]}}],"collection":[{"href":"https:\/\/www.sportalsub.net\/blog\/wp-json\/wp\/v2\/posts"}],"about":[{"href":"https:\/\/www.sportalsub.net\/blog\/wp-json\/wp\/v2\/types\/post"}],"author":[{"embeddable":true,"href":"https:\/\/www.sportalsub.net\/blog\/wp-json\/wp\/v2\/users\/1"}],"replies":[{"embeddable":true,"href":"https:\/\/www.sportalsub.net\/blog\/wp-json\/wp\/v2\/comments?post=28348"}],"version-history":[{"count":0,"href":"https:\/\/www.sportalsub.net\/blog\/wp-json\/wp\/v2\/posts\/28348\/revisions"}],"wp:featuredmedia":[{"embeddable":true,"href":"https:\/\/www.sportalsub.net\/blog\/wp-json\/wp\/v2\/media\/28350"}],"wp:attachment":[{"href":"https:\/\/www.sportalsub.net\/blog\/wp-json\/wp\/v2\/media?parent=28348"}],"wp:term":[{"taxonomy":"category","embeddable":true,"href":"https:\/\/www.sportalsub.net\/blog\/wp-json\/wp\/v2\/categories?post=28348"},{"taxonomy":"post_tag","embeddable":true,"href":"https:\/\/www.sportalsub.net\/blog\/wp-json\/wp\/v2\/tags?post=28348"}],"curies":[{"name":"wp","href":"https:\/\/api.w.org\/{rel}","templated":true}]}}