{"id":28381,"date":"2018-07-18T12:14:24","date_gmt":"2018-07-18T16:14:24","guid":{"rendered":"http:\/\/www.sportalsub.net\/blog\/?p=28381"},"modified":"2019-08-31T22:21:01","modified_gmt":"2019-09-01T02:21:01","slug":"deportistas-seleccionadas-por-espana-para-la-i-copa-mundo-cmas-femenina-de-pesca-submarina","status":"publish","type":"post","link":"https:\/\/www.sportalsub.net\/blog\/deportistas-seleccionadas-por-espana-para-la-i-copa-mundo-cmas-femenina-de-pesca-submarina\/","title":{"rendered":"\ud83c\uddea\ud83c\uddf8 Deportistas seleccionadas por Espa\u00f1a para la I Copa Mundo CMAS Femenina de Pesca Submarina"},"content":{"rendered":"<p><img loading=\"lazy\" decoding=\"async\" class=\"size-full wp-image-28382 alignnone\" src=\"http:\/\/www.sportalsub.net\/blog\/wp-content\/uploads\/2018\/07\/Seleccionadas_2018.jpg\" alt=\"\" width=\"640\" height=\"336\" srcset=\"https:\/\/www.sportalsub.net\/blog\/wp-content\/uploads\/2018\/07\/Seleccionadas_2018.jpg 640w, https:\/\/www.sportalsub.net\/blog\/wp-content\/uploads\/2018\/07\/Seleccionadas_2018-300x158.jpg 300w\" sizes=\"auto, (max-width: 640px) 100vw, 640px\" \/><\/p>\n<p>(Sportalsub.net \/ Pesca Submarina FEDAS)<\/p>\n<p>Finalizado el <a href=\"http:\/\/www.sportalsub.net\/blog\/resultados-campeonatos-2018-de-espana-de-pesca-submarina-femenino-y-sub-23\/\">campeonato individual femenino de pesca submarina de 2018<\/a>, el Comit\u00e9 Nacional de pesca submarina de la Federaci\u00f3n Espa\u00f1ola de Actividades Subacu\u00e1ticas, ha hecho p\u00fablica la lista de las deportistas que han sido seleccionadas para formar parte del equipo nacional que representar\u00e1 a Espa\u00f1a en la <a href=\"https:\/\/www.sportalsub.net\/blog\/women-cmas-spearfishing-world-cup-2018\">I Copa del Mundo CMAS Femenina de pesca submarina<\/a> que se celebrar\u00e1 en Sagres, Portugal, el segundo fin de semana de septiembre, en una \u00fanica jornada de pesca de cinco horas de duraci\u00f3n.<\/p>\n<p>Las deportistas estar\u00e1n en Sagres del 3 al 10 de septiembre.<\/p>\n<p>Las seleccionadas son las siguientes:<\/p>\n<p>Titulares:<\/p>\n<ul>\n<li>Alexandra Prat<\/li>\n<li>Rosa M\u00aa Gonz\u00e1lez<\/li>\n<li>Silvia Albarrac\u00edn<\/li>\n<\/ul>\n<p>Fuente:\u00a0<a href=\"http:\/\/fedas.es\/deportistas-seleccionadas-para-la-i-copa-mundo-cmas-femenina-de-pesca-submarina\/\" target=\"_blank\">Comit\u00e9 Nacional de pesca submarina FEDAS<\/a><\/p>\n","protected":false},"excerpt":{"rendered":"<p>(Sportalsub.net \/ Pesca Submarina FEDAS) Finalizado el campeonato individual femenino de pesca submarina de 2018, el Comit\u00e9 Nacional de pesca submarina de la Federaci\u00f3n Espa\u00f1ola de Actividades Subacu\u00e1ticas, ha hecho p\u00fablica la lista de las deportistas que han sido seleccionadas para formar parte del equipo nacional que representar\u00e1 a Espa\u00f1a en la I Copa del Mundo CMAS Femenina de pesca [&#8230;]<\/p>\n","protected":false},"author":1,"featured_media":28382,"comment_status":"open","ping_status":"closed","sticky":false,"template":"","format":"standard","meta":{"_lmt_disableupdate":"","_lmt_disable":"","jetpack_post_was_ever_published":false,"_jetpack_newsletter_access":"","_jetpack_dont_email_post_to_subs":false,"_jetpack_newsletter_tier_id":0,"_jetpack_memberships_contains_paywalled_content":false,"_jetpack_memberships_contains_paid_content":false,"footnotes":"","jetpack_publicize_message":"","jetpack_publicize_feature_enabled":true,"jetpack_social_post_already_shared":true,"jetpack_social_options":{"image_generator_settings":{"template":"highway","default_image_id":0,"font":"","enabled":false},"version":2}},"categories":[10,18],"tags":[432],"class_list":["post-28381","post","type-post","status-publish","format-standard","has-post-thumbnail","hentry","category-espana","category-pesca-submarina","tag-sagres-2018"],"modified_by":"Sportalsub.net","views":2134,"jetpack_publicize_connections":[],"jetpack_featured_media_url":"https:\/\/www.sportalsub.net\/blog\/wp-content\/uploads\/2018\/07\/Seleccionadas_2018.jpg","jetpack_sharing_enabled":true,"jetpack_shortlink":"https:\/\/wp.me\/pf9lN-7nL","jetpack_likes_enabled":false,"jetpack-related-posts":[{"id":28680,"url":"https:\/\/www.sportalsub.net\/blog\/fedesub-cmas-chile-anuncia-sus-seleccionados-nacionales-masculino-y-femenino-de-pesca-submarina-2018\/","url_meta":{"origin":28381,"position":0},"title":"\ud83c\udde8\ud83c\uddf1 FEDESUB &#8211; CMAS Chile anuncia sus Seleccionados Nacionales Femenino y Masculino de Pesca Submarina 2018","author":"Sportalsub.net","date":"16 agosto 2018","format":false,"excerpt":"(Sportalsub.net \/ FEDESUB - CMAS Chile) La Federaci\u00f3n Deportiva Nacional de Actividades Subacu\u00e1ticas y Salvamento Acu\u00e1tico (FEDESUB - CMAS Chile) ha dado a conocer en su sitio web oficial y redes sociales, los Seleccionados Nacionales de Pesca Submarina que participar\u00e1n en el mes de Septiembre en el\u00a0XXXI Campeonato Mundial CMAS\u2026","rel":"","context":"En \u00abChile\u00bb","block_context":{"text":"Chile","link":"https:\/\/www.sportalsub.net\/blog\/category\/paises\/america\/chile\/"},"img":{"alt_text":"","src":"https:\/\/i0.wp.com\/www.sportalsub.net\/blog\/wp-content\/uploads\/2018\/08\/masculina.jpg?resize=350%2C200&ssl=1","width":350,"height":200,"srcset":"https:\/\/i0.wp.com\/www.sportalsub.net\/blog\/wp-content\/uploads\/2018\/08\/masculina.jpg?resize=350%2C200&ssl=1 1x, https:\/\/i0.wp.com\/www.sportalsub.net\/blog\/wp-content\/uploads\/2018\/08\/masculina.jpg?resize=525%2C300&ssl=1 1.5x, https:\/\/i0.wp.com\/www.sportalsub.net\/blog\/wp-content\/uploads\/2018\/08\/masculina.jpg?resize=700%2C400&ssl=1 2x"},"classes":[]},{"id":28762,"url":"https:\/\/www.sportalsub.net\/blog\/ecuador-estara-presente-en-campeonatos-mundiales-de-pesca-submarina-en-portugal\/","url_meta":{"origin":28381,"position":1},"title":"\ud83c\uddea\ud83c\udde8 Ecuador estar\u00e1 presente en Campeonatos Mundiales de Pesca Submarina 2018 en Portugal","author":"Sportalsub.net","date":"27 agosto 2018","format":false,"excerpt":"(Sportalsub.net \/ FEDASUB) La Federaci\u00f3n Ecuatoriana de Buceo y Actividades Subacuaticas (FEDASUB) ha dado a conocer en su cuenta oficial en facebook, los Seleccionados Nacionales de Pesca Submarina que participar\u00e1n en el mes de Septiembre en el\u00a0XXXI Campeonato Mundial CMAS De Pesca Submarina para la categor\u00eda masculina\u00a0y en la\u00a01ra Copa\u2026","rel":"","context":"En \u00abDestacados\u00bb","block_context":{"text":"Destacados","link":"https:\/\/www.sportalsub.net\/blog\/category\/mas\/destacados\/"},"img":{"alt_text":"","src":"https:\/\/i0.wp.com\/www.sportalsub.net\/blog\/wp-content\/uploads\/2018\/08\/ecuadorpescasub.jpg?resize=350%2C200&ssl=1","width":350,"height":200,"srcset":"https:\/\/i0.wp.com\/www.sportalsub.net\/blog\/wp-content\/uploads\/2018\/08\/ecuadorpescasub.jpg?resize=350%2C200&ssl=1 1x, https:\/\/i0.wp.com\/www.sportalsub.net\/blog\/wp-content\/uploads\/2018\/08\/ecuadorpescasub.jpg?resize=525%2C300&ssl=1 1.5x, https:\/\/i0.wp.com\/www.sportalsub.net\/blog\/wp-content\/uploads\/2018\/08\/ecuadorpescasub.jpg?resize=700%2C400&ssl=1 2x"},"classes":[]},{"id":28384,"url":"https:\/\/www.sportalsub.net\/blog\/deportistas-seleccionados-por-espana-para-el-campeonato-del-mundo-en-sagres-de-pesca-submarina\/","url_meta":{"origin":28381,"position":2},"title":"\ud83c\uddea\ud83c\uddf8 Deportistas seleccionados por Espa\u00f1a para el Campeonato del Mundo en Sagres de Pesca Submarina","author":"Sportalsub.net","date":"18 julio 2018","format":false,"excerpt":"(Sportalsub.net \/ Pesca Submarina FEDAS) Finalizado el campeonato individual de pesca submarina de 2018, los seleccionadores nacionales de pesca submarina Andreu Sureda, Marino Ferrer y Patxi D\u00edaz, han hecho p\u00fablica la lista de los deportistas que han sido seleccionados para formar parte del equipo nacional de pesca submarina que representar\u00e1\u2026","rel":"","context":"En \u00abEspa\u00f1a\u00bb","block_context":{"text":"Espa\u00f1a","link":"https:\/\/www.sportalsub.net\/blog\/category\/paises\/europa\/espana\/"},"img":{"alt_text":"","src":"https:\/\/i0.wp.com\/www.sportalsub.net\/blog\/wp-content\/uploads\/2018\/07\/Selecc_Sagres_2018-1.jpg?resize=350%2C200&ssl=1","width":350,"height":200,"srcset":"https:\/\/i0.wp.com\/www.sportalsub.net\/blog\/wp-content\/uploads\/2018\/07\/Selecc_Sagres_2018-1.jpg?resize=350%2C200&ssl=1 1x, https:\/\/i0.wp.com\/www.sportalsub.net\/blog\/wp-content\/uploads\/2018\/07\/Selecc_Sagres_2018-1.jpg?resize=525%2C300&ssl=1 1.5x"},"classes":[]},{"id":27201,"url":"https:\/\/www.sportalsub.net\/blog\/mundial-pescasub-sagres-2018","url_meta":{"origin":28381,"position":3},"title":"\ud83c\uddf5\ud83c\uddf9 Espa\u00f1a Campe\u00f3n por equipos y Jody Lot de Portugal Campe\u00f3n Individual del XXXI Mundial CMAS de Pesca Submarina &#8211; Sagres, Portugal 2018 + Resultados","author":"Sportalsub.net","date":"10 septiembre 2018","format":false,"excerpt":"(Sportalsub.net \/ CMAS \/ FPAS) - Read in English El\u00a0XXXI Campeonato Mundial de Pesca Submarina de la Confederaci\u00f3n Mundial de Actividades Subacu\u00e1ticas (CMAS) se llev\u00f3 a cabo en la localidad de Sagres, Portugal del 6 al 10 de septiembre 2018 bajo la organizaci\u00f3n de la Federaci\u00f3n Portuguesa de Actividades Subacu\u00e1ticas\u2026","rel":"","context":"En \u00abChile\u00bb","block_context":{"text":"Chile","link":"https:\/\/www.sportalsub.net\/blog\/category\/paises\/america\/chile\/"},"img":{"alt_text":"","src":"https:\/\/i0.wp.com\/www.sportalsub.net\/blog\/wp-content\/uploads\/2018\/09\/jodylot.jpg?resize=350%2C200&ssl=1","width":350,"height":200,"srcset":"https:\/\/i0.wp.com\/www.sportalsub.net\/blog\/wp-content\/uploads\/2018\/09\/jodylot.jpg?resize=350%2C200&ssl=1 1x, https:\/\/i0.wp.com\/www.sportalsub.net\/blog\/wp-content\/uploads\/2018\/09\/jodylot.jpg?resize=525%2C300&ssl=1 1.5x, https:\/\/i0.wp.com\/www.sportalsub.net\/blog\/wp-content\/uploads\/2018\/09\/jodylot.jpg?resize=700%2C400&ssl=1 2x"},"classes":[]},{"id":28663,"url":"https:\/\/www.sportalsub.net\/blog\/women-cmas-spearfishing-world-cup-2018","url_meta":{"origin":28381,"position":4},"title":"\ud83c\uddf5\ud83c\uddf9 Teresa Duarte de Portugal y equipo de Estados Unidos se titulan en 1ra Copa Mundo CMAS de Pesca Submarina Femenina &#8211; Sagres, Portugal 2018 + Resultados","author":"Sportalsub.net","date":"9 septiembre 2018","format":false,"excerpt":"(Sportalsub.net \/ CMAS \/ FPAS) - Read in English Estados Unidos se queda con la medalla de oro, Portugal con la plata y Espa\u00f1a con el bronce en la competici\u00f3n por equipos, mientras que Teresa Duarte de Portugal se titul\u00f3 campeona, Rosibel Perurena y Kelsey Albert de los Estados Unidos\u2026","rel":"","context":"En \u00abChile\u00bb","block_context":{"text":"Chile","link":"https:\/\/www.sportalsub.net\/blog\/category\/paises\/america\/chile\/"},"img":{"alt_text":"","src":"https:\/\/i0.wp.com\/www.sportalsub.net\/blog\/wp-content\/uploads\/2018\/09\/teresa-duarte-3.jpg?resize=350%2C200&ssl=1","width":350,"height":200,"srcset":"https:\/\/i0.wp.com\/www.sportalsub.net\/blog\/wp-content\/uploads\/2018\/09\/teresa-duarte-3.jpg?resize=350%2C200&ssl=1 1x, https:\/\/i0.wp.com\/www.sportalsub.net\/blog\/wp-content\/uploads\/2018\/09\/teresa-duarte-3.jpg?resize=525%2C300&ssl=1 1.5x, https:\/\/i0.wp.com\/www.sportalsub.net\/blog\/wp-content\/uploads\/2018\/09\/teresa-duarte-3.jpg?resize=700%2C400&ssl=1 2x"},"classes":[]},{"id":31232,"url":"https:\/\/www.sportalsub.net\/blog\/selecciones-de-espana-para-los-campeonatos-europeos-femenino-y-masculino-de-pesca-submarina-en-dinamarca-2019\/","url_meta":{"origin":28381,"position":5},"title":"\ud83c\uddea\ud83c\uddf8 Selecciones de Espa\u00f1a para los Campeonatos Euro-africanos Femenino y Masculino 2019 de Pesca Submarina en Dinamarca","author":"Sportalsub.net","date":"4 julio 2019","format":false,"excerpt":"(Sportalsub.net \/ FEDAS Pesca Submarina) Finalizados los Campeonatos Individuales Femenino y Masculino de Pesca Sumbarina del 2019, los seleccionadores nacionales: Bernat Castell del femenino y Andreu Sureda, Marino Ferrer y Patxi D\u00edaz del masculino, han hecho p\u00fablicas las listas de los deportistas que han sido seleccionados para formar parte del\u2026","rel":"","context":"En \u00abDestacados\u00bb","block_context":{"text":"Destacados","link":"https:\/\/www.sportalsub.net\/blog\/category\/mas\/destacados\/"},"img":{"alt_text":"","src":"https:\/\/i0.wp.com\/www.sportalsub.net\/blog\/wp-content\/uploads\/2019\/07\/seleccionespanapescasub2019.jpg?resize=350%2C200&ssl=1","width":350,"height":200,"srcset":"https:\/\/i0.wp.com\/www.sportalsub.net\/blog\/wp-content\/uploads\/2019\/07\/seleccionespanapescasub2019.jpg?resize=350%2C200&ssl=1 1x, https:\/\/i0.wp.com\/www.sportalsub.net\/blog\/wp-content\/uploads\/2019\/07\/seleccionespanapescasub2019.jpg?resize=525%2C300&ssl=1 1.5x, https:\/\/i0.wp.com\/www.sportalsub.net\/blog\/wp-content\/uploads\/2019\/07\/seleccionespanapescasub2019.jpg?resize=700%2C400&ssl=1 2x, https:\/\/i0.wp.com\/www.sportalsub.net\/blog\/wp-content\/uploads\/2019\/07\/seleccionespanapescasub2019.jpg?resize=1050%2C600&ssl=1 3x"},"classes":[]}],"_links":{"self":[{"href":"https:\/\/www.sportalsub.net\/blog\/wp-json\/wp\/v2\/posts\/28381","targetHints":{"allow":["GET"]}}],"collection":[{"href":"https:\/\/www.sportalsub.net\/blog\/wp-json\/wp\/v2\/posts"}],"about":[{"href":"https:\/\/www.sportalsub.net\/blog\/wp-json\/wp\/v2\/types\/post"}],"author":[{"embeddable":true,"href":"https:\/\/www.sportalsub.net\/blog\/wp-json\/wp\/v2\/users\/1"}],"replies":[{"embeddable":true,"href":"https:\/\/www.sportalsub.net\/blog\/wp-json\/wp\/v2\/comments?post=28381"}],"version-history":[{"count":0,"href":"https:\/\/www.sportalsub.net\/blog\/wp-json\/wp\/v2\/posts\/28381\/revisions"}],"wp:featuredmedia":[{"embeddable":true,"href":"https:\/\/www.sportalsub.net\/blog\/wp-json\/wp\/v2\/media\/28382"}],"wp:attachment":[{"href":"https:\/\/www.sportalsub.net\/blog\/wp-json\/wp\/v2\/media?parent=28381"}],"wp:term":[{"taxonomy":"category","embeddable":true,"href":"https:\/\/www.sportalsub.net\/blog\/wp-json\/wp\/v2\/categories?post=28381"},{"taxonomy":"post_tag","embeddable":true,"href":"https:\/\/www.sportalsub.net\/blog\/wp-json\/wp\/v2\/tags?post=28381"}],"curies":[{"name":"wp","href":"https:\/\/api.w.org\/{rel}","templated":true}]}}