{"id":28384,"date":"2018-07-18T16:48:16","date_gmt":"2018-07-18T20:48:16","guid":{"rendered":"http:\/\/www.sportalsub.net\/blog\/?p=28384"},"modified":"2019-08-31T22:20:56","modified_gmt":"2019-09-01T02:20:56","slug":"deportistas-seleccionados-por-espana-para-el-campeonato-del-mundo-en-sagres-de-pesca-submarina","status":"publish","type":"post","link":"https:\/\/www.sportalsub.net\/blog\/deportistas-seleccionados-por-espana-para-el-campeonato-del-mundo-en-sagres-de-pesca-submarina\/","title":{"rendered":"\ud83c\uddea\ud83c\uddf8 Deportistas seleccionados por Espa\u00f1a para el Campeonato del Mundo en Sagres de Pesca Submarina"},"content":{"rendered":"<p><img loading=\"lazy\" decoding=\"async\" class=\"size-full wp-image-28385 alignnone\" src=\"http:\/\/www.sportalsub.net\/blog\/wp-content\/uploads\/2018\/07\/Selecc_Sagres_2018.jpg\" alt=\"\" width=\"640\" height=\"336\" srcset=\"https:\/\/www.sportalsub.net\/blog\/wp-content\/uploads\/2018\/07\/Selecc_Sagres_2018.jpg 640w, https:\/\/www.sportalsub.net\/blog\/wp-content\/uploads\/2018\/07\/Selecc_Sagres_2018-300x158.jpg 300w\" sizes=\"auto, (max-width: 640px) 100vw, 640px\" \/><\/p>\n<p>(Sportalsub.net \/ Pesca Submarina FEDAS)<\/p>\n<p>Finalizado el <a href=\"http:\/\/www.sportalsub.net\/blog\/lxii-campeonato-de-espana-de-pesca-submarina-individual-gijon-2018\/\">campeonato individual de pesca submarina de 2018<\/a>, los seleccionadores nacionales de pesca submarina Andreu Sureda, Marino Ferrer y Patxi D\u00edaz, han hecho p\u00fablica la lista de los deportistas que han sido seleccionados para formar parte del equipo nacional de pesca submarina que representar\u00e1 a Espa\u00f1a en el <a href=\"http:\/\/www.sportalsub.net\/blog\/mundial-pescasub-sagres-2018\">Campeonato del Mundo de Sagres, Portugal<\/a>, el segundo fin de semana de septiembre.<\/p>\n<p>El equipo se desplazar\u00e1 a la zona de competici\u00f3n el d\u00eda 20 de agosto para volver, finalizadas la pruebas, el 10 de septiembre.<\/p>\n<p>Los seleccionados son los siguientes:<\/p>\n<p>Titulares:<\/p>\n<ul>\n<li>Santiago L\u00f3pez Cid<\/li>\n<li>Xavier Blanco<\/li>\n<li>Sergio de Juli\u00e1n<\/li>\n<\/ul>\n<p>Reservas:<\/p>\n<ul>\n<li>Andr\u00e9s Pita<\/li>\n<li>\u00c1ngel Cruz<\/li>\n<li>C\u00e9sar Bustelo<\/li>\n<li>Jacobo Garc\u00eda<\/li>\n<li>Jos\u00e9 Luis Fern\u00e1ndez<\/li>\n<li>Mario Ca\u00f1izo<\/li>\n<\/ul>\n<p>Como t\u00e9cnicos de la expedici\u00f3n se desplazar\u00e1n con el equipo: Andreu Sureda y Aman\u00e7 Bolos.<\/p>\n<p>Fuente: <a href=\"http:\/\/fedas.es\/deportistas-seleccionados-para-el-campeonato-del-mundo-en-sagres-de-pesca-submarina\/\" target=\"_blank\">Comit\u00e9 Nacional de Pesca Submarina FEDAS<\/a><\/p>\n","protected":false},"excerpt":{"rendered":"<p>(Sportalsub.net \/ Pesca Submarina FEDAS) Finalizado el campeonato individual de pesca submarina de 2018, los seleccionadores nacionales de pesca submarina Andreu Sureda, Marino Ferrer y Patxi D\u00edaz, han hecho p\u00fablica la lista de los deportistas que han sido seleccionados para formar parte del equipo nacional de pesca submarina que representar\u00e1 a Espa\u00f1a en el Campeonato del Mundo de Sagres, Portugal, [&#8230;]<\/p>\n","protected":false},"author":1,"featured_media":28386,"comment_status":"open","ping_status":"closed","sticky":false,"template":"","format":"standard","meta":{"_lmt_disableupdate":"","_lmt_disable":"","jetpack_post_was_ever_published":false,"_jetpack_newsletter_access":"","_jetpack_dont_email_post_to_subs":false,"_jetpack_newsletter_tier_id":0,"_jetpack_memberships_contains_paywalled_content":false,"_jetpack_memberships_contains_paid_content":false,"footnotes":"","jetpack_publicize_message":"","jetpack_publicize_feature_enabled":true,"jetpack_social_post_already_shared":true,"jetpack_social_options":{"image_generator_settings":{"template":"highway","default_image_id":0,"font":"","enabled":false},"version":2}},"categories":[10,18],"tags":[432],"class_list":["post-28384","post","type-post","status-publish","format-standard","has-post-thumbnail","hentry","category-espana","category-pesca-submarina","tag-sagres-2018"],"modified_by":"Sportalsub.net","views":2594,"jetpack_publicize_connections":[],"jetpack_featured_media_url":"https:\/\/www.sportalsub.net\/blog\/wp-content\/uploads\/2018\/07\/Selecc_Sagres_2018-1.jpg","jetpack_sharing_enabled":true,"jetpack_shortlink":"https:\/\/wp.me\/pf9lN-7nO","jetpack_likes_enabled":false,"jetpack-related-posts":[{"id":28381,"url":"https:\/\/www.sportalsub.net\/blog\/deportistas-seleccionadas-por-espana-para-la-i-copa-mundo-cmas-femenina-de-pesca-submarina\/","url_meta":{"origin":28384,"position":0},"title":"\ud83c\uddea\ud83c\uddf8 Deportistas seleccionadas por Espa\u00f1a para la I Copa Mundo CMAS Femenina de Pesca Submarina","author":"Sportalsub.net","date":"18 julio 2018","format":false,"excerpt":"(Sportalsub.net \/ Pesca Submarina FEDAS) Finalizado el campeonato individual femenino de pesca submarina de 2018, el Comit\u00e9 Nacional de pesca submarina de la Federaci\u00f3n Espa\u00f1ola de Actividades Subacu\u00e1ticas, ha hecho p\u00fablica la lista de las deportistas que han sido seleccionadas para formar parte del equipo nacional que representar\u00e1 a Espa\u00f1a\u2026","rel":"","context":"En \u00abEspa\u00f1a\u00bb","block_context":{"text":"Espa\u00f1a","link":"https:\/\/www.sportalsub.net\/blog\/category\/paises\/europa\/espana\/"},"img":{"alt_text":"","src":"https:\/\/i0.wp.com\/www.sportalsub.net\/blog\/wp-content\/uploads\/2018\/07\/Seleccionadas_2018.jpg?resize=350%2C200&ssl=1","width":350,"height":200,"srcset":"https:\/\/i0.wp.com\/www.sportalsub.net\/blog\/wp-content\/uploads\/2018\/07\/Seleccionadas_2018.jpg?resize=350%2C200&ssl=1 1x, https:\/\/i0.wp.com\/www.sportalsub.net\/blog\/wp-content\/uploads\/2018\/07\/Seleccionadas_2018.jpg?resize=525%2C300&ssl=1 1.5x"},"classes":[]},{"id":28680,"url":"https:\/\/www.sportalsub.net\/blog\/fedesub-cmas-chile-anuncia-sus-seleccionados-nacionales-masculino-y-femenino-de-pesca-submarina-2018\/","url_meta":{"origin":28384,"position":1},"title":"\ud83c\udde8\ud83c\uddf1 FEDESUB &#8211; CMAS Chile anuncia sus Seleccionados Nacionales Femenino y Masculino de Pesca Submarina 2018","author":"Sportalsub.net","date":"16 agosto 2018","format":false,"excerpt":"(Sportalsub.net \/ FEDESUB - CMAS Chile) La Federaci\u00f3n Deportiva Nacional de Actividades Subacu\u00e1ticas y Salvamento Acu\u00e1tico (FEDESUB - CMAS Chile) ha dado a conocer en su sitio web oficial y redes sociales, los Seleccionados Nacionales de Pesca Submarina que participar\u00e1n en el mes de Septiembre en el\u00a0XXXI Campeonato Mundial CMAS\u2026","rel":"","context":"En \u00abChile\u00bb","block_context":{"text":"Chile","link":"https:\/\/www.sportalsub.net\/blog\/category\/paises\/america\/chile\/"},"img":{"alt_text":"","src":"https:\/\/i0.wp.com\/www.sportalsub.net\/blog\/wp-content\/uploads\/2018\/08\/masculina.jpg?resize=350%2C200&ssl=1","width":350,"height":200,"srcset":"https:\/\/i0.wp.com\/www.sportalsub.net\/blog\/wp-content\/uploads\/2018\/08\/masculina.jpg?resize=350%2C200&ssl=1 1x, https:\/\/i0.wp.com\/www.sportalsub.net\/blog\/wp-content\/uploads\/2018\/08\/masculina.jpg?resize=525%2C300&ssl=1 1.5x, https:\/\/i0.wp.com\/www.sportalsub.net\/blog\/wp-content\/uploads\/2018\/08\/masculina.jpg?resize=700%2C400&ssl=1 2x"},"classes":[]},{"id":28762,"url":"https:\/\/www.sportalsub.net\/blog\/ecuador-estara-presente-en-campeonatos-mundiales-de-pesca-submarina-en-portugal\/","url_meta":{"origin":28384,"position":2},"title":"\ud83c\uddea\ud83c\udde8 Ecuador estar\u00e1 presente en Campeonatos Mundiales de Pesca Submarina 2018 en Portugal","author":"Sportalsub.net","date":"27 agosto 2018","format":false,"excerpt":"(Sportalsub.net \/ FEDASUB) La Federaci\u00f3n Ecuatoriana de Buceo y Actividades Subacuaticas (FEDASUB) ha dado a conocer en su cuenta oficial en facebook, los Seleccionados Nacionales de Pesca Submarina que participar\u00e1n en el mes de Septiembre en el\u00a0XXXI Campeonato Mundial CMAS De Pesca Submarina para la categor\u00eda masculina\u00a0y en la\u00a01ra Copa\u2026","rel":"","context":"En \u00abDestacados\u00bb","block_context":{"text":"Destacados","link":"https:\/\/www.sportalsub.net\/blog\/category\/mas\/destacados\/"},"img":{"alt_text":"","src":"https:\/\/i0.wp.com\/www.sportalsub.net\/blog\/wp-content\/uploads\/2018\/08\/ecuadorpescasub.jpg?resize=350%2C200&ssl=1","width":350,"height":200,"srcset":"https:\/\/i0.wp.com\/www.sportalsub.net\/blog\/wp-content\/uploads\/2018\/08\/ecuadorpescasub.jpg?resize=350%2C200&ssl=1 1x, https:\/\/i0.wp.com\/www.sportalsub.net\/blog\/wp-content\/uploads\/2018\/08\/ecuadorpescasub.jpg?resize=525%2C300&ssl=1 1.5x, https:\/\/i0.wp.com\/www.sportalsub.net\/blog\/wp-content\/uploads\/2018\/08\/ecuadorpescasub.jpg?resize=700%2C400&ssl=1 2x"},"classes":[]},{"id":27201,"url":"https:\/\/www.sportalsub.net\/blog\/mundial-pescasub-sagres-2018","url_meta":{"origin":28384,"position":3},"title":"\ud83c\uddf5\ud83c\uddf9 Espa\u00f1a Campe\u00f3n por equipos y Jody Lot de Portugal Campe\u00f3n Individual del XXXI Mundial CMAS de Pesca Submarina &#8211; Sagres, Portugal 2018 + Resultados","author":"Sportalsub.net","date":"10 septiembre 2018","format":false,"excerpt":"(Sportalsub.net \/ CMAS \/ FPAS) - Read in English El\u00a0XXXI Campeonato Mundial de Pesca Submarina de la Confederaci\u00f3n Mundial de Actividades Subacu\u00e1ticas (CMAS) se llev\u00f3 a cabo en la localidad de Sagres, Portugal del 6 al 10 de septiembre 2018 bajo la organizaci\u00f3n de la Federaci\u00f3n Portuguesa de Actividades Subacu\u00e1ticas\u2026","rel":"","context":"En \u00abChile\u00bb","block_context":{"text":"Chile","link":"https:\/\/www.sportalsub.net\/blog\/category\/paises\/america\/chile\/"},"img":{"alt_text":"","src":"https:\/\/i0.wp.com\/www.sportalsub.net\/blog\/wp-content\/uploads\/2018\/09\/jodylot.jpg?resize=350%2C200&ssl=1","width":350,"height":200,"srcset":"https:\/\/i0.wp.com\/www.sportalsub.net\/blog\/wp-content\/uploads\/2018\/09\/jodylot.jpg?resize=350%2C200&ssl=1 1x, https:\/\/i0.wp.com\/www.sportalsub.net\/blog\/wp-content\/uploads\/2018\/09\/jodylot.jpg?resize=525%2C300&ssl=1 1.5x, https:\/\/i0.wp.com\/www.sportalsub.net\/blog\/wp-content\/uploads\/2018\/09\/jodylot.jpg?resize=700%2C400&ssl=1 2x"},"classes":[]},{"id":31232,"url":"https:\/\/www.sportalsub.net\/blog\/selecciones-de-espana-para-los-campeonatos-europeos-femenino-y-masculino-de-pesca-submarina-en-dinamarca-2019\/","url_meta":{"origin":28384,"position":4},"title":"\ud83c\uddea\ud83c\uddf8 Selecciones de Espa\u00f1a para los Campeonatos Euro-africanos Femenino y Masculino 2019 de Pesca Submarina en Dinamarca","author":"Sportalsub.net","date":"4 julio 2019","format":false,"excerpt":"(Sportalsub.net \/ FEDAS Pesca Submarina) Finalizados los Campeonatos Individuales Femenino y Masculino de Pesca Sumbarina del 2019, los seleccionadores nacionales: Bernat Castell del femenino y Andreu Sureda, Marino Ferrer y Patxi D\u00edaz del masculino, han hecho p\u00fablicas las listas de los deportistas que han sido seleccionados para formar parte del\u2026","rel":"","context":"En \u00abDestacados\u00bb","block_context":{"text":"Destacados","link":"https:\/\/www.sportalsub.net\/blog\/category\/mas\/destacados\/"},"img":{"alt_text":"","src":"https:\/\/i0.wp.com\/www.sportalsub.net\/blog\/wp-content\/uploads\/2019\/07\/seleccionespanapescasub2019.jpg?resize=350%2C200&ssl=1","width":350,"height":200,"srcset":"https:\/\/i0.wp.com\/www.sportalsub.net\/blog\/wp-content\/uploads\/2019\/07\/seleccionespanapescasub2019.jpg?resize=350%2C200&ssl=1 1x, https:\/\/i0.wp.com\/www.sportalsub.net\/blog\/wp-content\/uploads\/2019\/07\/seleccionespanapescasub2019.jpg?resize=525%2C300&ssl=1 1.5x, https:\/\/i0.wp.com\/www.sportalsub.net\/blog\/wp-content\/uploads\/2019\/07\/seleccionespanapescasub2019.jpg?resize=700%2C400&ssl=1 2x, https:\/\/i0.wp.com\/www.sportalsub.net\/blog\/wp-content\/uploads\/2019\/07\/seleccionespanapescasub2019.jpg?resize=1050%2C600&ssl=1 3x"},"classes":[]},{"id":12761,"url":"https:\/\/www.sportalsub.net\/blog\/seleccion-chilena-de-pesca-submarina-ya-se-encuentra-en-espana\/","url_meta":{"origin":28384,"position":5},"title":"\ud83c\udde8\ud83c\uddf1 Selecci\u00f3n Chilena de Pesca Submarina ya se encuentra en Espa\u00f1a para participar en el Campeonato Mundial 2012","author":"Sportalsub.net","date":"27 junio 2012","format":false,"excerpt":"(Especial Sportalsub.net \/ FEDESUB) La Selecci\u00f3n chilena de pesca submarina ya se encuentra en Vigo, Espa\u00f1a preparando su participaci\u00f3n en el Campeonato del Mundo de Pesca Submarina 2012, que se llevar\u00e1 a cabo del 5 al 8 de julio. Gracias al aporte de recursos del Instituto Nacional del Deporte, la\u2026","rel":"","context":"En \u00abChile\u00bb","block_context":{"text":"Chile","link":"https:\/\/www.sportalsub.net\/blog\/category\/paises\/america\/chile\/"},"img":{"alt_text":"","src":"https:\/\/i0.wp.com\/www.sportalsub.net\/blog\/wp-content\/uploads\/2012\/06\/pescasub-chile.jpg?resize=350%2C200&ssl=1","width":350,"height":200,"srcset":"https:\/\/i0.wp.com\/www.sportalsub.net\/blog\/wp-content\/uploads\/2012\/06\/pescasub-chile.jpg?resize=350%2C200&ssl=1 1x, https:\/\/i0.wp.com\/www.sportalsub.net\/blog\/wp-content\/uploads\/2012\/06\/pescasub-chile.jpg?resize=525%2C300&ssl=1 1.5x"},"classes":[]}],"_links":{"self":[{"href":"https:\/\/www.sportalsub.net\/blog\/wp-json\/wp\/v2\/posts\/28384","targetHints":{"allow":["GET"]}}],"collection":[{"href":"https:\/\/www.sportalsub.net\/blog\/wp-json\/wp\/v2\/posts"}],"about":[{"href":"https:\/\/www.sportalsub.net\/blog\/wp-json\/wp\/v2\/types\/post"}],"author":[{"embeddable":true,"href":"https:\/\/www.sportalsub.net\/blog\/wp-json\/wp\/v2\/users\/1"}],"replies":[{"embeddable":true,"href":"https:\/\/www.sportalsub.net\/blog\/wp-json\/wp\/v2\/comments?post=28384"}],"version-history":[{"count":0,"href":"https:\/\/www.sportalsub.net\/blog\/wp-json\/wp\/v2\/posts\/28384\/revisions"}],"wp:featuredmedia":[{"embeddable":true,"href":"https:\/\/www.sportalsub.net\/blog\/wp-json\/wp\/v2\/media\/28386"}],"wp:attachment":[{"href":"https:\/\/www.sportalsub.net\/blog\/wp-json\/wp\/v2\/media?parent=28384"}],"wp:term":[{"taxonomy":"category","embeddable":true,"href":"https:\/\/www.sportalsub.net\/blog\/wp-json\/wp\/v2\/categories?post=28384"},{"taxonomy":"post_tag","embeddable":true,"href":"https:\/\/www.sportalsub.net\/blog\/wp-json\/wp\/v2\/tags?post=28384"}],"curies":[{"name":"wp","href":"https:\/\/api.w.org\/{rel}","templated":true}]}}