{"id":29732,"date":"2019-02-28T11:42:22","date_gmt":"2019-02-28T15:42:22","guid":{"rendered":"https:\/\/www.sportalsub.net\/blog\/?p=29732"},"modified":"2019-03-18T20:29:56","modified_gmt":"2019-03-19T00:29:56","slug":"jornadas-de-buceo-bajo-hielo-fedas-espana-2019","status":"publish","type":"post","link":"https:\/\/www.sportalsub.net\/blog\/buceo-bajo-hielo-fedas-2019","title":{"rendered":"\ud83c\uddea\ud83c\uddf8 Realizadas con \u00e9xito Jornadas de Buceo bajo Hielo FEDAS Espa\u00f1a 2019"},"content":{"rendered":"<p><a href=\"https:\/\/www.sportalsub.net\/blog\/wp-content\/uploads\/2019\/02\/jornadasbuceobajohielo.jpg\" target=\"_blank\"><img loading=\"lazy\" decoding=\"async\" class=\"alignnone size-full wp-image-30007\" src=\"https:\/\/www.sportalsub.net\/blog\/wp-content\/uploads\/2019\/02\/jornadasbuceobajohielo.jpg\" alt=\"\" width=\"990\" height=\"557\" srcset=\"https:\/\/www.sportalsub.net\/blog\/wp-content\/uploads\/2019\/02\/jornadasbuceobajohielo.jpg 990w, https:\/\/www.sportalsub.net\/blog\/wp-content\/uploads\/2019\/02\/jornadasbuceobajohielo-300x169.jpg 300w, https:\/\/www.sportalsub.net\/blog\/wp-content\/uploads\/2019\/02\/jornadasbuceobajohielo-768x432.jpg 768w\" sizes=\"auto, (max-width: 990px) 100vw, 990px\" \/><\/a><\/p>\n<p>(Sportalsub.net \/ FEDAS \/ Arag\u00f3n Deporte) &#8211; Foto principal: <a href=\"https:\/\/www.cartv.es\/aragondeporte\/nuestro-deporte\/xiv-jornadas-de-buceo-bajo-hielo-en-el-ibon-de-banos-de-panticosa\" target=\"_blank\" rel=\"noopener noreferrer\" target=\"_blank\">Arag\u00f3n Deporte<\/a><\/p>\n<p>Los d\u00edas 9 y 10 de febrero de 2019 se realizaron en Panticosa (Huesca) las jornadas de buceo bajo hielo de la Federaci\u00f3n Espa\u00f1ola de Actividades Subacu\u00e1ticas, organizadas por la Federaci\u00f3n Aragonesa de Actividades Subacu\u00e1ticas y la colaboraci\u00f3n de la Escuela Nacional de Buceo Aut\u00f3nomo Deportivo.<\/p>\n<p>A estas asistieron Buceadores 2 y 3 Estrellas, Gu\u00edas de Grupo e Instructores FEDAS que deseaban obtener la especialidad de Buceador bajo Hielo-I o Instructor de Buceo bajo Hielo-I, y tambi\u00e9n asistieron Buceadores e Instructores que ya tienen la especialidad de Buceador o Instructor de Buceo bajo Hielo-I FEDAS y deseaban realizar pr\u00e1cticas aprovechando la organizaci\u00f3n de las Jornadas.<\/p>\n<h2>La Federaci\u00f3n Espa\u00f1ola de Actividades Subacu\u00e1ticas fue la encargada de dirigir las jornadas<\/h2>\n<p>XIV Jornadas de Buceo Bajo Hielo en el Ib\u00f3n de Ba\u00f1os de Panticosa con 40 personas entre buceadores e instructores, <strong>realizadas 9 y 10 de febrero por la Federaci\u00f3n Espa\u00f1ola de Actividades Subacu\u00e1ticas FEDAS\u00a0<a href=\"http:\/\/www.fedas.es\/\"id=\"m_8605977970673273659LPlnk244899\"  target=\"_blank\" rel=\"noopener noreferrer\" target=\"_blank\">www.fedas.es<\/a><\/strong>\u00a0, con soporte de la Federaci\u00f3n Aragonesa de Actividades Subacu\u00e1ticas FARAS y dirigidas por Iv\u00e1n Granado, director de FARAS.<\/p>\n<p><strong>Se trata de un\u00a0buceo\u00a0t\u00e9cnico frente al recreativo habitual,<\/strong>\u00a0porque se bucea en un medio bajo techo, por lo que se establecen medidas de seguridad especiales, con cuerdas, clavos en el hielo y arn\u00e9s de seguridad, extremando la precauci\u00f3n tanto dentro del agua, donde\u00a0<strong>se sigue una gu\u00eda, como fuera, donde hay buzos equipados y encordados en la l\u00ednea de vida controlando cada inmersi\u00f3n<\/strong>. Tambi\u00e9n se han impartido charlas y clases te\u00f3ricas con expertos.<\/p>\n<p><strong>Las im\u00e1genes\u00a0 bajo el agua son de Rub\u00e9n Moro de la Rosa \u00a0y Eloy Gonz\u00e1lez Arranz<\/strong>\u00a0con apoyo de tres miembros del N\u00facleo deBuceo\u00a0del Grupo Especial de Operaciones (GEO) de Polic\u00eda Nacional que refuerzan su formaci\u00f3n t\u00e9cnica aplicada a intervenciones bajo techo y aguas fr\u00edas. Finalmente los buzos\u00a0despliegan una pancarta de la Liga Profesional de F\u00fatbol , patrocinador oficial de las jornadas.<\/p>\n<p><a href=\"https:\/\/streaming.aranova.es\/vod\/web\/ardeportes\/2019\/02\/00000373.mp4\" target=\"_blank\" rel=\"noopener noreferrer\" target=\"_blank\"><strong>VER VIDEO RESE\u00d1A<\/strong><\/a><\/p>\n<div style=\"width: 640px;\" class=\"wp-video\"><video class=\"wp-video-shortcode\" id=\"video-29732-1\" width=\"640\" height=\"360\" preload=\"metadata\" controls=\"controls\"><source type=\"video\/mp4\" src=\"https:\/\/streaming.aranova.es\/vod\/web\/ardeportes\/2019\/02\/00000373.mp4?_=1\" \/><a href=\"https:\/\/streaming.aranova.es\/vod\/web\/ardeportes\/2019\/02\/00000373.mp4\" target=\"_blank\">https:\/\/streaming.aranova.es\/vod\/web\/ardeportes\/2019\/02\/00000373.mp4<\/a><\/video><\/div>\n<p>Fuente: <a href=\"https:\/\/www.cartv.es\/aragondeporte\/nuestro-deporte\/xiv-jornadas-de-buceo-bajo-hielo-en-el-ibon-de-banos-de-panticosa\" target=\"_blank\" rel=\"noopener noreferrer\" target=\"_blank\">Web Arag\u00f3n Deporte<\/a><\/p>\n<p><a href=\"https:\/\/www.fegas.net\/wp-content\/uploads\/2018\/12\/Jornadas-de-Buceo-Bajo-Hielo-2019.pdf\" target=\"_blank\">Convocatoria Oficial<\/a><\/p>\n<p>Fuente: <a href=\"https:\/\/www.fegas.net\/2018\/12\/19\/jornadas-de-buceo-bajo-hielo-fedas-2019\/\" target=\"_blank\" rel=\"noopener noreferrer\" target=\"_blank\">FEGAS<\/a>\u00a0\/ <a href=\"https:\/\/www.facebook.com\/groups\/181141682087555\/\" target=\"_blank\" rel=\"noopener noreferrer\" target=\"_blank\">FEDAS Escuela de Buceo<\/a><\/p>\n<p><a href=\"https:\/\/www.sportalsub.net\/blog\/wp-content\/uploads\/2019\/01\/buceo-bajo-hielo-fedas-2019.jpg\" target=\"_blank\"><img loading=\"lazy\" decoding=\"async\" class=\"alignnone size-full wp-image-29734\" src=\"https:\/\/www.sportalsub.net\/blog\/wp-content\/uploads\/2019\/01\/buceo-bajo-hielo-fedas-2019.jpg\" alt=\"\" width=\"654\" height=\"540\" srcset=\"https:\/\/www.sportalsub.net\/blog\/wp-content\/uploads\/2019\/01\/buceo-bajo-hielo-fedas-2019.jpg 654w, https:\/\/www.sportalsub.net\/blog\/wp-content\/uploads\/2019\/01\/buceo-bajo-hielo-fedas-2019-300x248.jpg 300w\" sizes=\"auto, (max-width: 654px) 100vw, 654px\" \/><\/a><\/p>\n<p>Foto: <a href=\"https:\/\/www.instagram.com\/fedas.sub\/\" target=\"_blank\" rel=\"noopener noreferrer\" target=\"_blank\">Instagram @fedas.sub<\/a><\/p>\n<p><img decoding=\"async\" src=\"https:\/\/scontent-mia3-1.xx.fbcdn.net\/v\/t1.0-9\/48376330_277380492855392_7335306445052706816_n.jpg?_nc_cat=103&amp;_nc_ht=scontent-mia3-1.xx&amp;oh=9de02a8c8ecf4c7ddfefe6293453a5b8&amp;oe=5CBBF776\" alt=\"La imagen puede contener: nieve y exterior\" \/><\/p>\n","protected":false},"excerpt":{"rendered":"<p>(Sportalsub.net \/ FEDAS \/ Arag\u00f3n Deporte) &#8211; Foto principal: Arag\u00f3n Deporte Los d\u00edas 9 y 10 de febrero de 2019 se realizaron en Panticosa (Huesca) las jornadas de buceo bajo hielo de la Federaci\u00f3n Espa\u00f1ola de Actividades Subacu\u00e1ticas, organizadas por la Federaci\u00f3n Aragonesa de Actividades Subacu\u00e1ticas y la colaboraci\u00f3n de la Escuela Nacional de Buceo Aut\u00f3nomo Deportivo. A estas asistieron [&#8230;]<\/p>\n","protected":false},"author":1,"featured_media":30007,"comment_status":"open","ping_status":"closed","sticky":false,"template":"","format":"standard","meta":{"_lmt_disableupdate":"","_lmt_disable":"","jetpack_post_was_ever_published":false,"_jetpack_newsletter_access":"","_jetpack_dont_email_post_to_subs":false,"_jetpack_newsletter_tier_id":0,"_jetpack_memberships_contains_paywalled_content":false,"_jetpack_memberships_contains_paid_content":false,"footnotes":"","jetpack_publicize_message":"","jetpack_publicize_feature_enabled":true,"jetpack_social_post_already_shared":true,"jetpack_social_options":{"image_generator_settings":{"template":"highway","default_image_id":0,"font":"","enabled":false},"version":2}},"categories":[186,15,16,94,112,347,10,120],"tags":[],"class_list":["post-29732","post","type-post","status-publish","format-standard","has-post-thumbnail","hentry","category-buceo-2","category-buceo-en-altura","category-buceo-profesional","category-buceo-tecnico","category-cursos-y-talleres","category-destacados","category-espana","category-resultados"],"modified_by":"Sportalsub.net","views":3723,"jetpack_publicize_connections":[],"jetpack_featured_media_url":"https:\/\/www.sportalsub.net\/blog\/wp-content\/uploads\/2019\/02\/jornadasbuceobajohielo.jpg","jetpack_sharing_enabled":true,"jetpack_shortlink":"https:\/\/wp.me\/pf9lN-7Jy","jetpack_likes_enabled":false,"jetpack-related-posts":[{"id":22945,"url":"https:\/\/www.sportalsub.net\/blog\/buceo-hielo-fedas-espana-2016","url_meta":{"origin":29732,"position":0},"title":"\ud83c\uddea\ud83c\uddf8 Jornadas de Buceo Bajo Hielo FEDAS Espa\u00f1a 2016","author":"Sportalsub.net","date":"31 enero 2016","format":false,"excerpt":"(Sportalsub.net \/ FEDAS) Los pr\u00f3ximos d\u00edas 6 y 7 de febrero de 2016 se celebran en Panticosa, Huesca, la\u00a0XII edici\u00f3n de las Jornadas de Buceo bajo Hielo 2016 organizadas por el Comit\u00e9 T\u00e9cnico de la Federaci\u00f3n Espa\u00f1ola de Actividades Subacu\u00e1ticas FEDAS en colaboraci\u00f3n con la Federaci\u00f3n Aragonesa de Actividades Subacu\u00e1ticas.\u2026","rel":"","context":"En \u00abBuceo T\u00e9cnico\u00bb","block_context":{"text":"Buceo T\u00e9cnico","link":"https:\/\/www.sportalsub.net\/blog\/category\/modalidades\/buceo-2\/buceo-tecnico\/"},"img":{"alt_text":"","src":"https:\/\/i0.wp.com\/www.sportalsub.net\/blog\/wp-content\/uploads\/2015\/12\/buceo-hielo-fedas.jpg?resize=350%2C200&ssl=1","width":350,"height":200,"srcset":"https:\/\/i0.wp.com\/www.sportalsub.net\/blog\/wp-content\/uploads\/2015\/12\/buceo-hielo-fedas.jpg?resize=350%2C200&ssl=1 1x, https:\/\/i0.wp.com\/www.sportalsub.net\/blog\/wp-content\/uploads\/2015\/12\/buceo-hielo-fedas.jpg?resize=525%2C300&ssl=1 1.5x, https:\/\/i0.wp.com\/www.sportalsub.net\/blog\/wp-content\/uploads\/2015\/12\/buceo-hielo-fedas.jpg?resize=700%2C400&ssl=1 2x"},"classes":[]},{"id":11430,"url":"https:\/\/www.sportalsub.net\/blog\/jornadas-de-buceo-bajo-hielo-fedas-2012-espana\/","url_meta":{"origin":29732,"position":1},"title":"\ud83c\uddea\ud83c\uddf8 Jornadas de Buceo bajo hielo FEDAS 2012, Espa\u00f1a","author":"Sportalsub.net","date":"6 diciembre 2011","format":false,"excerpt":"(Especial Sportalsub.net \/ FEDAS) El Comit\u00e9 T\u00e9cnico de ENBAD en colaboraci\u00f3n con la Escuela Nacional de Buceo bajo Hielo\u00a0organizar\u00e1 los pr\u00f3ximos 28 y 29 de enero las Jornadas T\u00e9cnicas de Buceo bajo Hielo en Panticosa\u00a0(Huesca). Buceadores, Gu\u00edas e Instructores de la Federaci\u00f3n Espa\u00f1ola de Actividades Subacu\u00e1ticas est\u00e1n citados a este\u2026","rel":"","context":"En \u00abBuceo T\u00e9cnico\u00bb","block_context":{"text":"Buceo T\u00e9cnico","link":"https:\/\/www.sportalsub.net\/blog\/category\/modalidades\/buceo-2\/buceo-tecnico\/"},"img":{"alt_text":"","src":"https:\/\/i0.wp.com\/www.sportalsub.net\/blog\/wp-content\/uploads\/2011\/12\/jornadas_hielo_2012.jpg?resize=350%2C200","width":350,"height":200},"classes":[]},{"id":39979,"url":"https:\/\/www.sportalsub.net\/blog\/cursos-buceo-fedas-cmas","url_meta":{"origin":29732,"position":2},"title":"\ud83c\uddea\ud83c\uddf8 Cursos de Buceo de la Federaci\u00f3n Espa\u00f1ola de Actividades Subacu\u00e1ticas FEDAS-CMAS acceso gratuito plataforma elearning","author":"Sportalsub.net","date":"16 marzo 2020","format":false,"excerpt":"(Sportalsub.net \/ FEDAS) La Federaci\u00f3n Espa\u00f1ola de Actividades Subacu\u00e1ticas (FEDAS) ha puesto a disposici\u00f3n de todas aquellas personas que se quieran iniciar, continuar o completar su formaci\u00f3n en el mundo del buceo, su plataforma e-elarning FEDAS, disponible desde diciembre de 2019 y a trav\u00e9s de la cual se puede acceder\u2026","rel":"","context":"En \u00abBuceo\u00bb","block_context":{"text":"Buceo","link":"https:\/\/www.sportalsub.net\/blog\/category\/modalidades\/buceo-2\/"},"img":{"alt_text":"","src":"https:\/\/i0.wp.com\/www.sportalsub.net\/blog\/wp-content\/uploads\/2020\/03\/buceofedas2020.jpg?resize=350%2C200&ssl=1","width":350,"height":200,"srcset":"https:\/\/i0.wp.com\/www.sportalsub.net\/blog\/wp-content\/uploads\/2020\/03\/buceofedas2020.jpg?resize=350%2C200&ssl=1 1x, https:\/\/i0.wp.com\/www.sportalsub.net\/blog\/wp-content\/uploads\/2020\/03\/buceofedas2020.jpg?resize=525%2C300&ssl=1 1.5x, https:\/\/i0.wp.com\/www.sportalsub.net\/blog\/wp-content\/uploads\/2020\/03\/buceofedas2020.jpg?resize=700%2C400&ssl=1 2x"},"classes":[]},{"id":44762,"url":"https:\/\/www.sportalsub.net\/blog\/manual-apnea-1-estrella-fedas","url_meta":{"origin":29732,"position":3},"title":"\ud83c\uddea\ud83c\uddf8 Federaci\u00f3n Espa\u00f1ola de Actividades Subacu\u00e1ticas publica manual de Apnea 1 Estrella en su plataforma e-learning","author":"Sportalsub.net","date":"25 enero 2021","format":false,"excerpt":"(Sportalsub.net \/ FEDAS) La Federaci\u00f3n Espa\u00f1ola de Actividades Subacu\u00e1ticas (FEDAS) ha anunciado en su sitio web oficial, la publicaci\u00f3n del\u00a0Primer Manual de Apnea 1 estrella, disponible en su plataforma de educaci\u00f3n a distancia. Ya est\u00e1 disponible el\u00a0Manual de Apnea 1 Estrella FEDAS\u00a0en versi\u00f3n digital. Este documento de formaci\u00f3n ofrece los\u2026","rel":"","context":"En \u00abApnea\u00bb","block_context":{"text":"Apnea","link":"https:\/\/www.sportalsub.net\/blog\/category\/modalidades\/apnea\/"},"img":{"alt_text":"","src":"https:\/\/i0.wp.com\/www.sportalsub.net\/blog\/wp-content\/uploads\/2021\/01\/apneafedas1estrella.jpg?resize=350%2C200&ssl=1","width":350,"height":200,"srcset":"https:\/\/i0.wp.com\/www.sportalsub.net\/blog\/wp-content\/uploads\/2021\/01\/apneafedas1estrella.jpg?resize=350%2C200&ssl=1 1x, https:\/\/i0.wp.com\/www.sportalsub.net\/blog\/wp-content\/uploads\/2021\/01\/apneafedas1estrella.jpg?resize=525%2C300&ssl=1 1.5x, https:\/\/i0.wp.com\/www.sportalsub.net\/blog\/wp-content\/uploads\/2021\/01\/apneafedas1estrella.jpg?resize=700%2C400&ssl=1 2x"},"classes":[]},{"id":9157,"url":"https:\/\/www.sportalsub.net\/blog\/participaron-investigadores-de-cinco-paises-en-el-curso-internacional-de-buceo-cientifico-cmas-zona-america\/","url_meta":{"origin":29732,"position":4},"title":"\ud83c\uddf2\ud83c\uddfd Participaron investigadores de cinco pa\u00edses en el Curso Internacional de Buceo Cient\u00edfico CMAS Zona Am\u00e9rica","author":"Sportalsub.net","date":"4 mayo 2011","format":false,"excerpt":"M\u00e9xico, D.F. A 03 de mayo de 2011.- Lleg\u00f3 a su fin el 4to. Curso Internacional de Buceo Cient\u00edfico CMAS Zona Am\u00e9rica (FMAS-FCAS) con la participaci\u00f3n de profesionales e investigadores de cinco pa\u00edses de Am\u00e9rica Latina, Chile, Colombia, Cuba, Ecuador y M\u00e9xico, celebrado en el Acuario Nacional de Cuba, del\u2026","rel":"","context":"En \u00abBuceo Cient\u00edfico\u00bb","block_context":{"text":"Buceo Cient\u00edfico","link":"https:\/\/www.sportalsub.net\/blog\/category\/modalidades\/buceo-2\/buceo-cientifico\/"},"img":{"alt_text":"","src":"https:\/\/i0.wp.com\/www.sportalsub.net\/blog\/wp-content\/uploads\/2011\/05\/curso-buceo-cientifico4.jpg?resize=350%2C200&ssl=1","width":350,"height":200,"srcset":"https:\/\/i0.wp.com\/www.sportalsub.net\/blog\/wp-content\/uploads\/2011\/05\/curso-buceo-cientifico4.jpg?resize=350%2C200&ssl=1 1x, https:\/\/i0.wp.com\/www.sportalsub.net\/blog\/wp-content\/uploads\/2011\/05\/curso-buceo-cientifico4.jpg?resize=525%2C300&ssl=1 1.5x"},"classes":[]},{"id":45422,"url":"https:\/\/www.sportalsub.net\/blog\/i-jornadas-on-line-de-medicina-subacuatica-e-hiperbarica-organizadas-por-fedas-espana\/","url_meta":{"origin":29732,"position":5},"title":"\ud83c\uddea\ud83c\uddf8 I Jornadas On-Line de Medicina Subacu\u00e1tica e Hiperb\u00e1rica organizadas por FEDAS Espa\u00f1a","author":"Sportalsub.net","date":"4 mayo 2021","format":false,"excerpt":"(Sportalsub.net \/ FEDAS) La Federaci\u00f3n Espa\u00f1ola de Actividades Subacu\u00e1ticas organiza las I Jornadas On-Line de Medicina Subacu\u00e1tica e Hiperb\u00e1rica a realizarse en idioma espa\u00f1ol. Las 1as. Jornadas On Line de Medicina Subacu\u00e1tica e Hiperb\u00e1rica para instructores de buceo y apnea FEDAS-CMAS ser\u00e1n dirigidas por el Departamento M\u00e9dico de la FEDAS,\u2026","rel":"","context":"En \u00abApnea\u00bb","block_context":{"text":"Apnea","link":"https:\/\/www.sportalsub.net\/blog\/category\/modalidades\/apnea\/"},"img":{"alt_text":"","src":"https:\/\/i0.wp.com\/www.sportalsub.net\/blog\/wp-content\/uploads\/2021\/05\/medicinasubacuaticafedas.jpg?resize=350%2C200&ssl=1","width":350,"height":200,"srcset":"https:\/\/i0.wp.com\/www.sportalsub.net\/blog\/wp-content\/uploads\/2021\/05\/medicinasubacuaticafedas.jpg?resize=350%2C200&ssl=1 1x, https:\/\/i0.wp.com\/www.sportalsub.net\/blog\/wp-content\/uploads\/2021\/05\/medicinasubacuaticafedas.jpg?resize=525%2C300&ssl=1 1.5x, https:\/\/i0.wp.com\/www.sportalsub.net\/blog\/wp-content\/uploads\/2021\/05\/medicinasubacuaticafedas.jpg?resize=700%2C400&ssl=1 2x"},"classes":[]}],"_links":{"self":[{"href":"https:\/\/www.sportalsub.net\/blog\/wp-json\/wp\/v2\/posts\/29732","targetHints":{"allow":["GET"]}}],"collection":[{"href":"https:\/\/www.sportalsub.net\/blog\/wp-json\/wp\/v2\/posts"}],"about":[{"href":"https:\/\/www.sportalsub.net\/blog\/wp-json\/wp\/v2\/types\/post"}],"author":[{"embeddable":true,"href":"https:\/\/www.sportalsub.net\/blog\/wp-json\/wp\/v2\/users\/1"}],"replies":[{"embeddable":true,"href":"https:\/\/www.sportalsub.net\/blog\/wp-json\/wp\/v2\/comments?post=29732"}],"version-history":[{"count":0,"href":"https:\/\/www.sportalsub.net\/blog\/wp-json\/wp\/v2\/posts\/29732\/revisions"}],"wp:featuredmedia":[{"embeddable":true,"href":"https:\/\/www.sportalsub.net\/blog\/wp-json\/wp\/v2\/media\/30007"}],"wp:attachment":[{"href":"https:\/\/www.sportalsub.net\/blog\/wp-json\/wp\/v2\/media?parent=29732"}],"wp:term":[{"taxonomy":"category","embeddable":true,"href":"https:\/\/www.sportalsub.net\/blog\/wp-json\/wp\/v2\/categories?post=29732"},{"taxonomy":"post_tag","embeddable":true,"href":"https:\/\/www.sportalsub.net\/blog\/wp-json\/wp\/v2\/tags?post=29732"}],"curies":[{"name":"wp","href":"https:\/\/api.w.org\/{rel}","templated":true}]}}