{"id":29751,"date":"2019-04-16T07:07:25","date_gmt":"2019-04-16T11:07:25","guid":{"rendered":"https:\/\/www.sportalsub.net\/blog\/?p=29751"},"modified":"2019-04-16T16:30:32","modified_gmt":"2019-04-16T20:30:32","slug":"bj-sub-2019-cumbre-nacional-de-actividades-subacuaticas-en-mexico","status":"publish","type":"post","link":"https:\/\/www.sportalsub.net\/blog\/bjsub2019","title":{"rendered":"\ud83c\uddf2\ud83c\uddfd Realizada con \u00e9xito BJ SUB 2019 &#8211; Cumbre Nacional de Actividades Subacu\u00e1ticas en M\u00e9xico"},"content":{"rendered":"<p><a href=\"https:\/\/www.sportalsub.net\/blog\/wp-content\/uploads\/2019\/03\/realizadobjsub2019.jpg\" target=\"_blank\"><img loading=\"lazy\" decoding=\"async\" class=\"alignnone size-full wp-image-30469\" src=\"https:\/\/www.sportalsub.net\/blog\/wp-content\/uploads\/2019\/03\/realizadobjsub2019.jpg\" alt=\"\" width=\"900\" height=\"601\" srcset=\"https:\/\/www.sportalsub.net\/blog\/wp-content\/uploads\/2019\/03\/realizadobjsub2019.jpg 900w, https:\/\/www.sportalsub.net\/blog\/wp-content\/uploads\/2019\/03\/realizadobjsub2019-300x200.jpg 300w, https:\/\/www.sportalsub.net\/blog\/wp-content\/uploads\/2019\/03\/realizadobjsub2019-768x513.jpg 768w, https:\/\/www.sportalsub.net\/blog\/wp-content\/uploads\/2019\/03\/realizadobjsub2019-177x118.jpg 177w\" sizes=\"auto, (max-width: 900px) 100vw, 900px\" \/><\/a><\/p>\n<p>(Sportalsub.net \/ BJ SUB 2019)<\/p>\n<p>Los d\u00edas 30 y 31 de marzo de 2019 se llev\u00f3 a cabo en la <span class=\"_2iem\">Divisi\u00f3n del Norte # 2333 de la\u00a0<\/span><span class=\"_2iem\">Ciudad de M\u00e9xico,\u00a0<\/span>la Cumbre Nacional de Actividades Subacu\u00e1ticas BJ SUB 2019 en donde se realizaron diferentes Competencias, Cl\u00ednicas, Exhibiciones, Charlas, Exposiciones y Proyecci\u00f3n de Videos de diferentes modalidades como Apnea, Nado con Aletas, Pesca Submarina, Rugby Subacu\u00e1tico, Buceo, Buceo Adaptado y Fotograf\u00eda Submarina, entre otras.<\/p>\n<p>As\u00ed fue rese\u00f1ado en la cuenta Facebook <a href=\"https:\/\/www.facebook.com\/100004088052518\/videos\/1667624753383777\/\" target=\"_blank\" rel=\"noopener noreferrer\" data-hovercard=\"\/ajax\/hovercard\/user.php?id=100004088052518&amp;extragetparams=%7B%22__tn__%22%3A%22%2CdC-R-R%22%2C%22eid%22%3A%22ARCepYeSItfUWAL9c--3H5rgyHj3IEjCt3GWh_OA4anFiNCXUF6uoHH2gtxp4vTp6CHDLrgO6oS9ctfW%22%2C%22hc_ref%22%3A%22ARSRa1qIG0Q2gbUQPZBi2_DXkvuQDgPbXgutN85lJ0Oxhy_2P6QiZT-at2hH95ehfKI%22%2C%22fref%22%3A%22nf%22%7D\" data-hovercard-prefer-more-content-show=\"1\" data-hovercard-referer=\"ARSRa1qIG0Q2gbUQPZBi2_DXkvuQDgPbXgutN85lJ0Oxhy_2P6QiZT-at2hH95ehfKI\" target=\"_blank\">Equipos Representativos Benito Juarez<\/a><\/p>\n<div class=\"e_1fd7adfki z_1fd7ajyjl clearfix\">\n<div class=\"clearfix m_1fd7adhe7\">\n<div class=\"clearfix _42ef\">\n<div class=\"l_1fd7adhe0\">\n<div class=\"_6a _5u5j\">\n<div class=\"_6a _5u5j _6b\">\n<div id=\"feed_subtitle_100004088052518:7445475237862723719\" class=\"_5pcp _5lel _2jyu _232_\" data-testid=\"story-subtitle\">\n<div class=\"_6a _29ee _4f-9 _43_1\" role=\"img\" data-hover=\"tooltip\" data-tooltip-content=\"Compartido con: P\u00fablico\" aria-label=\"Compartido con: P\u00fablico\">El pasado s\u00e1bado 30 de marzo la Alberca Ol\u00edmpica \u00abFrancisco M\u00e1rquez\u00bb, de la Alcald\u00eda Benito Ju\u00e1rez, fu\u00e9 sede del BJ Sub 2019, evento que registr\u00f3 la participaci\u00f3n de las diferentes disciplinas subacuaticas.<\/div>\n<\/div>\n<\/div>\n<\/div>\n<\/div>\n<\/div>\n<\/div>\n<\/div>\n<div id=\"js_2sk\" class=\"_5pbx userContent _3576\" data-ft=\"{&quot;tn&quot;:&quot;K&quot;}\">\n<div id=\"id_5cb6374ccbb8b3107732640\" class=\"text_exposed_root text_exposed\">\n<p>Nado con Aletas 150 atletas.<br \/>\nApnea 60 atletas.<br \/>\nRugby Subacu\u00e1tico 40 atletas primer Partido en M\u00e9xico.<span class=\"text_exposed_show\"><br \/>\nExperiencias de buceo Adaptado 60.<br \/>\nExperiencias de buceo 70 participantes.<br \/>\nExperiencias de equipo t\u00e9cnico 40 participantes.<br \/>\nExperiencias de full face 30 participantes.<br \/>\nConferencias y proyecciones 80 participantes.<\/span><\/p>\n<\/div>\n<\/div>\n<p>El equipo organizador agradece a todas las instituciones, participantes, asistentes y colaboradores presentes en el evento y anuncian una pr\u00f3xima edici\u00f3n para 2020.<\/p>\n<p><strong>M\u00e1s informaci\u00f3n y registro: <a href=\"https:\/\/subacuaticas.org\/\" target=\"_blank\" rel=\"noopener noreferrer\" target=\"_blank\">www.subacuaticas.org<\/a><\/strong><\/p>\n<p><strong>Redes sociales @bjsub2019: <a href=\"https:\/\/www.facebook.com\/BJSUB2019\/\" target=\"_blank\" rel=\"noopener noreferrer\" target=\"_blank\">Facebook<\/a> &#8211; <a href=\"https:\/\/www.instagram.com\/bjsub2019\/\" target=\"_blank\" rel=\"noopener noreferrer\" target=\"_blank\">Instagram<\/a><\/strong><\/p>\n<p><a href=\"https:\/\/subacuaticas.org\/\" target=\"_blank\" rel=\"noopener noreferrer\" target=\"_blank\"><img loading=\"lazy\" decoding=\"async\" class=\"alignnone size-full wp-image-30470\" src=\"https:\/\/www.sportalsub.net\/blog\/wp-content\/uploads\/2019\/03\/graciasbjsub2019.fw_.png\" alt=\"\" width=\"940\" height=\"788\" srcset=\"https:\/\/www.sportalsub.net\/blog\/wp-content\/uploads\/2019\/03\/graciasbjsub2019.fw_.png 940w, https:\/\/www.sportalsub.net\/blog\/wp-content\/uploads\/2019\/03\/graciasbjsub2019.fw_-300x251.png 300w, https:\/\/www.sportalsub.net\/blog\/wp-content\/uploads\/2019\/03\/graciasbjsub2019.fw_-768x644.png 768w\" sizes=\"auto, (max-width: 940px) 100vw, 940px\" \/><\/a><\/p>\n<p>Estas fueron algunas de las actividades realizadas<\/p>\n<p><a href=\"https:\/\/subacuaticas.org\/?page_id=486\" target=\"_blank\" rel=\"noopener noreferrer\" target=\"_blank\"><strong>Galer\u00eda de Fotos<\/strong><\/a><\/p>\n<p><img decoding=\"async\" src=\"https:\/\/scontent-mia3-1.xx.fbcdn.net\/v\/t1.0-9\/55593304_428196047985375_6990852060778332160_o.jpg?_nc_cat=108&amp;_nc_ht=scontent-mia3-1.xx&amp;oh=3851d692b860cd281aca4996be86768a&amp;oe=5D468AC4\" alt=\"No hay ninguna descripci\u00c3\u00b3n de la foto disponible.\" \/><\/p>\n<p><img decoding=\"async\" src=\"https:\/\/scontent-mia3-1.xx.fbcdn.net\/v\/t1.0-9\/55793529_428195881318725_5264593366078717952_o.jpg?_nc_cat=107&amp;_nc_ht=scontent-mia3-1.xx&amp;oh=a56804a25c68857d31c354668d3968c3&amp;oe=5D4F4EB7\" alt=\"No hay ninguna descripci\u00c3\u00b3n de la foto disponible.\" \/><\/p>\n<p><img decoding=\"async\" src=\"https:\/\/scontent-mia3-1.xx.fbcdn.net\/v\/t1.0-9\/54372175_418999302238383_1160633582243282944_n.jpg?_nc_cat=100&amp;_nc_ht=scontent-mia3-1.xx&amp;oh=af1c20cab35605e8ad44e0cad894aeb2&amp;oe=5D4E4078\" alt=\"La imagen puede contener: una o varias personas, piscina, nadar y texto\" \/><\/p>\n<p><img decoding=\"async\" src=\"https:\/\/scontent-mia3-1.xx.fbcdn.net\/v\/t1.0-9\/55557207_428190057985974_4947369052986146816_n.jpg?_nc_cat=101&amp;_nc_ht=scontent-mia3-1.xx&amp;oh=fc22098c2ac094941909173de0b9e46d&amp;oe=5D4C1AE3\" alt=\"La imagen puede contener: una persona, texto\" \/><\/p>\n<p><img decoding=\"async\" src=\"https:\/\/scontent-mia3-1.xx.fbcdn.net\/v\/t1.0-9\/55526880_2434555576777305_5286052573172727808_n.jpg?_nc_cat=109&amp;_nc_ht=scontent-mia3-1.xx&amp;oh=e822e62fce29ba4373f4bd1065758540&amp;oe=5D3F8B07\" \/><\/p>\n<p><a href=\"https:\/\/www.sportalsub.net\/blog\/wp-content\/uploads\/2019\/01\/bjsubfeat.jpg\" target=\"_blank\"><img loading=\"lazy\" decoding=\"async\" class=\"alignnone size-full wp-image-29753\" src=\"https:\/\/www.sportalsub.net\/blog\/wp-content\/uploads\/2019\/01\/bjsubfeat.jpg\" alt=\"\" width=\"2048\" height=\"1026\" srcset=\"https:\/\/www.sportalsub.net\/blog\/wp-content\/uploads\/2019\/01\/bjsubfeat.jpg 2048w, https:\/\/www.sportalsub.net\/blog\/wp-content\/uploads\/2019\/01\/bjsubfeat-300x150.jpg 300w, https:\/\/www.sportalsub.net\/blog\/wp-content\/uploads\/2019\/01\/bjsubfeat-768x385.jpg 768w, https:\/\/www.sportalsub.net\/blog\/wp-content\/uploads\/2019\/01\/bjsubfeat-1024x513.jpg 1024w\" sizes=\"auto, (max-width: 2048px) 100vw, 2048px\" \/><\/a><\/p>\n<p><a href=\"https:\/\/subacuaticas.org\/\" target=\"_blank\" rel=\"noopener noreferrer\" target=\"_blank\"><img decoding=\"async\" src=\"https:\/\/subacuaticas.org\/wp-content\/uploads\/2019\/01\/POSTER-BJ-SUB-10.jpg\" \/><\/a><\/p>\n","protected":false},"excerpt":{"rendered":"<p>(Sportalsub.net \/ BJ SUB 2019) Los d\u00edas 30 y 31 de marzo de 2019 se llev\u00f3 a cabo en la Divisi\u00f3n del Norte # 2333 de la\u00a0Ciudad de M\u00e9xico,\u00a0la Cumbre Nacional de Actividades Subacu\u00e1ticas BJ SUB 2019 en donde se realizaron diferentes Competencias, Cl\u00ednicas, Exhibiciones, Charlas, Exposiciones y Proyecci\u00f3n de Videos de diferentes modalidades como Apnea, Nado con Aletas, Pesca [&#8230;]<\/p>\n","protected":false},"author":1,"featured_media":30469,"comment_status":"open","ping_status":"closed","sticky":false,"template":"","format":"standard","meta":{"_lmt_disableupdate":"","_lmt_disable":"","jetpack_post_was_ever_published":false,"_jetpack_newsletter_access":"","_jetpack_dont_email_post_to_subs":false,"_jetpack_newsletter_tier_id":0,"_jetpack_memberships_contains_paywalled_content":false,"_jetpack_memberships_contains_paid_content":false,"footnotes":"","jetpack_publicize_message":"","jetpack_publicize_feature_enabled":true,"jetpack_social_post_already_shared":true,"jetpack_social_options":{"image_generator_settings":{"template":"highway","default_image_id":0,"font":"","enabled":false},"version":2}},"categories":[9,186,112,347,19,98,142,12,120,7],"tags":[],"class_list":["post-29751","post","type-post","status-publish","format-standard","has-post-thumbnail","hentry","category-apnea","category-buceo-2","category-cursos-y-talleres","category-destacados","category-fotografia-submarina","category-mexico","category-medicina-subacuatica","category-natacion-con-aletas","category-resultados","category-rugby-subacuatico"],"modified_by":"Sportalsub.net","views":5092,"jetpack_publicize_connections":[],"jetpack_featured_media_url":"https:\/\/www.sportalsub.net\/blog\/wp-content\/uploads\/2019\/03\/realizadobjsub2019.jpg","jetpack_sharing_enabled":true,"jetpack_shortlink":"https:\/\/wp.me\/pf9lN-7JR","jetpack_likes_enabled":false,"jetpack-related-posts":[{"id":34913,"url":"https:\/\/www.sportalsub.net\/blog\/marsub-tenerife-espana-2019","url_meta":{"origin":29751,"position":0},"title":"\ud83c\uddea\ud83c\uddf8 Marsub Actividades inicia sus entrenamientos subacu\u00e1ticos en Octubre en Tenerife, Espa\u00f1a","author":"Sportalsub.net","date":"30 septiembre 2019","format":false,"excerpt":"(Sportalsub.net \/ Marsub Actividades) La Escuela de Actividades Subacu\u00e1ticas Marsub Actividades, dirigida por el reconocido instructor venezolano Jos\u00e9 Martin D\u00b4Estefano tiene el placer de notificar que iniciar\u00e1 sus actividades el pr\u00f3ximo 02 de octubre del presente a\u00f1o en Tenerife, Espa\u00f1a en afiliaci\u00f3n con el Club de Actividades Subacu\u00e1ticas AdaptaSub. Desarrollar\u00e1\u2026","rel":"","context":"En \u00abApnea\u00bb","block_context":{"text":"Apnea","link":"https:\/\/www.sportalsub.net\/blog\/category\/modalidades\/apnea\/"},"img":{"alt_text":"","src":"https:\/\/i0.wp.com\/www.sportalsub.net\/blog\/wp-content\/uploads\/2019\/09\/marsubtenerife.jpg?resize=350%2C200&ssl=1","width":350,"height":200,"srcset":"https:\/\/i0.wp.com\/www.sportalsub.net\/blog\/wp-content\/uploads\/2019\/09\/marsubtenerife.jpg?resize=350%2C200&ssl=1 1x, https:\/\/i0.wp.com\/www.sportalsub.net\/blog\/wp-content\/uploads\/2019\/09\/marsubtenerife.jpg?resize=525%2C300&ssl=1 1.5x, https:\/\/i0.wp.com\/www.sportalsub.net\/blog\/wp-content\/uploads\/2019\/09\/marsubtenerife.jpg?resize=700%2C400&ssl=1 2x"},"classes":[]},{"id":11383,"url":"https:\/\/www.sportalsub.net\/blog\/nuevo-sitio-web-de-la-cmas-zona-america\/","url_meta":{"origin":29751,"position":1},"title":"\ud83c\udf0e Calendario CMAS Zona Am\u00e9rica 2014 y relanzamiento de sitio web","author":"Sportalsub.net","date":"5 diciembre 2013","format":false,"excerpt":"(Especial Sportalsub.net \/ CMAS Zona Am\u00e9rica) La Confederaci\u00f3n Mundial de Actividades de Actividades Subacu\u00e1ticas Zona Am\u00e9rica publica el calendario oficial de eventos 2014, en la cual se incluyen diferentes eventos y Campeonatos, en las modalidades de Fotograf\u00eda Submarina, Buceo, Apnea, Nataci\u00f3n con Aletas, Pesca Submarina y Rugby Subacu\u00e1tico, a realizarse\u2026","rel":"","context":"En \u00abActividades Subacu\u00e1ticas\u00bb","block_context":{"text":"Actividades Subacu\u00e1ticas","link":"https:\/\/www.sportalsub.net\/blog\/category\/modalidades\/"},"img":{"alt_text":"","src":"https:\/\/i0.wp.com\/www.sportalsub.net\/blog\/wp-content\/uploads\/2011\/12\/banner-cmaszonaamerica1.jpg?resize=350%2C200&ssl=1","width":350,"height":200,"srcset":"https:\/\/i0.wp.com\/www.sportalsub.net\/blog\/wp-content\/uploads\/2011\/12\/banner-cmaszonaamerica1.jpg?resize=350%2C200&ssl=1 1x, https:\/\/i0.wp.com\/www.sportalsub.net\/blog\/wp-content\/uploads\/2011\/12\/banner-cmaszonaamerica1.jpg?resize=525%2C300&ssl=1 1.5x, https:\/\/i0.wp.com\/www.sportalsub.net\/blog\/wp-content\/uploads\/2011\/12\/banner-cmaszonaamerica1.jpg?resize=700%2C400&ssl=1 2x"},"classes":[]},{"id":31907,"url":"https:\/\/www.sportalsub.net\/blog\/tachisub-subacuatika","url_meta":{"origin":29751,"position":2},"title":"\ud83c\uddfb\ud83c\uddea Tachisub Subacuatika, una nueva alternativa de buceo y actividades subacu\u00e1ticas en Caracas, Venezuela","author":"Sportalsub.net","date":"28 agosto 2019","format":false,"excerpt":"(Sportalsub.net \/ Tachisub Subacuatika) Desde principios de agosto de 2019 ya hay una nueva alternativa y opci\u00f3n para aprender y practicar buceo y actividades subacu\u00e1ticas en la ciudad de Caracas, Venezuela. Se trata de \"Tachisub Subacuatika\" un nuevo Centro de Actividades Subacu\u00e1ticas que tiene su sede en las instalaciones del\u2026","rel":"","context":"En \u00abApnea\u00bb","block_context":{"text":"Apnea","link":"https:\/\/www.sportalsub.net\/blog\/category\/modalidades\/apnea\/"},"img":{"alt_text":"","src":"https:\/\/i0.wp.com\/www.sportalsub.net\/blog\/wp-content\/uploads\/2019\/08\/tachisub.jpg?resize=350%2C200&ssl=1","width":350,"height":200,"srcset":"https:\/\/i0.wp.com\/www.sportalsub.net\/blog\/wp-content\/uploads\/2019\/08\/tachisub.jpg?resize=350%2C200&ssl=1 1x, https:\/\/i0.wp.com\/www.sportalsub.net\/blog\/wp-content\/uploads\/2019\/08\/tachisub.jpg?resize=525%2C300&ssl=1 1.5x, https:\/\/i0.wp.com\/www.sportalsub.net\/blog\/wp-content\/uploads\/2019\/08\/tachisub.jpg?resize=700%2C400&ssl=1 2x"},"classes":[]},{"id":27360,"url":"https:\/\/www.sportalsub.net\/blog\/calendario-2018-fedecas-colombia","url_meta":{"origin":29751,"position":3},"title":"\ud83c\udde8\ud83c\uddf4 Calendario 2018 Federaci\u00f3n Colombiana de Actividades Subacu\u00e1ticas FEDECAS","author":"Sportalsub.net","date":"29 enero 2018","format":false,"excerpt":"(Sportalsub.net \/ FEDECAS) La\u00a0Federaci\u00f3n Colombiana de Actividades Subacu\u00e1ticas FEDECAS publica su calendario nacional e internacional para\u00a02018 en el que se encuentran los Campeonatos y Capacitaciones Nacionales e Internacionales que organizar\u00e1 y en los que participar\u00e1 esta importante Federaci\u00f3n en las modalidades de apnea, nataci\u00f3n con aletas, hockey subacu\u00e1tico, rugby subacu\u00e1tico,\u2026","rel":"","context":"En \u00abApnea\u00bb","block_context":{"text":"Apnea","link":"https:\/\/www.sportalsub.net\/blog\/category\/modalidades\/apnea\/"},"img":{"alt_text":"","src":"https:\/\/i0.wp.com\/www.sportalsub.net\/blog\/wp-content\/uploads\/2018\/01\/calendariofedecas2018.jpg?resize=350%2C200&ssl=1","width":350,"height":200,"srcset":"https:\/\/i0.wp.com\/www.sportalsub.net\/blog\/wp-content\/uploads\/2018\/01\/calendariofedecas2018.jpg?resize=350%2C200&ssl=1 1x, https:\/\/i0.wp.com\/www.sportalsub.net\/blog\/wp-content\/uploads\/2018\/01\/calendariofedecas2018.jpg?resize=525%2C300&ssl=1 1.5x, https:\/\/i0.wp.com\/www.sportalsub.net\/blog\/wp-content\/uploads\/2018\/01\/calendariofedecas2018.jpg?resize=700%2C400&ssl=1 2x"},"classes":[]},{"id":24408,"url":"https:\/\/www.sportalsub.net\/blog\/1er-taller-de-iniciacion-a-las-actividades-subacuaticas-2016-en-caracas-venezuela\/","url_meta":{"origin":29751,"position":4},"title":"\ud83c\uddfb\ud83c\uddea Realizado con \u00e9xito 1er Taller de Iniciaci\u00f3n a las Actividades Subacu\u00e1ticas 2016 en Caracas, Venezuela","author":"Sportalsub.net","date":"20 junio 2016","format":false,"excerpt":"(Sportalsub.net \/ Pescaloapulmon) Con el fin de \u00a0seguir apoyando al fortalecimiento y reimpulso de la Federaci\u00f3n Venezolana de Actividades Subacu\u00e1ticas, se di\u00f3\u00a0inicio \u00a0a los talleres \u00a0de iniciaci\u00f3n las actividades subacu\u00e1ticas a nivel nacional en Venezuela. Este 1er Taller de 2016, actividad organizada por Pescaloapulmon y el Club de Actividades Subacu\u00e1ticas\u2026","rel":"","context":"En \u00abApnea\u00bb","block_context":{"text":"Apnea","link":"https:\/\/www.sportalsub.net\/blog\/category\/modalidades\/apnea\/"},"img":{"alt_text":"","src":"https:\/\/i0.wp.com\/www.sportalsub.net\/blog\/wp-content\/uploads\/2016\/06\/taller2.jpg?resize=350%2C200&ssl=1","width":350,"height":200,"srcset":"https:\/\/i0.wp.com\/www.sportalsub.net\/blog\/wp-content\/uploads\/2016\/06\/taller2.jpg?resize=350%2C200&ssl=1 1x, https:\/\/i0.wp.com\/www.sportalsub.net\/blog\/wp-content\/uploads\/2016\/06\/taller2.jpg?resize=525%2C300&ssl=1 1.5x, https:\/\/i0.wp.com\/www.sportalsub.net\/blog\/wp-content\/uploads\/2016\/06\/taller2.jpg?resize=700%2C400&ssl=1 2x"},"classes":[]},{"id":17057,"url":"https:\/\/www.sportalsub.net\/blog\/calendario-deportivo-internacional-de-la-confederacion-mundial-de-actividades-subacuaticas-2014\/","url_meta":{"origin":29751,"position":5},"title":"\ud83c\udf0e Calendario Deportivo Internacional de la Confederaci\u00f3n Mundial de Actividades Subacu\u00e1ticas 2014","author":"Sportalsub.net","date":"3 diciembre 2013","format":false,"excerpt":"(Especial Sportalsub.net \/ CMAS) La Confederaci\u00f3n Mundial de Actividades Subacu\u00e1ticas (CMAS) ha publicado en su sitio web oficial http:\/\/www.cmas.org\/events\u00a0el Calendario de Campeonatos y Competiciones Internacionales 2014, en el cual se incluyen los Campeonatos Mundiales y Continentales de las modalidades deportivas que agrupa (Apnea, Aquathlon, Foto y Video Subacu\u00e1tico, Buceo de\u2026","rel":"","context":"En \u00abApnea\u00bb","block_context":{"text":"Apnea","link":"https:\/\/www.sportalsub.net\/blog\/category\/modalidades\/apnea\/"},"img":{"alt_text":"","src":"https:\/\/i0.wp.com\/www.sportalsub.net\/blog\/wp-content\/uploads\/2013\/12\/cmas-2014.jpg?resize=350%2C200&ssl=1","width":350,"height":200},"classes":[]}],"_links":{"self":[{"href":"https:\/\/www.sportalsub.net\/blog\/wp-json\/wp\/v2\/posts\/29751","targetHints":{"allow":["GET"]}}],"collection":[{"href":"https:\/\/www.sportalsub.net\/blog\/wp-json\/wp\/v2\/posts"}],"about":[{"href":"https:\/\/www.sportalsub.net\/blog\/wp-json\/wp\/v2\/types\/post"}],"author":[{"embeddable":true,"href":"https:\/\/www.sportalsub.net\/blog\/wp-json\/wp\/v2\/users\/1"}],"replies":[{"embeddable":true,"href":"https:\/\/www.sportalsub.net\/blog\/wp-json\/wp\/v2\/comments?post=29751"}],"version-history":[{"count":0,"href":"https:\/\/www.sportalsub.net\/blog\/wp-json\/wp\/v2\/posts\/29751\/revisions"}],"wp:featuredmedia":[{"embeddable":true,"href":"https:\/\/www.sportalsub.net\/blog\/wp-json\/wp\/v2\/media\/30469"}],"wp:attachment":[{"href":"https:\/\/www.sportalsub.net\/blog\/wp-json\/wp\/v2\/media?parent=29751"}],"wp:term":[{"taxonomy":"category","embeddable":true,"href":"https:\/\/www.sportalsub.net\/blog\/wp-json\/wp\/v2\/categories?post=29751"},{"taxonomy":"post_tag","embeddable":true,"href":"https:\/\/www.sportalsub.net\/blog\/wp-json\/wp\/v2\/tags?post=29751"}],"curies":[{"name":"wp","href":"https:\/\/api.w.org\/{rel}","templated":true}]}}