{"id":30123,"date":"2019-03-18T19:59:54","date_gmt":"2019-03-18T23:59:54","guid":{"rendered":"https:\/\/www.sportalsub.net\/blog\/?p=30123"},"modified":"2019-11-02T01:27:25","modified_gmt":"2019-11-02T05:27:25","slug":"apneista-colombiana-sofia-gomez-uribe-protagoniza-video-musical-la-sombra","status":"publish","type":"post","link":"https:\/\/www.sportalsub.net\/blog\/apneista-colombiana-sofia-gomez-uribe-protagoniza-video-musical\/","title":{"rendered":"\ud83c\udde8\ud83c\uddf4 Apneista colombiana Sof\u00eda G\u00f3mez Uribe protagoniza video musical \u00abLa Sombra\u00bb"},"content":{"rendered":"<p><img loading=\"lazy\" decoding=\"async\" class=\"alignnone size-full wp-image-30129\" src=\"https:\/\/www.sportalsub.net\/blog\/wp-content\/uploads\/2019\/03\/sofia2.jpg\" alt=\"\" width=\"900\" height=\"600\" srcset=\"https:\/\/www.sportalsub.net\/blog\/wp-content\/uploads\/2019\/03\/sofia2.jpg 900w, https:\/\/www.sportalsub.net\/blog\/wp-content\/uploads\/2019\/03\/sofia2-300x200.jpg 300w, https:\/\/www.sportalsub.net\/blog\/wp-content\/uploads\/2019\/03\/sofia2-768x512.jpg 768w, https:\/\/www.sportalsub.net\/blog\/wp-content\/uploads\/2019\/03\/sofia2-177x118.jpg 177w\" sizes=\"auto, (max-width: 900px) 100vw, 900px\" \/><\/p>\n<p>(Especial Sportalsub.net) &#8211; <a href=\"http:\/\/www.sportalsub.net\/en\/freediver-sofia-gomez-uribe-from-colombia-stars-in-music-video-la-sombra\">English Version<\/a><\/p>\n<p>La Apneista Colombiana <strong><a href=\"https:\/\/www.sportalsub.net\/blog\/?s=sofia+gomez+uribe\">Sof\u00eda G\u00f3mez Uribe<\/a>,<\/strong> se ha convertido en los \u00faltimos a\u00f1os en una gran revelaci\u00f3n y una figura con un gran reconocimiento, no s\u00f3lo en el mundo deportivo subacu\u00e1tico, en donde ha logrado importantes resultados dentro de la apnea competitiva, luego de su paso por la nataci\u00f3n con aletas en sus inicios en las actividades subacu\u00e1ticas, sino que su rostro ya se hace familiar a gran parte de la poblaci\u00f3n colombiana, gracias a su presencia cada vez m\u00e1s frecuente en medios de comunicaci\u00f3n masivos.<\/p>\n<p>Sof\u00eda, nacida en la ciudad de Pereira, Risaralda en 1992, se ha destacado notablemente en el deporte de la apnea en los \u00faltimos a\u00f1os, gracias a sus r\u00e9cords mundiales, continentales y nacionales, obteniendo m\u00faltiples medallas y trofeos en competencias en todo el mundo, que le han merecido un gran reconocimiento como figura deportiva no s\u00f3lo dentro del medio subacu\u00e1tico nacional e internacional, sino que ya es una personalidad que goza de una creciente popularidad en su pa\u00eds Colombia, en donde ha podido dar a conocer su deporte y sus logros gracias a su participaci\u00f3n en diferentes espacios que trascienden m\u00e1s all\u00e1 de las piscinas o del mar, escenarios competitivos naturales donde se desenvuelve.<\/p>\n<p><img loading=\"lazy\" decoding=\"async\" class=\"alignnone size-full wp-image-30128\" src=\"https:\/\/www.sportalsub.net\/blog\/wp-content\/uploads\/2019\/03\/sofia3.jpg\" alt=\"\" width=\"900\" height=\"600\" srcset=\"https:\/\/www.sportalsub.net\/blog\/wp-content\/uploads\/2019\/03\/sofia3.jpg 900w, https:\/\/www.sportalsub.net\/blog\/wp-content\/uploads\/2019\/03\/sofia3-300x200.jpg 300w, https:\/\/www.sportalsub.net\/blog\/wp-content\/uploads\/2019\/03\/sofia3-768x512.jpg 768w, https:\/\/www.sportalsub.net\/blog\/wp-content\/uploads\/2019\/03\/sofia3-177x118.jpg 177w\" sizes=\"auto, (max-width: 900px) 100vw, 900px\" \/><\/p>\n<p>Y es que Sof\u00eda ha logrado ocupar un lugar cada vez m\u00e1s importante y relevante en los medios de comunicaci\u00f3n masivos, tradicionales y digitales, no s\u00f3lo por sus resultados en la apnea, sino tambi\u00e9n gracias a su cada vez m\u00e1s frecuente aparici\u00f3n en entrevistas, programas de radio, televisi\u00f3n e internet y por su participaci\u00f3n en obras ben\u00e9ficas, como conferencista en charlas motivacionales, o como imagen para diferentes campa\u00f1as publicitarias, marcas y empresas, que tambi\u00e9n la patrocinan y apoyan en sus actividades y proyectos deportivos.<\/p>\n<p>Recientemente, Sof\u00eda G\u00f3mez se ha estrenado como actriz en el video musical de la canci\u00f3n <em><strong>\u00abLa sombra\u00bb<\/strong><\/em> de la agrupaci\u00f3n colombiana <strong>Monsieur Perin\u00e9<\/strong> y que es interpretada tambi\u00e9n por el mexicano <strong>Leonel Garc\u00eda\u00a0<\/strong>vocalista de la reconocida agrupaci\u00f3n Sin Bandera. El video fue lanzado el pasado viernes 15 de marzo de 2019 a trav\u00e9s del <a href=\"https:\/\/www.youtube.com\/watch?v=LB-9Bkpk-W0\" target=\"_blank\" rel=\"noopener noreferrer\" target=\"_blank\">canal youtube de la agrupaci\u00f3n<\/a> y en diferentes plataformas digitales, teniendo una gran repercusi\u00f3n y difusi\u00f3n en medios masivos, portales especializados en m\u00fasica y entretenimiento, as\u00ed como en algunos medios que cubren la fuente deportiva.<\/p>\n<p><span class=\"embed-youtube\" style=\"text-align:center; display: block;\"><iframe loading=\"lazy\" class=\"youtube-player\" width=\"860\" height=\"484\" src=\"https:\/\/www.youtube.com\/embed\/LB-9Bkpk-W0?version=3&#038;rel=1&#038;showsearch=0&#038;showinfo=1&#038;iv_load_policy=1&#038;fs=1&#038;hl=es-ES&#038;autohide=2&#038;wmode=transparent\" allowfullscreen=\"true\" style=\"border:0;\" sandbox=\"allow-scripts allow-same-origin allow-popups allow-presentation allow-popups-to-escape-sandbox\"><\/iframe><\/span><\/p>\n<p>La apneista comparti\u00f3 en sus redes sociales su emoci\u00f3n por haber participado en este video.\u00a0 Sof\u00eda cuenta con casi 230 mil seguidores en <a href=\"https:\/\/www.instagram.com\/sofigomezu\" target=\"_blank\" rel=\"noopener noreferrer\" target=\"_blank\"><strong>instagram,<\/strong><\/a> m\u00e1s de 155 mil en <a href=\"https:\/\/twitter.com\/SofiGomezU\" target=\"_blank\" rel=\"noopener noreferrer\" target=\"_blank\"><strong>twitter<\/strong><\/a>, y m\u00e1s de 70 mil en <a href=\"https:\/\/www.facebook.com\/sofigomezufreediver\/\" target=\"_blank\" rel=\"noopener noreferrer\" target=\"_blank\"><strong>facebook <\/strong><\/a>\u00a0siendo probablemente la apneista con m\u00e1s seguidores en todo el mundo.<\/p>\n<blockquote class=\"instagram-media\" style=\"background: #FFF; border: 0; border-radius: 3px; box-shadow: 0 0 1px 0 rgba(0,0,0,0.5),0 1px 10px 0 rgba(0,0,0,0.15); margin: 1px; max-width: 540px; min-width: 326px; padding: 0; width: calc(100% - 2px);\" data-instgrm-captioned=\"\" data-instgrm-permalink=\"https:\/\/www.instagram.com\/p\/BvCAxvHjOmE\/?utm_source=ig_embed&amp;utm_medium=loading\" data-instgrm-version=\"12\">\n<div style=\"padding: 16px;\">\n<p>&nbsp;<\/p>\n<div style=\"display: flex; flex-direction: row; align-items: center;\">\n<div style=\"background-color: #f4f4f4; border-radius: 50%; flex-grow: 0; height: 40px; margin-right: 14px; width: 40px;\"><\/div>\n<div style=\"display: flex; flex-direction: column; flex-grow: 1; justify-content: center;\">\n<div style=\"background-color: #f4f4f4; border-radius: 4px; flex-grow: 0; height: 14px; margin-bottom: 6px; width: 100px;\"><\/div>\n<div style=\"background-color: #f4f4f4; border-radius: 4px; flex-grow: 0; height: 14px; width: 60px;\"><\/div>\n<\/div>\n<\/div>\n<div style=\"padding: 19% 0;\"><\/div>\n<div style=\"display: block; height: 50px; margin: 0 auto 12px; width: 50px;\"><\/div>\n<div style=\"padding-top: 8px;\">\n<div style=\"color: #3897f0; font-family: Arial,sans-serif; font-size: 14px; font-style: normal; font-weight: 550; line-height: 18px;\">Ver esta publicaci\u00f3n en Instagram<\/div>\n<\/div>\n<div style=\"padding: 12.5% 0;\"><\/div>\n<div style=\"display: flex; flex-direction: row; margin-bottom: 14px; align-items: center;\">\n<div>\n<div style=\"background-color: #f4f4f4; border-radius: 50%; height: 12.5px; width: 12.5px; transform: translateX(0px) translateY(7px);\"><\/div>\n<div style=\"background-color: #f4f4f4; height: 12.5px; transform: rotate(-45deg) translateX(3px) translateY(1px); width: 12.5px; flex-grow: 0; margin-right: 14px; margin-left: 2px;\"><\/div>\n<div style=\"background-color: #f4f4f4; border-radius: 50%; height: 12.5px; width: 12.5px; transform: translateX(9px) translateY(-18px);\"><\/div>\n<\/div>\n<div style=\"margin-left: 8px;\">\n<div style=\"background-color: #f4f4f4; border-radius: 50%; flex-grow: 0; height: 20px; width: 20px;\"><\/div>\n<div style=\"width: 0; height: 0; border-top: 2px solid transparent; border-left: 6px solid #f4f4f4; border-bottom: 2px solid transparent; transform: translateX(16px) translateY(-4px) rotate(30deg);\"><\/div>\n<\/div>\n<div style=\"margin-left: auto;\">\n<div style=\"width: 0px; border-top: 8px solid #F4F4F4; border-right: 8px solid transparent; transform: translateY(16px);\"><\/div>\n<div style=\"background-color: #f4f4f4; flex-grow: 0; height: 12px; width: 16px; transform: translateY(-4px);\"><\/div>\n<div style=\"width: 0; height: 0; border-top: 8px solid #F4F4F4; border-left: 8px solid transparent; transform: translateY(-4px) translateX(8px);\"><\/div>\n<\/div>\n<\/div>\n<p>&nbsp;<\/p>\n<p style=\"margin: 8px 0 0 0; padding: 0 4px;\"><a href=\"https:\/\/www.instagram.com\/p\/BvCAxvHjOmE\/?utm_source=ig_embed&amp;utm_medium=loading\"style=\"color: #000; font-family: Arial,sans-serif; font-size: 14px; font-style: normal; font-weight: normal; line-height: 17px; text-decoration: none; word-wrap: break-word;\"  target=\"_blank\" rel=\"noopener noreferrer\" target=\"_blank\">\u00a1Lleg\u00f3 el d\u00eda de compartirles este proyecto del que me siento orgullosa de ser parte! El video musical de La Sombra por @monsieurperine Espero que se emocionen pues porque yo si creo que merezco un Oscar despu\u00e9s de esto \ud83d\ude0d Gracias a @madameperine por confiar en mi y dejarme ser la protagonista de esta historia \u2764\ufe0f Aqu\u00ed les dejo el Link para que lo vean y lo compartan y en mi perfil tambi\u00e9n se los dejo https:\/\/youtu.be\/LB-9Bkpk-W0 gui\u00f3n por: @madameperine dirigido por: @carefruna producido por: @oropictures &amp; @madlove<\/a><\/p>\n<p style=\"color: #c9c8cd; font-family: Arial,sans-serif; font-size: 14px; line-height: 17px; margin-bottom: 0; margin-top: 8px; overflow: hidden; padding: 8px 0 7px; text-align: center; text-overflow: ellipsis; white-space: nowrap;\">Una publicaci\u00f3n compartida por <a href=\"https:\/\/www.instagram.com\/sofigomezu\/?utm_source=ig_embed&amp;utm_medium=loading\"style=\"color: #c9c8cd; font-family: Arial,sans-serif; font-size: 14px; font-style: normal; font-weight: normal; line-height: 17px;\"  target=\"_blank\" rel=\"noopener noreferrer\" target=\"_blank\"> Sof\u00eda G\u00f3mez Uribe<\/a> (@sofigomezu) el <time style=\"font-family: Arial,sans-serif; font-size: 14px; line-height: 17px;\" datetime=\"2019-03-15T13:57:47+00:00\">15 de Mar de 2019 a las 6:57 PDT<\/time><\/p>\n<\/div>\n<\/blockquote>\n<p><script async src=\"\/\/www.instagram.com\/embed.js\"><\/script><\/p>\n<p>Las reacciones a la participaci\u00f3n de Sof\u00eda en el video han sido muy favorables y tanto ella, como Monsieur Perin\u00e9 y sus seguidores han empezado a bromear utilizando en las redes sociales la etiqueta #DenleUnOscarASof\u00eda por la interpretaci\u00f3n que la apneista ha realizado en la historia del video.<\/p>\n<p><img loading=\"lazy\" decoding=\"async\" class=\"alignnone size-full wp-image-30130\" src=\"https:\/\/www.sportalsub.net\/blog\/wp-content\/uploads\/2019\/03\/sofia1.jpg\" alt=\"\" width=\"900\" height=\"600\" srcset=\"https:\/\/www.sportalsub.net\/blog\/wp-content\/uploads\/2019\/03\/sofia1.jpg 900w, https:\/\/www.sportalsub.net\/blog\/wp-content\/uploads\/2019\/03\/sofia1-300x200.jpg 300w, https:\/\/www.sportalsub.net\/blog\/wp-content\/uploads\/2019\/03\/sofia1-768x512.jpg 768w, https:\/\/www.sportalsub.net\/blog\/wp-content\/uploads\/2019\/03\/sofia1-177x118.jpg 177w\" sizes=\"auto, (max-width: 900px) 100vw, 900px\" \/><\/p>\n<p>La participaci\u00f3n de Sof\u00eda en este video musical, dar\u00e1\u00a0 m\u00e1s reconocimiento y visibilidad a la apnea en Colombia, gracias a la promoci\u00f3n que le sigue dando esta gran deportista, que ha demostrado que puede llevar su talento no s\u00f3lo al medio subacu\u00e1tico a nivel competitivo, sino utiliz\u00e1ndolo tambi\u00e9n para el arte, como complemento de su carrera deportiva y para su estilo de vida como #SerSubacuatico.<\/p>\n<p><img loading=\"lazy\" decoding=\"async\" class=\"alignnone size-full wp-image-30127\" src=\"https:\/\/www.sportalsub.net\/blog\/wp-content\/uploads\/2019\/03\/sofia4.jpg\" alt=\"\" width=\"900\" height=\"600\" srcset=\"https:\/\/www.sportalsub.net\/blog\/wp-content\/uploads\/2019\/03\/sofia4.jpg 900w, https:\/\/www.sportalsub.net\/blog\/wp-content\/uploads\/2019\/03\/sofia4-300x200.jpg 300w, https:\/\/www.sportalsub.net\/blog\/wp-content\/uploads\/2019\/03\/sofia4-768x512.jpg 768w, https:\/\/www.sportalsub.net\/blog\/wp-content\/uploads\/2019\/03\/sofia4-177x118.jpg 177w\" sizes=\"auto, (max-width: 900px) 100vw, 900px\" \/><\/p>\n<hr \/>\n<p><strong>Publicado por:<\/strong><\/p>\n<p><img loading=\"lazy\" decoding=\"async\" src=\"https:\/\/i0.wp.com\/www.sportalsub.net\/blog\/wp-content\/uploads\/2015\/12\/miguelsportsub2015-150x150.jpg?zoom=1.25&amp;resize=100%2C100\" srcset=\"https:\/\/i0.wp.com\/www.sportalsub.net\/blog\/wp-content\/uploads\/2015\/12\/miguelsportsub2015-150x150.jpg?zoom=1.25&amp;resize=100%2C100\" width=\"100\" height=\"100\" \/><\/p>\n<p><strong>Miguel Alberto Cede\u00f1o Ortiz (Venezuela)\u00a0<img loading=\"lazy\" decoding=\"async\" src=\"https:\/\/es.fifa.com\/imgml\/flags\/s\/ven.gif\" alt=\"chi Eventos\" width=\"19\" height=\"13\" \/><br \/>\n<\/strong>Nacido en Caracas, Venezuela es el creador, director y editor de Sportalsub.net. Su experiencia como deportista, entrenador, juez y dirigente de las actividades subacu\u00e1ticas desde 1999 le han permitido establecer una red de contactos en todo el mundo para dar a conocer e informar todas las novedades sobre el deporte subacu\u00e1tico en habla hispana.<br \/>\n<strong>Facebook\u00a0<img decoding=\"async\" src=\"https:\/\/www.sportalsub.net\/blog\/wp-content\/uploads\/2009\/12\/fb.png\" alt=\"Facebook\" \/><a href=\"http:\/\/facebook.com\/miguelsportsub\" target=\"_blank\" rel=\"noopener noreferrer\" target=\"_blank\">\u00a0miguelsportsub<\/a><br \/>\nTwitter\u00a0<img decoding=\"async\" src=\"https:\/\/www.sportalsub.net\/blog\/wp-content\/uploads\/2009\/12\/twitter.png\" alt=\"Twitter\" \/><a href=\"http:\/\/twitter.com\/miguelsportsub\" target=\"_blank\" rel=\"noopener noreferrer\" target=\"_blank\">\u00a0miguelsportsub<\/a><\/strong><\/p>\n","protected":false},"excerpt":{"rendered":"<p>(Especial Sportalsub.net) &#8211; English Version La Apneista Colombiana Sof\u00eda G\u00f3mez Uribe, se ha convertido en los \u00faltimos a\u00f1os en una gran revelaci\u00f3n y una figura con un gran reconocimiento, no s\u00f3lo en el mundo deportivo subacu\u00e1tico, en donde ha logrado importantes resultados dentro de la apnea competitiva, luego de su paso por la nataci\u00f3n con aletas en sus inicios en [&#8230;]<\/p>\n","protected":false},"author":1,"featured_media":30129,"comment_status":"open","ping_status":"closed","sticky":false,"template":"","format":"standard","meta":{"_lmt_disableupdate":"","_lmt_disable":"","jetpack_post_was_ever_published":false,"_jetpack_newsletter_access":"","_jetpack_dont_email_post_to_subs":false,"_jetpack_newsletter_tier_id":0,"_jetpack_memberships_contains_paywalled_content":false,"_jetpack_memberships_contains_paid_content":false,"footnotes":"","jetpack_publicize_message":"","jetpack_publicize_feature_enabled":true,"jetpack_social_post_already_shared":true,"jetpack_social_options":{"image_generator_settings":{"template":"highway","default_image_id":0,"font":"","enabled":false},"version":2}},"categories":[9,3,347,19,20],"tags":[],"class_list":["post-30123","post","type-post","status-publish","format-standard","has-post-thumbnail","hentry","category-apnea","category-colombia","category-destacados","category-fotografia-submarina","category-video-submarino"],"modified_by":"Sportalsub.net","views":5970,"jetpack_publicize_connections":[],"jetpack_featured_media_url":"https:\/\/www.sportalsub.net\/blog\/wp-content\/uploads\/2019\/03\/sofia2.jpg","jetpack_sharing_enabled":true,"jetpack_shortlink":"https:\/\/wp.me\/pf9lN-7PR","jetpack_likes_enabled":false,"jetpack-related-posts":[{"id":27102,"url":"https:\/\/www.sportalsub.net\/blog\/sofia-gomez-univision-deportes-2017","url_meta":{"origin":30123,"position":0},"title":"\ud83c\udde8\ud83c\uddf4 Apneista Colombiana Sof\u00eda G\u00f3mez Uribe galardonada como Mejor Deportista Extrema 2017 por Univisi\u00f3n Deportes","author":"Sportalsub.net","date":"20 diciembre 2017","format":false,"excerpt":"(Especial Sportalsub.net \/ Premios Univision Deportes) El pasado domingo 17 de diciembre la Apneista Colombiana Sof\u00eda G\u00f3mez Uribe fue galardonada como Mejor Deportista Extrema de Latinoam\u00e9rica del a\u00f1o 2017 en los Premios Univisi\u00f3n Deportes, de la prestigiosa cadena de televisi\u00f3n de habla hispana en los Estados Unidos de Am\u00e9rica. Este\u2026","rel":"","context":"En \u00abApnea\u00bb","block_context":{"text":"Apnea","link":"https:\/\/www.sportalsub.net\/blog\/category\/modalidades\/apnea\/"},"img":{"alt_text":"","src":"https:\/\/i0.wp.com\/www.sportalsub.net\/blog\/wp-content\/uploads\/2017\/12\/sofiagomezunivision.jpg?resize=350%2C200&ssl=1","width":350,"height":200,"srcset":"https:\/\/i0.wp.com\/www.sportalsub.net\/blog\/wp-content\/uploads\/2017\/12\/sofiagomezunivision.jpg?resize=350%2C200&ssl=1 1x, https:\/\/i0.wp.com\/www.sportalsub.net\/blog\/wp-content\/uploads\/2017\/12\/sofiagomezunivision.jpg?resize=525%2C300&ssl=1 1.5x, https:\/\/i0.wp.com\/www.sportalsub.net\/blog\/wp-content\/uploads\/2017\/12\/sofiagomezunivision.jpg?resize=700%2C400&ssl=1 2x"},"classes":[]},{"id":40941,"url":"https:\/\/www.sportalsub.net\/blog\/sersubacuatico-ep7-sofia-gomez-uribe","url_meta":{"origin":30123,"position":1},"title":"\ud83d\udcfa SerSubacuatico \u2013 Ep7 \u2013 Sof\u00eda G\u00f3mez Uribe","author":"Sportalsub.net","date":"20 mayo 2020","format":false,"excerpt":"(Sportalsub.net \/ SerSubacuatico Podcast) Sof\u00eda G\u00f3mez Uribe se ha convertido en la principal exponente de la apnea colombiana en los \u00faltimos a\u00f1os... Su trayectoria en las actividades subacu\u00e1ticas la han llevado desde la nataci\u00f3n con aletas hasta la apnea, en donde ha obtenido sus mayores logros y r\u00e9cords mundiales... Esta\u2026","rel":"","context":"En \u00abApnea\u00bb","block_context":{"text":"Apnea","link":"https:\/\/www.sportalsub.net\/blog\/category\/modalidades\/apnea\/"},"img":{"alt_text":"","src":"https:\/\/i0.wp.com\/www.sportalsub.net\/blog\/wp-content\/uploads\/2020\/05\/sofiagomezweb.jpg?resize=350%2C200&ssl=1","width":350,"height":200,"srcset":"https:\/\/i0.wp.com\/www.sportalsub.net\/blog\/wp-content\/uploads\/2020\/05\/sofiagomezweb.jpg?resize=350%2C200&ssl=1 1x, https:\/\/i0.wp.com\/www.sportalsub.net\/blog\/wp-content\/uploads\/2020\/05\/sofiagomezweb.jpg?resize=525%2C300&ssl=1 1.5x, https:\/\/i0.wp.com\/www.sportalsub.net\/blog\/wp-content\/uploads\/2020\/05\/sofiagomezweb.jpg?resize=700%2C400&ssl=1 2x"},"classes":[]},{"id":24090,"url":"https:\/\/www.sportalsub.net\/blog\/sofia-gomez-uribe-lleva-a-la-apnea-de-colombia-a-lo-mas-alto-de-las-profundidades-en-el-vertical-blue-2016\/","url_meta":{"origin":30123,"position":2},"title":"\ud83c\udde8\ud83c\uddf4 Sof\u00eda G\u00f3mez Uribe lleva a la Apnea de Colombia a lo m\u00e1s alto de las profundidades en el Vertical Blue 2016","author":"Sportalsub.net","date":"4 mayo 2016","format":false,"excerpt":"Sof\u00eda G\u00f3mez Uribe ascendiendo de uno de sus r\u00e9cords. Foto: Daan Verhoeven (Especial Sportalsub.net) La apneista colombiana Sof\u00eda G\u00f3mez Uribe logr\u00f3 el primer lugar femenino en una de las Competencias Internacionales de Apnea de Profundidad m\u00e1s importantes del mundo, el Vertical Blue 2016, realizado en el Blue Hole de las\u2026","rel":"","context":"En \u00abApnea\u00bb","block_context":{"text":"Apnea","link":"https:\/\/www.sportalsub.net\/blog\/category\/modalidades\/apnea\/"},"img":{"alt_text":"","src":"https:\/\/i0.wp.com\/www.sportalsub.net\/blog\/wp-content\/uploads\/2016\/04\/sofia-09323.jpg?resize=350%2C200&ssl=1","width":350,"height":200,"srcset":"https:\/\/i0.wp.com\/www.sportalsub.net\/blog\/wp-content\/uploads\/2016\/04\/sofia-09323.jpg?resize=350%2C200&ssl=1 1x, https:\/\/i0.wp.com\/www.sportalsub.net\/blog\/wp-content\/uploads\/2016\/04\/sofia-09323.jpg?resize=525%2C300&ssl=1 1.5x, https:\/\/i0.wp.com\/www.sportalsub.net\/blog\/wp-content\/uploads\/2016\/04\/sofia-09323.jpg?resize=700%2C400&ssl=1 2x, https:\/\/i0.wp.com\/www.sportalsub.net\/blog\/wp-content\/uploads\/2016\/04\/sofia-09323.jpg?resize=1050%2C600&ssl=1 3x"},"classes":[]},{"id":65375,"url":"https:\/\/www.sportalsub.net\/blog\/iru-balic-y-sofia-gomez-uribe-se-unen-para-compartir-mas-de-la-apnea-en-venezuela\/","url_meta":{"origin":30123,"position":3},"title":"\ud83c\uddfb\ud83c\uddea Iru Balic y \ud83c\udde8\ud83c\uddf4 Sofia G\u00f3mez Uribe se unen para compartir m\u00e1s de la Apnea en Venezuela","author":"Sportalsub.net","date":"16 octubre 2023","format":false,"excerpt":"(Sportalsub.net \/ Iru Balic \/ Sof\u00eda G\u00f3mez Uribe) La colombiana Sof\u00eda G\u00f3mez Uribe, 3 veces recordista Mundial estar\u00e1 en Venezuela, invitada y acompa\u00f1ada por la tambi\u00e9n destacada apneista venezolana Iru Balic Sof\u00eda e Iru realizar\u00e1n tres actividades: Un taller de Apnea Especializado en piscina el mi\u00e9rcoles 18 de octubre en\u2026","rel":"","context":"En \u00abApnea\u00bb","block_context":{"text":"Apnea","link":"https:\/\/www.sportalsub.net\/blog\/category\/modalidades\/apnea\/"},"img":{"alt_text":"","src":"https:\/\/i0.wp.com\/www.sportalsub.net\/blog\/wp-content\/uploads\/2023\/10\/irubalic-sofiagomez.jpg?resize=350%2C200&ssl=1","width":350,"height":200,"srcset":"https:\/\/i0.wp.com\/www.sportalsub.net\/blog\/wp-content\/uploads\/2023\/10\/irubalic-sofiagomez.jpg?resize=350%2C200&ssl=1 1x, https:\/\/i0.wp.com\/www.sportalsub.net\/blog\/wp-content\/uploads\/2023\/10\/irubalic-sofiagomez.jpg?resize=525%2C300&ssl=1 1.5x, https:\/\/i0.wp.com\/www.sportalsub.net\/blog\/wp-content\/uploads\/2023\/10\/irubalic-sofiagomez.jpg?resize=700%2C400&ssl=1 2x"},"classes":[]},{"id":26244,"url":"https:\/\/www.sportalsub.net\/blog\/sofia-gomez-cmas-record-apnea-2017","url_meta":{"origin":30123,"position":4},"title":"\ud83c\udde8\ud83c\uddf4 Nuevo R\u00e9cord Mundial CMAS de Apnea Peso Constante con Bialetas por Sof\u00eda G\u00f3mez Uribe de Colombia en Dominica Julio 2017","author":"Sportalsub.net","date":"10 julio 2017","format":false,"excerpt":"(Sportalsub.net \/ Sof\u00eda G\u00f3mez Uribe) - Read in English Del 3 al 7 de Julio de 2017, la apneista colombiana Sof\u00eda G\u00f3mez Uribe\u00a0implant\u00f3 un nuevo r\u00e9cord mundial de\u00a0Apnea Peso Constante con Bialetas avalado por la Confederaci\u00f3n Mundial de Actividades Subacu\u00e1ticas (CMAS) en aguas de la isla de Dominica en el\u2026","rel":"","context":"En \u00abApnea\u00bb","block_context":{"text":"Apnea","link":"https:\/\/www.sportalsub.net\/blog\/category\/modalidades\/apnea\/"},"img":{"alt_text":"","src":"https:\/\/i0.wp.com\/www.sportalsub.net\/blog\/wp-content\/uploads\/2017\/07\/record-sofia2.jpg?resize=350%2C200&ssl=1","width":350,"height":200,"srcset":"https:\/\/i0.wp.com\/www.sportalsub.net\/blog\/wp-content\/uploads\/2017\/07\/record-sofia2.jpg?resize=350%2C200&ssl=1 1x, https:\/\/i0.wp.com\/www.sportalsub.net\/blog\/wp-content\/uploads\/2017\/07\/record-sofia2.jpg?resize=525%2C300&ssl=1 1.5x, https:\/\/i0.wp.com\/www.sportalsub.net\/blog\/wp-content\/uploads\/2017\/07\/record-sofia2.jpg?resize=700%2C400&ssl=1 2x, https:\/\/i0.wp.com\/www.sportalsub.net\/blog\/wp-content\/uploads\/2017\/07\/record-sofia2.jpg?resize=1050%2C600&ssl=1 3x, https:\/\/i0.wp.com\/www.sportalsub.net\/blog\/wp-content\/uploads\/2017\/07\/record-sofia2.jpg?resize=1400%2C800&ssl=1 4x"},"classes":[]},{"id":20495,"url":"https:\/\/www.sportalsub.net\/blog\/sofia-gomez-vertical-blue","url_meta":{"origin":30123,"position":5},"title":"\ud83c\udde8\ud83c\uddf4 Sof\u00eda G\u00f3mez Uribe de Colombia debutar\u00e1 en Vertical Blue 2015 en Bahamas","author":"Sportalsub.net","date":"20 abril 2015","format":false,"excerpt":"(Sportalsub.net \/ Sof\u00eda G\u00f3mez Uribe) La Campeona Panamericana y M\u00faltiple Recordista Nacional Sof\u00eda G\u00f3mez Uribe de Colombia debutar\u00e1 en la Competencia Internacional de Apnea Vertical Blue 2015 en Bahamas, la cual dar\u00e1 inicio este 27 de abril . Esta ser\u00e1 la primera ocasi\u00f3n en la que la colombiana se sumergir\u00e1\u2026","rel":"","context":"En \u00abApnea\u00bb","block_context":{"text":"Apnea","link":"https:\/\/www.sportalsub.net\/blog\/category\/modalidades\/apnea\/"},"img":{"alt_text":"","src":"https:\/\/i0.wp.com\/www.sportalsub.net\/blog\/wp-content\/uploads\/2015\/04\/sofiagomezbahamas1.jpg?resize=350%2C200&ssl=1","width":350,"height":200,"srcset":"https:\/\/i0.wp.com\/www.sportalsub.net\/blog\/wp-content\/uploads\/2015\/04\/sofiagomezbahamas1.jpg?resize=350%2C200&ssl=1 1x, https:\/\/i0.wp.com\/www.sportalsub.net\/blog\/wp-content\/uploads\/2015\/04\/sofiagomezbahamas1.jpg?resize=525%2C300&ssl=1 1.5x, https:\/\/i0.wp.com\/www.sportalsub.net\/blog\/wp-content\/uploads\/2015\/04\/sofiagomezbahamas1.jpg?resize=700%2C400&ssl=1 2x"},"classes":[]}],"_links":{"self":[{"href":"https:\/\/www.sportalsub.net\/blog\/wp-json\/wp\/v2\/posts\/30123","targetHints":{"allow":["GET"]}}],"collection":[{"href":"https:\/\/www.sportalsub.net\/blog\/wp-json\/wp\/v2\/posts"}],"about":[{"href":"https:\/\/www.sportalsub.net\/blog\/wp-json\/wp\/v2\/types\/post"}],"author":[{"embeddable":true,"href":"https:\/\/www.sportalsub.net\/blog\/wp-json\/wp\/v2\/users\/1"}],"replies":[{"embeddable":true,"href":"https:\/\/www.sportalsub.net\/blog\/wp-json\/wp\/v2\/comments?post=30123"}],"version-history":[{"count":0,"href":"https:\/\/www.sportalsub.net\/blog\/wp-json\/wp\/v2\/posts\/30123\/revisions"}],"wp:featuredmedia":[{"embeddable":true,"href":"https:\/\/www.sportalsub.net\/blog\/wp-json\/wp\/v2\/media\/30129"}],"wp:attachment":[{"href":"https:\/\/www.sportalsub.net\/blog\/wp-json\/wp\/v2\/media?parent=30123"}],"wp:term":[{"taxonomy":"category","embeddable":true,"href":"https:\/\/www.sportalsub.net\/blog\/wp-json\/wp\/v2\/categories?post=30123"},{"taxonomy":"post_tag","embeddable":true,"href":"https:\/\/www.sportalsub.net\/blog\/wp-json\/wp\/v2\/tags?post=30123"}],"curies":[{"name":"wp","href":"https:\/\/api.w.org\/{rel}","templated":true}]}}