{"id":30276,"date":"2019-03-22T08:12:59","date_gmt":"2019-03-22T12:12:59","guid":{"rendered":"https:\/\/www.sportalsub.net\/blog\/?p=30276"},"modified":"2019-03-23T12:47:40","modified_gmt":"2019-03-23T16:47:40","slug":"%f0%9f%87%a8%f0%9f%87%b1-resultados-control-de-natacion-con-aletas-asosub-santiago-de-chile-marzo-2019","status":"publish","type":"post","link":"https:\/\/www.sportalsub.net\/blog\/resultados-nadosub-asosub-chile-2019","title":{"rendered":"\ud83c\udde8\ud83c\uddf1 Resultados &#8211; Control de Nataci\u00f3n con Aletas ASOSUB Santiago de Chile Marzo 2019"},"content":{"rendered":"<p><img loading=\"lazy\" decoding=\"async\" class=\"alignnone size-full wp-image-30280\" src=\"https:\/\/www.sportalsub.net\/blog\/wp-content\/uploads\/2019\/03\/asosub1.jpg\" alt=\"\" width=\"900\" height=\"600\" srcset=\"https:\/\/www.sportalsub.net\/blog\/wp-content\/uploads\/2019\/03\/asosub1.jpg 900w, https:\/\/www.sportalsub.net\/blog\/wp-content\/uploads\/2019\/03\/asosub1-300x200.jpg 300w, https:\/\/www.sportalsub.net\/blog\/wp-content\/uploads\/2019\/03\/asosub1-768x512.jpg 768w, https:\/\/www.sportalsub.net\/blog\/wp-content\/uploads\/2019\/03\/asosub1-177x118.jpg 177w\" sizes=\"auto, (max-width: 900px) 100vw, 900px\" \/><\/p>\n<p>(Sportalsub.net \/ ASOSUB Santiago de Chile)<\/p>\n<p>El pasado s\u00e1bado 16 de marzo 2019 se llev\u00f3 a cabo en la piscina ol\u00edmpica exterior del Complejo Acu\u00e1tico del Estadio Nacional en la ciudad de Santiago de Chile, el primer control y liguilla de Nataci\u00f3n con Aletas de la Asociaci\u00f3n Deportiva Regional Metropolitana de Actividades Subacuaticas y Salvamento Deportivo ASOSUB, en las modalidades 50 metros y 100 metros bialetas, en el que participaron casi 150 deportistas de las categor\u00edas infantiles, juveniles, todo competidor y m\u00e1sters, con el objetivo de seguir promoviendo y masificando esta modalidad deportiva, as\u00ed como para seleccionar a los deportistas que representar\u00e1n a la asociaci\u00f3n en los pr\u00f3ximos campeonatos nacionales.<\/p>\n<p><a href=\"https:\/\/drive.google.com\/file\/d\/0B4JZHvipJ4BcRUg3X2E3VHNUcEJwbS1zdjZIMUt0TVZhRDNV\/view?usp=sharing\" target=\"_blank\" rel=\"noopener noreferrer\" target=\"_blank\"><strong>RESULTADOS<\/strong><\/a><\/p>\n<p>Al evento, primero organizado por esta Asociaci\u00f3n Deportiva, asistieron los 4 clubes que la conforman que practican esta modalidad: <a href=\"https:\/\/www.kaihoe.cl\/\" target=\"_blank\" rel=\"noopener noreferrer\" target=\"_blank\"><strong>KAIHOE<\/strong><\/a>, <a href=\"https:\/\/www.facebook.com\/SUBACUATICOSELBOSQUE\/\" target=\"_blank\" rel=\"noopener noreferrer\" target=\"_blank\"><strong>Subacu\u00e1ticos El Bosque<\/strong><\/a>, <a href=\"https:\/\/www.facebook.com\/groups\/514435848759202\/\" target=\"_blank\" rel=\"noopener noreferrer\" target=\"_blank\"><strong>Aletas San Bernardo<\/strong><\/a> y <a href=\"http:\/\/www.clubsersubacuatico.cl\/\" target=\"_blank\" rel=\"noopener noreferrer\" target=\"_blank\"><strong>Club Ser Subacu\u00e1tico<\/strong><\/a>.<\/p>\n<p class=\"wnd-align-center\"><img loading=\"lazy\" decoding=\"async\" class=\"alignnone\" style=\"font-size: 16px;\" src=\"https:\/\/kaihoe.cl\/_files\/200000058-a97eaaa7c0\/450\/LREDONDO_NEGRO.png\" alt=\"\" width=\"150\" height=\"150\" \/> \u00a0 <img loading=\"lazy\" decoding=\"async\" class=\"alignnone\" style=\"font-size: 16px;\" src=\"https:\/\/kaihoe.cl\/_files\/200000007-663cf6739b\/450\/12662633_1679692065581525_4844102326147170992_n.jpg\" alt=\"\" width=\"150\" height=\"150\" \/> \u00a0 <img loading=\"lazy\" decoding=\"async\" style=\"font-size: 16px;\" src=\"https:\/\/kaihoe.cl\/_files\/200000059-688b869850\/450\/WhatsApp%20Image%202018-07-19%20at%2012.35.56.jpeg\" alt=\"\" width=\"150\" height=\"150\" \/> \u00a0 <img loading=\"lazy\" decoding=\"async\" style=\"font-size: 16px;\" src=\"https:\/\/kaihoe.cl\/_files\/200000405-39a1b3a946\/450\/WhatsApp%20Image%202019-03-22%20at%204.07.11%20PM.jpeg\" alt=\"\" width=\"150\" height=\"150\" \/><\/p>\n<p><strong><a href=\"https:\/\/photos.app.goo.gl\/eKcg93YEGyspzhWh6\" target=\"_blank\" rel=\"noopener noreferrer\" target=\"_blank\">Galer\u00eda de Fotos<\/a>, cortes\u00eda <a href=\"https:\/\/www.facebook.com\/dzamarca\" target=\"_blank\" rel=\"noopener noreferrer\" target=\"_blank\">Darwin Zamarca<\/a><\/strong><\/p>\n<p><img loading=\"lazy\" decoding=\"async\" class=\"alignnone size-full wp-image-30283\" src=\"https:\/\/www.sportalsub.net\/blog\/wp-content\/uploads\/2019\/03\/asosub4.jpg\" alt=\"\" width=\"900\" height=\"600\" srcset=\"https:\/\/www.sportalsub.net\/blog\/wp-content\/uploads\/2019\/03\/asosub4.jpg 900w, https:\/\/www.sportalsub.net\/blog\/wp-content\/uploads\/2019\/03\/asosub4-300x200.jpg 300w, https:\/\/www.sportalsub.net\/blog\/wp-content\/uploads\/2019\/03\/asosub4-768x512.jpg 768w, https:\/\/www.sportalsub.net\/blog\/wp-content\/uploads\/2019\/03\/asosub4-177x118.jpg 177w\" sizes=\"auto, (max-width: 900px) 100vw, 900px\" \/><\/p>\n<p><img loading=\"lazy\" decoding=\"async\" class=\"alignnone size-full wp-image-30284\" src=\"https:\/\/www.sportalsub.net\/blog\/wp-content\/uploads\/2019\/03\/asosub2.jpg\" alt=\"\" width=\"900\" height=\"600\" srcset=\"https:\/\/www.sportalsub.net\/blog\/wp-content\/uploads\/2019\/03\/asosub2.jpg 900w, https:\/\/www.sportalsub.net\/blog\/wp-content\/uploads\/2019\/03\/asosub2-300x200.jpg 300w, https:\/\/www.sportalsub.net\/blog\/wp-content\/uploads\/2019\/03\/asosub2-768x512.jpg 768w, https:\/\/www.sportalsub.net\/blog\/wp-content\/uploads\/2019\/03\/asosub2-177x118.jpg 177w\" sizes=\"auto, (max-width: 900px) 100vw, 900px\" \/><\/p>\n<p><a href=\"https:\/\/www.facebook.com\/prodriguezahumada\" target=\"_blank\" rel=\"noopener noreferrer\" target=\"_blank\"><strong>Pamela Rodriguez<\/strong><\/a>, Presidente del Club Deportivo KAIHOE y Presidente de ASOSUB luego del evento se\u00f1al\u00f3 lo siguiente:<\/p>\n<p>\u00ab<em>Quiero agradecer a cada uno de los nadadores que se presentaron a la convocatoria a nuestra primera liguilla ASOSUB&#8230; Estoy orgullosa de ellos&#8230;de todos los deportistas que entregaron su mejor performance&#8230;de la cordialidad y buena disposici\u00f3n entre los clubes&#8230;\u00a0<\/em><em>Agradecida de quienes me acompa\u00f1aron en la realizaci\u00f3n de este evento&#8230; A <strong>Ronald Laurens (Presidente de Sportsub.org &amp; Sportalsub.net)<\/strong> por su experiencia, paciencia y sobre todo calidad humana, a Jose Levipani como Juez General e Internacional, quien nos brindo toda su experiencia profesional y apoyo por hacer de este un torneo de calidad. A don Leonardo Moreno, Horus Concha y Sra, quienes como jueces nacionales intervinieron de la mejor forma, y a todos quienes apoyaron en los cron\u00f3metros. A todos ellos, mis agradecimientos por su buena voluntad. Tambi\u00e9n y no menos importante, a nuestro p\u00fablico que fue apoyar a sus nadadores. Tenemos muchos planes y espero que podamos llevarlos a cabo&#8230;trabajando juntos se que lo lograremos&#8230; Trataremos de ir mejorando cada d\u00eda mas y tener a nuestros representantes en su mejor nivel tanto nacional y porque no, tambi\u00e9n internacional &#8230; Mi compromiso es seguir luchando y trabajar por todos&#8230; No solo por esta selecci\u00f3n sino por todos los clubes que integramos ASOSUB\u00bb<\/em><\/p>\n<div id=\"attachment_30281\" style=\"width: 574px\" class=\"wp-caption alignnone\"><img loading=\"lazy\" decoding=\"async\" aria-describedby=\"caption-attachment-30281\" class=\"wp-image-30281 size-full\" src=\"https:\/\/www.sportalsub.net\/blog\/wp-content\/uploads\/2019\/03\/asosub5.jpg\" alt=\"\" width=\"564\" height=\"590\" srcset=\"https:\/\/www.sportalsub.net\/blog\/wp-content\/uploads\/2019\/03\/asosub5.jpg 564w, https:\/\/www.sportalsub.net\/blog\/wp-content\/uploads\/2019\/03\/asosub5-287x300.jpg 287w\" sizes=\"auto, (max-width: 564px) 100vw, 564px\" \/><p id=\"caption-attachment-30281\" class=\"wp-caption-text\">Pamela Rodriguez, Presidenta ASOSUB Santiago de Chile<\/p><\/div>\n<div id=\"attachment_30282\" style=\"width: 910px\" class=\"wp-caption alignnone\"><img loading=\"lazy\" decoding=\"async\" aria-describedby=\"caption-attachment-30282\" class=\"wp-image-30282 size-full\" src=\"https:\/\/www.sportalsub.net\/blog\/wp-content\/uploads\/2019\/03\/asosub3.jpg\" alt=\"\" width=\"900\" height=\"600\" srcset=\"https:\/\/www.sportalsub.net\/blog\/wp-content\/uploads\/2019\/03\/asosub3.jpg 900w, https:\/\/www.sportalsub.net\/blog\/wp-content\/uploads\/2019\/03\/asosub3-300x200.jpg 300w, https:\/\/www.sportalsub.net\/blog\/wp-content\/uploads\/2019\/03\/asosub3-768x512.jpg 768w, https:\/\/www.sportalsub.net\/blog\/wp-content\/uploads\/2019\/03\/asosub3-177x118.jpg 177w\" sizes=\"auto, (max-width: 900px) 100vw, 900px\" \/><p id=\"caption-attachment-30282\" class=\"wp-caption-text\">Ronald Laurens, de Sportsub &amp; Sportalsub presente en la comisi\u00f3n t\u00e9cnica del evento<\/p><\/div>\n","protected":false},"excerpt":{"rendered":"<p>(Sportalsub.net \/ ASOSUB Santiago de Chile) El pasado s\u00e1bado 16 de marzo 2019 se llev\u00f3 a cabo en la piscina ol\u00edmpica exterior del Complejo Acu\u00e1tico del Estadio Nacional en la ciudad de Santiago de Chile, el primer control y liguilla de Nataci\u00f3n con Aletas de la Asociaci\u00f3n Deportiva Regional Metropolitana de Actividades Subacuaticas y Salvamento Deportivo ASOSUB, en las modalidades [&#8230;]<\/p>\n","protected":false},"author":1,"featured_media":30280,"comment_status":"open","ping_status":"closed","sticky":false,"template":"","format":"standard","meta":{"_lmt_disableupdate":"","_lmt_disable":"","jetpack_post_was_ever_published":false,"_jetpack_newsletter_access":"","_jetpack_dont_email_post_to_subs":false,"_jetpack_newsletter_tier_id":0,"_jetpack_memberships_contains_paywalled_content":false,"_jetpack_memberships_contains_paid_content":false,"footnotes":"","jetpack_publicize_message":"","jetpack_publicize_feature_enabled":true,"jetpack_social_post_already_shared":true,"jetpack_social_options":{"image_generator_settings":{"template":"highway","default_image_id":0,"font":"","enabled":false},"version":2}},"categories":[83,347,12,120],"tags":[],"class_list":["post-30276","post","type-post","status-publish","format-standard","has-post-thumbnail","hentry","category-chile","category-destacados","category-natacion-con-aletas","category-resultados"],"modified_by":"Sportalsub.net","views":6305,"jetpack_publicize_connections":[],"jetpack_featured_media_url":"https:\/\/www.sportalsub.net\/blog\/wp-content\/uploads\/2019\/03\/asosub1.jpg","jetpack_sharing_enabled":true,"jetpack_shortlink":"https:\/\/wp.me\/pf9lN-7Sk","jetpack_likes_enabled":false,"jetpack-related-posts":[{"id":85912,"url":"https:\/\/www.sportalsub.net\/blog\/apnea-indoor-fedesub-chile-2026","url_meta":{"origin":30276,"position":0},"title":"\ud83c\udde8\ud83c\uddf1 Resultados &#8211; Campeonato Nacional de Apnea Indoor FEDESUB 2026 &#8211; Santiago de Chile","author":"Sportalsub.net","date":"27 abril 2026","format":false,"excerpt":"(Sportalsub.net \/ ASOSUB \/ FEDESUB \/ CMAS Chile) La Asociaci\u00f3n Metropolitana de Actividades Subacu\u00e1ticas y Salvamento Acu\u00e1tico ASOSUB con el Patrocinio de la Federaci\u00f3n Deportiva Nacional de Actividades Subacu\u00e1ticas y Salvamento Acu\u00e1tico FEDESUB - CMAS Chile llev\u00f3 a cabo el CAMPEONATO NACIONAL DE APNEA INDOOR 2026. El Campeonato Nacional de\u2026","rel":"","context":"En \u00abApnea\u00bb","block_context":{"text":"Apnea","link":"https:\/\/www.sportalsub.net\/blog\/category\/modalidades\/apnea\/"},"img":{"alt_text":"","src":"https:\/\/i0.wp.com\/www.sportalsub.net\/blog\/wp-content\/uploads\/2026\/04\/apneafedesubchile2026-feat.jpg?resize=350%2C200&ssl=1","width":350,"height":200,"srcset":"https:\/\/i0.wp.com\/www.sportalsub.net\/blog\/wp-content\/uploads\/2026\/04\/apneafedesubchile2026-feat.jpg?resize=350%2C200&ssl=1 1x, https:\/\/i0.wp.com\/www.sportalsub.net\/blog\/wp-content\/uploads\/2026\/04\/apneafedesubchile2026-feat.jpg?resize=525%2C300&ssl=1 1.5x, https:\/\/i0.wp.com\/www.sportalsub.net\/blog\/wp-content\/uploads\/2026\/04\/apneafedesubchile2026-feat.jpg?resize=700%2C400&ssl=1 2x"},"classes":[]},{"id":67767,"url":"https:\/\/www.sportalsub.net\/blog\/pacifico-profundo-chile-2024","url_meta":{"origin":30276,"position":1},"title":"\ud83c\udde8\ud83c\uddf1 Resultados &#8211; Competencia de Apnea de profundidad \u00abPac\u00edfico Profundo 2024\u00bb Papudo, Chile","author":"Sportalsub.net","date":"1 abril 2024","format":false,"excerpt":"(Sportalsub.net \/ FEDESUB CMAS Chile \/ ASOSUB \/ Soloapnea) El Club Deportivo Solo Apnea con el patrocinio de la Asociaci\u00f3n Deportiva Regional Metropolitana de Salvamento Deportivo y Actividades Subacu\u00e1ticas ASOSUB y la Federaci\u00f3n Deportiva Nacional de Actividades Subacu\u00e1ticas y Salvamento Acu\u00e1tico FEDESUB CMAS Chile, invitaron a toda la comunidad apne\u00edsta\u2026","rel":"","context":"En \u00abApnea\u00bb","block_context":{"text":"Apnea","link":"https:\/\/www.sportalsub.net\/blog\/category\/modalidades\/apnea\/"},"img":{"alt_text":"","src":"https:\/\/i0.wp.com\/www.sportalsub.net\/blog\/wp-content\/uploads\/2024\/03\/pacificoportada.jpg?resize=350%2C200&ssl=1","width":350,"height":200,"srcset":"https:\/\/i0.wp.com\/www.sportalsub.net\/blog\/wp-content\/uploads\/2024\/03\/pacificoportada.jpg?resize=350%2C200&ssl=1 1x, https:\/\/i0.wp.com\/www.sportalsub.net\/blog\/wp-content\/uploads\/2024\/03\/pacificoportada.jpg?resize=525%2C300&ssl=1 1.5x, https:\/\/i0.wp.com\/www.sportalsub.net\/blog\/wp-content\/uploads\/2024\/03\/pacificoportada.jpg?resize=700%2C400&ssl=1 2x"},"classes":[]},{"id":35301,"url":"https:\/\/www.sportalsub.net\/blog\/campeonato-nacional-indoor-fedesub-2019\/","url_meta":{"origin":30276,"position":2},"title":"\ud83c\udde8\ud83c\uddf1 Resultados &#8211; Campeonato Nacional Indoor de Apnea y Nataci\u00f3n con Aletas, FEDESUB, Chile-Santiago 2019","author":"Sportalsub.net","date":"10 diciembre 2019","format":false,"excerpt":"(Sportalsub.net \/ FEDESUB) El 7 y 8 de Diciembre del presente a\u00f1o se llev\u00f3 a cabo el Campeonato Nacional Indoor de Apnea y Nataci\u00f3n con Aletas. La Federaci\u00f3n Deportiva Nacional de Actividades Subacu\u00e1ticas y Salvamento Acu\u00e1tico (FEDESUB) organiz\u00f3 con todo este campeonato que agrup\u00f3 a deportistas de todo el pa\u00eds\u2026","rel":"","context":"En \u00abApnea\u00bb","block_context":{"text":"Apnea","link":"https:\/\/www.sportalsub.net\/blog\/category\/modalidades\/apnea\/"},"img":{"alt_text":"","src":"https:\/\/i0.wp.com\/www.sportalsub.net\/blog\/wp-content\/uploads\/2019\/12\/campeonatoindoor2019.png?resize=350%2C200&ssl=1","width":350,"height":200,"srcset":"https:\/\/i0.wp.com\/www.sportalsub.net\/blog\/wp-content\/uploads\/2019\/12\/campeonatoindoor2019.png?resize=350%2C200&ssl=1 1x, https:\/\/i0.wp.com\/www.sportalsub.net\/blog\/wp-content\/uploads\/2019\/12\/campeonatoindoor2019.png?resize=525%2C300&ssl=1 1.5x, https:\/\/i0.wp.com\/www.sportalsub.net\/blog\/wp-content\/uploads\/2019\/12\/campeonatoindoor2019.png?resize=700%2C400&ssl=1 2x"},"classes":[]},{"id":30711,"url":"https:\/\/www.sportalsub.net\/blog\/5ta-copa-fedesub-nadosub-chile-2019","url_meta":{"origin":30276,"position":3},"title":"\ud83c\udde8\ud83c\uddf1 Resultados &#8211; 5ta Copa FEDESUB de Nataci\u00f3n con Aletas, Santiago de Chile &#8211; Junio 2019","author":"Sportalsub.net","date":"8 junio 2019","format":false,"excerpt":"(Sportalsub.net \/ FEDESUB \/ CMAS Chile) Con una numerosa participaci\u00f3n de clubes de varias regiones de Chile y un creciente nivel deportivo y competitivo evidenciado en los resultados de las pruebas, la Federaci\u00f3n Deportiva Nacional de Actividades Subacu\u00e1ticas y Salvamento Acu\u00e1tico (FEDESUB) llev\u00f3 a cabo con todo \u00e9xito la 5ta\u2026","rel":"","context":"En \u00abChile\u00bb","block_context":{"text":"Chile","link":"https:\/\/www.sportalsub.net\/blog\/category\/paises\/america\/chile\/"},"img":{"alt_text":"","src":"https:\/\/i0.wp.com\/www.sportalsub.net\/blog\/wp-content\/uploads\/2019\/06\/resultados-copa-fedesub.jpg?resize=350%2C200&ssl=1","width":350,"height":200,"srcset":"https:\/\/i0.wp.com\/www.sportalsub.net\/blog\/wp-content\/uploads\/2019\/06\/resultados-copa-fedesub.jpg?resize=350%2C200&ssl=1 1x, https:\/\/i0.wp.com\/www.sportalsub.net\/blog\/wp-content\/uploads\/2019\/06\/resultados-copa-fedesub.jpg?resize=525%2C300&ssl=1 1.5x, https:\/\/i0.wp.com\/www.sportalsub.net\/blog\/wp-content\/uploads\/2019\/06\/resultados-copa-fedesub.jpg?resize=700%2C400&ssl=1 2x"},"classes":[]},{"id":79697,"url":"https:\/\/www.sportalsub.net\/blog\/apnea-nadosub-fedesub-chile-2025","url_meta":{"origin":30276,"position":4},"title":"\ud83c\udde8\ud83c\uddf1 Resultados &#8211; Campeonato Nacional Selectivo de Apnea y Nataci\u00f3n con Aletas FEDESUB 2025 &#8211; Santiago de Chile","author":"Sportalsub.net","date":"19 mayo 2025","format":false,"excerpt":"(Sportalsub.net \/ FEDESUB \/ CMAS Chile) La Federaci\u00f3n Deportiva Nacional de Actividades Subacu\u00e1ticas y Salvamento Acu\u00e1tico de Chile (FEDESUB \/ CMAS Chile) organiz\u00f3 el Campeonato Nacional Selectivo en las modalidades de Apnea y Nataci\u00f3n con Aletas, los d\u00edas 17 y 18 de Mayo en el Centro Acu\u00e1tico del Estadio Nacional\u2026","rel":"","context":"En \u00abApnea\u00bb","block_context":{"text":"Apnea","link":"https:\/\/www.sportalsub.net\/blog\/category\/modalidades\/apnea\/"},"img":{"alt_text":"","src":"https:\/\/i0.wp.com\/www.sportalsub.net\/blog\/wp-content\/uploads\/2025\/05\/resultados-fedesub2025.jpg?resize=350%2C200&ssl=1","width":350,"height":200,"srcset":"https:\/\/i0.wp.com\/www.sportalsub.net\/blog\/wp-content\/uploads\/2025\/05\/resultados-fedesub2025.jpg?resize=350%2C200&ssl=1 1x, https:\/\/i0.wp.com\/www.sportalsub.net\/blog\/wp-content\/uploads\/2025\/05\/resultados-fedesub2025.jpg?resize=525%2C300&ssl=1 1.5x, https:\/\/i0.wp.com\/www.sportalsub.net\/blog\/wp-content\/uploads\/2025\/05\/resultados-fedesub2025.jpg?resize=700%2C400&ssl=1 2x"},"classes":[]},{"id":19593,"url":"https:\/\/www.sportalsub.net\/blog\/nacional-apnea-nadosub-arica-chile-2015","url_meta":{"origin":30276,"position":5},"title":"\ud83c\udde8\ud83c\uddf1 Campeonato Nacional de Apnea y Nataci\u00f3n con Aletas Arica 2015 FEDESUB Chile &#8211; Resultados","author":"Sportalsub.net","date":"1 mayo 2015","format":false,"excerpt":"(Sportalsub.net \/ FEDESUB) La Asociaci\u00f3n de ARICA ARISUB\u00a0organiz\u00f3 el\u00a0Campeonato Nacional de Nataci\u00f3n con Aletas en Piscina, Apnea din\u00e1mica y est\u00e1tica, los d\u00edas 24, 25 y 26 de Abril de 2015, en la ciudad de Arica con el aval y patrocinio de la Federaci\u00f3n Chilena de Deportes Submarinos y Nataci\u00f3n con\u2026","rel":"","context":"En \u00abApnea\u00bb","block_context":{"text":"Apnea","link":"https:\/\/www.sportalsub.net\/blog\/category\/modalidades\/apnea\/"},"img":{"alt_text":"","src":"https:\/\/i0.wp.com\/www.sportalsub.net\/blog\/wp-content\/uploads\/2015\/03\/nacionalsubchile20151.jpg?resize=350%2C200&ssl=1","width":350,"height":200,"srcset":"https:\/\/i0.wp.com\/www.sportalsub.net\/blog\/wp-content\/uploads\/2015\/03\/nacionalsubchile20151.jpg?resize=350%2C200&ssl=1 1x, https:\/\/i0.wp.com\/www.sportalsub.net\/blog\/wp-content\/uploads\/2015\/03\/nacionalsubchile20151.jpg?resize=525%2C300&ssl=1 1.5x"},"classes":[]}],"_links":{"self":[{"href":"https:\/\/www.sportalsub.net\/blog\/wp-json\/wp\/v2\/posts\/30276","targetHints":{"allow":["GET"]}}],"collection":[{"href":"https:\/\/www.sportalsub.net\/blog\/wp-json\/wp\/v2\/posts"}],"about":[{"href":"https:\/\/www.sportalsub.net\/blog\/wp-json\/wp\/v2\/types\/post"}],"author":[{"embeddable":true,"href":"https:\/\/www.sportalsub.net\/blog\/wp-json\/wp\/v2\/users\/1"}],"replies":[{"embeddable":true,"href":"https:\/\/www.sportalsub.net\/blog\/wp-json\/wp\/v2\/comments?post=30276"}],"version-history":[{"count":0,"href":"https:\/\/www.sportalsub.net\/blog\/wp-json\/wp\/v2\/posts\/30276\/revisions"}],"wp:featuredmedia":[{"embeddable":true,"href":"https:\/\/www.sportalsub.net\/blog\/wp-json\/wp\/v2\/media\/30280"}],"wp:attachment":[{"href":"https:\/\/www.sportalsub.net\/blog\/wp-json\/wp\/v2\/media?parent=30276"}],"wp:term":[{"taxonomy":"category","embeddable":true,"href":"https:\/\/www.sportalsub.net\/blog\/wp-json\/wp\/v2\/categories?post=30276"},{"taxonomy":"post_tag","embeddable":true,"href":"https:\/\/www.sportalsub.net\/blog\/wp-json\/wp\/v2\/tags?post=30276"}],"curies":[{"name":"wp","href":"https:\/\/api.w.org\/{rel}","templated":true}]}}