{"id":30332,"date":"2019-03-29T07:39:02","date_gmt":"2019-03-29T11:39:02","guid":{"rendered":"https:\/\/www.sportalsub.net\/blog\/?p=30332"},"modified":"2019-03-29T08:51:14","modified_gmt":"2019-03-29T12:51:14","slug":"reciben-atletas-de-nado-con-aletas-premio-luchador-olmeca-en-mexico","status":"publish","type":"post","link":"https:\/\/www.sportalsub.net\/blog\/reciben-atletas-de-nado-con-aletas-premio-luchador-olmeca-en-mexico\/","title":{"rendered":"\ud83c\uddf2\ud83c\uddfd Reciben atletas de nado con aletas premio \u201cLuchador Olmeca\u201d en M\u00e9xico"},"content":{"rendered":"<p><img loading=\"lazy\" decoding=\"async\" class=\"alignnone size-full wp-image-30334\" src=\"https:\/\/www.sportalsub.net\/blog\/wp-content\/uploads\/2019\/03\/luchadorolmeca.jpg\" alt=\"\" width=\"900\" height=\"675\" srcset=\"https:\/\/www.sportalsub.net\/blog\/wp-content\/uploads\/2019\/03\/luchadorolmeca.jpg 900w, https:\/\/www.sportalsub.net\/blog\/wp-content\/uploads\/2019\/03\/luchadorolmeca-300x225.jpg 300w, https:\/\/www.sportalsub.net\/blog\/wp-content\/uploads\/2019\/03\/luchadorolmeca-768x576.jpg 768w, https:\/\/www.sportalsub.net\/blog\/wp-content\/uploads\/2019\/03\/luchadorolmeca-320x240.jpg 320w\" sizes=\"auto, (max-width: 900px) 100vw, 900px\" \/><\/p>\n<p>(Sportalsub.net \/ FMAS)<\/p>\n<p>Tras celebrarse la Asamblea General Ordinaria convocada por la Confederaci\u00f3n Mexicana Deportiva, A. C., la organizaci\u00f3n deportiva realiz\u00f3 la entrega del \u201cPremio Luchador Olmeca\u201d, galard\u00f3n otorgado a personajes destacados por trayectoria deportiva.<\/p>\n<p>El \u201cLuchador Olmeca\u201d fue entregado a la deportista Laura Gabriela Lozada Palomino, en la categor\u00eda a Mejor Deportista, promovida por la Federacion Mexicana de Actividades Subacu\u00e1ticas, A. C., tras haber obtenido la medalla de bronce en la prueba de 400 metros bialetas en la \u201c<a href=\"https:\/\/www.sportalsub.net\/blog\/copa-mundo-cmas-nadosub-2018-usa\">XIII Copa del Mundo de Nataci\u00f3n con Aletas de la C.M.A.S.\u201d realizada en Florida, Estados Unidos en mayo 2018<\/a>.<\/p>\n<p>As\u00ed como tres preseas de oro en las pruebas 100, 200 y 400 metros bialetas logradas en el Campeonato Nacional por Club Categor\u00edas de Nado con Aletas y Velocidad Subacu\u00e1ticas realizado en el mes de julio en Chiapas 2018.<\/p>\n<p>Lozada Palomino adem\u00e1s logr\u00f3 imponerse como Campeona Nacional Universitaria de Nado con Aletas y Velocidad Subacu\u00e1tica en competencia celebrada en Ciudad Universitaria el pasado mes de octubre.<\/p>\n<p>Durante la entrega de la condecoraci\u00f3n deportiva se entreg\u00f3 un segundo premio, mismo que fue entregado al equipo de actividades subacu\u00e1ticas de la Universidad Nacional Aut\u00f3noma de M\u00e9xico, por haber obtenido el segundo lugar en la \u201cXIII CMAS FINSWIMMING WORLD CUP\u201d realizada en Florida, Estados Unidos en el mes de mayo del a\u00f1o pasado, el equipo estuvo integrado por: Francisco Javier Meza Mu\u00f1oz, Brenda Portocarrero Meza, Laura Gabriela Lozada Palomino, Mirna Lizbeth Monta\u00f1o Martinez, Mirna Martinez Jimenez y Salvador Y. Badillo Enrriquez.<\/p>\n<blockquote class=\"instagram-media\" style=\"background: #FFF; border: 0; border-radius: 3px; box-shadow: 0 0 1px 0 rgba(0,0,0,0.5),0 1px 10px 0 rgba(0,0,0,0.15); margin: 1px; max-width: 540px; min-width: 326px; padding: 0; width: calc(100% - 2px);\" data-instgrm-captioned=\"\" data-instgrm-permalink=\"https:\/\/www.instagram.com\/p\/BvkYuyGH6g9\/?utm_source=ig_embed&amp;utm_medium=loading\" data-instgrm-version=\"12\">\n<div style=\"padding: 16px;\">\n<p>&nbsp;<\/p>\n<div style=\"display: flex; flex-direction: row; align-items: center;\">\n<div style=\"background-color: #f4f4f4; border-radius: 50%; flex-grow: 0; height: 40px; margin-right: 14px; width: 40px;\"><\/div>\n<div style=\"display: flex; flex-direction: column; flex-grow: 1; justify-content: center;\">\n<div style=\"background-color: #f4f4f4; border-radius: 4px; flex-grow: 0; height: 14px; margin-bottom: 6px; width: 100px;\"><\/div>\n<div style=\"background-color: #f4f4f4; border-radius: 4px; flex-grow: 0; height: 14px; width: 60px;\"><\/div>\n<\/div>\n<\/div>\n<div style=\"padding: 19% 0;\"><\/div>\n<div style=\"display: block; height: 50px; margin: 0 auto 12px; width: 50px;\"><\/div>\n<div style=\"padding-top: 8px;\">\n<div style=\"color: #3897f0; font-family: Arial,sans-serif; font-size: 14px; font-style: normal; font-weight: 550; line-height: 18px;\">Ver esta publicaci\u00f3n en Instagram<\/div>\n<\/div>\n<div style=\"padding: 12.5% 0;\"><\/div>\n<div style=\"display: flex; flex-direction: row; margin-bottom: 14px; align-items: center;\">\n<div>\n<div style=\"background-color: #f4f4f4; border-radius: 50%; height: 12.5px; width: 12.5px; transform: translateX(0px) translateY(7px);\"><\/div>\n<div style=\"background-color: #f4f4f4; height: 12.5px; transform: rotate(-45deg) translateX(3px) translateY(1px); width: 12.5px; flex-grow: 0; margin-right: 14px; margin-left: 2px;\"><\/div>\n<div style=\"background-color: #f4f4f4; border-radius: 50%; height: 12.5px; width: 12.5px; transform: translateX(9px) translateY(-18px);\"><\/div>\n<\/div>\n<div style=\"margin-left: 8px;\">\n<div style=\"background-color: #f4f4f4; border-radius: 50%; flex-grow: 0; height: 20px; width: 20px;\"><\/div>\n<div style=\"width: 0; height: 0; border-top: 2px solid transparent; border-left: 6px solid #f4f4f4; border-bottom: 2px solid transparent; transform: translateX(16px) translateY(-4px) rotate(30deg);\"><\/div>\n<\/div>\n<div style=\"margin-left: auto;\">\n<div style=\"width: 0px; border-top: 8px solid #F4F4F4; border-right: 8px solid transparent; transform: translateY(16px);\"><\/div>\n<div style=\"background-color: #f4f4f4; flex-grow: 0; height: 12px; width: 16px; transform: translateY(-4px);\"><\/div>\n<div style=\"width: 0; height: 0; border-top: 8px solid #F4F4F4; border-left: 8px solid transparent; transform: translateY(-4px) translateX(8px);\"><\/div>\n<\/div>\n<\/div>\n<p>&nbsp;<\/p>\n<p style=\"margin: 8px 0 0 0; padding: 0 4px;\"><a href=\"https:\/\/www.instagram.com\/p\/BvkYuyGH6g9\/?utm_source=ig_embed&amp;utm_medium=loading\"style=\"color: #000; font-family: Arial,sans-serif; font-size: 14px; font-style: normal; font-weight: normal; line-height: 17px; text-decoration: none; word-wrap: break-word;\"  target=\"_blank\" rel=\"noopener noreferrer\" target=\"_blank\">Tras celebrarse la Asamblea General Ordinaria convocada por la Confederaci\u00f3n Mexicana Deportiva, A. C., la organizaci\u00f3n deportiva realiz\u00f3 la entrega del \u201cPremio Luchador Olmeca\u201d, galard\u00f3n otorgado a personajes destacados por trayectoria deportiva. El \u201cLuchador Olmeca\u201d fue entregado a la deportistas Laura Gabriela Lozada Palomino, en la categor\u00eda a Mejor Deportista, promovida por la Federacion Mexiana a de Actividades Subacu\u00e1ticas, A. C., tras haber obtenido la medalla de bronce en la prueba de 400 metros bielaetas superficies la \u201cXIII Copa del Mundo de Nataci\u00f3n con Aletas de la C.M.A.S.\u201d realizada en Florida, Estados Unidos en mayo 2018. As\u00ed como tres preseas de oro en las pruebas 100, 200 y 400 metros bailetes superficies logradas en el Campeonato Nacional por Club Categor\u00edas de Nado con Aletas y Velocidad Subacu\u00e1ticas realizado en el mes de julio en Chiapas 2018. Lozada Palomino adem\u00e1s logr\u00f3 imponerse como Campeona Naciona Universitaria de Nado con Aletas y Velocidad Subacu\u00e1tica en competencia celebrada en Ciudad Universitaria el pasado mes de octubre. Durante la entrega de la condecoraci\u00f3n deportivas se entreg\u00f3 un segundo premio, mismo que fue entregado al equipo de actividades subacu\u00e1ticas de la Universidad Nacional Aut\u00f3noma de M\u00e9xico, por haber obtenido el segundo lugar en la \u201cXIII CMAS FINSWIMMING WORLD CUP\u201d realizada en Florida, Estados Unidos en el mes de mayo del a\u00f1o pasado, el equipo estuvo integrado por: Francisco Javier Meza Mu\u00f1oz, Brenda Portocarrero Meza, Laura Gabriela Lozada Palomino, Mirna Lizbeth Monta\u00f1o Martinez, Mirna Martinez Jimenez y Salvador Y. Badillo Enr\u00edquez. Atentamente: Federaci\u00f3n Mexicana de Actividades Subacu\u00e1ticas, A. C. jlcv\/DGCS<\/a><\/p>\n<p style=\"color: #c9c8cd; font-family: Arial,sans-serif; font-size: 14px; line-height: 17px; margin-bottom: 0; margin-top: 8px; overflow: hidden; padding: 8px 0 7px; text-align: center; text-overflow: ellipsis; white-space: nowrap;\">Una publicaci\u00f3n compartida por <a href=\"https:\/\/www.instagram.com\/fmas.org.mx\/?utm_source=ig_embed&amp;utm_medium=loading\"style=\"color: #c9c8cd; font-family: Arial,sans-serif; font-size: 14px; font-style: normal; font-weight: normal; line-height: 17px;\"  target=\"_blank\" rel=\"noopener noreferrer\" target=\"_blank\"> F.M.A.S.<\/a> (@fmas.org.mx) el <time style=\"font-family: Arial,sans-serif; font-size: 14px; line-height: 17px;\" datetime=\"2019-03-28T22:20:32+00:00\">28 de Mar de 2019 a las 3:20 PDT<\/time><\/p>\n<\/div>\n<\/blockquote>\n<p><script async src=\"\/\/www.instagram.com\/embed.js\"><\/script><\/p>\n<p>Informaci\u00f3n publicada por:<\/p>\n<p>&nbsp;<\/p>\n<p><a href=\"https:\/\/fmas.org.mx\/\" target=\"_blank\" rel=\"noopener noreferrer\" target=\"_blank\"><img loading=\"lazy\" decoding=\"async\" class=\"aligncenter size-full wp-image-633 jetpack-lazy-image jetpack-lazy-image--handled\" src=\"https:\/\/i2.wp.com\/fmas.org.mx\/wp-content\/uploads\/2019\/02\/logo-fmas-1.png?zoom=1.25&amp;resize=260%2C194&amp;ssl=1\" srcset=\"https:\/\/i2.wp.com\/fmas.org.mx\/wp-content\/uploads\/2019\/02\/logo-fmas-1.png?zoom=1.25&amp;resize=260%2C194&amp;ssl=1\" alt=\"\" width=\"260\" height=\"194\" data-attachment-id=\"633\" data-permalink=\"https:\/\/fmas.org.mx\/se-intensifica-3er-curso-regional-aasunam-para-instructores-de-buceo-deportivo\/logo-fmas-2\/\" data-orig-file=\"https:\/\/i2.wp.com\/fmas.org.mx\/wp-content\/uploads\/2019\/02\/logo-fmas-1.png?fit=260%2C194&amp;ssl=1\" data-orig-size=\"260,194\" data-comments-opened=\"1\" data-image-meta=\"{&quot;aperture&quot;:&quot;0&quot;,&quot;credit&quot;:&quot;&quot;,&quot;camera&quot;:&quot;&quot;,&quot;caption&quot;:&quot;&quot;,&quot;created_timestamp&quot;:&quot;0&quot;,&quot;copyright&quot;:&quot;&quot;,&quot;focal_length&quot;:&quot;0&quot;,&quot;iso&quot;:&quot;0&quot;,&quot;shutter_speed&quot;:&quot;0&quot;,&quot;title&quot;:&quot;&quot;,&quot;orientation&quot;:&quot;0&quot;}\" data-image-title=\"logo fmas\" data-image-description=\"\" data-medium-file=\"https:\/\/i2.wp.com\/fmas.org.mx\/wp-content\/uploads\/2019\/02\/logo-fmas-1.png?fit=260%2C194&amp;ssl=1\" data-large-file=\"https:\/\/i2.wp.com\/fmas.org.mx\/wp-content\/uploads\/2019\/02\/logo-fmas-1.png?fit=260%2C194&amp;ssl=1\" data-recalc-dims=\"1\" data-lazy-loaded=\"1\" \/><\/a><\/p>\n<p><strong>Federaci\u00f3n Mexicana de Actividades Subacu\u00e1ticas, A. C.: <a href=\"https:\/\/fmas.org.mx\/\" target=\"_blank\" rel=\"noopener noreferrer\" target=\"_blank\">https:\/\/fmas.org.mx\/<\/a><\/strong><\/p>\n<p>\u201cHonor y esp\u00edritu deportivo\u201d.<\/p>\n","protected":false},"excerpt":{"rendered":"<p>(Sportalsub.net \/ FMAS) Tras celebrarse la Asamblea General Ordinaria convocada por la Confederaci\u00f3n Mexicana Deportiva, A. C., la organizaci\u00f3n deportiva realiz\u00f3 la entrega del \u201cPremio Luchador Olmeca\u201d, galard\u00f3n otorgado a personajes destacados por trayectoria deportiva. El \u201cLuchador Olmeca\u201d fue entregado a la deportista Laura Gabriela Lozada Palomino, en la categor\u00eda a Mejor Deportista, promovida por la Federacion Mexicana de Actividades [&#8230;]<\/p>\n","protected":false},"author":1,"featured_media":30334,"comment_status":"open","ping_status":"closed","sticky":false,"template":"","format":"standard","meta":{"_lmt_disableupdate":"","_lmt_disable":"","jetpack_post_was_ever_published":false,"_jetpack_newsletter_access":"","_jetpack_dont_email_post_to_subs":false,"_jetpack_newsletter_tier_id":0,"_jetpack_memberships_contains_paywalled_content":false,"_jetpack_memberships_contains_paid_content":false,"footnotes":"","jetpack_publicize_message":"","jetpack_publicize_feature_enabled":true,"jetpack_social_post_already_shared":true,"jetpack_social_options":{"image_generator_settings":{"template":"highway","default_image_id":0,"font":"","enabled":false},"version":2}},"categories":[98,12],"tags":[],"class_list":["post-30332","post","type-post","status-publish","format-standard","has-post-thumbnail","hentry","category-mexico","category-natacion-con-aletas"],"modified_by":"Sportalsub.net","views":3094,"jetpack_publicize_connections":[],"jetpack_featured_media_url":"https:\/\/www.sportalsub.net\/blog\/wp-content\/uploads\/2019\/03\/luchadorolmeca.jpg","jetpack_sharing_enabled":true,"jetpack_shortlink":"https:\/\/wp.me\/pf9lN-7Te","jetpack_likes_enabled":false,"jetpack-related-posts":[{"id":9902,"url":"https:\/\/www.sportalsub.net\/blog\/deportista-mexicano-salvador-badillo-estara-presente-en-la-natacion-con-aletas-del-ii-festival-nautico-en-venezuela\/","url_meta":{"origin":30332,"position":0},"title":"\ud83c\uddf2\ud83c\uddfd Deportista Mexicano Salvador Badillo estar\u00e1 presente en la Nataci\u00f3n con Aletas del II Festival N\u00e1utico en Venezuela","author":"Sportalsub.net","date":"13 julio 2011","format":false,"excerpt":"(Especial Sportalsub.net) El destacado deportista de nataci\u00f3n con aletas mexicano Salvador Badillo estar\u00e1 presente en la competencia de Nataci\u00f3n con Aletas 3Kms del II Festival N\u00e1utico 2011 que se llevar\u00e1 a cabo el s\u00e1bado 23 de julio en aguas de playa Doral, Puerto la Cruz, Estado Anzo\u00e1tegui, Venezuela. Gracias a\u2026","rel":"","context":"En \u00abFestival Nautico 2011\u00bb","block_context":{"text":"Festival Nautico 2011","link":"https:\/\/www.sportalsub.net\/blog\/category\/coberturas-especiales\/festival-nautico-2011\/"},"img":{"alt_text":"","src":"https:\/\/i0.wp.com\/www.sportalsub.net\/blog\/wp-content\/uploads\/2011\/07\/salvador-mexico.jpg?resize=350%2C200&ssl=1","width":350,"height":200,"srcset":"https:\/\/i0.wp.com\/www.sportalsub.net\/blog\/wp-content\/uploads\/2011\/07\/salvador-mexico.jpg?resize=350%2C200&ssl=1 1x, https:\/\/i0.wp.com\/www.sportalsub.net\/blog\/wp-content\/uploads\/2011\/07\/salvador-mexico.jpg?resize=525%2C300&ssl=1 1.5x"},"classes":[]},{"id":11637,"url":"https:\/\/www.sportalsub.net\/blog\/campeonato-nacional-por-categorias-de-nado-con-aletas-bialetas-velocidad-subacuatica-y-apnea-2012-de-mexico\/","url_meta":{"origin":30332,"position":1},"title":"\ud83c\uddf2\ud83c\uddfd Campeonato Nacional por Categorias de Nado con Aletas, Bialetas, Velocidad Subacuatica y Apnea 2012 de M\u00e9xico","author":"Sportalsub.net","date":"29 diciembre 2011","format":false,"excerpt":"(Especial Sportalsub.net \/ FMAS) La federaci\u00f3n Mexicana de Actividades Subacu\u00e1ticas, A. C. atrav\u00e9s de su Comit\u00e9 Deportivo, con el aval de la Condeferaci\u00f3n Deportiva Mexicana, A. C., concova a todas sus asociaciones, delegaciones y entidades afiliadas a participar en el Campeonato Nacional por Categorias de Nado con Aletas, Bialetas, Velocidad\u2026","rel":"","context":"En \u00abApnea\u00bb","block_context":{"text":"Apnea","link":"https:\/\/www.sportalsub.net\/blog\/category\/modalidades\/apnea\/"},"img":{"alt_text":"","src":"https:\/\/i0.wp.com\/www.sportalsub.net\/blog\/wp-content\/uploads\/2011\/12\/apnea-mexico.jpg?resize=350%2C200&ssl=1","width":350,"height":200},"classes":[]},{"id":15188,"url":"https:\/\/www.sportalsub.net\/blog\/venezolano-antonio-del-duca-implanta-nuevo-record-en-apnea-dinamica-sin-aletas-en-mexico\/","url_meta":{"origin":30332,"position":2},"title":"\ud83c\uddfb\ud83c\uddea Venezolano Antonio del Duca implanta nuevo R\u00e9cord en Apnea Din\u00e1mica sin Aletas en M\u00e9xico","author":"Sportalsub.net","date":"21 abril 2013","format":false,"excerpt":"(Especial Sportalsub.net \/ Antonio del Duca \/ XEU) El apneista Venezolano Antonio del Duca logr\u00f3 el primer lugar en la prueba de en apnea din\u00e1mica sin aletas con marca de 156 mts superando el re\u0107ord nacional y el r\u00e9cord sudamericano de la Asociaci\u00f3n Internacional para el Desarrollo de la Apnea\u2026","rel":"","context":"En \u00abApnea\u00bb","block_context":{"text":"Apnea","link":"https:\/\/www.sportalsub.net\/blog\/category\/modalidades\/apnea\/"},"img":{"alt_text":"","src":"https:\/\/i0.wp.com\/www.sportalsub.net\/blog\/wp-content\/uploads\/2013\/04\/delduca-olmeca-open.jpg?resize=350%2C200&ssl=1","width":350,"height":200,"srcset":"https:\/\/i0.wp.com\/www.sportalsub.net\/blog\/wp-content\/uploads\/2013\/04\/delduca-olmeca-open.jpg?resize=350%2C200&ssl=1 1x, https:\/\/i0.wp.com\/www.sportalsub.net\/blog\/wp-content\/uploads\/2013\/04\/delduca-olmeca-open.jpg?resize=525%2C300&ssl=1 1.5x"},"classes":[]},{"id":1259,"url":"https:\/\/www.sportalsub.net\/blog\/la-natacion-con-aletas-natacion-subacuatica\/","url_meta":{"origin":30332,"position":3},"title":"\ud83c\udf0e La Nataci\u00f3n con Aletas, Finswimming o Nataci\u00f3n Subacu\u00e1tica","author":"Sportalsub.net","date":"26 julio 2024","format":false,"excerpt":"Foto: Ronald Laurens @ Sportalsub.net La Nataci\u00f3n con Aletas o\u00a0Nataci\u00f3n Subacu\u00e1tica es una modalidad de las Actividades Subacu\u00e1ticas que consiste en la progresi\u00f3n en la superficie o debajo del agua, por parte del nadador, mediante la utilizaci\u00f3n de una monoaleta o dos aletas (bialetas) con el objetivo de cubrir determinadas\u2026","rel":"","context":"En \u00abActividades Subacu\u00e1ticas\u00bb","block_context":{"text":"Actividades Subacu\u00e1ticas","link":"https:\/\/www.sportalsub.net\/blog\/category\/modalidades\/"},"img":{"alt_text":"","src":"https:\/\/i0.wp.com\/www.sportalsub.net\/blog\/wp-content\/uploads\/2024\/07\/finswimming.jpg?resize=350%2C200&ssl=1","width":350,"height":200,"srcset":"https:\/\/i0.wp.com\/www.sportalsub.net\/blog\/wp-content\/uploads\/2024\/07\/finswimming.jpg?resize=350%2C200&ssl=1 1x, https:\/\/i0.wp.com\/www.sportalsub.net\/blog\/wp-content\/uploads\/2024\/07\/finswimming.jpg?resize=525%2C300&ssl=1 1.5x, https:\/\/i0.wp.com\/www.sportalsub.net\/blog\/wp-content\/uploads\/2024\/07\/finswimming.jpg?resize=700%2C400&ssl=1 2x"},"classes":[]},{"id":17700,"url":"https:\/\/www.sportalsub.net\/blog\/2do.+Olmeca+Open+Apnea+Veracruz+2014%2C+M%C3%A9xico","url_meta":{"origin":30332,"position":4},"title":"\ud83c\uddf2\ud83c\uddfd Resultados del 2do. Olmeca Open Apnea Veracruz 2014, M\u00e9xico","author":"Sportalsub.net","date":"17 junio 2014","format":false,"excerpt":"(Especial Sportalsub.net \/ AIDA M\u00e9xico) Los d\u00edas 7 y 8 de junio se realiz\u00f3\u00a0en\u00a0la Alberca Ol\u00edmpica de la Universidad del Valle de M\u00e9xico en el Puerto de Veracruz, el 2do Olmeca Open \u00a0Apnea Veracruz 2014, competencia nacional e internacional de apnea en piscina en las modalidades de est\u00e1tica, din\u00e1mica con\u2026","rel":"","context":"En \u00abApnea\u00bb","block_context":{"text":"Apnea","link":"https:\/\/www.sportalsub.net\/blog\/category\/modalidades\/apnea\/"},"img":{"alt_text":"","src":"https:\/\/i0.wp.com\/www.sportalsub.net\/blog\/wp-content\/uploads\/2014\/06\/olmeca-open-2014.jpg?resize=350%2C200&ssl=1","width":350,"height":200,"srcset":"https:\/\/i0.wp.com\/www.sportalsub.net\/blog\/wp-content\/uploads\/2014\/06\/olmeca-open-2014.jpg?resize=350%2C200&ssl=1 1x, https:\/\/i0.wp.com\/www.sportalsub.net\/blog\/wp-content\/uploads\/2014\/06\/olmeca-open-2014.jpg?resize=525%2C300&ssl=1 1.5x"},"classes":[]},{"id":12989,"url":"https:\/\/www.sportalsub.net\/blog\/campeonato-nacional-de-apnea-y-nado-con-bialetas-mexico-2012\/","url_meta":{"origin":30332,"position":5},"title":"\ud83c\uddf2\ud83c\uddfd Campeonato Nacional de Apnea y Nado con Bialetas M\u00e9xico 2012","author":"Sportalsub.net","date":"13 julio 2012","format":false,"excerpt":"(Especial Sportalsub.net \/ FMAS) Confirmado el CDOM como sede del Nacional de Nado con Bialeta y Apnea M\u00e9xico, D.F. A 12 de julio de 2012.- La Federaci\u00f3n Mexicana de Actividades Subacu\u00e1ticas (FMAS) confirm\u00f3 que la piscina del Centro Deportivo Ol\u00edmpico Mexicano ser\u00e1 la sede del Campeonato Nacional de Nado con\u2026","rel":"","context":"En \u00abApnea\u00bb","block_context":{"text":"Apnea","link":"https:\/\/www.sportalsub.net\/blog\/category\/modalidades\/apnea\/"},"img":{"alt_text":"","src":"https:\/\/i0.wp.com\/www.sportalsub.net\/blog\/wp-content\/uploads\/2012\/07\/mexico.jpg?resize=350%2C200&ssl=1","width":350,"height":200},"classes":[]}],"_links":{"self":[{"href":"https:\/\/www.sportalsub.net\/blog\/wp-json\/wp\/v2\/posts\/30332","targetHints":{"allow":["GET"]}}],"collection":[{"href":"https:\/\/www.sportalsub.net\/blog\/wp-json\/wp\/v2\/posts"}],"about":[{"href":"https:\/\/www.sportalsub.net\/blog\/wp-json\/wp\/v2\/types\/post"}],"author":[{"embeddable":true,"href":"https:\/\/www.sportalsub.net\/blog\/wp-json\/wp\/v2\/users\/1"}],"replies":[{"embeddable":true,"href":"https:\/\/www.sportalsub.net\/blog\/wp-json\/wp\/v2\/comments?post=30332"}],"version-history":[{"count":0,"href":"https:\/\/www.sportalsub.net\/blog\/wp-json\/wp\/v2\/posts\/30332\/revisions"}],"wp:featuredmedia":[{"embeddable":true,"href":"https:\/\/www.sportalsub.net\/blog\/wp-json\/wp\/v2\/media\/30334"}],"wp:attachment":[{"href":"https:\/\/www.sportalsub.net\/blog\/wp-json\/wp\/v2\/media?parent=30332"}],"wp:term":[{"taxonomy":"category","embeddable":true,"href":"https:\/\/www.sportalsub.net\/blog\/wp-json\/wp\/v2\/categories?post=30332"},{"taxonomy":"post_tag","embeddable":true,"href":"https:\/\/www.sportalsub.net\/blog\/wp-json\/wp\/v2\/tags?post=30332"}],"curies":[{"name":"wp","href":"https:\/\/api.w.org\/{rel}","templated":true}]}}