{"id":30453,"date":"2019-06-12T10:15:12","date_gmt":"2019-06-12T14:15:12","guid":{"rendered":"https:\/\/www.sportalsub.net\/blog\/?p=30453"},"modified":"2019-06-30T20:33:34","modified_gmt":"2019-07-01T00:33:34","slug":"chile-oficializa-su-seleccion-nacional-de-apnea-para-el-campeonato-panamericano-cmas-indoor-2019-en-santiago","status":"publish","type":"post","link":"https:\/\/www.sportalsub.net\/blog\/seleccion-apnea-indoor-chile-2019","title":{"rendered":"\ud83c\udde8\ud83c\uddf1 Chile publica su Selecci\u00f3n Nacional de Apnea para el Campeonato Panamericano CMAS Indoor 2019 en Santiago"},"content":{"rendered":"<p><a href=\"https:\/\/www.sportalsub.net\/blog\/wp-content\/uploads\/2019\/04\/seleccionapneachile.jpg\" target=\"_blank\"><img loading=\"lazy\" decoding=\"async\" class=\"alignnone size-full wp-image-30455\" src=\"https:\/\/www.sportalsub.net\/blog\/wp-content\/uploads\/2019\/04\/seleccionapneachile.jpg\" alt=\"\" width=\"900\" height=\"553\" srcset=\"https:\/\/www.sportalsub.net\/blog\/wp-content\/uploads\/2019\/04\/seleccionapneachile.jpg 900w, https:\/\/www.sportalsub.net\/blog\/wp-content\/uploads\/2019\/04\/seleccionapneachile-300x184.jpg 300w, https:\/\/www.sportalsub.net\/blog\/wp-content\/uploads\/2019\/04\/seleccionapneachile-768x472.jpg 768w\" sizes=\"auto, (max-width: 900px) 100vw, 900px\" \/><\/a><\/p>\n<p>(Sportalsub.net \/ FEDESUB \/ CMAS Chile)<\/p>\n<p>La Federaci\u00f3n Deportiva Nacional de Actividades Subacu\u00e1ticas y Salvamento Acu\u00e1tico (FEDESUB \/ CMAS Chile) ha publicado el jueves 11 de abril 2019 su seleccionado nacional de apnea, que participar\u00e1 en el <strong><a href=\"https:\/\/www.sportalsub.net\/blog\/panamericano-cmas-apnea-chile-2019\">VII Campeonato Panamericano Indoor<\/a><\/strong> a realizarse en Santiago, a finales de junio de 2019 y en donde Chile se prepara con grandes expectativas en lo deportivo y organizativo.<\/p>\n<p>La Selecci\u00f3n estar\u00e1 integrada por los siguientes deportistas:<\/p>\n<ul>\n<li>JAVIERA PINTO<\/li>\n<li>AMBAR PERALTA<\/li>\n<li>DANIELA MAGNASCO<\/li>\n<li>ALEJANDRA ULLOA<\/li>\n<li>RODRIGO PICHUN<\/li>\n<li>SEBASTIAN LIRA<\/li>\n<li>JAVIER NACIF<\/li>\n<li>REN\u00c9 EMPARAN<\/li>\n<li>SCARLET TORRES<\/li>\n<li>CAROL CARRASCO<\/li>\n<li>SEBASTI\u00c1N ALAMOS<\/li>\n<li>MARIO CARCAMO<\/li>\n<\/ul>\n<p>Fuente: <a href=\"https:\/\/www.facebook.com\/cmaschile\/\" target=\"_blank\" rel=\"noopener noreferrer\" target=\"_blank\">Facebook CMAS Chile<\/a><\/p>\n<p><iframe loading=\"lazy\" style=\"border: none; overflow: hidden;\" src=\"https:\/\/www.facebook.com\/plugins\/post.php?href=https%3A%2F%2Fwww.facebook.com%2Fcmaschile%2Fposts%2F2256532427940249&amp;width=500\" width=\"500\" height=\"480\" frameborder=\"0\" scrolling=\"no\"><\/iframe><\/p>\n","protected":false},"excerpt":{"rendered":"<p>(Sportalsub.net \/ FEDESUB \/ CMAS Chile) La Federaci\u00f3n Deportiva Nacional de Actividades Subacu\u00e1ticas y Salvamento Acu\u00e1tico (FEDESUB \/ CMAS Chile) ha publicado el jueves 11 de abril 2019 su seleccionado nacional de apnea, que participar\u00e1 en el VII Campeonato Panamericano Indoor a realizarse en Santiago, a finales de junio de 2019 y en donde Chile se prepara con grandes expectativas [&#8230;]<\/p>\n","protected":false},"author":1,"featured_media":30455,"comment_status":"open","ping_status":"closed","sticky":false,"template":"","format":"standard","meta":{"_lmt_disableupdate":"","_lmt_disable":"","jetpack_post_was_ever_published":false,"_jetpack_newsletter_access":"","_jetpack_dont_email_post_to_subs":false,"_jetpack_newsletter_tier_id":0,"_jetpack_memberships_contains_paywalled_content":false,"_jetpack_memberships_contains_paid_content":false,"footnotes":"","jetpack_publicize_message":"","jetpack_publicize_feature_enabled":true,"jetpack_social_post_already_shared":true,"jetpack_social_options":{"image_generator_settings":{"template":"highway","default_image_id":0,"font":"","enabled":false},"version":2}},"categories":[9,83],"tags":[434],"class_list":["post-30453","post","type-post","status-publish","format-standard","has-post-thumbnail","hentry","category-apnea","category-chile","tag-panamericano-apnea-cmas-2019"],"modified_by":"Sportalsub.net","views":2548,"jetpack_publicize_connections":[],"jetpack_featured_media_url":"https:\/\/www.sportalsub.net\/blog\/wp-content\/uploads\/2019\/04\/seleccionapneachile.jpg","jetpack_sharing_enabled":true,"jetpack_shortlink":"https:\/\/wp.me\/pf9lN-7Vb","jetpack_likes_enabled":false,"jetpack-related-posts":[{"id":31049,"url":"https:\/\/www.sportalsub.net\/blog\/seleccion-de-apnea-ecuador-panamericano-cmas-indoor-chile-2019","url_meta":{"origin":30453,"position":0},"title":"\ud83c\uddea\ud83c\udde8 Ecuador anuncia su Selecci\u00f3n de Apnea para el Campeonato Panamericano CMAS Indoor Chile 2019","author":"Sportalsub.net","date":"21 junio 2019","format":false,"excerpt":"(Sportalsub.net \/ FEDASUB) La Federaci\u00f3n Ecuatoriana de Buceo y Actividades Subacu\u00e1ticas (FEDASUB) confirma su participaci\u00f3n en el \u00a0VII Campeonato Panamericano de Apnea CMAS\u00a0a realizarse del 26 al 30 de Junio 2019 en Santiago de Chile. El seleccionado ecuatoriano estar\u00e1 compuesto por: Deportistas: Juan Roldan Fabi\u00e1n Mora Arianna Garc\u00eda Annette Birkett\u2026","rel":"","context":"En \u00abApnea\u00bb","block_context":{"text":"Apnea","link":"https:\/\/www.sportalsub.net\/blog\/category\/modalidades\/apnea\/"},"img":{"alt_text":"","src":"https:\/\/i0.wp.com\/www.sportalsub.net\/blog\/wp-content\/uploads\/2019\/06\/ecuadorapnea1.jpg?resize=350%2C200&ssl=1","width":350,"height":200,"srcset":"https:\/\/i0.wp.com\/www.sportalsub.net\/blog\/wp-content\/uploads\/2019\/06\/ecuadorapnea1.jpg?resize=350%2C200&ssl=1 1x, https:\/\/i0.wp.com\/www.sportalsub.net\/blog\/wp-content\/uploads\/2019\/06\/ecuadorapnea1.jpg?resize=525%2C300&ssl=1 1.5x, https:\/\/i0.wp.com\/www.sportalsub.net\/blog\/wp-content\/uploads\/2019\/06\/ecuadorapnea1.jpg?resize=700%2C400&ssl=1 2x, https:\/\/i0.wp.com\/www.sportalsub.net\/blog\/wp-content\/uploads\/2019\/06\/ecuadorapnea1.jpg?resize=1050%2C600&ssl=1 3x"},"classes":[]},{"id":30762,"url":"https:\/\/www.sportalsub.net\/blog\/seleccion-apnea-venezuela-indoor-2019","url_meta":{"origin":30453,"position":1},"title":"\ud83c\uddfb\ud83c\uddea FVAS confirma que la Selecci\u00f3n Nacional de Venezuela no asistir\u00e1 al Campeonato Panamericano CMAS de Apnea Indoor 2019 en Santiago de Chile","author":"Sportalsub.net","date":"26 junio 2019","format":false,"excerpt":"(Sportalsub.net \/ FVAS) Luego de que desde la Federaci\u00f3n Venezolana de Actividades Subacu\u00e1ticas (FVAS) se publicara el pasado mi\u00e9rcoles 15 de mayo 2019 el seleccionado nacional de apnea, que participar\u00eda en el VII Campeonato Panamericano CMAS de Apnea Indoor a realizarse en Santiago de Chile, a finales de junio de\u2026","rel":"","context":"En \u00abApnea\u00bb","block_context":{"text":"Apnea","link":"https:\/\/www.sportalsub.net\/blog\/category\/modalidades\/apnea\/"},"img":{"alt_text":"","src":"https:\/\/i0.wp.com\/www.sportalsub.net\/blog\/wp-content\/uploads\/2019\/05\/seleccion-denegado.jpg?resize=350%2C200&ssl=1","width":350,"height":200,"srcset":"https:\/\/i0.wp.com\/www.sportalsub.net\/blog\/wp-content\/uploads\/2019\/05\/seleccion-denegado.jpg?resize=350%2C200&ssl=1 1x, https:\/\/i0.wp.com\/www.sportalsub.net\/blog\/wp-content\/uploads\/2019\/05\/seleccion-denegado.jpg?resize=525%2C300&ssl=1 1.5x, https:\/\/i0.wp.com\/www.sportalsub.net\/blog\/wp-content\/uploads\/2019\/05\/seleccion-denegado.jpg?resize=700%2C400&ssl=1 2x"},"classes":[]},{"id":31072,"url":"https:\/\/www.sportalsub.net\/blog\/seleccion-apnea-mexico-panamericano-chile-2019","url_meta":{"origin":30453,"position":2},"title":"\ud83c\uddf2\ud83c\uddfd M\u00e9xico tambi\u00e9n estar\u00e1 en el Campeonato Panamericano CMAS de Apnea Indoor 2019 en Santiago de Chile","author":"Sportalsub.net","date":"24 junio 2019","format":false,"excerpt":"(Sportalsub.net \/ FMAS) La Federaci\u00f3n Mexicana de Actividades Subacu\u00e1ticas (FMAS) tambi\u00e9n ha confirmado su participaci\u00f3n en el \u00a0VII Campeonato Panamericano de Apnea CMAS\u00a0a realizarse del 26 al 30 de Junio 2019 en Santiago de Chile. El seleccionado mexicano estar\u00e1 compuesto por los siguientes deportistas: Luisa Daniela Fortuna Luz G. Viveras\u2026","rel":"","context":"En \u00abApnea\u00bb","block_context":{"text":"Apnea","link":"https:\/\/www.sportalsub.net\/blog\/category\/modalidades\/apnea\/"},"img":{"alt_text":"","src":"https:\/\/i0.wp.com\/www.sportalsub.net\/blog\/wp-content\/uploads\/2019\/06\/apnea-mexico.jpg?resize=350%2C200&ssl=1","width":350,"height":200,"srcset":"https:\/\/i0.wp.com\/www.sportalsub.net\/blog\/wp-content\/uploads\/2019\/06\/apnea-mexico.jpg?resize=350%2C200&ssl=1 1x, https:\/\/i0.wp.com\/www.sportalsub.net\/blog\/wp-content\/uploads\/2019\/06\/apnea-mexico.jpg?resize=525%2C300&ssl=1 1.5x, https:\/\/i0.wp.com\/www.sportalsub.net\/blog\/wp-content\/uploads\/2019\/06\/apnea-mexico.jpg?resize=700%2C400&ssl=1 2x"},"classes":[]},{"id":29982,"url":"https:\/\/www.sportalsub.net\/blog\/5to-open-apnea-indoor-chile-2019","url_meta":{"origin":30453,"position":3},"title":"\ud83c\udde8\ud83c\uddf1 Resultados &#8211; 5to Open de Apnea Indoor FEDESUB &#8211; Santiago de Chile 2019","author":"Sportalsub.net","date":"14 marzo 2019","format":false,"excerpt":"(Sportalsub.net \/ FEDESUB \/ CMAS Chile) - Fotos: Ronald Laurens Con todo \u00e9xito y una gran participaci\u00f3n de apneistas de varios clubes, la Federaci\u00f3n Deportiva Nacional de Actividades Subacu\u00e1ticas y Salvamento Acu\u00e1tico (FEDESUB \/ CMAS Chile) llev\u00f3 a cabo el 5to Open Apnea, los d\u00edas 8, 9 y 10 de\u2026","rel":"","context":"En \u00abApnea\u00bb","block_context":{"text":"Apnea","link":"https:\/\/www.sportalsub.net\/blog\/category\/modalidades\/apnea\/"},"img":{"alt_text":"","src":"https:\/\/i0.wp.com\/www.sportalsub.net\/blog\/wp-content\/uploads\/2019\/03\/openapneaindoorsportalsub.jpg?resize=350%2C200&ssl=1","width":350,"height":200,"srcset":"https:\/\/i0.wp.com\/www.sportalsub.net\/blog\/wp-content\/uploads\/2019\/03\/openapneaindoorsportalsub.jpg?resize=350%2C200&ssl=1 1x, https:\/\/i0.wp.com\/www.sportalsub.net\/blog\/wp-content\/uploads\/2019\/03\/openapneaindoorsportalsub.jpg?resize=525%2C300&ssl=1 1.5x, https:\/\/i0.wp.com\/www.sportalsub.net\/blog\/wp-content\/uploads\/2019\/03\/openapneaindoorsportalsub.jpg?resize=700%2C400&ssl=1 2x, https:\/\/i0.wp.com\/www.sportalsub.net\/blog\/wp-content\/uploads\/2019\/03\/openapneaindoorsportalsub.jpg?resize=1050%2C600&ssl=1 3x, https:\/\/i0.wp.com\/www.sportalsub.net\/blog\/wp-content\/uploads\/2019\/03\/openapneaindoorsportalsub.jpg?resize=1400%2C800&ssl=1 4x"},"classes":[]},{"id":31091,"url":"https:\/\/www.sportalsub.net\/blog\/colombia-panamericano--apnea-indoor-2019","url_meta":{"origin":30453,"position":4},"title":"\ud83c\udde8\ud83c\uddf4 Colombia estar\u00e1 presente en el Campeonato Panamericano de Apnea Indoor CMAS 2019 en Santiago de Chile","author":"Sportalsub.net","date":"25 junio 2019","format":false,"excerpt":"(Sportalsub.net \/ FEDECAS) Colombia participar\u00e1 en el \u00a0VII Campeonato Panamericano de Apnea CMAS a realizarse del 26 al 30 de Junio 2019 en Santiago de Chile con una importante delegaci\u00f3n: Deportistas MATEO RODAS BETANCUR - Club Esturiones \/ Antioquia - Selecci\u00f3n Colombia YINETH LEON HOYOS - Club Barracudas \/ Valle\u2026","rel":"","context":"En \u00abApnea\u00bb","block_context":{"text":"Apnea","link":"https:\/\/www.sportalsub.net\/blog\/category\/modalidades\/apnea\/"},"img":{"alt_text":"","src":"https:\/\/i0.wp.com\/www.sportalsub.net\/blog\/wp-content\/uploads\/2019\/06\/colombia-apnea-indoor-2019.jpg?resize=350%2C200&ssl=1","width":350,"height":200,"srcset":"https:\/\/i0.wp.com\/www.sportalsub.net\/blog\/wp-content\/uploads\/2019\/06\/colombia-apnea-indoor-2019.jpg?resize=350%2C200&ssl=1 1x, https:\/\/i0.wp.com\/www.sportalsub.net\/blog\/wp-content\/uploads\/2019\/06\/colombia-apnea-indoor-2019.jpg?resize=525%2C300&ssl=1 1.5x, https:\/\/i0.wp.com\/www.sportalsub.net\/blog\/wp-content\/uploads\/2019\/06\/colombia-apnea-indoor-2019.jpg?resize=700%2C400&ssl=1 2x"},"classes":[]},{"id":34896,"url":"https:\/\/www.sportalsub.net\/blog\/seleccion-chile-pescasub-2019","url_meta":{"origin":30453,"position":5},"title":"\ud83c\udde8\ud83c\uddf1 Chile publica su Selecci\u00f3n Nacional de Pesca Submarina para el VII Campeonato Panamericano CMAS 2019 en Argentina","author":"Sportalsub.net","date":"5 septiembre 2019","format":false,"excerpt":"(Sportalsub.net \/ FEDESUB \/ CMAS Chile) La Federaci\u00f3n Deportiva Nacional de Actividades Subacu\u00e1ticas y Salvamento Acu\u00e1tico (FEDESUB \/ CMAS Chile) ha publicado el martes 3 de septiembre 2019 su seleccionado nacional de Pesca Submarina, que participar\u00e1 en el VII Campeonato Panamericano de Pesca Submarina masculino a llevarse a cabo del\u2026","rel":"","context":"En \u00abChile\u00bb","block_context":{"text":"Chile","link":"https:\/\/www.sportalsub.net\/blog\/category\/paises\/america\/chile\/"},"img":{"alt_text":"","src":"https:\/\/i0.wp.com\/www.sportalsub.net\/blog\/wp-content\/uploads\/2019\/09\/chile-pescasub-2019.jpg?resize=350%2C200&ssl=1","width":350,"height":200,"srcset":"https:\/\/i0.wp.com\/www.sportalsub.net\/blog\/wp-content\/uploads\/2019\/09\/chile-pescasub-2019.jpg?resize=350%2C200&ssl=1 1x, https:\/\/i0.wp.com\/www.sportalsub.net\/blog\/wp-content\/uploads\/2019\/09\/chile-pescasub-2019.jpg?resize=525%2C300&ssl=1 1.5x, https:\/\/i0.wp.com\/www.sportalsub.net\/blog\/wp-content\/uploads\/2019\/09\/chile-pescasub-2019.jpg?resize=700%2C400&ssl=1 2x"},"classes":[]}],"_links":{"self":[{"href":"https:\/\/www.sportalsub.net\/blog\/wp-json\/wp\/v2\/posts\/30453","targetHints":{"allow":["GET"]}}],"collection":[{"href":"https:\/\/www.sportalsub.net\/blog\/wp-json\/wp\/v2\/posts"}],"about":[{"href":"https:\/\/www.sportalsub.net\/blog\/wp-json\/wp\/v2\/types\/post"}],"author":[{"embeddable":true,"href":"https:\/\/www.sportalsub.net\/blog\/wp-json\/wp\/v2\/users\/1"}],"replies":[{"embeddable":true,"href":"https:\/\/www.sportalsub.net\/blog\/wp-json\/wp\/v2\/comments?post=30453"}],"version-history":[{"count":0,"href":"https:\/\/www.sportalsub.net\/blog\/wp-json\/wp\/v2\/posts\/30453\/revisions"}],"wp:featuredmedia":[{"embeddable":true,"href":"https:\/\/www.sportalsub.net\/blog\/wp-json\/wp\/v2\/media\/30455"}],"wp:attachment":[{"href":"https:\/\/www.sportalsub.net\/blog\/wp-json\/wp\/v2\/media?parent=30453"}],"wp:term":[{"taxonomy":"category","embeddable":true,"href":"https:\/\/www.sportalsub.net\/blog\/wp-json\/wp\/v2\/categories?post=30453"},{"taxonomy":"post_tag","embeddable":true,"href":"https:\/\/www.sportalsub.net\/blog\/wp-json\/wp\/v2\/tags?post=30453"}],"curies":[{"name":"wp","href":"https:\/\/api.w.org\/{rel}","templated":true}]}}