{"id":30755,"date":"2019-05-17T10:31:48","date_gmt":"2019-05-17T14:31:48","guid":{"rendered":"https:\/\/www.sportalsub.net\/blog\/?p=30755"},"modified":"2019-05-17T10:32:54","modified_gmt":"2019-05-17T14:32:54","slug":"fedas-publica-los-equipos-nacionales-junior-y-senior-de-natacion-con-aletas-de-espana-2019","status":"publish","type":"post","link":"https:\/\/www.sportalsub.net\/blog\/equipos-nacionales-de-natacion-con-aletas-de-espana-2019\/","title":{"rendered":"\ud83c\uddea\ud83c\uddf8 FEDAS publica los equipos Nacionales Junior y Senior de Nataci\u00f3n con Aletas de Espa\u00f1a 2019"},"content":{"rendered":"<p><a href=\"https:\/\/www.sportalsub.net\/blog\/wp-content\/uploads\/2019\/05\/spainfinswimming2019.jpg\" target=\"_blank\"><img loading=\"lazy\" decoding=\"async\" class=\"alignnone size-full wp-image-30757\" src=\"https:\/\/www.sportalsub.net\/blog\/wp-content\/uploads\/2019\/05\/spainfinswimming2019.jpg\" alt=\"\" width=\"900\" height=\"552\" srcset=\"https:\/\/www.sportalsub.net\/blog\/wp-content\/uploads\/2019\/05\/spainfinswimming2019.jpg 900w, https:\/\/www.sportalsub.net\/blog\/wp-content\/uploads\/2019\/05\/spainfinswimming2019-300x184.jpg 300w, https:\/\/www.sportalsub.net\/blog\/wp-content\/uploads\/2019\/05\/spainfinswimming2019-768x471.jpg 768w\" sizes=\"auto, (max-width: 900px) 100vw, 900px\" \/><\/a><\/p>\n<p>(Sportalsub.net \/ FEDAS)<\/p>\n<p>El Comit\u00e9 de Nataci\u00f3n con Aletas de la Federaci\u00f3n Espa\u00f1ola de Actividades Subacu\u00e1ticas (FEDAS) ha publicado sus equipos nacionales para los pr\u00f3ximos Campeonatos Internacionales CMAS de esta disciplina<\/p>\n<p><strong>CONVOCATORIA SELECCI\u00d3N ESPA\u00d1OLA SENIOR NATACI\u00d3N CON ALETAS QUE PARTICIPAR\u00c1 EN EL <a href=\"https:\/\/www.sportalsub.net\/blog\/finswimming-ioannina-2019\" target=\"_blank\" rel=\"noopener noreferrer\">CAMPEONATO DE EUROPA EN IOANNINA (GRECIA) DEL 26 DE JUNIO AL 1 DE JULIO 2019<\/a><\/strong><\/p>\n<p>Irati Lacunza Elizalde (Igarondo Urpekoak)<br \/>\nSilvia Barn\u00e9s Corominas (CN L&#8217;Hospitalet)<br \/>\nMar\u00eda Pilar Pino Alamos (CN L&#8217;Hospitalet)<br \/>\nJulia Laug\u00e9 Domenech (CE Mediterrani)<span class=\"text_exposed_show\"><br \/>\nSonia Fargas Mex\u00eda (CE Mediterrani)<br \/>\nAlicia Gonz\u00e1lvez Masegosa (Elche CN)<br \/>\nJos\u00e9 Antonio Alonso T\u00e9llez (Trit\u00f3n EB)<br \/>\nDaniel Lama Garc\u00eda (CADAS)<br \/>\nFernando Garrote Escalante (CN Morelia)<br \/>\nJos\u00e9 Antonio P\u00e9rez Romero (CSS Top-Ten)<br \/>\nLuis L\u00f3pez C\u00e1rcel (CSS Top-Ten)<\/span><\/p>\n<picture><source srcset=\"https:\/\/www.finswimmer.com\/wp-content\/webp-express\/webp-images\/doc-root\/wp-content\/uploads\/2019\/05\/spain-senior.jpg.webp 1022w, https:\/\/www.finswimmer.com\/wp-content\/webp-express\/webp-images\/doc-root\/wp-content\/uploads\/2019\/05\/spain-senior-654x1024.jpg.webp 654w, https:\/\/www.finswimmer.com\/wp-content\/webp-express\/webp-images\/doc-root\/wp-content\/uploads\/2019\/05\/spain-senior-768x1202.jpg.webp 768w\" type=\"image\/webp\" sizes=\"(max-width: 1022px) 100vw, 1022px\" data-srcset=\"https:\/\/www.finswimmer.com\/wp-content\/webp-express\/webp-images\/doc-root\/wp-content\/uploads\/2019\/05\/spain-senior.jpg.webp 1022w, https:\/\/www.finswimmer.com\/wp-content\/webp-express\/webp-images\/doc-root\/wp-content\/uploads\/2019\/05\/spain-senior-654x1024.jpg.webp 654w, https:\/\/www.finswimmer.com\/wp-content\/webp-express\/webp-images\/doc-root\/wp-content\/uploads\/2019\/05\/spain-senior-768x1202.jpg.webp 768w\" \/><img loading=\"lazy\" decoding=\"async\" class=\"alignnone size-full wp-image-20806 webpexpress-processed lazyloaded\" src=\"https:\/\/www.finswimmer.com\/wp-content\/uploads\/2019\/05\/spain-senior.jpg\" sizes=\"auto, (max-width: 1022px) 100vw, 1022px\" srcset=\"https:\/\/www.finswimmer.com\/wp-content\/uploads\/2019\/05\/spain-senior.jpg 1022w, https:\/\/www.finswimmer.com\/wp-content\/uploads\/2019\/05\/spain-senior-654x1024.jpg 654w, https:\/\/www.finswimmer.com\/wp-content\/uploads\/2019\/05\/spain-senior-768x1202.jpg 768w\" alt=\"\" width=\"1022\" height=\"1600\" data-srcset=\"https:\/\/www.finswimmer.com\/wp-content\/uploads\/2019\/05\/spain-senior.jpg 1022w, https:\/\/www.finswimmer.com\/wp-content\/uploads\/2019\/05\/spain-senior-654x1024.jpg 654w, https:\/\/www.finswimmer.com\/wp-content\/uploads\/2019\/05\/spain-senior-768x1202.jpg 768w\" data-src=\"https:\/\/www.finswimmer.com\/wp-content\/uploads\/2019\/05\/spain-senior.jpg\" \/><\/picture>\n<p><strong>CONVOCATORIA SELECCI\u00d3N ESPA\u00d1OLA JUNIOR NATACI\u00d3N CON ALETAS QUE PARTICIPAR\u00c1 EN EL C<a href=\"https:\/\/www.sportalsub.net\/blog\/16th-finswimming-world-junior-championship-2019-egypt\" target=\"_blank\" rel=\"noopener noreferrer\">AMPEONATO DEL MUNDO EN SHARM EL-SHEIKH (EGIPTO) DEL 29 DE JULIO AL 2 DE AGOSTO DE 2019<\/a><\/strong><\/p>\n<p>Naiara \u00cd\u00f1iguez Segui (CSS Top-Ten)<br \/>\nPatricia Andr\u00e9s Lorente (AD San Juan)<br \/>\nAitana Cirauqui Palmero (CN Babel Alicante)<br \/>\nLorena Echeverr\u00eda Romano (CN Tafalla)<span class=\"text_exposed_show\"><br \/>\nOier Irisarri Rodr\u00edguez (AD San Juan)<br \/>\nPol Bay\u00e9s Ezquerro (CE Mediterrani)<br \/>\nAlexander Makoveyev Adamovich (CD I-Mas)<br \/>\nDavid Villafa\u00f1e Gonz\u00e1lez (AD San Juan)<br \/>\nFrancisco Marcet P\u00e9rez (CSS Top-Ten)<\/span><\/p>\n<picture><source srcset=\"https:\/\/www.finswimmer.com\/wp-content\/webp-express\/webp-images\/doc-root\/wp-content\/uploads\/2019\/05\/spain-junior.jpg.webp 1052w, https:\/\/www.finswimmer.com\/wp-content\/webp-express\/webp-images\/doc-root\/wp-content\/uploads\/2019\/05\/spain-junior-673x1024.jpg.webp 673w, https:\/\/www.finswimmer.com\/wp-content\/webp-express\/webp-images\/doc-root\/wp-content\/uploads\/2019\/05\/spain-junior-768x1168.jpg.webp 768w\" type=\"image\/webp\" sizes=\"(max-width: 1052px) 100vw, 1052px\" data-srcset=\"https:\/\/www.finswimmer.com\/wp-content\/webp-express\/webp-images\/doc-root\/wp-content\/uploads\/2019\/05\/spain-junior.jpg.webp 1052w, https:\/\/www.finswimmer.com\/wp-content\/webp-express\/webp-images\/doc-root\/wp-content\/uploads\/2019\/05\/spain-junior-673x1024.jpg.webp 673w, https:\/\/www.finswimmer.com\/wp-content\/webp-express\/webp-images\/doc-root\/wp-content\/uploads\/2019\/05\/spain-junior-768x1168.jpg.webp 768w\" \/><img loading=\"lazy\" decoding=\"async\" class=\"alignnone size-full wp-image-20807 webpexpress-processed lazyloaded\" src=\"https:\/\/www.finswimmer.com\/wp-content\/uploads\/2019\/05\/spain-junior.jpg\" sizes=\"auto, (max-width: 1052px) 100vw, 1052px\" srcset=\"https:\/\/www.finswimmer.com\/wp-content\/uploads\/2019\/05\/spain-junior.jpg 1052w, https:\/\/www.finswimmer.com\/wp-content\/uploads\/2019\/05\/spain-junior-673x1024.jpg 673w, https:\/\/www.finswimmer.com\/wp-content\/uploads\/2019\/05\/spain-junior-768x1168.jpg 768w\" alt=\"\" width=\"1052\" height=\"1600\" data-srcset=\"https:\/\/www.finswimmer.com\/wp-content\/uploads\/2019\/05\/spain-junior.jpg 1052w, https:\/\/www.finswimmer.com\/wp-content\/uploads\/2019\/05\/spain-junior-673x1024.jpg 673w, https:\/\/www.finswimmer.com\/wp-content\/uploads\/2019\/05\/spain-junior-768x1168.jpg 768w\" data-src=\"https:\/\/www.finswimmer.com\/wp-content\/uploads\/2019\/05\/spain-junior.jpg\" \/><\/picture>\n<p>Fuente: <a href=\"https:\/\/www.facebook.com\/groups\/726609060703787\/\" target=\"_blank\" rel=\"noopener noreferrer\" target=\"_blank\">FEDAS<\/a><\/p>\n","protected":false},"excerpt":{"rendered":"<p>(Sportalsub.net \/ FEDAS) El Comit\u00e9 de Nataci\u00f3n con Aletas de la Federaci\u00f3n Espa\u00f1ola de Actividades Subacu\u00e1ticas (FEDAS) ha publicado sus equipos nacionales para los pr\u00f3ximos Campeonatos Internacionales CMAS de esta disciplina CONVOCATORIA SELECCI\u00d3N ESPA\u00d1OLA SENIOR NATACI\u00d3N CON ALETAS QUE PARTICIPAR\u00c1 EN EL CAMPEONATO DE EUROPA EN IOANNINA (GRECIA) DEL 26 DE JUNIO AL 1 DE JULIO 2019 Irati Lacunza Elizalde [&#8230;]<\/p>\n","protected":false},"author":1,"featured_media":30757,"comment_status":"open","ping_status":"closed","sticky":false,"template":"","format":"standard","meta":{"_lmt_disableupdate":"","_lmt_disable":"","jetpack_post_was_ever_published":false,"_jetpack_newsletter_access":"","_jetpack_dont_email_post_to_subs":false,"_jetpack_newsletter_tier_id":0,"_jetpack_memberships_contains_paywalled_content":false,"_jetpack_memberships_contains_paid_content":false,"footnotes":"","jetpack_publicize_message":"","jetpack_publicize_feature_enabled":true,"jetpack_social_post_already_shared":true,"jetpack_social_options":{"image_generator_settings":{"template":"highway","default_image_id":0,"font":"","enabled":false},"version":2}},"categories":[347,10,12],"tags":[],"class_list":["post-30755","post","type-post","status-publish","format-standard","has-post-thumbnail","hentry","category-destacados","category-espana","category-natacion-con-aletas"],"modified_by":"Sportalsub.net","views":3617,"jetpack_publicize_connections":[],"jetpack_featured_media_url":"https:\/\/www.sportalsub.net\/blog\/wp-content\/uploads\/2019\/05\/spainfinswimming2019.jpg","jetpack_sharing_enabled":true,"jetpack_shortlink":"https:\/\/wp.me\/pf9lN-803","jetpack_likes_enabled":false,"jetpack-related-posts":[{"id":30882,"url":"https:\/\/www.sportalsub.net\/blog\/campeonato-espana-nadosub-infantil-2019","url_meta":{"origin":30755,"position":0},"title":"\ud83c\uddea\ud83c\uddf8 Resultados &#8211; XXXIII Campeonato de Espa\u00f1a de Nataci\u00f3n con Aletas Infantil y Cadete. Sant Feliu de Gu\u00edxols 2019","author":"Sportalsub.net","date":"24 junio 2019","format":false,"excerpt":"(Sportalsub.net \/ FEDAS \/ FECDAS \/ Club Aqu\u00e0tic Xaloc) El XXXIII Campeonato de Espa\u00f1a de Nataci\u00f3n con Aletas Infantil y Cadete se llev\u00f3 a cabo los d\u00edas 22 y 23 de junio de 2019 en Sant Feliu de Gu\u00edxols, Girona en Catalunya. El evento fue organizado por el Club Aqu\u00e0tic\u2026","rel":"","context":"En \u00abDestacados\u00bb","block_context":{"text":"Destacados","link":"https:\/\/www.sportalsub.net\/blog\/category\/mas\/destacados\/"},"img":{"alt_text":"","src":"https:\/\/i0.wp.com\/www.sportalsub.net\/blog\/wp-content\/uploads\/2019\/06\/resultados-infantil-espana-2019.jpg?resize=350%2C200&ssl=1","width":350,"height":200,"srcset":"https:\/\/i0.wp.com\/www.sportalsub.net\/blog\/wp-content\/uploads\/2019\/06\/resultados-infantil-espana-2019.jpg?resize=350%2C200&ssl=1 1x, https:\/\/i0.wp.com\/www.sportalsub.net\/blog\/wp-content\/uploads\/2019\/06\/resultados-infantil-espana-2019.jpg?resize=525%2C300&ssl=1 1.5x, https:\/\/i0.wp.com\/www.sportalsub.net\/blog\/wp-content\/uploads\/2019\/06\/resultados-infantil-espana-2019.jpg?resize=700%2C400&ssl=1 2x"},"classes":[]},{"id":31253,"url":"https:\/\/www.sportalsub.net\/blog\/49-campeonato-nadosub-barcelona-espana-2019","url_meta":{"origin":30755,"position":1},"title":"\ud83c\uddea\ud83c\uddf8 Resultados &#8211; XLIX Campeonato de Espa\u00f1a de Nataci\u00f3n con Aletas Junior-Senior. Barcelona, Julio 2019","author":"Sportalsub.net","date":"14 julio 2019","format":false,"excerpt":"\u00a0 (Sportalsub.net \/ FEDAS \/ FECDAS \/ Club Esportiu Mediterrani) Los d\u00edas 13 y 14 de Julio 2019, en las instalaciones del Club Esportiu Mediterrani en Barcelona se llev\u00f3 a cabo el XLIX Campeonato de Espa\u00f1a de Nataci\u00f3n con Aletas Junior-Senior de la Federaci\u00f3n Espa\u00f1ola de Actividades Subacu\u00e1ticas (FEDAS). Resultados\u2026","rel":"","context":"En \u00abDestacados\u00bb","block_context":{"text":"Destacados","link":"https:\/\/www.sportalsub.net\/blog\/category\/mas\/destacados\/"},"img":{"alt_text":"","src":"https:\/\/i0.wp.com\/www.sportalsub.net\/blog\/wp-content\/uploads\/2019\/07\/resultados-fedas-2019.jpg?resize=350%2C200&ssl=1","width":350,"height":200,"srcset":"https:\/\/i0.wp.com\/www.sportalsub.net\/blog\/wp-content\/uploads\/2019\/07\/resultados-fedas-2019.jpg?resize=350%2C200&ssl=1 1x, https:\/\/i0.wp.com\/www.sportalsub.net\/blog\/wp-content\/uploads\/2019\/07\/resultados-fedas-2019.jpg?resize=525%2C300&ssl=1 1.5x, https:\/\/i0.wp.com\/www.sportalsub.net\/blog\/wp-content\/uploads\/2019\/07\/resultados-fedas-2019.jpg?resize=700%2C400&ssl=1 2x"},"classes":[]},{"id":27831,"url":"https:\/\/www.sportalsub.net\/blog\/silvia-medallas-copa-mundo-italia-2018","url_meta":{"origin":30755,"position":2},"title":"\ud83c\uddea\ud83c\uddf8 Silvia Barn\u00e9s de Espa\u00f1a obtiene 2 medallas en Copa Mundo de Nataci\u00f3n con Aletas en Italia","author":"Sportalsub.net","date":"28 marzo 2018","format":false,"excerpt":"Nadadora con Aletas: Silvia Barn\u00e9s. Fot\u00f3grafa: Laura Juste (Sportalsub.net \/ FECDAS \/ CNLH) El pasado fin de semana 24 y 25 de marzo de 2018 se llev\u00f3 a cabo en Lignano Sabbiadoro, Italia la segunda ronda de la XIII Edici\u00f3n de la Copa Mundo de Nataci\u00f3n con Aletas de la\u2026","rel":"","context":"En \u00abDestacados\u00bb","block_context":{"text":"Destacados","link":"https:\/\/www.sportalsub.net\/blog\/category\/mas\/destacados\/"},"img":{"alt_text":"","src":"https:\/\/i0.wp.com\/www.sportalsub.net\/blog\/wp-content\/uploads\/2018\/03\/siliva-al-agua.jpg?resize=350%2C200&ssl=1","width":350,"height":200,"srcset":"https:\/\/i0.wp.com\/www.sportalsub.net\/blog\/wp-content\/uploads\/2018\/03\/siliva-al-agua.jpg?resize=350%2C200&ssl=1 1x, https:\/\/i0.wp.com\/www.sportalsub.net\/blog\/wp-content\/uploads\/2018\/03\/siliva-al-agua.jpg?resize=525%2C300&ssl=1 1.5x, https:\/\/i0.wp.com\/www.sportalsub.net\/blog\/wp-content\/uploads\/2018\/03\/siliva-al-agua.jpg?resize=700%2C400&ssl=1 2x"},"classes":[]},{"id":21091,"url":"https:\/\/www.sportalsub.net\/blog\/junior-senior-aletas-fedas-2015","url_meta":{"origin":30755,"position":3},"title":"\ud83c\uddea\ud83c\uddf8 Resultados XLV Campeonato de Espa\u00f1a Junior y Senior de Nataci\u00f3n con Aletas","author":"Sportalsub.net","date":"13 julio 2015","format":false,"excerpt":"(Sportalsub.net \/ Nataci\u00f3n con Aletas\u00a0FEDAS \/ FECDAS) XLV Campeonato de Espa\u00f1a Junior y Senior de Nataci\u00f3n con Aletas y Velocidad en Inmersi\u00f3n por Clubes. Barcelona, 11 y 12 de julio El Club CADAS de la Federaci\u00f3n Aragonesa obtiene el primer puesto en el Campeonato de Espa\u00f1a Junior-Senior de Nataci\u00f3n con\u2026","rel":"","context":"En \u00abEspa\u00f1a\u00bb","block_context":{"text":"Espa\u00f1a","link":"https:\/\/www.sportalsub.net\/blog\/category\/paises\/europa\/espana\/"},"img":{"alt_text":"","src":"https:\/\/i0.wp.com\/www.sportalsub.net\/blog\/wp-content\/uploads\/2015\/07\/clubcadas.jpg?resize=350%2C200&ssl=1","width":350,"height":200,"srcset":"https:\/\/i0.wp.com\/www.sportalsub.net\/blog\/wp-content\/uploads\/2015\/07\/clubcadas.jpg?resize=350%2C200&ssl=1 1x, https:\/\/i0.wp.com\/www.sportalsub.net\/blog\/wp-content\/uploads\/2015\/07\/clubcadas.jpg?resize=525%2C300&ssl=1 1.5x, https:\/\/i0.wp.com\/www.sportalsub.net\/blog\/wp-content\/uploads\/2015\/07\/clubcadas.jpg?resize=700%2C400&ssl=1 2x"},"classes":[]},{"id":23932,"url":"https:\/\/www.sportalsub.net\/blog\/selecciones-natacion-con-aletas-espana-2016","url_meta":{"origin":30755,"position":4},"title":"\ud83c\uddea\ud83c\uddf8 Espa\u00f1a da a conocer a sus Selecciones Nacionales de Nataci\u00f3n con Aletas a los Campeonatos Mundiales 2016","author":"Sportalsub.net","date":"15 abril 2016","format":false,"excerpt":"(Sportalsub.net \/ Nataci\u00f3n con Aletas FEDAS) La entrenadora Mireia Ferrandiz, Seleccionadora Nacional de Nataci\u00f3n con Aletas de la la Federaci\u00f3n Espa\u00f1ola de Actividades Subacu\u00e1ticas (FEDAS)\u00a0 ha dado a conocer los listados de atletas y t\u00e9cnicos seleccionados para representar a Espa\u00f1a en los Campeonatos Mundiales Senior y Junior,\u00a0a realizarse en los\u2026","rel":"","context":"En \u00abEspa\u00f1a\u00bb","block_context":{"text":"Espa\u00f1a","link":"https:\/\/www.sportalsub.net\/blog\/category\/paises\/europa\/espana\/"},"img":{"alt_text":"","src":"https:\/\/i0.wp.com\/www.sportalsub.net\/blog\/wp-content\/uploads\/2016\/04\/natacion-aletas-esp.jpg?resize=350%2C200&ssl=1","width":350,"height":200,"srcset":"https:\/\/i0.wp.com\/www.sportalsub.net\/blog\/wp-content\/uploads\/2016\/04\/natacion-aletas-esp.jpg?resize=350%2C200&ssl=1 1x, https:\/\/i0.wp.com\/www.sportalsub.net\/blog\/wp-content\/uploads\/2016\/04\/natacion-aletas-esp.jpg?resize=525%2C300&ssl=1 1.5x, https:\/\/i0.wp.com\/www.sportalsub.net\/blog\/wp-content\/uploads\/2016\/04\/natacion-aletas-esp.jpg?resize=700%2C400&ssl=1 2x, https:\/\/i0.wp.com\/www.sportalsub.net\/blog\/wp-content\/uploads\/2016\/04\/natacion-aletas-esp.jpg?resize=1050%2C600&ssl=1 3x"},"classes":[]},{"id":45638,"url":"https:\/\/www.sportalsub.net\/blog\/seleccion-espanola-junior-de-natacion-con-aletas-presente-en-el-mundial-cmas-2021-en-italia\/","url_meta":{"origin":30755,"position":5},"title":"\ud83c\uddea\ud83c\uddf8 Selecci\u00f3n Espa\u00f1ola Junior de Nataci\u00f3n con Aletas presente en el Mundial CMAS 2021 en Italia","author":"Sportalsub.net","date":"13 junio 2021","format":false,"excerpt":"La Selecci\u00f3n espa\u00f1ola Junior de Nataci\u00f3n con Aletas de la Federaci\u00f3n Espa\u00f1ola de Actividades Subacu\u00e1ticas presente en Lignano Sabbiadoro, Italia en el Mundial CMAS 2021 de la categor\u00eda, a realizarse del 13 al 19 de Junio. Integrantes de la Selecci\u00f3n Unax GUERRERO GIL 04 AD SAN JUAN NAVARRA Izan D\u00cdAZ\u2026","rel":"","context":"En \u00abEspa\u00f1a\u00bb","block_context":{"text":"Espa\u00f1a","link":"https:\/\/www.sportalsub.net\/blog\/category\/paises\/europa\/espana\/"},"img":{"alt_text":"","src":"https:\/\/i0.wp.com\/www.sportalsub.net\/blog\/wp-content\/uploads\/2021\/06\/espanajuvenil2021.jpg?resize=350%2C200&ssl=1","width":350,"height":200,"srcset":"https:\/\/i0.wp.com\/www.sportalsub.net\/blog\/wp-content\/uploads\/2021\/06\/espanajuvenil2021.jpg?resize=350%2C200&ssl=1 1x, https:\/\/i0.wp.com\/www.sportalsub.net\/blog\/wp-content\/uploads\/2021\/06\/espanajuvenil2021.jpg?resize=525%2C300&ssl=1 1.5x, https:\/\/i0.wp.com\/www.sportalsub.net\/blog\/wp-content\/uploads\/2021\/06\/espanajuvenil2021.jpg?resize=700%2C400&ssl=1 2x"},"classes":[]}],"_links":{"self":[{"href":"https:\/\/www.sportalsub.net\/blog\/wp-json\/wp\/v2\/posts\/30755","targetHints":{"allow":["GET"]}}],"collection":[{"href":"https:\/\/www.sportalsub.net\/blog\/wp-json\/wp\/v2\/posts"}],"about":[{"href":"https:\/\/www.sportalsub.net\/blog\/wp-json\/wp\/v2\/types\/post"}],"author":[{"embeddable":true,"href":"https:\/\/www.sportalsub.net\/blog\/wp-json\/wp\/v2\/users\/1"}],"replies":[{"embeddable":true,"href":"https:\/\/www.sportalsub.net\/blog\/wp-json\/wp\/v2\/comments?post=30755"}],"version-history":[{"count":0,"href":"https:\/\/www.sportalsub.net\/blog\/wp-json\/wp\/v2\/posts\/30755\/revisions"}],"wp:featuredmedia":[{"embeddable":true,"href":"https:\/\/www.sportalsub.net\/blog\/wp-json\/wp\/v2\/media\/30757"}],"wp:attachment":[{"href":"https:\/\/www.sportalsub.net\/blog\/wp-json\/wp\/v2\/media?parent=30755"}],"wp:term":[{"taxonomy":"category","embeddable":true,"href":"https:\/\/www.sportalsub.net\/blog\/wp-json\/wp\/v2\/categories?post=30755"},{"taxonomy":"post_tag","embeddable":true,"href":"https:\/\/www.sportalsub.net\/blog\/wp-json\/wp\/v2\/tags?post=30755"}],"curies":[{"name":"wp","href":"https:\/\/api.w.org\/{rel}","templated":true}]}}