{"id":31072,"date":"2019-06-24T14:22:04","date_gmt":"2019-06-24T18:22:04","guid":{"rendered":"https:\/\/www.sportalsub.net\/blog\/?p=31072"},"modified":"2019-06-30T20:33:20","modified_gmt":"2019-07-01T00:33:20","slug":"%f0%9f%87%b2%f0%9f%87%bd-mexico-tambien-estara-en-el-campeonato-panamericano-cmas-de-apnea-indoor-2019-en-santiago-de-chile","status":"publish","type":"post","link":"https:\/\/www.sportalsub.net\/blog\/seleccion-apnea-mexico-panamericano-chile-2019","title":{"rendered":"\ud83c\uddf2\ud83c\uddfd M\u00e9xico tambi\u00e9n estar\u00e1 en el Campeonato Panamericano CMAS de Apnea Indoor 2019 en Santiago de Chile"},"content":{"rendered":"<p><img loading=\"lazy\" decoding=\"async\" class=\"alignnone size-full wp-image-31075\" src=\"https:\/\/www.sportalsub.net\/blog\/wp-content\/uploads\/2019\/06\/apnea-mexico.jpg\" alt=\"\" width=\"900\" height=\"600\" srcset=\"https:\/\/www.sportalsub.net\/blog\/wp-content\/uploads\/2019\/06\/apnea-mexico.jpg 900w, https:\/\/www.sportalsub.net\/blog\/wp-content\/uploads\/2019\/06\/apnea-mexico-300x200.jpg 300w, https:\/\/www.sportalsub.net\/blog\/wp-content\/uploads\/2019\/06\/apnea-mexico-768x512.jpg 768w, https:\/\/www.sportalsub.net\/blog\/wp-content\/uploads\/2019\/06\/apnea-mexico-177x118.jpg 177w\" sizes=\"auto, (max-width: 900px) 100vw, 900px\" \/><\/p>\n<p>(Sportalsub.net \/ FMAS)<\/p>\n<p>La Federaci\u00f3n Mexicana de Actividades Subacu\u00e1ticas (FMAS) tambi\u00e9n ha confirmado su participaci\u00f3n en el \u00a0<a href=\"https:\/\/www.sportalsub.net\/blog\/panamericano-cmas-apnea-chile-2019\"><strong>VII Campeonato Panamericano de Apnea CMAS<\/strong><\/a>\u00a0a realizarse del 26 al 30 de Junio 2019 en Santiago de Chile.<\/p>\n<p>El seleccionado mexicano estar\u00e1 compuesto por los siguientes deportistas:<\/p>\n<p>Luisa Daniela Fortuna<br \/>\nLuz G. Viveras Gomez<br \/>\nPriscila D. Martinez<br \/>\nBetzabe Sandale Flores<br \/>\nFrida Ruiz Lemus<br \/>\nKarina Barrera Rodriguez<br \/>\nPatricia Paredes Villarreal<br \/>\nErick Ivan Valle Lopez<br \/>\n<span id=\"fb-timeline-cover-name\" class=\"_2t_q\" data-testid=\"profile_name_in_profile_page\">Oscar Santiesteban<\/span><\/p>\n<p>La informaci\u00f3n ha sido confirmada por Juan Manuel G\u00f3mez, Presidente de la Federaci\u00f3n Mexicana, pa\u00eds que alberg\u00f3 las ediciones 2014 y 2017 del Campeonato Panamericano de Apnea CMAS.<\/p>\n","protected":false},"excerpt":{"rendered":"<p>(Sportalsub.net \/ FMAS) La Federaci\u00f3n Mexicana de Actividades Subacu\u00e1ticas (FMAS) tambi\u00e9n ha confirmado su participaci\u00f3n en el \u00a0VII Campeonato Panamericano de Apnea CMAS\u00a0a realizarse del 26 al 30 de Junio 2019 en Santiago de Chile. El seleccionado mexicano estar\u00e1 compuesto por los siguientes deportistas: Luisa Daniela Fortuna Luz G. Viveras Gomez Priscila D. Martinez Betzabe Sandale Flores Frida Ruiz Lemus [&#8230;]<\/p>\n","protected":false},"author":1,"featured_media":31075,"comment_status":"open","ping_status":"closed","sticky":false,"template":"","format":"standard","meta":{"_lmt_disableupdate":"","_lmt_disable":"","jetpack_post_was_ever_published":false,"_jetpack_newsletter_access":"","_jetpack_dont_email_post_to_subs":false,"_jetpack_newsletter_tier_id":0,"_jetpack_memberships_contains_paywalled_content":false,"_jetpack_memberships_contains_paid_content":false,"footnotes":"","jetpack_publicize_message":"","jetpack_publicize_feature_enabled":true,"jetpack_social_post_already_shared":true,"jetpack_social_options":{"image_generator_settings":{"template":"highway","default_image_id":0,"font":"","enabled":false},"version":2}},"categories":[9,98],"tags":[434],"class_list":["post-31072","post","type-post","status-publish","format-standard","has-post-thumbnail","hentry","category-apnea","category-mexico","tag-panamericano-apnea-cmas-2019"],"modified_by":"Sportalsub.net","views":3246,"jetpack_publicize_connections":[],"jetpack_featured_media_url":"https:\/\/www.sportalsub.net\/blog\/wp-content\/uploads\/2019\/06\/apnea-mexico.jpg","jetpack_sharing_enabled":true,"jetpack_shortlink":"https:\/\/wp.me\/pf9lN-85a","jetpack_likes_enabled":false,"jetpack-related-posts":[{"id":31049,"url":"https:\/\/www.sportalsub.net\/blog\/seleccion-de-apnea-ecuador-panamericano-cmas-indoor-chile-2019","url_meta":{"origin":31072,"position":0},"title":"\ud83c\uddea\ud83c\udde8 Ecuador anuncia su Selecci\u00f3n de Apnea para el Campeonato Panamericano CMAS Indoor Chile 2019","author":"Sportalsub.net","date":"21 junio 2019","format":false,"excerpt":"(Sportalsub.net \/ FEDASUB) La Federaci\u00f3n Ecuatoriana de Buceo y Actividades Subacu\u00e1ticas (FEDASUB) confirma su participaci\u00f3n en el \u00a0VII Campeonato Panamericano de Apnea CMAS\u00a0a realizarse del 26 al 30 de Junio 2019 en Santiago de Chile. El seleccionado ecuatoriano estar\u00e1 compuesto por: Deportistas: Juan Roldan Fabi\u00e1n Mora Arianna Garc\u00eda Annette Birkett\u2026","rel":"","context":"En \u00abApnea\u00bb","block_context":{"text":"Apnea","link":"https:\/\/www.sportalsub.net\/blog\/category\/modalidades\/apnea\/"},"img":{"alt_text":"","src":"https:\/\/i0.wp.com\/www.sportalsub.net\/blog\/wp-content\/uploads\/2019\/06\/ecuadorapnea1.jpg?resize=350%2C200&ssl=1","width":350,"height":200,"srcset":"https:\/\/i0.wp.com\/www.sportalsub.net\/blog\/wp-content\/uploads\/2019\/06\/ecuadorapnea1.jpg?resize=350%2C200&ssl=1 1x, https:\/\/i0.wp.com\/www.sportalsub.net\/blog\/wp-content\/uploads\/2019\/06\/ecuadorapnea1.jpg?resize=525%2C300&ssl=1 1.5x, https:\/\/i0.wp.com\/www.sportalsub.net\/blog\/wp-content\/uploads\/2019\/06\/ecuadorapnea1.jpg?resize=700%2C400&ssl=1 2x, https:\/\/i0.wp.com\/www.sportalsub.net\/blog\/wp-content\/uploads\/2019\/06\/ecuadorapnea1.jpg?resize=1050%2C600&ssl=1 3x"},"classes":[]},{"id":31091,"url":"https:\/\/www.sportalsub.net\/blog\/colombia-panamericano--apnea-indoor-2019","url_meta":{"origin":31072,"position":1},"title":"\ud83c\udde8\ud83c\uddf4 Colombia estar\u00e1 presente en el Campeonato Panamericano de Apnea Indoor CMAS 2019 en Santiago de Chile","author":"Sportalsub.net","date":"25 junio 2019","format":false,"excerpt":"(Sportalsub.net \/ FEDECAS) Colombia participar\u00e1 en el \u00a0VII Campeonato Panamericano de Apnea CMAS a realizarse del 26 al 30 de Junio 2019 en Santiago de Chile con una importante delegaci\u00f3n: Deportistas MATEO RODAS BETANCUR - Club Esturiones \/ Antioquia - Selecci\u00f3n Colombia YINETH LEON HOYOS - Club Barracudas \/ Valle\u2026","rel":"","context":"En \u00abApnea\u00bb","block_context":{"text":"Apnea","link":"https:\/\/www.sportalsub.net\/blog\/category\/modalidades\/apnea\/"},"img":{"alt_text":"","src":"https:\/\/i0.wp.com\/www.sportalsub.net\/blog\/wp-content\/uploads\/2019\/06\/colombia-apnea-indoor-2019.jpg?resize=350%2C200&ssl=1","width":350,"height":200,"srcset":"https:\/\/i0.wp.com\/www.sportalsub.net\/blog\/wp-content\/uploads\/2019\/06\/colombia-apnea-indoor-2019.jpg?resize=350%2C200&ssl=1 1x, https:\/\/i0.wp.com\/www.sportalsub.net\/blog\/wp-content\/uploads\/2019\/06\/colombia-apnea-indoor-2019.jpg?resize=525%2C300&ssl=1 1.5x, https:\/\/i0.wp.com\/www.sportalsub.net\/blog\/wp-content\/uploads\/2019\/06\/colombia-apnea-indoor-2019.jpg?resize=700%2C400&ssl=1 2x"},"classes":[]},{"id":30453,"url":"https:\/\/www.sportalsub.net\/blog\/seleccion-apnea-indoor-chile-2019","url_meta":{"origin":31072,"position":2},"title":"\ud83c\udde8\ud83c\uddf1 Chile publica su Selecci\u00f3n Nacional de Apnea para el Campeonato Panamericano CMAS Indoor 2019 en Santiago","author":"Sportalsub.net","date":"12 junio 2019","format":false,"excerpt":"(Sportalsub.net \/ FEDESUB \/ CMAS Chile) La Federaci\u00f3n Deportiva Nacional de Actividades Subacu\u00e1ticas y Salvamento Acu\u00e1tico (FEDESUB \/ CMAS Chile) ha publicado el jueves 11 de abril 2019 su seleccionado nacional de apnea, que participar\u00e1 en el VII Campeonato Panamericano Indoor a realizarse en Santiago, a finales de junio de\u2026","rel":"","context":"En \u00abApnea\u00bb","block_context":{"text":"Apnea","link":"https:\/\/www.sportalsub.net\/blog\/category\/modalidades\/apnea\/"},"img":{"alt_text":"","src":"https:\/\/i0.wp.com\/www.sportalsub.net\/blog\/wp-content\/uploads\/2019\/04\/seleccionapneachile.jpg?resize=350%2C200&ssl=1","width":350,"height":200,"srcset":"https:\/\/i0.wp.com\/www.sportalsub.net\/blog\/wp-content\/uploads\/2019\/04\/seleccionapneachile.jpg?resize=350%2C200&ssl=1 1x, https:\/\/i0.wp.com\/www.sportalsub.net\/blog\/wp-content\/uploads\/2019\/04\/seleccionapneachile.jpg?resize=525%2C300&ssl=1 1.5x, https:\/\/i0.wp.com\/www.sportalsub.net\/blog\/wp-content\/uploads\/2019\/04\/seleccionapneachile.jpg?resize=700%2C400&ssl=1 2x"},"classes":[]},{"id":30842,"url":"https:\/\/www.sportalsub.net\/blog\/equipo-argentina-de-apnea-indoor-faas-2019\/","url_meta":{"origin":31072,"position":3},"title":"\ud83c\udde6\ud83c\uddf7 Equipo Argentino de Apnea Indoor FAAS estar\u00e1 presente en el Panamericano CMAS 2019 en Chile","author":"Sportalsub.net","date":"3 junio 2019","format":false,"excerpt":"(Sportalsub.net \/ FAAS) La Federaci\u00f3n Argentina de Actividades Subacu\u00e1ticas (FAAS) ha publicado su Equipo Nacional de Apnea Indoor que participar\u00e1 en el VII Campeonato Panamericano de Apnea CMAS a realizarse del 26 al 30 de Junio 2019 en Santiago de Chile. El equipo Argentino est\u00e1 integrado por: Competidores: Ludmila Brzozowski\u2026","rel":"","context":"En \u00abApnea\u00bb","block_context":{"text":"Apnea","link":"https:\/\/www.sportalsub.net\/blog\/category\/modalidades\/apnea\/"},"img":{"alt_text":"","src":"https:\/\/i0.wp.com\/www.sportalsub.net\/blog\/wp-content\/uploads\/2019\/06\/argentinaindoorapnea2019.jpg?resize=350%2C200&ssl=1","width":350,"height":200,"srcset":"https:\/\/i0.wp.com\/www.sportalsub.net\/blog\/wp-content\/uploads\/2019\/06\/argentinaindoorapnea2019.jpg?resize=350%2C200&ssl=1 1x, https:\/\/i0.wp.com\/www.sportalsub.net\/blog\/wp-content\/uploads\/2019\/06\/argentinaindoorapnea2019.jpg?resize=525%2C300&ssl=1 1.5x, https:\/\/i0.wp.com\/www.sportalsub.net\/blog\/wp-content\/uploads\/2019\/06\/argentinaindoorapnea2019.jpg?resize=700%2C400&ssl=1 2x"},"classes":[]},{"id":30762,"url":"https:\/\/www.sportalsub.net\/blog\/seleccion-apnea-venezuela-indoor-2019","url_meta":{"origin":31072,"position":4},"title":"\ud83c\uddfb\ud83c\uddea FVAS confirma que la Selecci\u00f3n Nacional de Venezuela no asistir\u00e1 al Campeonato Panamericano CMAS de Apnea Indoor 2019 en Santiago de Chile","author":"Sportalsub.net","date":"26 junio 2019","format":false,"excerpt":"(Sportalsub.net \/ FVAS) Luego de que desde la Federaci\u00f3n Venezolana de Actividades Subacu\u00e1ticas (FVAS) se publicara el pasado mi\u00e9rcoles 15 de mayo 2019 el seleccionado nacional de apnea, que participar\u00eda en el VII Campeonato Panamericano CMAS de Apnea Indoor a realizarse en Santiago de Chile, a finales de junio de\u2026","rel":"","context":"En \u00abApnea\u00bb","block_context":{"text":"Apnea","link":"https:\/\/www.sportalsub.net\/blog\/category\/modalidades\/apnea\/"},"img":{"alt_text":"","src":"https:\/\/i0.wp.com\/www.sportalsub.net\/blog\/wp-content\/uploads\/2019\/05\/seleccion-denegado.jpg?resize=350%2C200&ssl=1","width":350,"height":200,"srcset":"https:\/\/i0.wp.com\/www.sportalsub.net\/blog\/wp-content\/uploads\/2019\/05\/seleccion-denegado.jpg?resize=350%2C200&ssl=1 1x, https:\/\/i0.wp.com\/www.sportalsub.net\/blog\/wp-content\/uploads\/2019\/05\/seleccion-denegado.jpg?resize=525%2C300&ssl=1 1.5x, https:\/\/i0.wp.com\/www.sportalsub.net\/blog\/wp-content\/uploads\/2019\/05\/seleccion-denegado.jpg?resize=700%2C400&ssl=1 2x"},"classes":[]},{"id":31188,"url":"https:\/\/www.sportalsub.net\/blog\/historico-panamericanos-apnea-cmas-america","url_meta":{"origin":31072,"position":5},"title":"\ud83c\udf0e Hist\u00f3rico de los Campeonatos Panamericanos de Apnea CMAS Zona Am\u00e9rica","author":"Sportalsub.net","date":"2 julio 2019","format":false,"excerpt":"(Sportalsub.net \/ CMAS Zona Am\u00e9rica) Luego de finalizado el VII Campeonato Panamericano CMAS de Apnea Indoor realizado en Santiago de Chile del 26 al 30 de junio 2019, as\u00ed ha sido la participaci\u00f3n hist\u00f3rica en estos Campeonatos organizados con el aval de la Confederaci\u00f3n Mundial de Actividades Subacu\u00e1ticas Zona Am\u00e9rica\u2026","rel":"","context":"En \u00abApnea\u00bb","block_context":{"text":"Apnea","link":"https:\/\/www.sportalsub.net\/blog\/category\/modalidades\/apnea\/"},"img":{"alt_text":"","src":"https:\/\/i0.wp.com\/www.sportalsub.net\/blog\/wp-content\/uploads\/2019\/07\/historico-apnea-cmas-americca.jpg?resize=350%2C200&ssl=1","width":350,"height":200,"srcset":"https:\/\/i0.wp.com\/www.sportalsub.net\/blog\/wp-content\/uploads\/2019\/07\/historico-apnea-cmas-americca.jpg?resize=350%2C200&ssl=1 1x, https:\/\/i0.wp.com\/www.sportalsub.net\/blog\/wp-content\/uploads\/2019\/07\/historico-apnea-cmas-americca.jpg?resize=525%2C300&ssl=1 1.5x, https:\/\/i0.wp.com\/www.sportalsub.net\/blog\/wp-content\/uploads\/2019\/07\/historico-apnea-cmas-americca.jpg?resize=700%2C400&ssl=1 2x"},"classes":[]}],"_links":{"self":[{"href":"https:\/\/www.sportalsub.net\/blog\/wp-json\/wp\/v2\/posts\/31072","targetHints":{"allow":["GET"]}}],"collection":[{"href":"https:\/\/www.sportalsub.net\/blog\/wp-json\/wp\/v2\/posts"}],"about":[{"href":"https:\/\/www.sportalsub.net\/blog\/wp-json\/wp\/v2\/types\/post"}],"author":[{"embeddable":true,"href":"https:\/\/www.sportalsub.net\/blog\/wp-json\/wp\/v2\/users\/1"}],"replies":[{"embeddable":true,"href":"https:\/\/www.sportalsub.net\/blog\/wp-json\/wp\/v2\/comments?post=31072"}],"version-history":[{"count":0,"href":"https:\/\/www.sportalsub.net\/blog\/wp-json\/wp\/v2\/posts\/31072\/revisions"}],"wp:featuredmedia":[{"embeddable":true,"href":"https:\/\/www.sportalsub.net\/blog\/wp-json\/wp\/v2\/media\/31075"}],"wp:attachment":[{"href":"https:\/\/www.sportalsub.net\/blog\/wp-json\/wp\/v2\/media?parent=31072"}],"wp:term":[{"taxonomy":"category","embeddable":true,"href":"https:\/\/www.sportalsub.net\/blog\/wp-json\/wp\/v2\/categories?post=31072"},{"taxonomy":"post_tag","embeddable":true,"href":"https:\/\/www.sportalsub.net\/blog\/wp-json\/wp\/v2\/tags?post=31072"}],"curies":[{"name":"wp","href":"https:\/\/api.w.org\/{rel}","templated":true}]}}