{"id":31091,"date":"2019-06-25T10:11:30","date_gmt":"2019-06-25T14:11:30","guid":{"rendered":"https:\/\/www.sportalsub.net\/blog\/?p=31091"},"modified":"2019-06-30T20:33:14","modified_gmt":"2019-07-01T00:33:14","slug":"%f0%9f%87%a8%f0%9f%87%b4-colombia-estara-presente-en-el-campeonato-panamericano-de-apnea-indoor-cmas-2019-en-santiago-de-chile","status":"publish","type":"post","link":"https:\/\/www.sportalsub.net\/blog\/colombia-panamericano--apnea-indoor-2019","title":{"rendered":"\ud83c\udde8\ud83c\uddf4 Colombia estar\u00e1 presente en el Campeonato Panamericano de Apnea Indoor CMAS 2019 en Santiago de Chile"},"content":{"rendered":"<p><img loading=\"lazy\" decoding=\"async\" class=\"alignnone size-full wp-image-31093\" src=\"https:\/\/www.sportalsub.net\/blog\/wp-content\/uploads\/2019\/06\/colombia-apnea-indoor-2019.jpg\" alt=\"\" width=\"900\" height=\"600\" srcset=\"https:\/\/www.sportalsub.net\/blog\/wp-content\/uploads\/2019\/06\/colombia-apnea-indoor-2019.jpg 900w, https:\/\/www.sportalsub.net\/blog\/wp-content\/uploads\/2019\/06\/colombia-apnea-indoor-2019-300x200.jpg 300w, https:\/\/www.sportalsub.net\/blog\/wp-content\/uploads\/2019\/06\/colombia-apnea-indoor-2019-768x512.jpg 768w, https:\/\/www.sportalsub.net\/blog\/wp-content\/uploads\/2019\/06\/colombia-apnea-indoor-2019-177x118.jpg 177w\" sizes=\"auto, (max-width: 900px) 100vw, 900px\" \/><\/p>\n<p>(Sportalsub.net \/ FEDECAS)<\/p>\n<p>Colombia participar\u00e1 en el \u00a0<a href=\"https:\/\/www.sportalsub.net\/blog\/panamericano-cmas-apnea-chile-2019\"><strong>VII Campeonato Panamericano de Apnea CMAS<\/strong><\/a> a realizarse del 26 al 30 de Junio 2019 en Santiago de Chile con una importante delegaci\u00f3n:<\/p>\n<p><strong>Deportistas<\/strong><br \/>\nMATEO RODAS BETANCUR &#8211; Club Esturiones \/ Antioquia &#8211; Selecci\u00f3n Colombia<br \/>\nYINETH LEON HOYOS &#8211; Club Barracudas \/ Valle<br \/>\nJUAN DAVID DUQUE JIMENEZ &#8211; Club Barracudas \/ Valle<br \/>\nOSWALDO ROLDAN MARTINEZ &#8211; Club Barracudas \/ Valle<br \/>\nDIANA LORENA OTALORA RODRIGUEZ &#8211; Club Trydente \/ Valle<br \/>\nJORGE ERNAN PALACIO POSADA &#8211; Club Trydente \/ Valle<\/p>\n<p><strong>Delegado<\/strong><br \/>\nCARLOS ADOLFO ARCE ARIAS.<\/p>\n<p><strong>Juez<\/strong><br \/>\nISABEL JULIANA JARAMILLO COLORADO.<\/p>\n<p>La informaci\u00f3n ha sido confirmada por Walter Rold\u00e1n, Secretario de la Federaci\u00f3n Colombiana de Actividades Subacu\u00e1ticas (FEDECAS). Colombia logr\u00f3 el primer lugar en el VI Campeonato Panamericano realizado en Veracruz, M\u00e9xico en el a\u00f1o 2017<\/p>\n<p><img loading=\"lazy\" decoding=\"async\" class=\"alignnone size-full wp-image-31098\" src=\"https:\/\/www.sportalsub.net\/blog\/wp-content\/uploads\/2019\/06\/seleccionapneacolombia.jpg\" alt=\"\" width=\"1332\" height=\"789\" srcset=\"https:\/\/www.sportalsub.net\/blog\/wp-content\/uploads\/2019\/06\/seleccionapneacolombia.jpg 1332w, https:\/\/www.sportalsub.net\/blog\/wp-content\/uploads\/2019\/06\/seleccionapneacolombia-300x178.jpg 300w, https:\/\/www.sportalsub.net\/blog\/wp-content\/uploads\/2019\/06\/seleccionapneacolombia-768x455.jpg 768w, https:\/\/www.sportalsub.net\/blog\/wp-content\/uploads\/2019\/06\/seleccionapneacolombia-1024x607.jpg 1024w\" sizes=\"auto, (max-width: 1332px) 100vw, 1332px\" \/><\/p>\n","protected":false},"excerpt":{"rendered":"<p>(Sportalsub.net \/ FEDECAS) Colombia participar\u00e1 en el \u00a0VII Campeonato Panamericano de Apnea CMAS a realizarse del 26 al 30 de Junio 2019 en Santiago de Chile con una importante delegaci\u00f3n: Deportistas MATEO RODAS BETANCUR &#8211; Club Esturiones \/ Antioquia &#8211; Selecci\u00f3n Colombia YINETH LEON HOYOS &#8211; Club Barracudas \/ Valle JUAN DAVID DUQUE JIMENEZ &#8211; Club Barracudas \/ Valle OSWALDO [&#8230;]<\/p>\n","protected":false},"author":1,"featured_media":31093,"comment_status":"open","ping_status":"closed","sticky":false,"template":"","format":"standard","meta":{"_lmt_disableupdate":"","_lmt_disable":"","jetpack_post_was_ever_published":false,"_jetpack_newsletter_access":"","_jetpack_dont_email_post_to_subs":false,"_jetpack_newsletter_tier_id":0,"_jetpack_memberships_contains_paywalled_content":false,"_jetpack_memberships_contains_paid_content":false,"footnotes":"","jetpack_publicize_message":"","jetpack_publicize_feature_enabled":true,"jetpack_social_post_already_shared":true,"jetpack_social_options":{"image_generator_settings":{"template":"highway","default_image_id":0,"font":"","enabled":false},"version":2}},"categories":[9,3],"tags":[434],"class_list":["post-31091","post","type-post","status-publish","format-standard","has-post-thumbnail","hentry","category-apnea","category-colombia","tag-panamericano-apnea-cmas-2019"],"modified_by":"Sportalsub.net","views":3948,"jetpack_publicize_connections":[],"jetpack_featured_media_url":"https:\/\/www.sportalsub.net\/blog\/wp-content\/uploads\/2019\/06\/colombia-apnea-indoor-2019.jpg","jetpack_sharing_enabled":true,"jetpack_shortlink":"https:\/\/wp.me\/pf9lN-85t","jetpack_likes_enabled":false,"jetpack-related-posts":[{"id":38719,"url":"https:\/\/www.sportalsub.net\/blog\/i-abierto-apnea-fedecas-2020-colombia","url_meta":{"origin":31091,"position":0},"title":"\ud83c\udde8\ud83c\uddf4 Resultados &#8211; I Abierto Nacional Interclubes de Apnea Indoor FEDECAS 2020. Cali, Colombia","author":"Sportalsub.net","date":"9 marzo 2020","format":false,"excerpt":"(Sportalsub.net \/ FEDECAS) La Federaci\u00f3n Colombiana de Actividades Subacu\u00e1ticas FEDECAS, llev\u00f3 a cabo el \u201cI Abierto Nacional Interclubes de Apnea Indoor Categor\u00edas \u201cA\u201d, \u201cB\u201d y Novatos, realizado en la ciudad de Santiago de Cali, del 6 al 8 de marzo de 2020. Primer Clasificatorio al Campeonato Mundial de Apnea INDOOR\u2026","rel":"","context":"En \u00abApnea\u00bb","block_context":{"text":"Apnea","link":"https:\/\/www.sportalsub.net\/blog\/category\/modalidades\/apnea\/"},"img":{"alt_text":"","src":"https:\/\/i0.wp.com\/www.sportalsub.net\/blog\/wp-content\/uploads\/2020\/02\/apneacolombiafeat.jpg?resize=350%2C200&ssl=1","width":350,"height":200,"srcset":"https:\/\/i0.wp.com\/www.sportalsub.net\/blog\/wp-content\/uploads\/2020\/02\/apneacolombiafeat.jpg?resize=350%2C200&ssl=1 1x, https:\/\/i0.wp.com\/www.sportalsub.net\/blog\/wp-content\/uploads\/2020\/02\/apneacolombiafeat.jpg?resize=525%2C300&ssl=1 1.5x, https:\/\/i0.wp.com\/www.sportalsub.net\/blog\/wp-content\/uploads\/2020\/02\/apneacolombiafeat.jpg?resize=700%2C400&ssl=1 2x"},"classes":[]},{"id":30445,"url":"https:\/\/www.sportalsub.net\/blog\/apnea-cali-2019","url_meta":{"origin":31091,"position":1},"title":"\ud83c\udde8\ud83c\uddf4 II Campeonato Nacional Interclubes de Apnea Indoor 2019 FEDECAS &#8211; Cali, Colombia","author":"Sportalsub.net","date":"12 abril 2019","format":false,"excerpt":"(Sportalsub.net \/ FEDECAS) Despu\u00e9s de la realizaci\u00f3n del 1er Campeonato Clasificatorio llevado a cabo en Febrero en Medell\u00edn, La Federaci\u00f3n Colombiana de Actividades Subacu\u00e1ticas FEDECAS, convoca al \u201cII Campeonato Nacional Interclubes de Apnea Indoor Categor\u00edas \u201cA\u201d, \u201cB\u201d y \u201cNovatos\u201d a realizarse en la ciudad de Santiago de Cali, del 11\u2026","rel":"","context":"En \u00abApnea\u00bb","block_context":{"text":"Apnea","link":"https:\/\/www.sportalsub.net\/blog\/category\/modalidades\/apnea\/"},"img":{"alt_text":"","src":"https:\/\/i0.wp.com\/www.sportalsub.net\/blog\/wp-content\/uploads\/2019\/04\/campeonatoapneacali2019.jpg?resize=350%2C200&ssl=1","width":350,"height":200,"srcset":"https:\/\/i0.wp.com\/www.sportalsub.net\/blog\/wp-content\/uploads\/2019\/04\/campeonatoapneacali2019.jpg?resize=350%2C200&ssl=1 1x, https:\/\/i0.wp.com\/www.sportalsub.net\/blog\/wp-content\/uploads\/2019\/04\/campeonatoapneacali2019.jpg?resize=525%2C300&ssl=1 1.5x, https:\/\/i0.wp.com\/www.sportalsub.net\/blog\/wp-content\/uploads\/2019\/04\/campeonatoapneacali2019.jpg?resize=700%2C400&ssl=1 2x"},"classes":[]},{"id":20832,"url":"https:\/\/www.sportalsub.net\/blog\/campeonato-apnea-piscina-colombia-2015","url_meta":{"origin":31091,"position":2},"title":"\ud83c\udde8\ud83c\uddf4 Resultados Campeonato Nacional Interclubes de Apnea en piscina \u00abBarracudas Blue\u00bb Cali, Colombia","author":"Sportalsub.net","date":"30 junio 2015","format":false,"excerpt":"(Sportalsub.net \/ FEDECAS \/ LIVAS \/ Barracudas) Campeonato Nacional Interclubes por categor\u00edas de apnea en aguas confinadas de la Federaci\u00f3n Colombiana de Actividades Subacu\u00e1ticas, FEDECAS, realizado\u00a0del 27 al 29 de junio en Cali, Colombia. HORARIO DE PRUEBAS GENERALES CAMPEONATO APNEA Reuni\u00f3n\u00a0Informativa. Viernes 26 de Junio\u00a07:00 pm Sal\u00f3n de Reuniones Liga\u00a0Valle\u2026","rel":"","context":"En \u00abApnea\u00bb","block_context":{"text":"Apnea","link":"https:\/\/www.sportalsub.net\/blog\/category\/modalidades\/apnea\/"},"img":{"alt_text":"","src":"https:\/\/i0.wp.com\/www.sportalsub.net\/blog\/wp-content\/uploads\/2015\/06\/apneacali1.jpg?resize=350%2C200&ssl=1","width":350,"height":200,"srcset":"https:\/\/i0.wp.com\/www.sportalsub.net\/blog\/wp-content\/uploads\/2015\/06\/apneacali1.jpg?resize=350%2C200&ssl=1 1x, https:\/\/i0.wp.com\/www.sportalsub.net\/blog\/wp-content\/uploads\/2015\/06\/apneacali1.jpg?resize=525%2C300&ssl=1 1.5x, https:\/\/i0.wp.com\/www.sportalsub.net\/blog\/wp-content\/uploads\/2015\/06\/apneacali1.jpg?resize=700%2C400&ssl=1 2x"},"classes":[]},{"id":31072,"url":"https:\/\/www.sportalsub.net\/blog\/seleccion-apnea-mexico-panamericano-chile-2019","url_meta":{"origin":31091,"position":3},"title":"\ud83c\uddf2\ud83c\uddfd M\u00e9xico tambi\u00e9n estar\u00e1 en el Campeonato Panamericano CMAS de Apnea Indoor 2019 en Santiago de Chile","author":"Sportalsub.net","date":"24 junio 2019","format":false,"excerpt":"(Sportalsub.net \/ FMAS) La Federaci\u00f3n Mexicana de Actividades Subacu\u00e1ticas (FMAS) tambi\u00e9n ha confirmado su participaci\u00f3n en el \u00a0VII Campeonato Panamericano de Apnea CMAS\u00a0a realizarse del 26 al 30 de Junio 2019 en Santiago de Chile. El seleccionado mexicano estar\u00e1 compuesto por los siguientes deportistas: Luisa Daniela Fortuna Luz G. Viveras\u2026","rel":"","context":"En \u00abApnea\u00bb","block_context":{"text":"Apnea","link":"https:\/\/www.sportalsub.net\/blog\/category\/modalidades\/apnea\/"},"img":{"alt_text":"","src":"https:\/\/i0.wp.com\/www.sportalsub.net\/blog\/wp-content\/uploads\/2019\/06\/apnea-mexico.jpg?resize=350%2C200&ssl=1","width":350,"height":200,"srcset":"https:\/\/i0.wp.com\/www.sportalsub.net\/blog\/wp-content\/uploads\/2019\/06\/apnea-mexico.jpg?resize=350%2C200&ssl=1 1x, https:\/\/i0.wp.com\/www.sportalsub.net\/blog\/wp-content\/uploads\/2019\/06\/apnea-mexico.jpg?resize=525%2C300&ssl=1 1.5x, https:\/\/i0.wp.com\/www.sportalsub.net\/blog\/wp-content\/uploads\/2019\/06\/apnea-mexico.jpg?resize=700%2C400&ssl=1 2x"},"classes":[]},{"id":23651,"url":"https:\/\/www.sportalsub.net\/blog\/finswimming-world-cup-colombia-2016","url_meta":{"origin":31091,"position":4},"title":"\ud83c\udde8\ud83c\uddf4 Resultados 5ta Ronda Copa Mundo CMAS Nataci\u00f3n Con Aletas 2016 \u2013 Colombia","author":"Sportalsub.net","date":"10 abril 2016","format":false,"excerpt":"(Sportalsub.net \/ CMAS \/ FEDECAS) - Read in English La FEDERACION COLOMBIANA DE ACTIVIDADES SUBACUATICAS- FEDECAS con autorizaci\u00f3n de\u00a0C.M.A.S. organiz\u00f3 la V Ronda de la Copa Mundo de Nataci\u00f3n con Aletas en piscina 2016 del calendario oficial internacional de la CMAS, evento que se llev\u00f3\u00a0a cabo en la ciudad de\u2026","rel":"","context":"En \u00abColombia\u00bb","block_context":{"text":"Colombia","link":"https:\/\/www.sportalsub.net\/blog\/category\/paises\/america\/colombia\/"},"img":{"alt_text":"","src":"https:\/\/i0.wp.com\/www.sportalsub.net\/blog\/wp-content\/uploads\/2016\/03\/cmasworldcupcolombia.jpg?resize=350%2C200&ssl=1","width":350,"height":200,"srcset":"https:\/\/i0.wp.com\/www.sportalsub.net\/blog\/wp-content\/uploads\/2016\/03\/cmasworldcupcolombia.jpg?resize=350%2C200&ssl=1 1x, https:\/\/i0.wp.com\/www.sportalsub.net\/blog\/wp-content\/uploads\/2016\/03\/cmasworldcupcolombia.jpg?resize=525%2C300&ssl=1 1.5x, https:\/\/i0.wp.com\/www.sportalsub.net\/blog\/wp-content\/uploads\/2016\/03\/cmasworldcupcolombia.jpg?resize=700%2C400&ssl=1 2x"},"classes":[]},{"id":19812,"url":"https:\/\/www.sportalsub.net\/blog\/interclubes-pesca-submarina-colombia-2015","url_meta":{"origin":31091,"position":5},"title":"\ud83c\udde8\ud83c\uddf4 Resultados del Campeonato Nacional Interclubes de Pesca Submarina. Colombia 2015","author":"Sportalsub.net","date":"31 marzo 2015","format":false,"excerpt":"(Especial Sportalsub.net \/ FEDECAS) La Comisi\u00f3n T\u00e9cnica Nacional de Tiro Subacu\u00e1tico y Pesca Submarina de la Federaci\u00f3n Colombiana de Actividades Subacu\u00e1ticas, FEDECAS, organizo\u00a0el Campeonato Nacional Interclubes Abierto de Pesca Submarina,\u00a0llevado a cabo\u00a0en el corregimiento de Juanchaco y Ladrilleros en la Costa pac\u00edfica Colombiana municipio de Buenaventura departamento del Valle del\u2026","rel":"","context":"En \u00abColombia\u00bb","block_context":{"text":"Colombia","link":"https:\/\/www.sportalsub.net\/blog\/category\/paises\/america\/colombia\/"},"img":{"alt_text":"","src":"https:\/\/i0.wp.com\/www.sportalsub.net\/blog\/wp-content\/uploads\/2015\/03\/ganadorespescasubcolombia.jpg?resize=350%2C200&ssl=1","width":350,"height":200,"srcset":"https:\/\/i0.wp.com\/www.sportalsub.net\/blog\/wp-content\/uploads\/2015\/03\/ganadorespescasubcolombia.jpg?resize=350%2C200&ssl=1 1x, https:\/\/i0.wp.com\/www.sportalsub.net\/blog\/wp-content\/uploads\/2015\/03\/ganadorespescasubcolombia.jpg?resize=525%2C300&ssl=1 1.5x, https:\/\/i0.wp.com\/www.sportalsub.net\/blog\/wp-content\/uploads\/2015\/03\/ganadorespescasubcolombia.jpg?resize=700%2C400&ssl=1 2x, https:\/\/i0.wp.com\/www.sportalsub.net\/blog\/wp-content\/uploads\/2015\/03\/ganadorespescasubcolombia.jpg?resize=1050%2C600&ssl=1 3x, https:\/\/i0.wp.com\/www.sportalsub.net\/blog\/wp-content\/uploads\/2015\/03\/ganadorespescasubcolombia.jpg?resize=1400%2C800&ssl=1 4x"},"classes":[]}],"_links":{"self":[{"href":"https:\/\/www.sportalsub.net\/blog\/wp-json\/wp\/v2\/posts\/31091","targetHints":{"allow":["GET"]}}],"collection":[{"href":"https:\/\/www.sportalsub.net\/blog\/wp-json\/wp\/v2\/posts"}],"about":[{"href":"https:\/\/www.sportalsub.net\/blog\/wp-json\/wp\/v2\/types\/post"}],"author":[{"embeddable":true,"href":"https:\/\/www.sportalsub.net\/blog\/wp-json\/wp\/v2\/users\/1"}],"replies":[{"embeddable":true,"href":"https:\/\/www.sportalsub.net\/blog\/wp-json\/wp\/v2\/comments?post=31091"}],"version-history":[{"count":0,"href":"https:\/\/www.sportalsub.net\/blog\/wp-json\/wp\/v2\/posts\/31091\/revisions"}],"wp:featuredmedia":[{"embeddable":true,"href":"https:\/\/www.sportalsub.net\/blog\/wp-json\/wp\/v2\/media\/31093"}],"wp:attachment":[{"href":"https:\/\/www.sportalsub.net\/blog\/wp-json\/wp\/v2\/media?parent=31091"}],"wp:term":[{"taxonomy":"category","embeddable":true,"href":"https:\/\/www.sportalsub.net\/blog\/wp-json\/wp\/v2\/categories?post=31091"},{"taxonomy":"post_tag","embeddable":true,"href":"https:\/\/www.sportalsub.net\/blog\/wp-json\/wp\/v2\/tags?post=31091"}],"curies":[{"name":"wp","href":"https:\/\/api.w.org\/{rel}","templated":true}]}}