{"id":31215,"date":"2019-07-04T08:10:07","date_gmt":"2019-07-04T12:10:07","guid":{"rendered":"https:\/\/www.sportalsub.net\/blog\/?p=31215"},"modified":"2019-07-04T08:46:07","modified_gmt":"2019-07-04T12:46:07","slug":"%f0%9f%87%aa%f0%9f%87%b8-resultados-campeones-de-espana-de-pesca-submarina-masculino-y-femenino-2019","status":"publish","type":"post","link":"https:\/\/www.sportalsub.net\/blog\/resultados-campeones-de-espana-de-pesca-submarina-masculino-y-femenino-2019\/","title":{"rendered":"\ud83c\uddea\ud83c\uddf8 Resultados &#8211; Campeonatos de Espa\u00f1a de Pesca Submarina Masculino y Femenino 2019"},"content":{"rendered":"<p><a href=\"https:\/\/www.sportalsub.net\/blog\/wp-content\/uploads\/2019\/07\/Montaje-CTO-2019.jpg\" target=\"_blank\"><img loading=\"lazy\" decoding=\"async\" class=\"alignnone size-full wp-image-31217\" src=\"https:\/\/www.sportalsub.net\/blog\/wp-content\/uploads\/2019\/07\/Montaje-CTO-2019.jpg\" alt=\"\" width=\"640\" height=\"498\" srcset=\"https:\/\/www.sportalsub.net\/blog\/wp-content\/uploads\/2019\/07\/Montaje-CTO-2019.jpg 640w, https:\/\/www.sportalsub.net\/blog\/wp-content\/uploads\/2019\/07\/Montaje-CTO-2019-300x233.jpg 300w\" sizes=\"auto, (max-width: 640px) 100vw, 640px\" \/><\/a><\/p>\n<p>(Sportalsub.net \/ FEDAS Pesca Submarina)<\/p>\n<p>C\u00e1diz se ha convertido el pasado fin de semana del 28 al 30 de junio en la capital de la pesca submarina en Espa\u00f1a, en sus ricas aguas, se han celebrado el LXIII Campeonato Individual Masculino y el VI Femenino de Espa\u00f1a de pesca Submarina, ambos en memoria de Manuel Baena Liberato, con puerto base en el Complejo Deportivo Elcano de C\u00e1diz y organizados por el club La Caleta con la colaboraci\u00f3n del club Urta y la Federaci\u00f3n Andaluza de Actividades Subacu\u00e1ticas (FAAS), por delegaci\u00f3n de FEDAS.<\/p>\n<p>Los actos de esta importante cita anual comenzaban el viernes 28 por la ma\u00f1ana con la formalizaci\u00f3n de las inscripciones de los 34 pescadores para el masculino y 7 pescadoras para el femenino, con sus correspondientes barqueros, procedentes de toda la orograf\u00eda espa\u00f1ola, de 11 y 5 Comunidades Aut\u00f3nomas respectivamente.<\/p>\n<p>El viernes por la tarde se proced\u00eda al acto oficial de apertura de los campeonatos en la sala de plenos del Ayuntamiento de C\u00e1diz, con la presencia, entre otros, del Concejal de deportes del Ayto. de C\u00e1diz, el Presidente de la FEDAS y el Presidente del Club La Caleta. Adem\u00e1s, se recordaba en la presentaci\u00f3n del cartel oficial del evento al estimado por todos, Manuel Baena (incansable defensor de la pesca submarina e inestimable colaborador en eventos de competici\u00f3n de esta especialidad deportiva, miembro de la asamblea de la Federaci\u00f3n Andaluza de Actividades Subacu\u00e1ticas desde el a\u00f1o 1996 y, Vicepresidente de la FAAS), fallecido a finales de enero.<\/p>\n<p><a href=\"https:\/\/www.sportalsub.net\/blog\/wp-content\/uploads\/2019\/07\/carteloficial.jpg\" target=\"_blank\"><img loading=\"lazy\" decoding=\"async\" class=\"alignnone size-full wp-image-31218\" src=\"https:\/\/www.sportalsub.net\/blog\/wp-content\/uploads\/2019\/07\/carteloficial.jpg\" alt=\"\" width=\"674\" height=\"960\" srcset=\"https:\/\/www.sportalsub.net\/blog\/wp-content\/uploads\/2019\/07\/carteloficial.jpg 674w, https:\/\/www.sportalsub.net\/blog\/wp-content\/uploads\/2019\/07\/carteloficial-211x300.jpg 211w\" sizes=\"auto, (max-width: 674px) 100vw, 674px\" \/><\/a><\/p>\n<p>El s\u00e1bado, a las ocho de la ma\u00f1ana y tras recoger sacos y avituallamiento, comenzaba la salida de puerto de las m\u00e1s de cuarenta embarcaciones que tomaban rumbo al centro de la primera zona de competici\u00f3n comprendida entre la playa de la Cortadura y el Islote de Sancti Petri, aproximadamente. Cinco horas de competici\u00f3n les esperaban a los deportistas que se repartieron uniformemente en todas direcciones una vez iniciada la prueba. Durante el desarrollo de la misma, la sensaci\u00f3n fue similar, los competidores segu\u00edan distribuidos uniformemente a lo largo y ancho de la zona de pesca y los desplazamientos, aunque los hab\u00eda, no eran tantos como se suele ver en otros campeonatos en otras zonas de Espa\u00f1a. A la vista de esto, del buen estado de la mar y el buen tiempo, la sensaci\u00f3n era que estaba saliendo pescado y que el pesaje iba a ser entretenido.<\/p>\n<p>Acabada la prueba y tras el recuento final de embarcaciones, se pon\u00eda rumbo a puerto. All\u00ed, los voluntarios de la organizaci\u00f3n ten\u00edan ya preparada la comida para que todo el mundo repusiera fuerzas antes del pesaje, que por problemas t\u00e9cnicos se retras\u00f3 notablemente. Afortunadamente, y una vez solucionados los inconvenientes, el buen hacer del equipo de pesaje, y la profesionalidad de Luis manejando el pescado, ganaban tiempo al tiempo. En las pesadas se confirmaban las previsiones, y se mostraron excelentes pescadas tanto en cantidad como en calidad, dentones, sargos breados, borriquetes, pargos, lubinas, peces ballesta, urtas, sargos, doradas, morenas y congrios fueron algunas de las especies m\u00e1s mostradas por los pescadores al p\u00fablico.<\/p>\n<p>En esta primera manga en el Femenino: Alexandra Prat alcanzaba la primera posici\u00f3n, duplicando en a su inmediata siguiente, Ainhoa Abell\u00e1n; la tercera plaza era para Rosa M\u00aa Gonz\u00e1lez Anreus.<br \/>\nEn el caso del Masculino: David Fdez. Montero consegu\u00eda ganar la ronda con una pesca impresionante en n\u00famero de peces y especies capturadas que dejaba a algo m\u00e1s de seis mil puntos a \u00d3scar Cervantes quien tambi\u00e9n presentaba una espectacular pesca de peces de gran porte; en tercera posici\u00f3n les segu\u00eda Santiago L\u00f3pez Cid.<\/p>\n<p>Le llegaba el turno a la jornada del domingo y se repet\u00eda el proceso, con la salvedad de que, en esta ocasi\u00f3n, la zona era la comprendida entre La Caleta y la playa de la Cortadura y que amanec\u00eda nublado y con algo de viento de componente sur. De nuevo, cinco horas de competici\u00f3n separaban a los pescadores del final de la jornada, que comenzaba como de costumbre con todos ellos metiendo m\u00e1quina para llegar cuanto antes a los primeros puntos de pesca de sus respectivas estrategias.<br \/>\nEn esta ocasi\u00f3n, los alrededores del Castillo de San Sebasti\u00e1n y los de los bajos de Le\u00f3n parec\u00edan ser los m\u00e1s visitados, mientras unos pocos se distribu\u00edan por el resto de la zona. El viento variaba su fuerza durante la jornada con intensidades de en torno a fuerza cuatro incomodando la navegaci\u00f3n, pero no siendo un problema para el desarrollo de la prueba que terminaba en el mismo punto en el que se hab\u00eda iniciado cinco horas antes.<\/p>\n<p>Ya en la zona de concentraci\u00f3n de final de prueba se empezaban a ver grandes piezas mostradas por muchos de los participantes. De nuevo el pesaje iba a ser interesante. Llegados a puerto se comentaban las piezas que llevaban unos y otros, David estaba contento, hab\u00eda hecho muchas piezas, pero no era el \u00fanico, hab\u00eda que esperar al pesaje previo paso por la zona en la que, de nuevo, estaba preparada la comida.<\/p>\n<p>Esta vez el pesaje llevaba buen ritmo. Se pesaban primero las capturas de las chicas, siendo la ganadora de esta segunda ronda Malen Sart, que con su remontada quedaba segunda en la clasificaci\u00f3n final; Alexandra quedaba quinta, pero su puntuaci\u00f3n anterior le permit\u00eda conservar el primer puesto en el caj\u00f3n de la final, cuya tercera plaza ser\u00eda para Rosa M\u00aa Gonz\u00e1lez.<br \/>\nLlegaba el turno de los chicos. Muchas piezas de gran porte y calidad, incluso en m\u00e1s cantidad que el d\u00eda previo. Y un desenlace que no se dej\u00f3 ver hasta el final: de nuevo David Fdez. Montero se hac\u00eda con la primera posici\u00f3n, ganando el campeonato de forma incuestionable; el segundo de la jornada ser\u00eda Xavier Blanco que con esto consegu\u00eda subir a la tercera plaza del podio, cuya segunda posici\u00f3n ocup\u00f3 \u00d3scar Cervantes. La pieza mayor del campeonato la presentaba Eloy Mart\u00ednez, una corvina de 10,280 kg.<\/p>\n<hr \/>\n<h2 class=\"hestia-title entry-title\"><strong>David Fdez. Montero y Alexandra Prat, Campeones de Espa\u00f1a de Pesca Submarina<\/strong><\/h2>\n<p><strong>Masculino<\/strong><\/p>\n<p><a href=\"https:\/\/www.sportalsub.net\/blog\/wp-content\/uploads\/2019\/07\/PodioMasculino.jpg\" target=\"_blank\"><img loading=\"lazy\" decoding=\"async\" class=\"alignnone size-full wp-image-31219\" src=\"https:\/\/www.sportalsub.net\/blog\/wp-content\/uploads\/2019\/07\/PodioMasculino.jpg\" alt=\"\" width=\"640\" height=\"480\" srcset=\"https:\/\/www.sportalsub.net\/blog\/wp-content\/uploads\/2019\/07\/PodioMasculino.jpg 640w, https:\/\/www.sportalsub.net\/blog\/wp-content\/uploads\/2019\/07\/PodioMasculino-300x225.jpg 300w, https:\/\/www.sportalsub.net\/blog\/wp-content\/uploads\/2019\/07\/PodioMasculino-320x240.jpg 320w\" sizes=\"auto, (max-width: 640px) 100vw, 640px\" \/><\/a><\/p>\n<p>1\u00ba David Fern\u00e1ndez Montero (Federaci\u00f3n Andaluza), con Philip Chapuis de barquero<br \/>\n2\u00ba \u00d3scar Cervantes Riera (Federaci\u00f3n Balear), con David Gospic de barquero<br \/>\n3\u00ba Xavier Blanco Pastor (Federaci\u00f3n Catalana), con Jordi Morancho de barquero<\/p>\n<p><strong><a href=\"http:\/\/fedas.es\/wp-content\/uploads\/2019\/07\/Clasificaci%C3%B3n_LXIII_Campeonato_de_Espa%C3%B1a.pdf\" target=\"_blank\" rel=\"noreferrer noopener\" aria-label=\" (abre en una nueva pesta\u00f1a)\" target=\"_blank\">Enlace a la Clasificaci\u00f3n oficial<\/a><\/strong><\/p>\n<hr \/>\n<div class=\"wp-block-image\" style=\"text-align: left;\">\n<figure class=\"aligncenter\"><strong>Femenino<\/strong><\/figure>\n<p><a href=\"https:\/\/www.sportalsub.net\/blog\/wp-content\/uploads\/2019\/07\/PodioFeminas.jpg\" target=\"_blank\"><img loading=\"lazy\" decoding=\"async\" class=\"alignnone size-full wp-image-31226\" src=\"https:\/\/www.sportalsub.net\/blog\/wp-content\/uploads\/2019\/07\/PodioFeminas.jpg\" alt=\"\" width=\"640\" height=\"480\" srcset=\"https:\/\/www.sportalsub.net\/blog\/wp-content\/uploads\/2019\/07\/PodioFeminas.jpg 640w, https:\/\/www.sportalsub.net\/blog\/wp-content\/uploads\/2019\/07\/PodioFeminas-300x225.jpg 300w, https:\/\/www.sportalsub.net\/blog\/wp-content\/uploads\/2019\/07\/PodioFeminas-320x240.jpg 320w\" sizes=\"auto, (max-width: 640px) 100vw, 640px\" \/><\/a><\/p>\n<\/div>\n<p>1\u00aa Alexandra Prat Prat (Federaci\u00f3n Catalana), con Manuel L\u00f3pez de barquero<br \/>\n2\u00aa Malen Sart Bonnin (Federaci\u00f3n Balear), con Sebasti\u00e1 Torre de barquero<br \/>\n3\u00aa Rosa M\u00aa Gonz\u00e1lez Anreus (Federaci\u00f3n Valenciana), con Ismael Poderoso de barquero<\/p>\n<p><strong><a href=\"http:\/\/fedas.es\/wp-content\/uploads\/2019\/07\/Clasificaci%C3%B3n_VI_Campeonato_de_Espa%C3%B1a.pdf\" target=\"_blank\" rel=\"noreferrer noopener\" aria-label=\"Enlace a la Clasificaci\u00f3n oficial (abre en una nueva pesta\u00f1a)\" target=\"_blank\">Enlace a la Clasificaci\u00f3n oficial<\/a><\/strong><\/p>\n<p>Terminaban los campeonatos con el acto de cierre y posterior cena de gala en el Baluarte de los M\u00e1rtires.<\/p>\n<p>Todas las capturas de este campeonato han sido donadas para para su distribuci\u00f3n entre los m\u00e1s desfavorecidos.<\/p>\n<p>Enlace al\u00a0<strong><a href=\"https:\/\/www.facebook.com\/Lpescasubmarina\/media_set?set=a.10214490211510989&amp;type=3\" target=\"_blank\" rel=\"noreferrer noopener\" aria-label=\" (abre en una nueva pesta\u00f1a)\" target=\"_blank\">\u00e1lbum de fotos de estas competiciones<\/a>.<\/strong><\/p>\n<p>Luego de finalizado los Campeonatos se oficializaron las <a href=\"https:\/\/www.sportalsub.net\/blog\/selecciones-de-espana-para-los-campeonatos-mundiales-femenino-y-masculino-de-pesca-submarina-en-dinamarca-2019\/\"><strong>Selecciones de Espa\u00f1a de Pesca Submarina 2019<\/strong><\/a><\/p>\n<p><strong>Texto y fotos: Jos\u00e9 F\u00e9lix<\/strong><br \/>\n<strong>Fuente: <a href=\"http:\/\/fedas.es\/david-montero-y-alexandra-prat-campeones-de-espana-de-pesca-submarina\/\" target=\"_blank\" rel=\"noopener noreferrer\" target=\"_blank\">FEDAS Pesca Submarina<\/a><\/strong><\/p>\n<hr \/>\n<h2 class=\"hestia-title entry-title\"><strong>Jos\u00e9 Antonio Olmedo y Aman\u00e7 Bolos reciben las medallas de oro y plata de FEDAS<\/strong><\/h2>\n<p><a href=\"https:\/\/www.sportalsub.net\/blog\/wp-content\/uploads\/2019\/07\/Medallas_Olmedo-Amans.jpg\" target=\"_blank\"><img loading=\"lazy\" decoding=\"async\" class=\"alignnone size-full wp-image-31221\" src=\"https:\/\/www.sportalsub.net\/blog\/wp-content\/uploads\/2019\/07\/Medallas_Olmedo-Amans.jpg\" alt=\"\" width=\"800\" height=\"524\" srcset=\"https:\/\/www.sportalsub.net\/blog\/wp-content\/uploads\/2019\/07\/Medallas_Olmedo-Amans.jpg 800w, https:\/\/www.sportalsub.net\/blog\/wp-content\/uploads\/2019\/07\/Medallas_Olmedo-Amans-300x197.jpg 300w, https:\/\/www.sportalsub.net\/blog\/wp-content\/uploads\/2019\/07\/Medallas_Olmedo-Amans-768x503.jpg 768w\" sizes=\"auto, (max-width: 800px) 100vw, 800px\" \/><\/a><\/p>\n<p>Durante la ceremonia de apertura de este \u00faltimo Campeonato de Espa\u00f1a de pesca submarina, FEDAS otorgaba a Jos\u00e9 Antonio Olmedo y a Aman\u00e7 Bolos, de la mano de su Presidente y Vicepresidente Deportivo, las medallas de oro y plata de la Federaci\u00f3n Espa\u00f1ola respectivamente, en reconocimiento al trabajo que han realizado en pro de la pesca submarina y de la Federaci\u00f3n a lo largo de todos los a\u00f1os que llevan formando parte de la FEDAS y del Comit\u00e9 Nacional de Pesca Submarina, Jos\u00e9 Antonio Olmedo como director t\u00e9cnico y Aman\u00e7 Bolos como responsable de jueces y \u00e1rbitros, si bien, en un periodo reciente Jos\u00e9 Antonio fue Presidente de la Federaci\u00f3n, pasando Aman\u00e7 a ocupar su puesto de Director T\u00e9cnico en el Comit\u00e9.<\/p>\n<p>Ambos han sido parte importante en la consecuci\u00f3n de los t\u00edtulos que la selecci\u00f3n nacional ha ganado desde el a\u00f1o 98, fecha de la constituci\u00f3n de este Comit\u00e9: seis oros por naciones y cinco en individual, una plata por naciones y dos por individual, y dos bronces por naciones y seis en individual en campeonatos del mundo, as\u00ed como: nueve oros por naciones y cuatro en individual, siete platas en individual y un bronce por naciones y cuatro en individual, en clasificaciones en campeonatos Euro-Africanos.<\/p>\n<p><strong>Texto y fotos: Jos\u00e9 F\u00e9lix<\/strong><br \/>\n<strong>Fuente: <a href=\"http:\/\/fedas.es\/jose-antonio-olmedo-y-amanc-bolos-reciben-las-medallas-de-oro-y-plata-de-fedas\/\" target=\"_blank\" rel=\"noopener noreferrer\" target=\"_blank\">FEDAS Pesca Submarina<\/a><\/strong><\/p>\n<hr \/>\n<p>&nbsp;<\/p>\n<div><a href=\"http:\/\/fedas.es\/comites-deportivos\/pesca-submarina\/\" target=\"_blank\" rel=\"noopener noreferrer\" target=\"_blank\"><img loading=\"lazy\" decoding=\"async\" class=\"alignnone size-full wp-image-31222\" src=\"https:\/\/www.sportalsub.net\/blog\/wp-content\/uploads\/2019\/07\/comitepescasub.gif\" alt=\"\" width=\"177\" height=\"131\" \/><\/a><\/div>\n<div><a href=\"http:\/\/fedas.es\/\" target=\"_blank\" rel=\"noopener noreferrer\" target=\"_blank\"><img loading=\"lazy\" decoding=\"async\" class=\"alignnone size-full wp-image-31223\" src=\"https:\/\/www.sportalsub.net\/blog\/wp-content\/uploads\/2019\/07\/logofedas.png\" alt=\"\" width=\"650\" height=\"136\" srcset=\"https:\/\/www.sportalsub.net\/blog\/wp-content\/uploads\/2019\/07\/logofedas.png 650w, https:\/\/www.sportalsub.net\/blog\/wp-content\/uploads\/2019\/07\/logofedas-300x63.png 300w\" sizes=\"auto, (max-width: 650px) 100vw, 650px\" \/><\/a><\/div>\n","protected":false},"excerpt":{"rendered":"<p>(Sportalsub.net \/ FEDAS Pesca Submarina) C\u00e1diz se ha convertido el pasado fin de semana del 28 al 30 de junio en la capital de la pesca submarina en Espa\u00f1a, en sus ricas aguas, se han celebrado el LXIII Campeonato Individual Masculino y el VI Femenino de Espa\u00f1a de pesca Submarina, ambos en memoria de Manuel Baena Liberato, con puerto base [&#8230;]<\/p>\n","protected":false},"author":1,"featured_media":31217,"comment_status":"open","ping_status":"closed","sticky":false,"template":"","format":"standard","meta":{"_lmt_disableupdate":"","_lmt_disable":"","jetpack_post_was_ever_published":false,"_jetpack_newsletter_access":"","_jetpack_dont_email_post_to_subs":false,"_jetpack_newsletter_tier_id":0,"_jetpack_memberships_contains_paywalled_content":false,"_jetpack_memberships_contains_paid_content":false,"footnotes":"","jetpack_publicize_message":"","jetpack_publicize_feature_enabled":true,"jetpack_social_post_already_shared":true,"jetpack_social_options":{"image_generator_settings":{"template":"highway","default_image_id":0,"font":"","enabled":false},"version":2}},"categories":[10,18,120],"tags":[],"class_list":["post-31215","post","type-post","status-publish","format-standard","has-post-thumbnail","hentry","category-espana","category-pesca-submarina","category-resultados"],"modified_by":"Sportalsub.net","views":6571,"jetpack_publicize_connections":[],"jetpack_featured_media_url":"https:\/\/www.sportalsub.net\/blog\/wp-content\/uploads\/2019\/07\/Montaje-CTO-2019.jpg","jetpack_sharing_enabled":true,"jetpack_shortlink":"https:\/\/wp.me\/pf9lN-87t","jetpack_likes_enabled":false,"jetpack-related-posts":[{"id":45532,"url":"https:\/\/www.sportalsub.net\/blog\/campeonato-de-espana-individual-masculino-y-femenino-de-pesca-submarina-fedas-2021\/","url_meta":{"origin":31215,"position":0},"title":"\ud83c\uddea\ud83c\uddf8 Resultados &#8211; Campeonato de Espa\u00f1a Individual Masculino y Femenino de Pesca Submarina FEDAS 2021","author":"Sportalsub.net","date":"6 julio 2021","format":false,"excerpt":"(Sportalsub.net \/ FEDAS \/ FCDAS) El LXIV Campeonato de Espa\u00f1a Individual masculino de Pesca Submarina y VII Campeonato de Espa\u00f1a Individual femenino de la Federaci\u00f3n Espa\u00f1ola de Actividades Subacu\u00e1ticas (FEDAS) se llev\u00f3 a cabo del 2 al 4 de Julio 2021 en Ribamont\u00e1n al Mar (Cantabria) bajo la organizaci\u00f3n de\u2026","rel":"","context":"En \u00abEspa\u00f1a\u00bb","block_context":{"text":"Espa\u00f1a","link":"https:\/\/www.sportalsub.net\/blog\/category\/paises\/europa\/espana\/"},"img":{"alt_text":"","src":"https:\/\/i0.wp.com\/www.sportalsub.net\/blog\/wp-content\/uploads\/2021\/07\/pescasubespanaportada.jpg?resize=350%2C200&ssl=1","width":350,"height":200,"srcset":"https:\/\/i0.wp.com\/www.sportalsub.net\/blog\/wp-content\/uploads\/2021\/07\/pescasubespanaportada.jpg?resize=350%2C200&ssl=1 1x, https:\/\/i0.wp.com\/www.sportalsub.net\/blog\/wp-content\/uploads\/2021\/07\/pescasubespanaportada.jpg?resize=525%2C300&ssl=1 1.5x, https:\/\/i0.wp.com\/www.sportalsub.net\/blog\/wp-content\/uploads\/2021\/07\/pescasubespanaportada.jpg?resize=700%2C400&ssl=1 2x"},"classes":[]},{"id":26372,"url":"https:\/\/www.sportalsub.net\/blog\/resultados-campeonatos-de-espana-individual-y-femenino-fedas-a-coruna-2017\/","url_meta":{"origin":31215,"position":1},"title":"\ud83c\uddea\ud83c\uddf8 Resultados Campeonatos de Espa\u00f1a Individual y Femenino de Pesca Submarina FEDAS A Coru\u00f1a 2017","author":"Sportalsub.net","date":"3 agosto 2017","format":false,"excerpt":"(Sportalsub.net \/ FEDAS) La LXI edici\u00f3n del Campeonato de Espa\u00f1a Individual de Pesca Submarina de la Federaci\u00f3n Espa\u00f1ola de Actividades Subacu\u00e1ticas se celebr\u00f3 en A Coru\u00f1a, los d\u00edas 28, 29 y 30 de julio de 2017, mientras que el IV Campeonato Femenino de Pesca Submarina se celebr\u00f3 en la misma\u2026","rel":"","context":"En \u00abEspa\u00f1a\u00bb","block_context":{"text":"Espa\u00f1a","link":"https:\/\/www.sportalsub.net\/blog\/category\/paises\/europa\/espana\/"},"img":{"alt_text":"","src":"https:\/\/i0.wp.com\/www.sportalsub.net\/blog\/wp-content\/uploads\/2017\/08\/LXI_Cto_Esp-2017_Cartel_m.jpg?resize=350%2C200&ssl=1","width":350,"height":200,"srcset":"https:\/\/i0.wp.com\/www.sportalsub.net\/blog\/wp-content\/uploads\/2017\/08\/LXI_Cto_Esp-2017_Cartel_m.jpg?resize=350%2C200&ssl=1 1x, https:\/\/i0.wp.com\/www.sportalsub.net\/blog\/wp-content\/uploads\/2017\/08\/LXI_Cto_Esp-2017_Cartel_m.jpg?resize=525%2C300&ssl=1 1.5x"},"classes":[]},{"id":31016,"url":"https:\/\/www.sportalsub.net\/blog\/resultados-espana-sub23-pescasub-2019","url_meta":{"origin":31215,"position":2},"title":"\ud83c\uddea\ud83c\uddf8 Resultados &#8211; IX Campeonato de Espa\u00f1a Sub23 de Pesca submarina Masculino, Femenino y Open Internacional Sub23 2019","author":"Sportalsub.net","date":"20 junio 2019","format":false,"excerpt":"(Sportalsub.net \/ FEDAS Pesca Submarina) El pasado s\u00e1bado, 15 de junio, tuvo lugar con puerto base en Hondarribia, el IX Campeonato de Espa\u00f1a Sub23 de Pesca submarina Masculino. Se celebraron al mismo tiempo la modalidad Femenina y el primer Open Internacional Sub23, todo ello organizado por la Federaci\u00f3n Vasca de\u2026","rel":"","context":"En \u00abDestacados\u00bb","block_context":{"text":"Destacados","link":"https:\/\/www.sportalsub.net\/blog\/category\/mas\/destacados\/"},"img":{"alt_text":"","src":"https:\/\/i0.wp.com\/www.sportalsub.net\/blog\/wp-content\/uploads\/2019\/06\/pescasubespsub232019.jpg?resize=350%2C200&ssl=1","width":350,"height":200,"srcset":"https:\/\/i0.wp.com\/www.sportalsub.net\/blog\/wp-content\/uploads\/2019\/06\/pescasubespsub232019.jpg?resize=350%2C200&ssl=1 1x, https:\/\/i0.wp.com\/www.sportalsub.net\/blog\/wp-content\/uploads\/2019\/06\/pescasubespsub232019.jpg?resize=525%2C300&ssl=1 1.5x, https:\/\/i0.wp.com\/www.sportalsub.net\/blog\/wp-content\/uploads\/2019\/06\/pescasubespsub232019.jpg?resize=700%2C400&ssl=1 2x"},"classes":[]},{"id":73703,"url":"https:\/\/www.sportalsub.net\/blog\/resultados-pescasub-individual-espana-2024","url_meta":{"origin":31215,"position":3},"title":"\ud83c\uddea\ud83c\uddf8 Resultados &#8211; Campeonato de Espa\u00f1a de Pesca Submarina Individual FEDAS, Gij\u00f3n 2024","author":"Sportalsub.net","date":"17 junio 2024","format":false,"excerpt":"(Sportalsub.net \/ FEDAS) La Federaci\u00f3n Asturiana de Actividades Subacu\u00e1ticas y Federaci\u00f3n Espa\u00f1ola de Actividades Subacu\u00e1ticas llevaron a cabo el LXVII Campeonato de Espa\u00f1a de Pesca Submarina Masculino y X Campeonato de Espa\u00f1a de Pesca Submarina Femenino, los d\u00edas 14 al 16 de junio 2024 en Gij\u00f3n (Principado de Asturias) RESULTADOS\u2026","rel":"","context":"En \u00abEspa\u00f1a\u00bb","block_context":{"text":"Espa\u00f1a","link":"https:\/\/www.sportalsub.net\/blog\/category\/paises\/europa\/espana\/"},"img":{"alt_text":"","src":"https:\/\/i0.wp.com\/www.sportalsub.net\/blog\/wp-content\/uploads\/2024\/06\/pescasubespanaindividual2024.jpg?resize=350%2C200&ssl=1","width":350,"height":200,"srcset":"https:\/\/i0.wp.com\/www.sportalsub.net\/blog\/wp-content\/uploads\/2024\/06\/pescasubespanaindividual2024.jpg?resize=350%2C200&ssl=1 1x, https:\/\/i0.wp.com\/www.sportalsub.net\/blog\/wp-content\/uploads\/2024\/06\/pescasubespanaindividual2024.jpg?resize=525%2C300&ssl=1 1.5x, https:\/\/i0.wp.com\/www.sportalsub.net\/blog\/wp-content\/uploads\/2024\/06\/pescasubespanaindividual2024.jpg?resize=700%2C400&ssl=1 2x"},"classes":[]},{"id":31232,"url":"https:\/\/www.sportalsub.net\/blog\/selecciones-de-espana-para-los-campeonatos-europeos-femenino-y-masculino-de-pesca-submarina-en-dinamarca-2019\/","url_meta":{"origin":31215,"position":4},"title":"\ud83c\uddea\ud83c\uddf8 Selecciones de Espa\u00f1a para los Campeonatos Euro-africanos Femenino y Masculino 2019 de Pesca Submarina en Dinamarca","author":"Sportalsub.net","date":"4 julio 2019","format":false,"excerpt":"(Sportalsub.net \/ FEDAS Pesca Submarina) Finalizados los Campeonatos Individuales Femenino y Masculino de Pesca Sumbarina del 2019, los seleccionadores nacionales: Bernat Castell del femenino y Andreu Sureda, Marino Ferrer y Patxi D\u00edaz del masculino, han hecho p\u00fablicas las listas de los deportistas que han sido seleccionados para formar parte del\u2026","rel":"","context":"En \u00abDestacados\u00bb","block_context":{"text":"Destacados","link":"https:\/\/www.sportalsub.net\/blog\/category\/mas\/destacados\/"},"img":{"alt_text":"","src":"https:\/\/i0.wp.com\/www.sportalsub.net\/blog\/wp-content\/uploads\/2019\/07\/seleccionespanapescasub2019.jpg?resize=350%2C200&ssl=1","width":350,"height":200,"srcset":"https:\/\/i0.wp.com\/www.sportalsub.net\/blog\/wp-content\/uploads\/2019\/07\/seleccionespanapescasub2019.jpg?resize=350%2C200&ssl=1 1x, https:\/\/i0.wp.com\/www.sportalsub.net\/blog\/wp-content\/uploads\/2019\/07\/seleccionespanapescasub2019.jpg?resize=525%2C300&ssl=1 1.5x, https:\/\/i0.wp.com\/www.sportalsub.net\/blog\/wp-content\/uploads\/2019\/07\/seleccionespanapescasub2019.jpg?resize=700%2C400&ssl=1 2x, https:\/\/i0.wp.com\/www.sportalsub.net\/blog\/wp-content\/uploads\/2019\/07\/seleccionespanapescasub2019.jpg?resize=1050%2C600&ssl=1 3x"},"classes":[]},{"id":41216,"url":"https:\/\/www.sportalsub.net\/blog\/campeonato-espana-pescasub-2020","url_meta":{"origin":31215,"position":5},"title":"\ud83c\uddea\ud83c\uddf8 CANCELADO &#8211; LXIV Campeonato de Espa\u00f1a de Pesca Submarina Individual Femenino y Masculino. A Coru\u00f1a &#8211; Septiembre 2020","author":"Sportalsub.net","date":"10 septiembre 2020","format":false,"excerpt":"(Sportalsub.net \/ FEDAS) Evento cancelado por Covid-19 La Federaci\u00f3n Espa\u00f1ola de Actividades Subacu\u00e1ticas (FEDAS) ha anunciado la realizaci\u00f3n del LXIV Campeonato de Espa\u00f1a de Pesca Submarina Individual Femenino y Masculino, a realizarse en A Coru\u00f1a los d\u00edas 11 y 12 de Septiembre de 2020. Campeonato-de-Espa\u00f1a-de-Pesca-Submarina-Individual-2020-Reglamento M\u00e1s informaci\u00f3n: FEDAS","rel":"","context":"En \u00abEspa\u00f1a\u00bb","block_context":{"text":"Espa\u00f1a","link":"https:\/\/www.sportalsub.net\/blog\/category\/paises\/europa\/espana\/"},"img":{"alt_text":"","src":"https:\/\/i0.wp.com\/www.sportalsub.net\/blog\/wp-content\/uploads\/2020\/08\/pescasubesp2020.jpg?resize=350%2C200&ssl=1","width":350,"height":200,"srcset":"https:\/\/i0.wp.com\/www.sportalsub.net\/blog\/wp-content\/uploads\/2020\/08\/pescasubesp2020.jpg?resize=350%2C200&ssl=1 1x, https:\/\/i0.wp.com\/www.sportalsub.net\/blog\/wp-content\/uploads\/2020\/08\/pescasubesp2020.jpg?resize=525%2C300&ssl=1 1.5x, https:\/\/i0.wp.com\/www.sportalsub.net\/blog\/wp-content\/uploads\/2020\/08\/pescasubesp2020.jpg?resize=700%2C400&ssl=1 2x"},"classes":[]}],"_links":{"self":[{"href":"https:\/\/www.sportalsub.net\/blog\/wp-json\/wp\/v2\/posts\/31215","targetHints":{"allow":["GET"]}}],"collection":[{"href":"https:\/\/www.sportalsub.net\/blog\/wp-json\/wp\/v2\/posts"}],"about":[{"href":"https:\/\/www.sportalsub.net\/blog\/wp-json\/wp\/v2\/types\/post"}],"author":[{"embeddable":true,"href":"https:\/\/www.sportalsub.net\/blog\/wp-json\/wp\/v2\/users\/1"}],"replies":[{"embeddable":true,"href":"https:\/\/www.sportalsub.net\/blog\/wp-json\/wp\/v2\/comments?post=31215"}],"version-history":[{"count":0,"href":"https:\/\/www.sportalsub.net\/blog\/wp-json\/wp\/v2\/posts\/31215\/revisions"}],"wp:featuredmedia":[{"embeddable":true,"href":"https:\/\/www.sportalsub.net\/blog\/wp-json\/wp\/v2\/media\/31217"}],"wp:attachment":[{"href":"https:\/\/www.sportalsub.net\/blog\/wp-json\/wp\/v2\/media?parent=31215"}],"wp:term":[{"taxonomy":"category","embeddable":true,"href":"https:\/\/www.sportalsub.net\/blog\/wp-json\/wp\/v2\/categories?post=31215"},{"taxonomy":"post_tag","embeddable":true,"href":"https:\/\/www.sportalsub.net\/blog\/wp-json\/wp\/v2\/tags?post=31215"}],"curies":[{"name":"wp","href":"https:\/\/api.w.org\/{rel}","templated":true}]}}