{"id":31232,"date":"2019-07-04T08:43:05","date_gmt":"2019-07-04T12:43:05","guid":{"rendered":"https:\/\/www.sportalsub.net\/blog\/?p=31232"},"modified":"2019-07-06T08:30:35","modified_gmt":"2019-07-06T12:30:35","slug":"%f0%9f%87%aa%f0%9f%87%b8-selecciones-de-espana-para-los-campeonatos-mundiales-femenino-y-masculino-de-pesca-submarina-en-dinamarca-2019","status":"publish","type":"post","link":"https:\/\/www.sportalsub.net\/blog\/selecciones-de-espana-para-los-campeonatos-europeos-femenino-y-masculino-de-pesca-submarina-en-dinamarca-2019\/","title":{"rendered":"\ud83c\uddea\ud83c\uddf8 Selecciones de Espa\u00f1a para los Campeonatos Euro-africanos Femenino y Masculino 2019 de Pesca Submarina en Dinamarca"},"content":{"rendered":"<p><a href=\"https:\/\/www.sportalsub.net\/blog\/wp-content\/uploads\/2019\/07\/seleccionespanapescasub2019.jpg\" target=\"_blank\"><img loading=\"lazy\" decoding=\"async\" class=\"alignnone size-full wp-image-31234\" src=\"https:\/\/www.sportalsub.net\/blog\/wp-content\/uploads\/2019\/07\/seleccionespanapescasub2019.jpg\" alt=\"\" width=\"1066\" height=\"818\" srcset=\"https:\/\/www.sportalsub.net\/blog\/wp-content\/uploads\/2019\/07\/seleccionespanapescasub2019.jpg 1066w, https:\/\/www.sportalsub.net\/blog\/wp-content\/uploads\/2019\/07\/seleccionespanapescasub2019-300x230.jpg 300w, https:\/\/www.sportalsub.net\/blog\/wp-content\/uploads\/2019\/07\/seleccionespanapescasub2019-768x589.jpg 768w, https:\/\/www.sportalsub.net\/blog\/wp-content\/uploads\/2019\/07\/seleccionespanapescasub2019-1024x786.jpg 1024w\" sizes=\"auto, (max-width: 1066px) 100vw, 1066px\" \/><\/a><\/p>\n<p>(Sportalsub.net \/ FEDAS Pesca Submarina)<\/p>\n<p>Finalizados los <a href=\"https:\/\/www.sportalsub.net\/blog\/resultados-campeones-de-espana-de-pesca-submarina-masculino-y-femenino-2019\/\">Campeonatos Individuales Femenino y Masculino de Pesca Sumbarina del 2019<\/a>, los seleccionadores nacionales: Bernat Castell del femenino y Andreu Sureda, Marino Ferrer y Patxi D\u00edaz del masculino, han hecho p\u00fablicas las listas de los deportistas que han sido seleccionados para formar parte del Equipo Nacional de pesca submarina que representar\u00e1 a Espa\u00f1a en el <a href=\"https:\/\/www.sportalsub.net\/blog\/spearfishingdenmark2019\">I Campeonato CMAS Femenino y en el XXXII Campeonato Euro-Africano Masculino que tendr\u00e1n lugar en Dinamarca, de 5 al 9 de septiembre 2019.<\/a><\/p>\n<p>Ambos equipos se desplazar\u00e1n a la zona de competici\u00f3n en agosto para volver, finalizadas la pruebas.<\/p>\n<h3>Las seleccionadas\u00a0 femeninas son las siguientes:<\/h3>\n<p>Titulares<\/p>\n<ul>\n<li>Alexandra Prat Prat<\/li>\n<li>Mal\u00e9n Sart Bonnin<\/li>\n<li>Rosa Gonz\u00e1lez Anreus<\/li>\n<\/ul>\n<p>Reserva<\/p>\n<ul>\n<li>M\u00f3nica Do\u00f1ate<\/li>\n<\/ul>\n<p><a href=\"https:\/\/www.sportalsub.net\/blog\/wp-content\/uploads\/2019\/07\/Selecc_Fem.jpg\" target=\"_blank\"><img loading=\"lazy\" decoding=\"async\" class=\"alignnone size-full wp-image-31235\" src=\"https:\/\/www.sportalsub.net\/blog\/wp-content\/uploads\/2019\/07\/Selecc_Fem.jpg\" alt=\"\" width=\"1115\" height=\"452\" srcset=\"https:\/\/www.sportalsub.net\/blog\/wp-content\/uploads\/2019\/07\/Selecc_Fem.jpg 1115w, https:\/\/www.sportalsub.net\/blog\/wp-content\/uploads\/2019\/07\/Selecc_Fem-300x122.jpg 300w, https:\/\/www.sportalsub.net\/blog\/wp-content\/uploads\/2019\/07\/Selecc_Fem-768x311.jpg 768w, https:\/\/www.sportalsub.net\/blog\/wp-content\/uploads\/2019\/07\/Selecc_Fem-1024x415.jpg 1024w\" sizes=\"auto, (max-width: 1115px) 100vw, 1115px\" \/><\/a><\/p>\n<p>Fuente: <a href=\"http:\/\/fedas.es\/deportistas-seleccionadas-para-el-equipo-nacional-femenino-y-el-i-campeonato-cmas-femenino-de-pesca-submarina\/\" target=\"_blank\" rel=\"noopener noreferrer\" target=\"_blank\">FEDAS Pesca Submarina<\/a><\/p>\n<hr \/>\n<p>&nbsp;<\/p>\n<h3>Los componentes del Equipo Nacional Masculino son:<\/h3>\n<p>David Fdez. Montero, \u00d3scar Cervantes, Xavier Blanco, Samuel Tom\u00e1s, Santiago L\u00f3pez Cid, \u00c1ngel Cruz, Jacobo Garc\u00eda, Jos\u00e9 Luis Fern\u00e1ndez y \u00d3scar Hidalgo.<\/p>\n<p>Los siete deportistas elegidos para desplazarse a Dinamarca son los siguientes:<\/p>\n<p>Titulares<\/p>\n<ul>\n<li>David Fdez. Montero<\/li>\n<li>\u00d3scar Cervantes<\/li>\n<li>Xavier Blanco<\/li>\n<\/ul>\n<p>Reservas<\/p>\n<ul>\n<li>Samuel Tom\u00e1s<\/li>\n<li>Santiago L\u00f3pez Cid<\/li>\n<li>\u00c1ngel Cruz<\/li>\n<li>Jacobo Garc\u00eda<\/li>\n<\/ul>\n<p><a href=\"https:\/\/www.sportalsub.net\/blog\/wp-content\/uploads\/2019\/07\/Selecc_Masc.jpg\" target=\"_blank\"><img loading=\"lazy\" decoding=\"async\" class=\"alignnone size-full wp-image-31236\" src=\"https:\/\/www.sportalsub.net\/blog\/wp-content\/uploads\/2019\/07\/Selecc_Masc.jpg\" alt=\"\" width=\"1067\" height=\"399\" srcset=\"https:\/\/www.sportalsub.net\/blog\/wp-content\/uploads\/2019\/07\/Selecc_Masc.jpg 1067w, https:\/\/www.sportalsub.net\/blog\/wp-content\/uploads\/2019\/07\/Selecc_Masc-300x112.jpg 300w, https:\/\/www.sportalsub.net\/blog\/wp-content\/uploads\/2019\/07\/Selecc_Masc-768x287.jpg 768w, https:\/\/www.sportalsub.net\/blog\/wp-content\/uploads\/2019\/07\/Selecc_Masc-1024x383.jpg 1024w\" sizes=\"auto, (max-width: 1067px) 100vw, 1067px\" \/><\/a><\/p>\n<p>Fuente: <a href=\"http:\/\/fedas.es\/deportistas-seleccionados-para-el-equipo-nacional-y-el-xxxii-campeonato-euro-africano-de-pesca-submarina\/\" target=\"_blank\" rel=\"noopener noreferrer\" target=\"_blank\">FEDAS Pesca Submarina<\/a><\/p>\n<div><a href=\"http:\/\/fedas.es\/comites-deportivos\/pesca-submarina\/\" target=\"_blank\" rel=\"noopener noreferrer\" target=\"_blank\"><img loading=\"lazy\" decoding=\"async\" class=\"alignnone size-full wp-image-31222\" src=\"https:\/\/www.sportalsub.net\/blog\/wp-content\/uploads\/2019\/07\/comitepescasub.gif\" alt=\"\" width=\"177\" height=\"131\" \/><\/a><\/div>\n<div><a href=\"http:\/\/fedas.es\/\" target=\"_blank\" rel=\"noopener noreferrer\" target=\"_blank\"><img loading=\"lazy\" decoding=\"async\" class=\"alignnone size-full wp-image-31223\" src=\"https:\/\/www.sportalsub.net\/blog\/wp-content\/uploads\/2019\/07\/logofedas.png\" alt=\"\" width=\"650\" height=\"136\" srcset=\"https:\/\/www.sportalsub.net\/blog\/wp-content\/uploads\/2019\/07\/logofedas.png 650w, https:\/\/www.sportalsub.net\/blog\/wp-content\/uploads\/2019\/07\/logofedas-300x63.png 300w\" sizes=\"auto, (max-width: 650px) 100vw, 650px\" \/><\/a><\/div>\n","protected":false},"excerpt":{"rendered":"<p>(Sportalsub.net \/ FEDAS Pesca Submarina) Finalizados los Campeonatos Individuales Femenino y Masculino de Pesca Sumbarina del 2019, los seleccionadores nacionales: Bernat Castell del femenino y Andreu Sureda, Marino Ferrer y Patxi D\u00edaz del masculino, han hecho p\u00fablicas las listas de los deportistas que han sido seleccionados para formar parte del Equipo Nacional de pesca submarina que representar\u00e1 a Espa\u00f1a en [&#8230;]<\/p>\n","protected":false},"author":1,"featured_media":31234,"comment_status":"open","ping_status":"closed","sticky":false,"template":"","format":"standard","meta":{"_lmt_disableupdate":"","_lmt_disable":"","jetpack_post_was_ever_published":false,"_jetpack_newsletter_access":"","_jetpack_dont_email_post_to_subs":false,"_jetpack_newsletter_tier_id":0,"_jetpack_memberships_contains_paywalled_content":false,"_jetpack_memberships_contains_paid_content":false,"footnotes":"","jetpack_publicize_message":"","jetpack_publicize_feature_enabled":true,"jetpack_social_post_already_shared":true,"jetpack_social_options":{"image_generator_settings":{"template":"highway","default_image_id":0,"font":"","enabled":false},"version":2}},"categories":[347,10,18],"tags":[],"class_list":["post-31232","post","type-post","status-publish","format-standard","has-post-thumbnail","hentry","category-destacados","category-espana","category-pesca-submarina"],"modified_by":"Sportalsub.net","views":2151,"jetpack_publicize_connections":[],"jetpack_featured_media_url":"https:\/\/www.sportalsub.net\/blog\/wp-content\/uploads\/2019\/07\/seleccionespanapescasub2019.jpg","jetpack_sharing_enabled":true,"jetpack_shortlink":"https:\/\/wp.me\/pf9lN-87K","jetpack_likes_enabled":false,"jetpack-related-posts":[{"id":29778,"url":"https:\/\/www.sportalsub.net\/blog\/spearfishingdenmark2019","url_meta":{"origin":31232,"position":0},"title":"\ud83c\udde9\ud83c\uddf0 Resultados &#8211; XXXII Campeonato Euro-africano de Pesca Submarina y 1ra Copa Euro-africana Femenina de Pesca Submarina CMAS &#8211; Dinamarca 2019","author":"Sportalsub.net","date":"12 septiembre 2019","format":false,"excerpt":"(Sportalsub.net \/ CMAS \/ DSF \/ FEDAS Pesca Submarina) Read in English El XXXII Campeonato Euro-africano de Pesca Submarina y 1ra Copa Euro-africana Femenina de Pesca Submarina CMAS se llev\u00f3 a cabo del 5 al 9 de septiembre de 2019 en Svendborg, Dinamarca. \ud83c\uddea\ud83c\uddf8\u00a0Los espa\u00f1oles \u00d3scar Cervantes campe\u00f3n de Euro-\u00c1frica,\u2026","rel":"","context":"En \u00abDestacados\u00bb","block_context":{"text":"Destacados","link":"https:\/\/www.sportalsub.net\/blog\/category\/mas\/destacados\/"},"img":{"alt_text":"","src":"https:\/\/i0.wp.com\/www.sportalsub.net\/blog\/wp-content\/uploads\/2019\/09\/resultadoseuroafricanopescasub.jpg?resize=350%2C200&ssl=1","width":350,"height":200,"srcset":"https:\/\/i0.wp.com\/www.sportalsub.net\/blog\/wp-content\/uploads\/2019\/09\/resultadoseuroafricanopescasub.jpg?resize=350%2C200&ssl=1 1x, https:\/\/i0.wp.com\/www.sportalsub.net\/blog\/wp-content\/uploads\/2019\/09\/resultadoseuroafricanopescasub.jpg?resize=525%2C300&ssl=1 1.5x, https:\/\/i0.wp.com\/www.sportalsub.net\/blog\/wp-content\/uploads\/2019\/09\/resultadoseuroafricanopescasub.jpg?resize=700%2C400&ssl=1 2x"},"classes":[]},{"id":31215,"url":"https:\/\/www.sportalsub.net\/blog\/resultados-campeones-de-espana-de-pesca-submarina-masculino-y-femenino-2019\/","url_meta":{"origin":31232,"position":1},"title":"\ud83c\uddea\ud83c\uddf8 Resultados &#8211; Campeonatos de Espa\u00f1a de Pesca Submarina Masculino y Femenino 2019","author":"Sportalsub.net","date":"4 julio 2019","format":false,"excerpt":"(Sportalsub.net \/ FEDAS Pesca Submarina) C\u00e1diz se ha convertido el pasado fin de semana del 28 al 30 de junio en la capital de la pesca submarina en Espa\u00f1a, en sus ricas aguas, se han celebrado el LXIII Campeonato Individual Masculino y el VI Femenino de Espa\u00f1a de pesca Submarina,\u2026","rel":"","context":"En \u00abEspa\u00f1a\u00bb","block_context":{"text":"Espa\u00f1a","link":"https:\/\/www.sportalsub.net\/blog\/category\/paises\/europa\/espana\/"},"img":{"alt_text":"","src":"https:\/\/i0.wp.com\/www.sportalsub.net\/blog\/wp-content\/uploads\/2019\/07\/Montaje-CTO-2019.jpg?resize=350%2C200&ssl=1","width":350,"height":200,"srcset":"https:\/\/i0.wp.com\/www.sportalsub.net\/blog\/wp-content\/uploads\/2019\/07\/Montaje-CTO-2019.jpg?resize=350%2C200&ssl=1 1x, https:\/\/i0.wp.com\/www.sportalsub.net\/blog\/wp-content\/uploads\/2019\/07\/Montaje-CTO-2019.jpg?resize=525%2C300&ssl=1 1.5x"},"classes":[]},{"id":28680,"url":"https:\/\/www.sportalsub.net\/blog\/fedesub-cmas-chile-anuncia-sus-seleccionados-nacionales-masculino-y-femenino-de-pesca-submarina-2018\/","url_meta":{"origin":31232,"position":2},"title":"\ud83c\udde8\ud83c\uddf1 FEDESUB &#8211; CMAS Chile anuncia sus Seleccionados Nacionales Femenino y Masculino de Pesca Submarina 2018","author":"Sportalsub.net","date":"16 agosto 2018","format":false,"excerpt":"(Sportalsub.net \/ FEDESUB - CMAS Chile) La Federaci\u00f3n Deportiva Nacional de Actividades Subacu\u00e1ticas y Salvamento Acu\u00e1tico (FEDESUB - CMAS Chile) ha dado a conocer en su sitio web oficial y redes sociales, los Seleccionados Nacionales de Pesca Submarina que participar\u00e1n en el mes de Septiembre en el\u00a0XXXI Campeonato Mundial CMAS\u2026","rel":"","context":"En \u00abChile\u00bb","block_context":{"text":"Chile","link":"https:\/\/www.sportalsub.net\/blog\/category\/paises\/america\/chile\/"},"img":{"alt_text":"","src":"https:\/\/i0.wp.com\/www.sportalsub.net\/blog\/wp-content\/uploads\/2018\/08\/masculina.jpg?resize=350%2C200&ssl=1","width":350,"height":200,"srcset":"https:\/\/i0.wp.com\/www.sportalsub.net\/blog\/wp-content\/uploads\/2018\/08\/masculina.jpg?resize=350%2C200&ssl=1 1x, https:\/\/i0.wp.com\/www.sportalsub.net\/blog\/wp-content\/uploads\/2018\/08\/masculina.jpg?resize=525%2C300&ssl=1 1.5x, https:\/\/i0.wp.com\/www.sportalsub.net\/blog\/wp-content\/uploads\/2018\/08\/masculina.jpg?resize=700%2C400&ssl=1 2x"},"classes":[]},{"id":27073,"url":"https:\/\/www.sportalsub.net\/blog\/stage-tecnico-de-la-seleccion-nacional-femenina-de-pesca-submarina-de-espana-2017\/","url_meta":{"origin":31232,"position":3},"title":"\ud83c\uddea\ud83c\uddf8 Realizado Stage t\u00e9cnico 2017 de la Selecci\u00f3n Nacional Femenina de Pesca Submarina de Espa\u00f1a","author":"Sportalsub.net","date":"16 diciembre 2017","format":false,"excerpt":"(Sportalsub.net \/ FEDAS Pesca Submarina) Aprovechando la celebraci\u00f3n de del XXXV Trofeo Pep Amengual se ha hecho un stage t\u00e9cnico de la Selecci\u00f3n Nacional Femenina de Pesca Submarina, del 6 al 9 de diciembre, en Can Picafort (Mallorca). Las deportistas convocadas para este stage han sido: Silvia Albarrac\u00edn (Fed. Valenciana),\u2026","rel":"","context":"En \u00abEspa\u00f1a\u00bb","block_context":{"text":"Espa\u00f1a","link":"https:\/\/www.sportalsub.net\/blog\/category\/paises\/europa\/espana\/"},"img":{"alt_text":"","src":"https:\/\/i0.wp.com\/www.sportalsub.net\/blog\/wp-content\/uploads\/2017\/12\/Stage_Fem_2017_2.jpg?resize=350%2C200&ssl=1","width":350,"height":200,"srcset":"https:\/\/i0.wp.com\/www.sportalsub.net\/blog\/wp-content\/uploads\/2017\/12\/Stage_Fem_2017_2.jpg?resize=350%2C200&ssl=1 1x, https:\/\/i0.wp.com\/www.sportalsub.net\/blog\/wp-content\/uploads\/2017\/12\/Stage_Fem_2017_2.jpg?resize=525%2C300&ssl=1 1.5x"},"classes":[]},{"id":45532,"url":"https:\/\/www.sportalsub.net\/blog\/campeonato-de-espana-individual-masculino-y-femenino-de-pesca-submarina-fedas-2021\/","url_meta":{"origin":31232,"position":4},"title":"\ud83c\uddea\ud83c\uddf8 Resultados &#8211; Campeonato de Espa\u00f1a Individual Masculino y Femenino de Pesca Submarina FEDAS 2021","author":"Sportalsub.net","date":"6 julio 2021","format":false,"excerpt":"(Sportalsub.net \/ FEDAS \/ FCDAS) El LXIV Campeonato de Espa\u00f1a Individual masculino de Pesca Submarina y VII Campeonato de Espa\u00f1a Individual femenino de la Federaci\u00f3n Espa\u00f1ola de Actividades Subacu\u00e1ticas (FEDAS) se llev\u00f3 a cabo del 2 al 4 de Julio 2021 en Ribamont\u00e1n al Mar (Cantabria) bajo la organizaci\u00f3n de\u2026","rel":"","context":"En \u00abEspa\u00f1a\u00bb","block_context":{"text":"Espa\u00f1a","link":"https:\/\/www.sportalsub.net\/blog\/category\/paises\/europa\/espana\/"},"img":{"alt_text":"","src":"https:\/\/i0.wp.com\/www.sportalsub.net\/blog\/wp-content\/uploads\/2021\/07\/pescasubespanaportada.jpg?resize=350%2C200&ssl=1","width":350,"height":200,"srcset":"https:\/\/i0.wp.com\/www.sportalsub.net\/blog\/wp-content\/uploads\/2021\/07\/pescasubespanaportada.jpg?resize=350%2C200&ssl=1 1x, https:\/\/i0.wp.com\/www.sportalsub.net\/blog\/wp-content\/uploads\/2021\/07\/pescasubespanaportada.jpg?resize=525%2C300&ssl=1 1.5x, https:\/\/i0.wp.com\/www.sportalsub.net\/blog\/wp-content\/uploads\/2021\/07\/pescasubespanaportada.jpg?resize=700%2C400&ssl=1 2x"},"classes":[]},{"id":30519,"url":"https:\/\/www.sportalsub.net\/blog\/vii-cmas-spearfishing-panamerican-championship-argentina-2019","url_meta":{"origin":31232,"position":5},"title":"\ud83c\udde6\ud83c\uddf7 Resultados &#8211; VII Campeonato Panamericano CMAS de Pesca Submarina. Argentina 2019","author":"Sportalsub.net","date":"29 septiembre 2019","format":false,"excerpt":"(Sportalsub.net \/ FAAS \/ CMAS \/ CMAS Zona Am\u00e9rica) \u2013 Read in English El VII Campeonato Panamericano de Pesca Submarina masculino de la Confederaci\u00f3n Mundial de Actividades Subacu\u00e1ticas se llev\u00f3 a cabo del 25 al 30 de septiembre 2019 en Comodoro Rivadavia, ubicado en Chubut en la Patagonia Argentina, en\u2026","rel":"","context":"En \u00abArgentina\u00bb","block_context":{"text":"Argentina","link":"https:\/\/www.sportalsub.net\/blog\/category\/paises\/america\/argentina\/"},"img":{"alt_text":"","src":"https:\/\/i0.wp.com\/www.sportalsub.net\/blog\/wp-content\/uploads\/2019\/09\/001.jpg?resize=350%2C200&ssl=1","width":350,"height":200,"srcset":"https:\/\/i0.wp.com\/www.sportalsub.net\/blog\/wp-content\/uploads\/2019\/09\/001.jpg?resize=350%2C200&ssl=1 1x, https:\/\/i0.wp.com\/www.sportalsub.net\/blog\/wp-content\/uploads\/2019\/09\/001.jpg?resize=525%2C300&ssl=1 1.5x, https:\/\/i0.wp.com\/www.sportalsub.net\/blog\/wp-content\/uploads\/2019\/09\/001.jpg?resize=700%2C400&ssl=1 2x"},"classes":[]}],"_links":{"self":[{"href":"https:\/\/www.sportalsub.net\/blog\/wp-json\/wp\/v2\/posts\/31232","targetHints":{"allow":["GET"]}}],"collection":[{"href":"https:\/\/www.sportalsub.net\/blog\/wp-json\/wp\/v2\/posts"}],"about":[{"href":"https:\/\/www.sportalsub.net\/blog\/wp-json\/wp\/v2\/types\/post"}],"author":[{"embeddable":true,"href":"https:\/\/www.sportalsub.net\/blog\/wp-json\/wp\/v2\/users\/1"}],"replies":[{"embeddable":true,"href":"https:\/\/www.sportalsub.net\/blog\/wp-json\/wp\/v2\/comments?post=31232"}],"version-history":[{"count":0,"href":"https:\/\/www.sportalsub.net\/blog\/wp-json\/wp\/v2\/posts\/31232\/revisions"}],"wp:featuredmedia":[{"embeddable":true,"href":"https:\/\/www.sportalsub.net\/blog\/wp-json\/wp\/v2\/media\/31234"}],"wp:attachment":[{"href":"https:\/\/www.sportalsub.net\/blog\/wp-json\/wp\/v2\/media?parent=31232"}],"wp:term":[{"taxonomy":"category","embeddable":true,"href":"https:\/\/www.sportalsub.net\/blog\/wp-json\/wp\/v2\/categories?post=31232"},{"taxonomy":"post_tag","embeddable":true,"href":"https:\/\/www.sportalsub.net\/blog\/wp-json\/wp\/v2\/tags?post=31232"}],"curies":[{"name":"wp","href":"https:\/\/api.w.org\/{rel}","templated":true}]}}