{"id":31253,"date":"2019-07-14T18:10:02","date_gmt":"2019-07-14T22:10:02","guid":{"rendered":"https:\/\/www.sportalsub.net\/blog\/?p=31253"},"modified":"2019-07-19T22:39:07","modified_gmt":"2019-07-20T02:39:07","slug":"%f0%9f%87%aa%f0%9f%87%b8-xlix-campeonato-de-espana-de-natacion-con-aletas-junior-senior-barcelona-julio-2019","status":"publish","type":"post","link":"https:\/\/www.sportalsub.net\/blog\/49-campeonato-nadosub-barcelona-espana-2019","title":{"rendered":"\ud83c\uddea\ud83c\uddf8 Resultados &#8211; XLIX Campeonato de Espa\u00f1a de Nataci\u00f3n con Aletas Junior-Senior. Barcelona, Julio 2019"},"content":{"rendered":"<p>&nbsp;<\/p>\n<p><a href=\"https:\/\/www.sportalsub.net\/blog\/wp-content\/uploads\/2019\/07\/resultados-fedas-2019.jpg\" target=\"_blank\"><img loading=\"lazy\" decoding=\"async\" class=\"alignnone size-full wp-image-31415\" src=\"https:\/\/www.sportalsub.net\/blog\/wp-content\/uploads\/2019\/07\/resultados-fedas-2019.jpg\" alt=\"\" width=\"900\" height=\"600\" srcset=\"https:\/\/www.sportalsub.net\/blog\/wp-content\/uploads\/2019\/07\/resultados-fedas-2019.jpg 900w, https:\/\/www.sportalsub.net\/blog\/wp-content\/uploads\/2019\/07\/resultados-fedas-2019-300x200.jpg 300w, https:\/\/www.sportalsub.net\/blog\/wp-content\/uploads\/2019\/07\/resultados-fedas-2019-768x512.jpg 768w, https:\/\/www.sportalsub.net\/blog\/wp-content\/uploads\/2019\/07\/resultados-fedas-2019-177x118.jpg 177w\" sizes=\"auto, (max-width: 900px) 100vw, 900px\" \/><\/a><\/p>\n<p>(Sportalsub.net \/ FEDAS \/ FECDAS \/ Club Esportiu Mediterrani)<\/p>\n<p>Los d\u00edas 13 y 14 de Julio 2019, en las instalaciones del Club Esportiu Mediterrani en Barcelona se llev\u00f3 a cabo el XLIX Campeonato de Espa\u00f1a de Nataci\u00f3n con Aletas Junior-Senior de la Federaci\u00f3n Espa\u00f1ola de Actividades Subacu\u00e1ticas (FEDAS).<\/p>\n<p><a href=\"http:\/\/b-swim.com\/Resultados\/2019CtoEspanaFEDAS_Barcelona\/ResultadosCompletos_v1.pdf\" target=\"_blank\" rel=\"noopener noreferrer\" target=\"_blank\"><strong>Resultados completos<\/strong><\/a><\/p>\n<p><a href=\"http:\/\/fedas.es\/wp-content\/uploads\/2019\/07\/Cpto-Espa%C3%B1a-Nataci%C3%B3n-con-ALetas-Junior-Senior-2019-Series.pdf\" target=\"_blank\" rel=\"noopener noreferrer\" target=\"_blank\"><strong>Series<\/strong><\/a><\/p>\n<p><a href=\"http:\/\/b-swim.com\/Resultados\/2019CtoEspanaFEDAS_Barcelona\/index.html\" target=\"_blank\" rel=\"noopener noreferrer\" target=\"_blank\"><strong>Resultados en Directo<\/strong><\/a><\/p>\n<p><strong>Este fin de semana, 13 y 14 de julio, se disput\u00f3 el 49<sup>\u00ba\u00a0<\/sup>Campeonato de Espa\u00f1a de Nataci\u00f3n con Aletas J\u00fanior-S\u00e9nior en Barcelona<\/strong><\/p>\n<p>Este fin de semana, 13 y 14 de julio, tuvo lugar el 49<sup>\u00ba\u00a0<\/sup>Campeonato de Espa\u00f1a de Nataci\u00f3n con Aletas J\u00fanior-S\u00e9nior en las piscinas del Club Esportiu Mediterrani (instalaci\u00f3n Josep Vall\u00e8s del c.\/Begur 44).<\/p>\n<p>El campeonato se dividi\u00f3 en dos sesiones cada d\u00eda: una por la ma\u00f1ana que comenz\u00f3 a las 10.00h, y una por la tarde, a las 17.00h.<\/p>\n<p>Respecto a la participaci\u00f3n, la competici\u00f3n cont\u00f3 con un total de 288 nadadores y nadadoras (141 de la categor\u00eda femenina y 147 de la masculina). El equipo que m\u00e1s participantes present\u00f3 fue el C.E. Mediterrani con 41 nadadores\/as; seguido del C.S.S Top-Ten, con 34. Entre los equipos que con participaci\u00f3n menor, se encontraron\u00a0 S.A. Veloz con 3 nadadores y C.N. Tizona con 4 nadadores\/as.<\/p>\n<p><strong>Anna Ari\u00f1o Gallardo<\/strong><\/p>\n<p><a href=\"http:\/\/fedas.es\/wp-content\/uploads\/2019\/04\/Reglamento-Particular-Cto-Espa%C3%B1a-NA-Jun-Sen-2019-ver-1.pdf\" target=\"_blank\" rel=\"noopener noreferrer\" target=\"_blank\"><strong>Reglamento Particular<\/strong><\/a><\/p>\n<p><strong>M\u00e1s informaci\u00f3n:<br \/>\n<\/strong><strong><a href=\"http:\/\/fedas.es\/campeonato-de-espana-de-natacion-con-aletas-junior-senior\/\" target=\"_blank\" rel=\"noopener noreferrer\" target=\"_blank\">FEDAS<\/a> \/ <a href=\"https:\/\/clubesportiumediterrani.com\/noticia\/70\/49e-campionat-espanya-senior-junior-de-natacio-amb-aletes\/\" target=\"_blank\" rel=\"noopener noreferrer\" target=\"_blank\">Club Esportiu Mediterrani<\/a><\/strong><\/p>\n<p><a href=\"https:\/\/www.sportalsub.net\/blog\/wp-content\/uploads\/2019\/07\/poster.png\" target=\"_blank\"><img loading=\"lazy\" decoding=\"async\" class=\"alignnone size-full wp-image-31260\" src=\"https:\/\/www.sportalsub.net\/blog\/wp-content\/uploads\/2019\/07\/poster.png\" alt=\"\" width=\"900\" height=\"1269\" srcset=\"https:\/\/www.sportalsub.net\/blog\/wp-content\/uploads\/2019\/07\/poster.png 900w, https:\/\/www.sportalsub.net\/blog\/wp-content\/uploads\/2019\/07\/poster-213x300.png 213w, https:\/\/www.sportalsub.net\/blog\/wp-content\/uploads\/2019\/07\/poster-768x1083.png 768w, https:\/\/www.sportalsub.net\/blog\/wp-content\/uploads\/2019\/07\/poster-726x1024.png 726w\" sizes=\"auto, (max-width: 900px) 100vw, 900px\" \/><\/a><\/p>\n<p><a href=\"https:\/\/www.sportalsub.net\/blog\/wp-content\/uploads\/2019\/07\/49nadosubespana.jpg\" target=\"_blank\"><img loading=\"lazy\" decoding=\"async\" class=\"alignnone size-full wp-image-31259\" src=\"https:\/\/www.sportalsub.net\/blog\/wp-content\/uploads\/2019\/07\/49nadosubespana.jpg\" alt=\"\" width=\"900\" height=\"600\" srcset=\"https:\/\/www.sportalsub.net\/blog\/wp-content\/uploads\/2019\/07\/49nadosubespana.jpg 900w, https:\/\/www.sportalsub.net\/blog\/wp-content\/uploads\/2019\/07\/49nadosubespana-300x200.jpg 300w, https:\/\/www.sportalsub.net\/blog\/wp-content\/uploads\/2019\/07\/49nadosubespana-768x512.jpg 768w, https:\/\/www.sportalsub.net\/blog\/wp-content\/uploads\/2019\/07\/49nadosubespana-177x118.jpg 177w\" sizes=\"auto, (max-width: 900px) 100vw, 900px\" \/><\/a><\/p>\n","protected":false},"excerpt":{"rendered":"<p>&nbsp; (Sportalsub.net \/ FEDAS \/ FECDAS \/ Club Esportiu Mediterrani) Los d\u00edas 13 y 14 de Julio 2019, en las instalaciones del Club Esportiu Mediterrani en Barcelona se llev\u00f3 a cabo el XLIX Campeonato de Espa\u00f1a de Nataci\u00f3n con Aletas Junior-Senior de la Federaci\u00f3n Espa\u00f1ola de Actividades Subacu\u00e1ticas (FEDAS). Resultados completos Series Resultados en Directo Este fin de semana, 13 [&#8230;]<\/p>\n","protected":false},"author":1,"featured_media":31415,"comment_status":"open","ping_status":"closed","sticky":false,"template":"","format":"standard","meta":{"_lmt_disableupdate":"","_lmt_disable":"","jetpack_post_was_ever_published":false,"_jetpack_newsletter_access":"","_jetpack_dont_email_post_to_subs":false,"_jetpack_newsletter_tier_id":0,"_jetpack_memberships_contains_paywalled_content":false,"_jetpack_memberships_contains_paid_content":false,"footnotes":"","jetpack_publicize_message":"","jetpack_publicize_feature_enabled":true,"jetpack_social_post_already_shared":true,"jetpack_social_options":{"image_generator_settings":{"template":"highway","default_image_id":0,"font":"","enabled":false},"version":2}},"categories":[347,10,12,120],"tags":[],"class_list":["post-31253","post","type-post","status-publish","format-standard","has-post-thumbnail","hentry","category-destacados","category-espana","category-natacion-con-aletas","category-resultados"],"modified_by":"Sportalsub.net","views":4251,"jetpack_publicize_connections":[],"jetpack_featured_media_url":"https:\/\/www.sportalsub.net\/blog\/wp-content\/uploads\/2019\/07\/resultados-fedas-2019.jpg","jetpack_sharing_enabled":true,"jetpack_shortlink":"https:\/\/wp.me\/pf9lN-885","jetpack_likes_enabled":false,"jetpack-related-posts":[{"id":21091,"url":"https:\/\/www.sportalsub.net\/blog\/junior-senior-aletas-fedas-2015","url_meta":{"origin":31253,"position":0},"title":"\ud83c\uddea\ud83c\uddf8 Resultados XLV Campeonato de Espa\u00f1a Junior y Senior de Nataci\u00f3n con Aletas","author":"Sportalsub.net","date":"13 julio 2015","format":false,"excerpt":"(Sportalsub.net \/ Nataci\u00f3n con Aletas\u00a0FEDAS \/ FECDAS) XLV Campeonato de Espa\u00f1a Junior y Senior de Nataci\u00f3n con Aletas y Velocidad en Inmersi\u00f3n por Clubes. Barcelona, 11 y 12 de julio El Club CADAS de la Federaci\u00f3n Aragonesa obtiene el primer puesto en el Campeonato de Espa\u00f1a Junior-Senior de Nataci\u00f3n con\u2026","rel":"","context":"En \u00abEspa\u00f1a\u00bb","block_context":{"text":"Espa\u00f1a","link":"https:\/\/www.sportalsub.net\/blog\/category\/paises\/europa\/espana\/"},"img":{"alt_text":"","src":"https:\/\/i0.wp.com\/www.sportalsub.net\/blog\/wp-content\/uploads\/2015\/07\/clubcadas.jpg?resize=350%2C200&ssl=1","width":350,"height":200,"srcset":"https:\/\/i0.wp.com\/www.sportalsub.net\/blog\/wp-content\/uploads\/2015\/07\/clubcadas.jpg?resize=350%2C200&ssl=1 1x, https:\/\/i0.wp.com\/www.sportalsub.net\/blog\/wp-content\/uploads\/2015\/07\/clubcadas.jpg?resize=525%2C300&ssl=1 1.5x, https:\/\/i0.wp.com\/www.sportalsub.net\/blog\/wp-content\/uploads\/2015\/07\/clubcadas.jpg?resize=700%2C400&ssl=1 2x"},"classes":[]},{"id":74218,"url":"https:\/\/www.sportalsub.net\/blog\/nadosub-fedas-junior-senior-2024","url_meta":{"origin":31253,"position":1},"title":"\ud83c\uddea\ud83c\uddf8 Resultados &#8211; LIII Campeonato de Espa\u00f1a de Nataci\u00f3n con Aletas Junior &#8211; Senior FEDAS. Barcelona 2024","author":"Sportalsub.net","date":"22 julio 2024","format":false,"excerpt":"(Sportalsub.net \/ FEDAS) La Federaci\u00f3n Espa\u00f1ola de Actividades Subacu\u00e1ticas (FEDAS) y la Federaci\u00f3n Catalana de Actividades Subacu\u00e1ticas organizaron el LIII Campeonato de Espa\u00f1a Junior - Senior de Nataci\u00f3n con Aletas y Velocidad en Inmersi\u00f3n por clubes, los d\u00edas 20 y 21 de julio 2024 en la piscina del Club Esportiu\u2026","rel":"","context":"En \u00abEspa\u00f1a\u00bb","block_context":{"text":"Espa\u00f1a","link":"https:\/\/www.sportalsub.net\/blog\/category\/paises\/europa\/espana\/"},"img":{"alt_text":"","src":"https:\/\/i0.wp.com\/www.sportalsub.net\/blog\/wp-content\/uploads\/2024\/07\/natacionconaletasjulio2024.jpg?resize=350%2C200&ssl=1","width":350,"height":200,"srcset":"https:\/\/i0.wp.com\/www.sportalsub.net\/blog\/wp-content\/uploads\/2024\/07\/natacionconaletasjulio2024.jpg?resize=350%2C200&ssl=1 1x, https:\/\/i0.wp.com\/www.sportalsub.net\/blog\/wp-content\/uploads\/2024\/07\/natacionconaletasjulio2024.jpg?resize=525%2C300&ssl=1 1.5x, https:\/\/i0.wp.com\/www.sportalsub.net\/blog\/wp-content\/uploads\/2024\/07\/natacionconaletasjulio2024.jpg?resize=700%2C400&ssl=1 2x"},"classes":[]},{"id":24645,"url":"https:\/\/www.sportalsub.net\/blog\/campeonato-de-espana-de-natacion-con-aletas-infantil-cadete-2016\/","url_meta":{"origin":31253,"position":2},"title":"\ud83c\uddea\ud83c\uddf8 Resultados Campeonato de Espa\u00f1a de Nataci\u00f3n con Aletas Infantil-Cadete 2016","author":"Sportalsub.net","date":"7 julio 2016","format":false,"excerpt":"(Sportalsub.net \/ FEDAS \/ FECDAS) El\u00a0fin de semana 2 y 3 de \u00a0julio, se llev\u00f3 a cabo en el Club Esportiu Mediterrani en Barcelona, el 18\u00b0 Campeonato de Espa\u00f1a de Nataci\u00f3n con Aletas Infantil-Cadete 2016, organizado\u00a0por el Departamento de Nataci\u00f3n con Aletas de FEDAS y \u00a0el\u00a0Departamento de Nataci\u00f3n con Aletas\u2026","rel":"","context":"En \u00abEspa\u00f1a\u00bb","block_context":{"text":"Espa\u00f1a","link":"https:\/\/www.sportalsub.net\/blog\/category\/paises\/europa\/espana\/"},"img":{"alt_text":"","src":"https:\/\/i0.wp.com\/www.sportalsub.net\/blog\/wp-content\/uploads\/2016\/07\/infantil-esp2.jpg?resize=350%2C200&ssl=1","width":350,"height":200,"srcset":"https:\/\/i0.wp.com\/www.sportalsub.net\/blog\/wp-content\/uploads\/2016\/07\/infantil-esp2.jpg?resize=350%2C200&ssl=1 1x, https:\/\/i0.wp.com\/www.sportalsub.net\/blog\/wp-content\/uploads\/2016\/07\/infantil-esp2.jpg?resize=525%2C300&ssl=1 1.5x, https:\/\/i0.wp.com\/www.sportalsub.net\/blog\/wp-content\/uploads\/2016\/07\/infantil-esp2.jpg?resize=700%2C400&ssl=1 2x"},"classes":[]},{"id":23932,"url":"https:\/\/www.sportalsub.net\/blog\/selecciones-natacion-con-aletas-espana-2016","url_meta":{"origin":31253,"position":3},"title":"\ud83c\uddea\ud83c\uddf8 Espa\u00f1a da a conocer a sus Selecciones Nacionales de Nataci\u00f3n con Aletas a los Campeonatos Mundiales 2016","author":"Sportalsub.net","date":"15 abril 2016","format":false,"excerpt":"(Sportalsub.net \/ Nataci\u00f3n con Aletas FEDAS) La entrenadora Mireia Ferrandiz, Seleccionadora Nacional de Nataci\u00f3n con Aletas de la la Federaci\u00f3n Espa\u00f1ola de Actividades Subacu\u00e1ticas (FEDAS)\u00a0 ha dado a conocer los listados de atletas y t\u00e9cnicos seleccionados para representar a Espa\u00f1a en los Campeonatos Mundiales Senior y Junior,\u00a0a realizarse en los\u2026","rel":"","context":"En \u00abEspa\u00f1a\u00bb","block_context":{"text":"Espa\u00f1a","link":"https:\/\/www.sportalsub.net\/blog\/category\/paises\/europa\/espana\/"},"img":{"alt_text":"","src":"https:\/\/i0.wp.com\/www.sportalsub.net\/blog\/wp-content\/uploads\/2016\/04\/natacion-aletas-esp.jpg?resize=350%2C200&ssl=1","width":350,"height":200,"srcset":"https:\/\/i0.wp.com\/www.sportalsub.net\/blog\/wp-content\/uploads\/2016\/04\/natacion-aletas-esp.jpg?resize=350%2C200&ssl=1 1x, https:\/\/i0.wp.com\/www.sportalsub.net\/blog\/wp-content\/uploads\/2016\/04\/natacion-aletas-esp.jpg?resize=525%2C300&ssl=1 1.5x, https:\/\/i0.wp.com\/www.sportalsub.net\/blog\/wp-content\/uploads\/2016\/04\/natacion-aletas-esp.jpg?resize=700%2C400&ssl=1 2x, https:\/\/i0.wp.com\/www.sportalsub.net\/blog\/wp-content\/uploads\/2016\/04\/natacion-aletas-esp.jpg?resize=1050%2C600&ssl=1 3x"},"classes":[]},{"id":30755,"url":"https:\/\/www.sportalsub.net\/blog\/equipos-nacionales-de-natacion-con-aletas-de-espana-2019\/","url_meta":{"origin":31253,"position":4},"title":"\ud83c\uddea\ud83c\uddf8 FEDAS publica los equipos Nacionales Junior y Senior de Nataci\u00f3n con Aletas de Espa\u00f1a 2019","author":"Sportalsub.net","date":"17 mayo 2019","format":false,"excerpt":"(Sportalsub.net \/ FEDAS) El Comit\u00e9 de Nataci\u00f3n con Aletas de la Federaci\u00f3n Espa\u00f1ola de Actividades Subacu\u00e1ticas (FEDAS) ha publicado sus equipos nacionales para los pr\u00f3ximos Campeonatos Internacionales CMAS de esta disciplina CONVOCATORIA SELECCI\u00d3N ESPA\u00d1OLA SENIOR NATACI\u00d3N CON ALETAS QUE PARTICIPAR\u00c1 EN EL CAMPEONATO DE EUROPA EN IOANNINA (GRECIA) DEL 26\u2026","rel":"","context":"En \u00abDestacados\u00bb","block_context":{"text":"Destacados","link":"https:\/\/www.sportalsub.net\/blog\/category\/mas\/destacados\/"},"img":{"alt_text":"","src":"https:\/\/i0.wp.com\/www.sportalsub.net\/blog\/wp-content\/uploads\/2019\/05\/spainfinswimming2019.jpg?resize=350%2C200&ssl=1","width":350,"height":200,"srcset":"https:\/\/i0.wp.com\/www.sportalsub.net\/blog\/wp-content\/uploads\/2019\/05\/spainfinswimming2019.jpg?resize=350%2C200&ssl=1 1x, https:\/\/i0.wp.com\/www.sportalsub.net\/blog\/wp-content\/uploads\/2019\/05\/spainfinswimming2019.jpg?resize=525%2C300&ssl=1 1.5x, https:\/\/i0.wp.com\/www.sportalsub.net\/blog\/wp-content\/uploads\/2019\/05\/spainfinswimming2019.jpg?resize=700%2C400&ssl=1 2x"},"classes":[]},{"id":24795,"url":"https:\/\/www.sportalsub.net\/blog\/resultados-xlvi-campeonato-de-espana-junior-senior-de-natacion-con-aletas-por-clubes-2016\/","url_meta":{"origin":31253,"position":5},"title":"\ud83c\uddea\ud83c\uddf8 Resultados XLVI Campeonato de Espa\u00f1a Junior-Senior de Nataci\u00f3n con Aletas por clubes 2016","author":"Sportalsub.net","date":"20 julio 2016","format":false,"excerpt":"Foto: Miguel Rodriguez (Sportalsub.net \/ FEDAS \/ FASCV) El\u00a0fin de semana 16\u00a0y 17\u00a0de \u00a0julio se llev\u00f3 a cabo en Alicante, el XLVI Campeonato de Espa\u00f1a Junior-Senior de Nataci\u00f3n con Aletas y velocidad en inmersipon por clubes 2016, organizado\u00a0por el Departamento de Nataci\u00f3n con Aletas de FEDAS y \u00a0el\u00a0Departamento de Nataci\u00f3n\u2026","rel":"","context":"En \u00abEspa\u00f1a\u00bb","block_context":{"text":"Espa\u00f1a","link":"https:\/\/www.sportalsub.net\/blog\/category\/paises\/europa\/espana\/"},"img":{"alt_text":"","src":"https:\/\/i0.wp.com\/www.sportalsub.net\/blog\/wp-content\/uploads\/2016\/08\/resultados-esp-jun-sen-2016.jpg?resize=350%2C200&ssl=1","width":350,"height":200,"srcset":"https:\/\/i0.wp.com\/www.sportalsub.net\/blog\/wp-content\/uploads\/2016\/08\/resultados-esp-jun-sen-2016.jpg?resize=350%2C200&ssl=1 1x, https:\/\/i0.wp.com\/www.sportalsub.net\/blog\/wp-content\/uploads\/2016\/08\/resultados-esp-jun-sen-2016.jpg?resize=525%2C300&ssl=1 1.5x, https:\/\/i0.wp.com\/www.sportalsub.net\/blog\/wp-content\/uploads\/2016\/08\/resultados-esp-jun-sen-2016.jpg?resize=700%2C400&ssl=1 2x"},"classes":[]}],"_links":{"self":[{"href":"https:\/\/www.sportalsub.net\/blog\/wp-json\/wp\/v2\/posts\/31253","targetHints":{"allow":["GET"]}}],"collection":[{"href":"https:\/\/www.sportalsub.net\/blog\/wp-json\/wp\/v2\/posts"}],"about":[{"href":"https:\/\/www.sportalsub.net\/blog\/wp-json\/wp\/v2\/types\/post"}],"author":[{"embeddable":true,"href":"https:\/\/www.sportalsub.net\/blog\/wp-json\/wp\/v2\/users\/1"}],"replies":[{"embeddable":true,"href":"https:\/\/www.sportalsub.net\/blog\/wp-json\/wp\/v2\/comments?post=31253"}],"version-history":[{"count":0,"href":"https:\/\/www.sportalsub.net\/blog\/wp-json\/wp\/v2\/posts\/31253\/revisions"}],"wp:featuredmedia":[{"embeddable":true,"href":"https:\/\/www.sportalsub.net\/blog\/wp-json\/wp\/v2\/media\/31415"}],"wp:attachment":[{"href":"https:\/\/www.sportalsub.net\/blog\/wp-json\/wp\/v2\/media?parent=31253"}],"wp:term":[{"taxonomy":"category","embeddable":true,"href":"https:\/\/www.sportalsub.net\/blog\/wp-json\/wp\/v2\/categories?post=31253"},{"taxonomy":"post_tag","embeddable":true,"href":"https:\/\/www.sportalsub.net\/blog\/wp-json\/wp\/v2\/tags?post=31253"}],"curies":[{"name":"wp","href":"https:\/\/api.w.org\/{rel}","templated":true}]}}