{"id":31681,"date":"2019-08-09T10:09:29","date_gmt":"2019-08-09T14:09:29","guid":{"rendered":"https:\/\/www.sportalsub.net\/blog\/?p=31681"},"modified":"2019-08-14T14:58:42","modified_gmt":"2019-08-14T18:58:42","slug":"%f0%9f%87%a8%f0%9f%87%b1-daniel-arias-de-chile-cuarto-latinoamericano-en-alcanzar-los-100-metros-en-apnea-peso-constante","status":"publish","type":"post","link":"https:\/\/www.sportalsub.net\/blog\/daniel-arias-de-chile-cuarto-latinoamericano-en-alcanzar-los-100-metros-en-apnea-peso-constante\/","title":{"rendered":"\ud83c\udde8\ud83c\uddf1 Daniel Arias de Chile, cuarto latinoamericano en alcanzar los -100 metros en apnea peso constante"},"content":{"rendered":"<p><img loading=\"lazy\" decoding=\"async\" class=\"alignnone size-full wp-image-31682\" src=\"https:\/\/www.sportalsub.net\/blog\/wp-content\/uploads\/2019\/08\/danielarias100.jpg\" alt=\"\" width=\"900\" height=\"600\" srcset=\"https:\/\/www.sportalsub.net\/blog\/wp-content\/uploads\/2019\/08\/danielarias100.jpg 900w, https:\/\/www.sportalsub.net\/blog\/wp-content\/uploads\/2019\/08\/danielarias100-300x200.jpg 300w, https:\/\/www.sportalsub.net\/blog\/wp-content\/uploads\/2019\/08\/danielarias100-768x512.jpg 768w, https:\/\/www.sportalsub.net\/blog\/wp-content\/uploads\/2019\/08\/danielarias100-177x118.jpg 177w\" sizes=\"auto, (max-width: 900px) 100vw, 900px\" \/><\/p>\n<p>(Sportalsub.net \/ Foto: <a href=\"http:\/\/www.deaquavivo.com\" target=\"_blank\" rel=\"noopener noreferrer\" target=\"_blank\">Laura Babahekian<\/a>)<\/p>\n<p>El reconocido apneista e instructor chileno <strong><a href=\"https:\/\/www.facebook.com\/daniel.a.cordova.1694\" target=\"_blank\" rel=\"noopener noreferrer\" target=\"_blank\">Daniel Arias C\u00f3rdova<\/a>\u00a0<\/strong>se convirti\u00f3 el pasado lunes 5 de agosto en el cuarto apneista latinoamericano en alcanzar la m\u00edtica marca de los -100 metros de profundidad en apnea, en la modalidad de peso constante, en marco de la <a href=\"https:\/\/www.sportalsub.net\/blog\/caribbean-cup-2019\">Caribbean Cup 2019<\/a> realizada en Roat\u00e1n, Honduras, con la cual igual\u00f3 el r\u00e9cord nacional AIDA que ahora comparte con su compatriota\u00a0 Sebasti\u00e1n Lira.<\/p>\n<p>El <a href=\"https:\/\/ranking.aidainternational.org\/\" target=\"_blank\" rel=\"noopener noreferrer\" target=\"_blank\">Ranking Internacional AIDA<\/a>, que ubica a los mejores apneistas por modalidad, pa\u00eds y registro ubicaba, antes de la Caribbean Cup 2019, a los apneistas latinoamericanos en las siguientes posiciones:<\/p>\n<p>18. <strong>Carlos Coste<\/strong> (Venezuela)\ud83c\uddfb\ud83c\uddea -116 metros en el <a href=\"https:\/\/www.sportalsub.net\/blog\/2011\/09\/22\/carlos-coste-nuevo-record-panamericano-e-iru-balic-nuevo-record-nacional-en-mundia-de-apnea-de-profundidad-aida-2011\/\">Mundial AIDA 2011<\/a><br \/>\n32.<strong> Alejandro Lemu<\/strong>s (M\u00e9xico)\u00a0\ud83c\uddf2\ud83c\uddfd -103 metros en la <a href=\"https:\/\/www.sportalsub.net\/blog\/vertical-blue-2018\">Vertical Blue 2018<\/a><br \/>\n43. <strong>Sebastian Lira<\/strong> (Chile)\u00a0<strong>\ud83c\udde8\ud83c\uddf1\u00a0<\/strong>-100 metros en la <a href=\"https:\/\/www.sportalsub.net\/blog\/caribbean-cup-2016\">Caribbean Cup 2016<\/a><\/p>\n<p>En donde ahora Arias inscribir\u00e1 su nombre tambi\u00e9n en el Top 50 de todos los tiempos de Apnea Profunda.<\/p>\n<p>Cabe destacar que Daniel, quien tambi\u00e9n compite en el <a href=\"https:\/\/www.sportalsub.net\/blog\/cmas-apnea-roatan-honduras-2019\">IV Campeonato Mundial CMAS de Apnea de Profundidad Roatan 2019<\/a>\u00a0 asiste en compa\u00f1\u00eda de su familia: su esposa y tambi\u00e9n apneista <a href=\"https:\/\/www.facebook.com\/javiera.pintomorales\" target=\"_blank\" rel=\"noopener noreferrer\" target=\"_blank\"><strong>Javiera Pinto<\/strong><\/a>, quien en la Caribbean Cup y Campeonato Mundial CMAS ha implantado varios r\u00e9cords nacionales para su pa\u00eds; as\u00ed como con su peque\u00f1o hijo Ciro Caetano de a\u00f1o y medio de edad, quien acompa\u00f1a a esta familia de grandes apneistas chilenos.<\/p>\n<p><img loading=\"lazy\" decoding=\"async\" class=\"alignnone size-large wp-image-31683\" src=\"https:\/\/www.sportalsub.net\/blog\/wp-content\/uploads\/2019\/08\/javiera-ciro-1024x858.jpg\" alt=\"\" width=\"640\" height=\"536\" srcset=\"https:\/\/www.sportalsub.net\/blog\/wp-content\/uploads\/2019\/08\/javiera-ciro-1024x858.jpg 1024w, https:\/\/www.sportalsub.net\/blog\/wp-content\/uploads\/2019\/08\/javiera-ciro-300x251.jpg 300w, https:\/\/www.sportalsub.net\/blog\/wp-content\/uploads\/2019\/08\/javiera-ciro-768x644.jpg 768w, https:\/\/www.sportalsub.net\/blog\/wp-content\/uploads\/2019\/08\/javiera-ciro.jpg 1080w\" sizes=\"auto, (max-width: 640px) 100vw, 640px\" \/><\/p>\n<p>Daniel, quien adem\u00e1s de apneista tambi\u00e9n es psic\u00f3logo comparte su experiencia sobre el juego mental de esta bajada de -100 metros en un post en sus redes sociales, en su p\u00e1gina en facebook: <a href=\"https:\/\/www.facebook.com\/story.php?story_fbid=450463515508156&amp;id=173662973188213\" target=\"_blank\" rel=\"noopener noreferrer\" target=\"_blank\"><strong>Daniel Apnea<\/strong><\/a><\/p>\n<p><iframe loading=\"lazy\" style=\"border: none; overflow: hidden;\" src=\"https:\/\/www.facebook.com\/plugins\/post.php?href=https%3A%2F%2Fwww.facebook.com%2Fdanielapnea%2Fposts%2F450463515508156&amp;width=500\" width=\"500\" height=\"689\" frameborder=\"0\" scrolling=\"no\"><\/iframe><br \/>\n<img loading=\"lazy\" decoding=\"async\" class=\"alignnone size-full wp-image-31684\" src=\"https:\/\/www.sportalsub.net\/blog\/wp-content\/uploads\/2019\/08\/danielarias100-2.jpg\" alt=\"\" width=\"461\" height=\"687\" srcset=\"https:\/\/www.sportalsub.net\/blog\/wp-content\/uploads\/2019\/08\/danielarias100-2.jpg 461w, https:\/\/www.sportalsub.net\/blog\/wp-content\/uploads\/2019\/08\/danielarias100-2-201x300.jpg 201w\" sizes=\"auto, (max-width: 461px) 100vw, 461px\" \/><\/p>\n<p>Felicitaciones y que sigan los \u00e9xitos #sersubacuatico<\/p>\n","protected":false},"excerpt":{"rendered":"<p>(Sportalsub.net \/ Foto: Laura Babahekian) El reconocido apneista e instructor chileno Daniel Arias C\u00f3rdova\u00a0se convirti\u00f3 el pasado lunes 5 de agosto en el cuarto apneista latinoamericano en alcanzar la m\u00edtica marca de los -100 metros de profundidad en apnea, en la modalidad de peso constante, en marco de la Caribbean Cup 2019 realizada en Roat\u00e1n, Honduras, con la cual igual\u00f3 [&#8230;]<\/p>\n","protected":false},"author":1,"featured_media":31682,"comment_status":"open","ping_status":"closed","sticky":false,"template":"","format":"standard","meta":{"_lmt_disableupdate":"","_lmt_disable":"","jetpack_post_was_ever_published":false,"_jetpack_newsletter_access":"","_jetpack_dont_email_post_to_subs":false,"_jetpack_newsletter_tier_id":0,"_jetpack_memberships_contains_paywalled_content":false,"_jetpack_memberships_contains_paid_content":false,"footnotes":"","jetpack_publicize_message":"","jetpack_publicize_feature_enabled":true,"jetpack_social_post_already_shared":true,"jetpack_social_options":{"image_generator_settings":{"template":"highway","default_image_id":0,"font":"","enabled":false},"version":2}},"categories":[9,83,347],"tags":[435],"class_list":["post-31681","post","type-post","status-publish","format-standard","has-post-thumbnail","hentry","category-apnea","category-chile","category-destacados","tag-roatan-2019"],"modified_by":"Sportalsub.net","views":5326,"jetpack_publicize_connections":[],"jetpack_featured_media_url":"https:\/\/www.sportalsub.net\/blog\/wp-content\/uploads\/2019\/08\/danielarias100.jpg","jetpack_sharing_enabled":true,"jetpack_shortlink":"https:\/\/wp.me\/pf9lN-8eZ","jetpack_likes_enabled":false,"jetpack-related-posts":[{"id":15322,"url":"https:\/\/www.sportalsub.net\/blog\/dos-records-colombia-y-uno-para-mexico-en-el-inicio-de-caribbean-cup-2013-de-apnea-en-roatan-honduras\/","url_meta":{"origin":31681,"position":0},"title":"\ud83c\udded\ud83c\uddf3 Dos R\u00e9cords para Colombia y Uno para M\u00e9xico en el inicio de la \u00abCaribbean Cup 2013\u00bb de Apnea en Roatan, Honduras","author":"Sportalsub.net","date":"23 mayo 2013","format":false,"excerpt":"(Especial Sportalsub.net \/ Caribbean Cup) Este 23 de mayo inici\u00f3 la primera gran competencia de apnea de profundidad del a\u00f1o en aguas del mar caribe, con la realizaci\u00f3n de la \u00a0\u201cCaribbean Cup 2013\u2033 Roatan Freediving Competition, evento organizado por el grupo Inner Sea y avalado por la Asociaci\u00f3n Internacional para\u2026","rel":"","context":"En \u00abApnea\u00bb","block_context":{"text":"Apnea","link":"https:\/\/www.sportalsub.net\/blog\/category\/modalidades\/apnea\/"},"img":{"alt_text":"","src":"https:\/\/i0.wp.com\/www.sportalsub.net\/blog\/wp-content\/uploads\/2013\/05\/caribbean_cup_sportalsub_dia2.jpg?resize=350%2C200&ssl=1","width":350,"height":200,"srcset":"https:\/\/i0.wp.com\/www.sportalsub.net\/blog\/wp-content\/uploads\/2013\/05\/caribbean_cup_sportalsub_dia2.jpg?resize=350%2C200&ssl=1 1x, https:\/\/i0.wp.com\/www.sportalsub.net\/blog\/wp-content\/uploads\/2013\/05\/caribbean_cup_sportalsub_dia2.jpg?resize=525%2C300&ssl=1 1.5x"},"classes":[]},{"id":15311,"url":"https:\/\/www.sportalsub.net\/blog\/este-jueves-23-de-mayo-inicia-la-caribbean-cup-2013-de-apnea-en-roatan-honduras\/","url_meta":{"origin":31681,"position":1},"title":"\ud83c\udded\ud83c\uddf3 Este jueves 23 de mayo inicia la \u00abCaribbean Cup 2013\u00bb de Apnea en Roatan, Honduras","author":"Sportalsub.net","date":"23 mayo 2013","format":false,"excerpt":"(Especial Sportalsub.net \/ Caribbean Cup) Este 23 de mayo inicia la primera gran competencia de apnea de profundidad del a\u00f1o en aguas del mar caribe, con la realizaci\u00f3n de la \u00a0\u201cCaribbean Cup 2013\u2033 Roatan Freediving Competition, evento organizado por el grupo Inner Sea y avalado por la Asociaci\u00f3n Internacional para\u2026","rel":"","context":"En \u00abApnea\u00bb","block_context":{"text":"Apnea","link":"https:\/\/www.sportalsub.net\/blog\/category\/modalidades\/apnea\/"},"img":{"alt_text":"","src":"https:\/\/i0.wp.com\/www.sportalsub.net\/blog\/wp-content\/uploads\/2013\/05\/caribbean_cup_sportalsub_dia1.jpg?resize=350%2C200&ssl=1","width":350,"height":200,"srcset":"https:\/\/i0.wp.com\/www.sportalsub.net\/blog\/wp-content\/uploads\/2013\/05\/caribbean_cup_sportalsub_dia1.jpg?resize=350%2C200&ssl=1 1x, https:\/\/i0.wp.com\/www.sportalsub.net\/blog\/wp-content\/uploads\/2013\/05\/caribbean_cup_sportalsub_dia1.jpg?resize=525%2C300&ssl=1 1.5x"},"classes":[]},{"id":31718,"url":"https:\/\/www.sportalsub.net\/blog\/cmas-apnea-roatan-2019-world-records-cwtb-fim","url_meta":{"origin":31681,"position":2},"title":"\ud83c\udded\ud83c\uddf3 Zharkova y Molchanov cierran el Campeonato Mundial de Apnea CMAS Roat\u00e1n, Honduras 2019 con nuevos r\u00e9cords mundiales","author":"Sportalsub.net","date":"14 agosto 2019","format":false,"excerpt":"(Sportalsub.net \/ CMAS WC 2019)\u00a0\u2013\u00a0Read in English En las dos \u00faltimas jornadas del 4to Campeonato Mundial de Apnea Outdoor de la Confederaci\u00f3n Mundial de Actividades Subacu\u00e1ticas (CMAS) realizadas los d\u00edas 9 y 10 de agosto 2019 en Roat\u00e1n, Honduras se registraron 3 nuevos r\u00e9cords mundiales. En el d\u00eda 3 (s\u00e1bado\u2026","rel":"","context":"En \u00abApnea\u00bb","block_context":{"text":"Apnea","link":"https:\/\/www.sportalsub.net\/blog\/category\/modalidades\/apnea\/"},"img":{"alt_text":"","src":"https:\/\/i0.wp.com\/www.sportalsub.net\/blog\/wp-content\/uploads\/2019\/08\/records-apnea-cmas-roatan.jpg?resize=350%2C200&ssl=1","width":350,"height":200,"srcset":"https:\/\/i0.wp.com\/www.sportalsub.net\/blog\/wp-content\/uploads\/2019\/08\/records-apnea-cmas-roatan.jpg?resize=350%2C200&ssl=1 1x, https:\/\/i0.wp.com\/www.sportalsub.net\/blog\/wp-content\/uploads\/2019\/08\/records-apnea-cmas-roatan.jpg?resize=525%2C300&ssl=1 1.5x, https:\/\/i0.wp.com\/www.sportalsub.net\/blog\/wp-content\/uploads\/2019\/08\/records-apnea-cmas-roatan.jpg?resize=700%2C400&ssl=1 2x"},"classes":[]},{"id":15343,"url":"https:\/\/www.sportalsub.net\/blog\/otra-jornada-de-records-para-latinoamerica-en-la-caribbean-cup-2013-de-apnea-en-roatan-honduras\/","url_meta":{"origin":31681,"position":3},"title":"\ud83c\udded\ud83c\uddf3 Otra jornada de R\u00e9cords para Latinoam\u00e9rica en la \u00abCaribbean Cup 2013\u00bb de Apnea en Roatan, Honduras","author":"Sportalsub.net","date":"25 mayo 2013","format":false,"excerpt":"(Especial Sportalsub.net \/ Caribbean Cup) Este s\u00e1bado 25 de mayo se realiz\u00f3 la 3ra jornada de la competencia de apnea de profundidad \u201cCaribbean Cup 2013\u2033 Roatan Freediving Competition, evento que se lleva a cabo en Roatan, Honduras, organizado por el grupo Inner Sea y avalado por la Asociaci\u00f3n Internacional para\u2026","rel":"","context":"En \u00abApnea\u00bb","block_context":{"text":"Apnea","link":"https:\/\/www.sportalsub.net\/blog\/category\/modalidades\/apnea\/"},"img":{"alt_text":"","src":"https:\/\/i0.wp.com\/www.sportalsub.net\/blog\/wp-content\/uploads\/2013\/05\/caribbean_cup_sportalsub_dia4.jpg?resize=350%2C200&ssl=1","width":350,"height":200,"srcset":"https:\/\/i0.wp.com\/www.sportalsub.net\/blog\/wp-content\/uploads\/2013\/05\/caribbean_cup_sportalsub_dia4.jpg?resize=350%2C200&ssl=1 1x, https:\/\/i0.wp.com\/www.sportalsub.net\/blog\/wp-content\/uploads\/2013\/05\/caribbean_cup_sportalsub_dia4.jpg?resize=525%2C300&ssl=1 1.5x"},"classes":[]},{"id":31640,"url":"https:\/\/www.sportalsub.net\/blog\/world-records-caribbean-cup-2019","url_meta":{"origin":31681,"position":4},"title":"\ud83c\udded\ud83c\uddf3 Caribbean Cup 2019: Zecchini, Zharkova, Artnik y Molchanov establecen nuevos R\u00e9cords Mundiales de Apnea","author":"Sportalsub.net","date":"6 agosto 2019","format":false,"excerpt":"(Sportalsub.net \/ Caribbean Cup 2019) \/ Fotos: Alex St-Jean - Read in English La competencia internacional de freediving o apnea, Caribbean Cup 2019 ha finalizado este lunes 5 de agosto con un alto nivel competitivo, nuevos r\u00e9cords nacionales y cuatro r\u00e9cords mundiales de apnea, en la que ha sido la\u2026","rel":"","context":"En \u00abApnea\u00bb","block_context":{"text":"Apnea","link":"https:\/\/www.sportalsub.net\/blog\/category\/modalidades\/apnea\/"},"img":{"alt_text":"","src":"https:\/\/i0.wp.com\/www.sportalsub.net\/blog\/wp-content\/uploads\/2019\/08\/world-records-caribbeancup.jpg?resize=350%2C200&ssl=1","width":350,"height":200,"srcset":"https:\/\/i0.wp.com\/www.sportalsub.net\/blog\/wp-content\/uploads\/2019\/08\/world-records-caribbeancup.jpg?resize=350%2C200&ssl=1 1x, https:\/\/i0.wp.com\/www.sportalsub.net\/blog\/wp-content\/uploads\/2019\/08\/world-records-caribbeancup.jpg?resize=525%2C300&ssl=1 1.5x, https:\/\/i0.wp.com\/www.sportalsub.net\/blog\/wp-content\/uploads\/2019\/08\/world-records-caribbeancup.jpg?resize=700%2C400&ssl=1 2x"},"classes":[]},{"id":19288,"url":"https:\/\/www.sportalsub.net\/blog\/caribbean-cup-2015","url_meta":{"origin":31681,"position":5},"title":"\ud83c\udded\ud83c\uddf3 Resultados Finales 3ra edici\u00f3n Competencia Internacional de Apnea Caribbean Cup. Roatan, Honduras","author":"Sportalsub.net","date":"2 junio 2015","format":false,"excerpt":"(Sportalsub.net \/ Caribbean Cup) - Read in English Luego de las 2 exitosas ediciones de 2013 y 2014,\u00a0este a\u00f1o se llev\u00f3 a cabo\u00a0nuevamente la Competencia Internacional de Apnea Caribbean Cup, del 24 al 31 de mayo de 2015, evento avalado por AIDA Internacional y organizado por Roatan Freediving en el\u2026","rel":"","context":"En \u00abApnea\u00bb","block_context":{"text":"Apnea","link":"https:\/\/www.sportalsub.net\/blog\/category\/modalidades\/apnea\/"},"img":{"alt_text":"","src":"https:\/\/i0.wp.com\/www.sportalsub.net\/blog\/wp-content\/uploads\/2015\/05\/trubridgeganadormasculino.jpg?resize=350%2C200&ssl=1","width":350,"height":200,"srcset":"https:\/\/i0.wp.com\/www.sportalsub.net\/blog\/wp-content\/uploads\/2015\/05\/trubridgeganadormasculino.jpg?resize=350%2C200&ssl=1 1x, https:\/\/i0.wp.com\/www.sportalsub.net\/blog\/wp-content\/uploads\/2015\/05\/trubridgeganadormasculino.jpg?resize=525%2C300&ssl=1 1.5x"},"classes":[]}],"_links":{"self":[{"href":"https:\/\/www.sportalsub.net\/blog\/wp-json\/wp\/v2\/posts\/31681","targetHints":{"allow":["GET"]}}],"collection":[{"href":"https:\/\/www.sportalsub.net\/blog\/wp-json\/wp\/v2\/posts"}],"about":[{"href":"https:\/\/www.sportalsub.net\/blog\/wp-json\/wp\/v2\/types\/post"}],"author":[{"embeddable":true,"href":"https:\/\/www.sportalsub.net\/blog\/wp-json\/wp\/v2\/users\/1"}],"replies":[{"embeddable":true,"href":"https:\/\/www.sportalsub.net\/blog\/wp-json\/wp\/v2\/comments?post=31681"}],"version-history":[{"count":0,"href":"https:\/\/www.sportalsub.net\/blog\/wp-json\/wp\/v2\/posts\/31681\/revisions"}],"wp:featuredmedia":[{"embeddable":true,"href":"https:\/\/www.sportalsub.net\/blog\/wp-json\/wp\/v2\/media\/31682"}],"wp:attachment":[{"href":"https:\/\/www.sportalsub.net\/blog\/wp-json\/wp\/v2\/media?parent=31681"}],"wp:term":[{"taxonomy":"category","embeddable":true,"href":"https:\/\/www.sportalsub.net\/blog\/wp-json\/wp\/v2\/categories?post=31681"},{"taxonomy":"post_tag","embeddable":true,"href":"https:\/\/www.sportalsub.net\/blog\/wp-json\/wp\/v2\/tags?post=31681"}],"curies":[{"name":"wp","href":"https:\/\/api.w.org\/{rel}","templated":true}]}}