{"id":3310,"date":"2009-11-21T18:14:36","date_gmt":"2009-11-21T22:44:36","guid":{"rendered":"http:\/\/www.sportalsub.net\/blog\/?p=3310"},"modified":"2019-08-31T20:01:30","modified_gmt":"2019-09-01T00:01:30","slug":"pavel-alcocer-se-une-a-carlos-coste-en-bahamas-para-el-mundial-de-apnea","status":"publish","type":"post","link":"https:\/\/www.sportalsub.net\/blog\/pavel-alcocer-se-une-a-carlos-coste-en-bahamas-para-el-mundial-de-apnea\/","title":{"rendered":"\ud83c\uddfb\ud83c\uddea P\u00e1vel Alcocer se une a Carlos Coste en Bahamas para el Mundial de Apnea"},"content":{"rendered":"<p style=\"text-align: center;\"><img loading=\"lazy\" decoding=\"async\" class=\"alignnone size-full wp-image-7849\" title=\"pavel\" src=\"http:\/\/www.sportalsub.net\/blog\/wp-content\/uploads\/2009\/11\/pavel.jpg\" alt=\"\" width=\"404\" height=\"604\" srcset=\"https:\/\/www.sportalsub.net\/blog\/wp-content\/uploads\/2009\/11\/pavel.jpg 404w, https:\/\/www.sportalsub.net\/blog\/wp-content\/uploads\/2009\/11\/pavel-201x300.jpg 201w\" sizes=\"auto, (max-width: 404px) 100vw, 404px\" \/><br \/>\nP\u00e1vel Alcocer y Carlos Coste representar\u00e1n a Venezuela en el Campeonato Mundial<\/p>\n<p>Carlos Coste nos env\u00eda sus reportes del 20 y 21 de noviembre desde las Islas Bahamas, donde se encuentra prepar\u00e1ndose para participar en el Campeonato Mundial de Apnea de profundidad AIDA 2009, que inicia este mi\u00e9rcoles 5 de noviembre.<\/p>\n<p><!--more--><\/p>\n<p>Reporte 2 (20\/11\/2009)<br \/>\nEl Pavel durmio en la silla No. 5 del Aeropuerto de Nassau, no le dio chance ayer de tomar el avion de conexion a Long Island&#8230; hoy temprano lo busque y me lo lleve directo al BH, entrenamos suave, y ahora a descansar para otro training tipo 4 pm.<br \/>\nMa\u00f1ana vamos a hacer unas bajadas fuertes para ir progresando&#8230;<\/p>\n<p>Reporte 3 (21\/11\/2009)<br \/>\nHoy entrenamos muy bien, yo por los cien y Pavel rondando los 40m estrenando un Orca&#8230;<br \/>\nYa el BH esta quedando pequeno para tanta gente&#8230; vean las fotos&#8230;<\/p>\n<p>Ma\u00f1ana voy suave y pavel va por +40m&#8230; vamos a ver.<br \/>\nPronto mas fotos e info&#8230;<\/p>\n<p>Desde El Fondo&#8230;<\/p>\n<p>El otro apneista venezolano que participar\u00e1, Adri\u00e1n Su\u00e1rez, estar\u00e1 arribando el d\u00eda 24 con la Juez Internacional Gabriela Contreras.<\/p>\n<p>Les ire contando, esten atentos!!! yo compito el 1 y 5 de Dic.<br \/>\nSaludos desde El Fondo!!!!<br \/>\nCarlos Coste<\/p>\n","protected":false},"excerpt":{"rendered":"<p>P\u00e1vel Alcocer y Carlos Coste representar\u00e1n a Venezuela en el Campeonato Mundial Carlos Coste nos env\u00eda sus reportes del 20 y 21 de noviembre desde las Islas Bahamas, donde se encuentra prepar\u00e1ndose para participar en el Campeonato Mundial de Apnea de profundidad AIDA 2009, que inicia este mi\u00e9rcoles 5 de noviembre.<\/p>\n","protected":false},"author":1,"featured_media":7849,"comment_status":"open","ping_status":"closed","sticky":false,"template":"","format":"standard","meta":{"_lmt_disableupdate":"","_lmt_disable":"","jetpack_post_was_ever_published":false,"_jetpack_newsletter_access":"","_jetpack_dont_email_post_to_subs":false,"_jetpack_newsletter_tier_id":0,"_jetpack_memberships_contains_paywalled_content":false,"_jetpack_memberships_contains_paid_content":false,"footnotes":"","jetpack_publicize_message":"","jetpack_publicize_feature_enabled":true,"jetpack_social_post_already_shared":false,"jetpack_social_options":{"image_generator_settings":{"template":"highway","default_image_id":0,"font":"","enabled":false},"version":2}},"categories":[147,9,145,8],"tags":[],"class_list":["post-3310","post","type-post","status-publish","format-standard","has-post-thumbnail","hentry","category-aida","category-apnea","category-mundial-profundidad-aida-2009","category-venezuela"],"modified_by":"Sportalsub.net","views":2653,"jetpack_publicize_connections":[],"jetpack_featured_media_url":"https:\/\/www.sportalsub.net\/blog\/wp-content\/uploads\/2009\/11\/pavel.jpg","jetpack_sharing_enabled":true,"jetpack_shortlink":"https:\/\/wp.me\/pf9lN-Ro","jetpack_likes_enabled":false,"jetpack-related-posts":[{"id":3357,"url":"https:\/\/www.sportalsub.net\/blog\/pavel-alcocer-implanta-record-nacional-de-venezuela-de-apnea-peso-constante-sin-aletas\/","url_meta":{"origin":3310,"position":0},"title":"\ud83c\uddfb\ud83c\uddea P\u00e1vel Alcocer implanta r\u00e9cord nacional de Venezuela de apnea peso constante sin aletas","author":"Sportalsub.net","date":"25 noviembre 2009","format":false,"excerpt":"El apneista venezolano Pavel Alcocer logr\u00f3 un nuevo r\u00e9cord nacional en la modalidad de peso constante sin aletas AIDA al lograr 46 metros de profundidad en una competencia organizada en Bahamas previa al Campeonato Mundial que inicia con la inauguraci\u00f3n este mi\u00e9rcoles 25 de noviembre. Carlos Coste nos env\u00eda sus\u2026","rel":"","context":"En \u00abAIDA\u00bb","block_context":{"text":"AIDA","link":"https:\/\/www.sportalsub.net\/blog\/category\/mas\/organizaciones\/aida\/"},"img":{"alt_text":"","src":"https:\/\/i0.wp.com\/www.sportalsub.net\/blog\/wp-content\/uploads\/2013\/11\/8932_119071583077_659708077_2128553_176324_n.jpg?resize=350%2C200&ssl=1","width":350,"height":200},"classes":[]},{"id":3204,"url":"https:\/\/www.sportalsub.net\/blog\/carlos-coste-ya-se-encuentra-en-islas-bahamas-para-competir-en-el-campeonato-mundial-de-apnea-2009\/","url_meta":{"origin":3310,"position":1},"title":"\ud83c\uddfb\ud83c\uddea Carlos Coste ya se encuentra en Islas Bahamas para competir en el Campeonato Mundial de Apnea 2009","author":"Sportalsub.net","date":"20 noviembre 2009","format":false,"excerpt":"En su p\u00e1gina de Facebook el apneista venezolano Carlos Coste nos env\u00eda reporte del evento competitivo de apnea profunda (Peso Constante con y sin aletas) mas importante del 2009. Comienza oficialmente el 25 de Noviembre y Venezuela est\u00e1 representada por 3 atletas y una Juez Internacional. Adrian Suarez en Peso\u2026","rel":"","context":"En \u00abAIDA\u00bb","block_context":{"text":"AIDA","link":"https:\/\/www.sportalsub.net\/blog\/category\/mas\/organizaciones\/aida\/"},"img":{"alt_text":"","src":"https:\/\/i0.wp.com\/www.sportalsub.net\/blog\/wp-content\/uploads\/2009\/11\/costebahamas.jpg?resize=350%2C200&ssl=1","width":350,"height":200,"srcset":"https:\/\/i0.wp.com\/www.sportalsub.net\/blog\/wp-content\/uploads\/2009\/11\/costebahamas.jpg?resize=350%2C200&ssl=1 1x, https:\/\/i0.wp.com\/www.sportalsub.net\/blog\/wp-content\/uploads\/2009\/11\/costebahamas.jpg?resize=525%2C300&ssl=1 1.5x"},"classes":[]},{"id":3351,"url":"https:\/\/www.sportalsub.net\/blog\/nuevo-reporte-y-fotos-de-carlos-coste-desde-islas-bahamas-campeonato-mundial-de-apnea-de-profundidad-aida-2009\/","url_meta":{"origin":3310,"position":2},"title":"\ud83c\uddfb\ud83c\uddea Nuevo reporte y fotos de Carlos Coste desde Islas Bahamas, Campeonato Mundial de Apnea de Profundidad AIDA 2009","author":"Sportalsub.net","date":"24 noviembre 2009","format":false,"excerpt":"Reporte 4 (22\/11\/2009) Pavel tiene un bloqueo de compensaci\u00f3n a los 40m.... est\u00e1 explorando esas profundidades nuevas para el... y espero que los supere muy pronto... posiblemente hoy... quiere intentar un record nacional ma\u00f1ana... est\u00e1n organizando una mini competencia de ensayo para el equipo organizador donde los atletas que quieran\u2026","rel":"","context":"En \u00abAIDA\u00bb","block_context":{"text":"AIDA","link":"https:\/\/www.sportalsub.net\/blog\/category\/mas\/organizaciones\/aida\/"},"img":{"alt_text":"","src":"https:\/\/i0.wp.com\/www.sportalsub.net\/blog\/wp-content\/uploads\/2009\/11\/pavelycarlos.jpg?resize=350%2C200&ssl=1","width":350,"height":200,"srcset":"https:\/\/i0.wp.com\/www.sportalsub.net\/blog\/wp-content\/uploads\/2009\/11\/pavelycarlos.jpg?resize=350%2C200&ssl=1 1x, https:\/\/i0.wp.com\/www.sportalsub.net\/blog\/wp-content\/uploads\/2009\/11\/pavelycarlos.jpg?resize=525%2C300&ssl=1 1.5x"},"classes":[]},{"id":3150,"url":"https:\/\/www.sportalsub.net\/blog\/campeonato-mundial-de-apnea-de-profundidad-aida-2009\/","url_meta":{"origin":3310,"position":3},"title":"\ud83c\udde7\ud83c\uddf8 Campeonato Mundial de Apnea de Profundidad AIDA 2009","author":"Sportalsub.net","date":"15 noviembre 2009","format":false,"excerpt":"El Campeonato Mundial Individual de Apnea de Profundidad AIDA 2009 se realizar\u00e1 del 25 de Noviembre al 5 de Diciembre 2009 en el Dean\u00b4s Blue Hole de las Islas Bahamas. 51 atletas (17 hombres y 34 mujeres) de 17 pa\u00edses competir\u00e1n en este evento. Sportalsub.net llevar\u00e1 la cobertura de todas\u2026","rel":"","context":"En \u00abAIDA\u00bb","block_context":{"text":"AIDA","link":"https:\/\/www.sportalsub.net\/blog\/category\/mas\/organizaciones\/aida\/"},"img":{"alt_text":"","src":"https:\/\/i0.wp.com\/www.sportalsub.net\/blog\/wp-content\/uploads\/2009\/11\/poster.jpg?resize=350%2C200&ssl=1","width":350,"height":200,"srcset":"https:\/\/i0.wp.com\/www.sportalsub.net\/blog\/wp-content\/uploads\/2009\/11\/poster.jpg?resize=350%2C200&ssl=1 1x, https:\/\/i0.wp.com\/www.sportalsub.net\/blog\/wp-content\/uploads\/2009\/11\/poster.jpg?resize=525%2C300&ssl=1 1.5x, https:\/\/i0.wp.com\/www.sportalsub.net\/blog\/wp-content\/uploads\/2009\/11\/poster.jpg?resize=700%2C400&ssl=1 2x, https:\/\/i0.wp.com\/www.sportalsub.net\/blog\/wp-content\/uploads\/2009\/11\/poster.jpg?resize=1050%2C600&ssl=1 3x, https:\/\/i0.wp.com\/www.sportalsub.net\/blog\/wp-content\/uploads\/2009\/11\/poster.jpg?resize=1400%2C800&ssl=1 4x"},"classes":[]},{"id":3385,"url":"https:\/\/www.sportalsub.net\/blog\/inaugurado-el-campeonato-mundial-de-apnea-de-profundidad-aida-2009\/","url_meta":{"origin":3310,"position":4},"title":"\ud83c\udde7\ud83c\uddf8 Inaugurado el Campeonato Mundial de Apnea de Profundidad AIDA 2009","author":"Sportalsub.net","date":"26 noviembre 2009","format":false,"excerpt":"Este mi\u00e9rcoles 25 de noviembre se realiz\u00f3 la inauguraci\u00f3n del Campeonato Mundial Individual de Apnea de Profundidad AIDA 2009 que se realizar\u00e1 hasta este 5 de diciembre en el Dean\u00b4s Blue Hole de las Islas Bahamas. \u00a0 \u00a0 51 atletas (17 hombres y 34 mujeres) de 17 pa\u00edses competir\u00e1n en\u2026","rel":"","context":"En \u00abAIDA\u00bb","block_context":{"text":"AIDA","link":"https:\/\/www.sportalsub.net\/blog\/category\/mas\/organizaciones\/aida\/"},"img":{"alt_text":"","src":"https:\/\/i0.wp.com\/www.sportalsub.net\/blog\/wp-content\/uploads\/2009\/11\/inaugurado.jpg?resize=350%2C200&ssl=1","width":350,"height":200,"srcset":"https:\/\/i0.wp.com\/www.sportalsub.net\/blog\/wp-content\/uploads\/2009\/11\/inaugurado.jpg?resize=350%2C200&ssl=1 1x, https:\/\/i0.wp.com\/www.sportalsub.net\/blog\/wp-content\/uploads\/2009\/11\/inaugurado.jpg?resize=525%2C300&ssl=1 1.5x"},"classes":[]},{"id":3393,"url":"https:\/\/www.sportalsub.net\/blog\/inician-las-competencias-en-el-mundial-de-apnea-aida-2009\/","url_meta":{"origin":3310,"position":5},"title":"\ud83c\udde7\ud83c\uddf8 Inician las competencias en el Mundial de Apnea AIDA 2009","author":"Sportalsub.net","date":"27 noviembre 2009","format":false,"excerpt":"Este viernes 27 ser\u00e1n las primeras pruebas del Campeonato Mundial AIDA de Profundidad que se realizar\u00e1n en el Dean\u2019s Blue Hole de Long Island-Bahamas. Un hueco de una cueva que tiene 200 metros de profundidad. Venezuela est\u00e1 representada por Carlos Coste (Campe\u00f3n Mundial de Peso Constante 2005), Pavel Alcocer y\u2026","rel":"","context":"En \u00abAIDA\u00bb","block_context":{"text":"AIDA","link":"https:\/\/www.sportalsub.net\/blog\/category\/mas\/organizaciones\/aida\/"},"img":{"alt_text":"","src":"https:\/\/i0.wp.com\/www.sportalsub.net\/blog\/wp-content\/uploads\/2009\/11\/aida2009.jpg?resize=350%2C200&ssl=1","width":350,"height":200},"classes":[]}],"_links":{"self":[{"href":"https:\/\/www.sportalsub.net\/blog\/wp-json\/wp\/v2\/posts\/3310","targetHints":{"allow":["GET"]}}],"collection":[{"href":"https:\/\/www.sportalsub.net\/blog\/wp-json\/wp\/v2\/posts"}],"about":[{"href":"https:\/\/www.sportalsub.net\/blog\/wp-json\/wp\/v2\/types\/post"}],"author":[{"embeddable":true,"href":"https:\/\/www.sportalsub.net\/blog\/wp-json\/wp\/v2\/users\/1"}],"replies":[{"embeddable":true,"href":"https:\/\/www.sportalsub.net\/blog\/wp-json\/wp\/v2\/comments?post=3310"}],"version-history":[{"count":0,"href":"https:\/\/www.sportalsub.net\/blog\/wp-json\/wp\/v2\/posts\/3310\/revisions"}],"wp:featuredmedia":[{"embeddable":true,"href":"https:\/\/www.sportalsub.net\/blog\/wp-json\/wp\/v2\/media\/7849"}],"wp:attachment":[{"href":"https:\/\/www.sportalsub.net\/blog\/wp-json\/wp\/v2\/media?parent=3310"}],"wp:term":[{"taxonomy":"category","embeddable":true,"href":"https:\/\/www.sportalsub.net\/blog\/wp-json\/wp\/v2\/categories?post=3310"},{"taxonomy":"post_tag","embeddable":true,"href":"https:\/\/www.sportalsub.net\/blog\/wp-json\/wp\/v2\/tags?post=3310"}],"curies":[{"name":"wp","href":"https:\/\/api.w.org\/{rel}","templated":true}]}}