{"id":35314,"date":"2019-11-10T20:47:30","date_gmt":"2019-11-11T00:47:30","guid":{"rendered":"https:\/\/www.sportalsub.net\/blog\/?p=35314"},"modified":"2019-11-10T21:43:07","modified_gmt":"2019-11-11T01:43:07","slug":"%f0%9f%87%a8%f0%9f%87%b4-festival-nacional-infantil-interligas-de-natacion-aletas-pereira-colombia-2019","status":"publish","type":"post","link":"https:\/\/www.sportalsub.net\/blog\/festival-nacional-infantil-interligas-de-natacion-aletas-pereira-colombia-2019\/","title":{"rendered":"\ud83c\udde8\ud83c\uddf4 Resultados &#8211; Festival Nacional Infantil Interligas de Nataci\u00f3n con Aletas, Pereira-Colombia 2019"},"content":{"rendered":"<p><img loading=\"lazy\" decoding=\"async\" class=\"alignnone size-full wp-image-35452\" src=\"https:\/\/www.sportalsub.net\/blog\/wp-content\/uploads\/2019\/11\/resultados-infantil-colombia.jpg\" alt=\"\" width=\"900\" height=\"600\" srcset=\"https:\/\/www.sportalsub.net\/blog\/wp-content\/uploads\/2019\/11\/resultados-infantil-colombia.jpg 900w, https:\/\/www.sportalsub.net\/blog\/wp-content\/uploads\/2019\/11\/resultados-infantil-colombia-300x200.jpg 300w, https:\/\/www.sportalsub.net\/blog\/wp-content\/uploads\/2019\/11\/resultados-infantil-colombia-768x512.jpg 768w, https:\/\/www.sportalsub.net\/blog\/wp-content\/uploads\/2019\/11\/resultados-infantil-colombia-177x118.jpg 177w\" sizes=\"auto, (max-width: 900px) 100vw, 900px\" \/><\/p>\n<p>(Sportalsub.net \/ FEDECAS) &#8211; Fotos: <a href=\"http:\/\/www.calypso.com.co\" target=\"_blank\">Club Subacu\u00e1tico Calypso<\/a><\/p>\n<p>Del 8 al 10 de Noviembre del presente a\u00f1o se llev\u00f3 a cabo el Festival Nacional Infantil Interligas de Nataci\u00f3n con Aletas en la ciudad de Pereira-Colombia, la Liga de Actividades Subacu\u00e1ticas de Risaralda fue la organizadora de dicho festival que tuvo lugar en la Villa Ol\u00edmpica de Risaralda.<\/p>\n<h3><a href=\"https:\/\/www.colombiaacuatica.com\/backtun\/torneos\/resultados\/pdf\/2019\/20191107resultados.pdf\" target=\"_blank\" rel=\"noopener noreferrer\" target=\"_blank\"><strong>RESULTADOS OFICIALES<\/strong><\/a><\/h3>\n<p><a href=\"https:\/\/www.colombiaacuatica.com\/backtun\/torneos\/2019\/convocatorias\/convocatoria20191107.pdf\" target=\"_blank\" rel=\"noopener noreferrer\" target=\"_blank\"><strong>Convocatoria Oficial<\/strong><\/a><\/p>\n<p><a href=\"https:\/\/www.colombiaacuatica.com\/c\/218541\" target=\"_blank\" rel=\"noopener noreferrer\" target=\"_blank\"><strong>Inscripciones, programaci\u00f3n y resultados<\/strong><\/a><\/p>\n<p><strong>M\u00e1s Info:\u00a0<a href=\"http:\/\/www.fedecas.org\" target=\"_blank\" rel=\"noopener noreferrer\" target=\"_blank\">www.fedecas.org<\/a><\/strong><\/p>\n<p><img loading=\"lazy\" decoding=\"async\" class=\"alignnone size-full wp-image-35315\" src=\"https:\/\/www.sportalsub.net\/blog\/wp-content\/uploads\/2019\/10\/Festival-Infantil-Pereira.jpg\" alt=\"\" width=\"900\" height=\"600\" srcset=\"https:\/\/www.sportalsub.net\/blog\/wp-content\/uploads\/2019\/10\/Festival-Infantil-Pereira.jpg 900w, https:\/\/www.sportalsub.net\/blog\/wp-content\/uploads\/2019\/10\/Festival-Infantil-Pereira-300x200.jpg 300w, https:\/\/www.sportalsub.net\/blog\/wp-content\/uploads\/2019\/10\/Festival-Infantil-Pereira-768x512.jpg 768w, https:\/\/www.sportalsub.net\/blog\/wp-content\/uploads\/2019\/10\/Festival-Infantil-Pereira-177x118.jpg 177w\" sizes=\"auto, (max-width: 900px) 100vw, 900px\" \/><\/p>\n","protected":false},"excerpt":{"rendered":"<p>(Sportalsub.net \/ FEDECAS) &#8211; Fotos: Club Subacu\u00e1tico Calypso Del 8 al 10 de Noviembre del presente a\u00f1o se llev\u00f3 a cabo el Festival Nacional Infantil Interligas de Nataci\u00f3n con Aletas en la ciudad de Pereira-Colombia, la Liga de Actividades Subacu\u00e1ticas de Risaralda fue la organizadora de dicho festival que tuvo lugar en la Villa Ol\u00edmpica de Risaralda. RESULTADOS OFICIALES Convocatoria [&#8230;]<\/p>\n","protected":false},"author":1,"featured_media":35452,"comment_status":"open","ping_status":"closed","sticky":false,"template":"","format":"standard","meta":{"_lmt_disableupdate":"","_lmt_disable":"","jetpack_post_was_ever_published":false,"_jetpack_newsletter_access":"","_jetpack_dont_email_post_to_subs":false,"_jetpack_newsletter_tier_id":0,"_jetpack_memberships_contains_paywalled_content":false,"_jetpack_memberships_contains_paid_content":false,"footnotes":"","jetpack_publicize_message":"","jetpack_publicize_feature_enabled":true,"jetpack_social_post_already_shared":true,"jetpack_social_options":{"image_generator_settings":{"template":"highway","default_image_id":0,"font":"","enabled":false},"version":2}},"categories":[3,347,12,120],"tags":[],"class_list":["post-35314","post","type-post","status-publish","format-standard","has-post-thumbnail","hentry","category-colombia","category-destacados","category-natacion-con-aletas","category-resultados"],"modified_by":"Sportalsub.net","views":3122,"jetpack_publicize_connections":[],"jetpack_featured_media_url":"https:\/\/www.sportalsub.net\/blog\/wp-content\/uploads\/2019\/11\/resultados-infantil-colombia.jpg","jetpack_sharing_enabled":true,"jetpack_shortlink":"https:\/\/wp.me\/pf9lN-9bA","jetpack_likes_enabled":false,"jetpack-related-posts":[{"id":3116,"url":"https:\/\/www.sportalsub.net\/blog\/natacion-con-aletas-infantil-y-universitario-colombia\/","url_meta":{"origin":35314,"position":0},"title":"\ud83c\udde8\ud83c\uddf4 Resultados IX Festival Nacional Infantil Interligas y II Campeonato Nacional Abierto Universitario Invitacional de Nataci\u00f3n con Aletas en Colombia","author":"Sportalsub.net","date":"10 noviembre 2009","format":false,"excerpt":"El pasado 7 y 8 de noviembre se realiz\u00f3 en Pereira, el\u00a0IX Festival Nacional Infantil Interligas y II Campeonato Nacional Abierto Universitario Invitacional de Nataci\u00f3n con Aletas en Colombia, organizado por la Liga de Actividades Subacu\u00e1ticas de Risaralda y con el aval de la Federaci\u00f3n Colombiana de Actividades Subacu\u00e1ticas. Resultados\u2026","rel":"","context":"En \u00abColombia\u00bb","block_context":{"text":"Colombia","link":"https:\/\/www.sportalsub.net\/blog\/category\/paises\/america\/colombia\/"},"img":{"alt_text":"","src":"https:\/\/i0.wp.com\/www.sportalsub.net\/blog\/wp-content\/uploads\/2009\/11\/resultadosix.jpg?resize=350%2C200&ssl=1","width":350,"height":200,"srcset":"https:\/\/i0.wp.com\/www.sportalsub.net\/blog\/wp-content\/uploads\/2009\/11\/resultadosix.jpg?resize=350%2C200&ssl=1 1x, https:\/\/i0.wp.com\/www.sportalsub.net\/blog\/wp-content\/uploads\/2009\/11\/resultadosix.jpg?resize=525%2C300&ssl=1 1.5x"},"classes":[]},{"id":50584,"url":"https:\/\/www.sportalsub.net\/blog\/festival-nacional-infantil-interligas-de-natacion-con-aletas-cali-colombia-2021\/","url_meta":{"origin":35314,"position":1},"title":"\ud83c\udde8\ud83c\uddf4 Resultados &#8211; Festival Nacional Infantil Interligas de Nataci\u00f3n con Aletas &#8211; Cali, Colombia 2021","author":"Sportalsub.net","date":"20 diciembre 2021","format":false,"excerpt":"(Sportalsub.net \/ FEDECAS \/ LIVAS) La Federaci\u00f3n Colombiana de Actividades Subacu\u00e1ticas convoc\u00f3 a las Ligas del pa\u00eds a participar en el \u201cFestival Nacional Interligas Infantil de Nataci\u00f3n con Aletas\u201d, reazliado en el Distrito Especial de Santiago de Cali del 17 al 19 de diciembre de 2021. La Organizaci\u00f3n estuvo a\u2026","rel":"","context":"En \u00abColombia\u00bb","block_context":{"text":"Colombia","link":"https:\/\/www.sportalsub.net\/blog\/category\/paises\/america\/colombia\/"},"img":{"alt_text":"","src":"https:\/\/i0.wp.com\/www.sportalsub.net\/blog\/wp-content\/uploads\/2021\/12\/infantil-interligas-2021.jpg?resize=350%2C200&ssl=1","width":350,"height":200,"srcset":"https:\/\/i0.wp.com\/www.sportalsub.net\/blog\/wp-content\/uploads\/2021\/12\/infantil-interligas-2021.jpg?resize=350%2C200&ssl=1 1x, https:\/\/i0.wp.com\/www.sportalsub.net\/blog\/wp-content\/uploads\/2021\/12\/infantil-interligas-2021.jpg?resize=525%2C300&ssl=1 1.5x, https:\/\/i0.wp.com\/www.sportalsub.net\/blog\/wp-content\/uploads\/2021\/12\/infantil-interligas-2021.jpg?resize=700%2C400&ssl=1 2x"},"classes":[]},{"id":49621,"url":"https:\/\/www.sportalsub.net\/blog\/resultados-festival-nacional-infantil-interclubles-de-natacion-aletas-pereira-colombia-2021\/","url_meta":{"origin":35314,"position":2},"title":"\ud83c\udde8\ud83c\uddf4 Resultados &#8211; Festival Nacional Infantil Interclubles de Nataci\u00f3n Aletas. Pereira, Colombia 2021","author":"Sportalsub.net","date":"12 octubre 2021","format":false,"excerpt":"(Sportalsub.net \/ FEDECAS \/ LASER) Del 8 al 10 de octubre 2021 se llev\u00f3 a cabo en la ciudad de Pereira, el Festival Nacional Infantil Interclubles de Nataci\u00f3n Aletas 2021 de la Federaci\u00f3n Colombiana de Actividades Subacu\u00e1ticas, organizado por la Liga de Actividades Subacu\u00e1ticas de Risaralda. RESULTADOS","rel":"","context":"En \u00abColombia\u00bb","block_context":{"text":"Colombia","link":"https:\/\/www.sportalsub.net\/blog\/category\/paises\/america\/colombia\/"},"img":{"alt_text":"","src":"https:\/\/i0.wp.com\/www.sportalsub.net\/blog\/wp-content\/uploads\/2021\/10\/infantilfedecas2021.jpg?resize=350%2C200&ssl=1","width":350,"height":200,"srcset":"https:\/\/i0.wp.com\/www.sportalsub.net\/blog\/wp-content\/uploads\/2021\/10\/infantilfedecas2021.jpg?resize=350%2C200&ssl=1 1x, https:\/\/i0.wp.com\/www.sportalsub.net\/blog\/wp-content\/uploads\/2021\/10\/infantilfedecas2021.jpg?resize=525%2C300&ssl=1 1.5x, https:\/\/i0.wp.com\/www.sportalsub.net\/blog\/wp-content\/uploads\/2021\/10\/infantilfedecas2021.jpg?resize=700%2C400&ssl=1 2x"},"classes":[]},{"id":65419,"url":"https:\/\/www.sportalsub.net\/blog\/festival-infantil-nadosub-colombia-2023","url_meta":{"origin":35314,"position":3},"title":"\ud83c\udde8\ud83c\uddf4 Resultados &#8211; Festival Infantil Interligas de Nataci\u00f3n con Aletas FEDECAS 2023 &#8211; Medell\u00edn, Colombia","author":"Sportalsub.net","date":"23 octubre 2023","format":false,"excerpt":"(Sportalsub.net \/ FEDECAS \/ LASA) La Federaci\u00f3n Colombiana de Actividades Subacu\u00e1ticas \u2013 (FEDECAS), convoc\u00f3 a las Ligas a participar en el \u201cFestival Nacional Infantil Interligas de Nataci\u00f3n con Aletas\u201d, realizado en la ciudad de Medell\u00edn del 19 al 22 de octubre de 2023. La Organizaci\u00f3n estuvo a cargo de la\u2026","rel":"","context":"En \u00abColombia\u00bb","block_context":{"text":"Colombia","link":"https:\/\/www.sportalsub.net\/blog\/category\/paises\/america\/colombia\/"},"img":{"alt_text":"","src":"https:\/\/i0.wp.com\/www.sportalsub.net\/blog\/wp-content\/uploads\/2023\/10\/fesfivalinfantilcolombia2023.jpg?resize=350%2C200&ssl=1","width":350,"height":200,"srcset":"https:\/\/i0.wp.com\/www.sportalsub.net\/blog\/wp-content\/uploads\/2023\/10\/fesfivalinfantilcolombia2023.jpg?resize=350%2C200&ssl=1 1x, https:\/\/i0.wp.com\/www.sportalsub.net\/blog\/wp-content\/uploads\/2023\/10\/fesfivalinfantilcolombia2023.jpg?resize=525%2C300&ssl=1 1.5x, https:\/\/i0.wp.com\/www.sportalsub.net\/blog\/wp-content\/uploads\/2023\/10\/fesfivalinfantilcolombia2023.jpg?resize=700%2C400&ssl=1 2x"},"classes":[]},{"id":29076,"url":"https:\/\/www.sportalsub.net\/blog\/festival-nacional-infantil-interligas-y-chequeo-departamental-de-natacion-con-aletas-medellin-colombia-2018\/","url_meta":{"origin":35314,"position":4},"title":"\ud83c\udde8\ud83c\uddf4 Resultados &#8211; Festival Nacional Infantil Interligas y Chequeo Departamental de Nataci\u00f3n con Aletas. Medell\u00edn, Colombia 2018","author":"Sportalsub.net","date":"10 octubre 2018","format":false,"excerpt":"(Sportalsub.net \/ LASA \/ FEDECAS \/ FEDELIAN) Con 111 participantes se celebr\u00f3 el\u00a0Festival Nacional Infantil Interligas de Nataci\u00f3n con Aletas 2018, evento que se tom\u00f3\u00a0 la piscina ol\u00edmpica del\u00a0complejo acu\u00e1tico C\u00e9sar Zapata\u00a0de la\u00a0unidad deportiva Atanasio Girardot\u00a0de Medell\u00edn, Colombia. La delegaci\u00f3n m\u00e1s amplia participante fue la representante de la\u00a0Liga Antioque\u00f1a de\u2026","rel":"","context":"En \u00abColombia\u00bb","block_context":{"text":"Colombia","link":"https:\/\/www.sportalsub.net\/blog\/category\/paises\/america\/colombia\/"},"img":{"alt_text":"","src":"https:\/\/i0.wp.com\/www.sportalsub.net\/blog\/wp-content\/uploads\/2018\/10\/natacionconaletasantioquia.jpg?resize=350%2C200&ssl=1","width":350,"height":200,"srcset":"https:\/\/i0.wp.com\/www.sportalsub.net\/blog\/wp-content\/uploads\/2018\/10\/natacionconaletasantioquia.jpg?resize=350%2C200&ssl=1 1x, https:\/\/i0.wp.com\/www.sportalsub.net\/blog\/wp-content\/uploads\/2018\/10\/natacionconaletasantioquia.jpg?resize=525%2C300&ssl=1 1.5x, https:\/\/i0.wp.com\/www.sportalsub.net\/blog\/wp-content\/uploads\/2018\/10\/natacionconaletasantioquia.jpg?resize=700%2C400&ssl=1 2x"},"classes":[]},{"id":28785,"url":"https:\/\/www.sportalsub.net\/blog\/2006\/06\/14\/festival-infantil-campeonato-distrital-nadosub-bogota-colombia-2006","url_meta":{"origin":35314,"position":5},"title":"\ud83c\udde8\ud83c\uddf4 Resultados IX Festival Nacional Infantil Interligas y II Campeonato Distrital de Nataci\u00f3n con aletas 2006 con Invitaci\u00f3n Nacional &#8211; Bogot\u00e1, Colombia","author":"Sportalsub.net","date":"14 junio 2006","format":false,"excerpt":"(Sportalsub.net \/ LIDAS) Entre el 9 y 11 de Junio en las piscinas del Complejo Acu\u00e1tico Sim\u00f3n Bol\u00edvar se efectu\u00f3 el IX Festival Nacional Infantil Interligas de Nataci\u00f3n con Aletas y el II Campeonato Distrital de Nataci\u00f3n con aletas 2006 con Invitaci\u00f3n Nacional, eventos que contaron con la participaci\u00f3n de\u2026","rel":"","context":"En \u00abColombia\u00bb","block_context":{"text":"Colombia","link":"https:\/\/www.sportalsub.net\/blog\/category\/paises\/america\/colombia\/"},"img":{"alt_text":"","src":"https:\/\/i0.wp.com\/www.sportalsub.net\/blog\/wp-content\/uploads\/2016\/06\/nadandomono.jpg?resize=350%2C200&ssl=1","width":350,"height":200,"srcset":"https:\/\/i0.wp.com\/www.sportalsub.net\/blog\/wp-content\/uploads\/2016\/06\/nadandomono.jpg?resize=350%2C200&ssl=1 1x, https:\/\/i0.wp.com\/www.sportalsub.net\/blog\/wp-content\/uploads\/2016\/06\/nadandomono.jpg?resize=525%2C300&ssl=1 1.5x"},"classes":[]}],"_links":{"self":[{"href":"https:\/\/www.sportalsub.net\/blog\/wp-json\/wp\/v2\/posts\/35314","targetHints":{"allow":["GET"]}}],"collection":[{"href":"https:\/\/www.sportalsub.net\/blog\/wp-json\/wp\/v2\/posts"}],"about":[{"href":"https:\/\/www.sportalsub.net\/blog\/wp-json\/wp\/v2\/types\/post"}],"author":[{"embeddable":true,"href":"https:\/\/www.sportalsub.net\/blog\/wp-json\/wp\/v2\/users\/1"}],"replies":[{"embeddable":true,"href":"https:\/\/www.sportalsub.net\/blog\/wp-json\/wp\/v2\/comments?post=35314"}],"version-history":[{"count":0,"href":"https:\/\/www.sportalsub.net\/blog\/wp-json\/wp\/v2\/posts\/35314\/revisions"}],"wp:featuredmedia":[{"embeddable":true,"href":"https:\/\/www.sportalsub.net\/blog\/wp-json\/wp\/v2\/media\/35452"}],"wp:attachment":[{"href":"https:\/\/www.sportalsub.net\/blog\/wp-json\/wp\/v2\/media?parent=35314"}],"wp:term":[{"taxonomy":"category","embeddable":true,"href":"https:\/\/www.sportalsub.net\/blog\/wp-json\/wp\/v2\/categories?post=35314"},{"taxonomy":"post_tag","embeddable":true,"href":"https:\/\/www.sportalsub.net\/blog\/wp-json\/wp\/v2\/tags?post=35314"}],"curies":[{"name":"wp","href":"https:\/\/api.w.org\/{rel}","templated":true}]}}