{"id":37,"date":"2008-05-14T10:09:35","date_gmt":"2008-05-14T14:09:35","guid":{"rendered":"http:\/\/www.sportalsub.net\/blog\/?p=37"},"modified":"2019-08-30T08:31:30","modified_gmt":"2019-08-30T12:31:30","slug":"los-nadadores-junior-del-cn-babel-brillan-con-espana-en-la-cmas-european-junior-trophy","status":"publish","type":"post","link":"https:\/\/www.sportalsub.net\/blog\/los-nadadores-junior-del-cn-babel-brillan-con-espana-en-la-cmas-european-junior-trophy\/","title":{"rendered":"\ud83c\uddea\ud83c\uddf8 Los nadadores j\u00fanior del CN Babel brillan con Espa\u00f1a en la CMAS European Junior Trophy"},"content":{"rendered":"<p><img loading=\"lazy\" decoding=\"async\" src=\"http:\/\/www.masmar.com\/imagenes\/noticias\/13052008aletas.jpg\" alt=\"\" width=\"395\" height=\"264\" \/><\/p>\n<p>Los nadadores con aletas del Babel Alicante demuestran en cada cita deportiva que se encuentran al nivel de los mejores del mundo. V\u00edctor Alcal\u00e1, Mar\u00eda L\u00f3pez y Lara Garc\u00eda participaron el pasado fin de semana en la primera edici\u00f3n de la CMAS European Junior Trophy como integrantes de la selecci\u00f3n espa\u00f1ola j\u00fanior.<\/p>\n<p><!--more--><\/p>\n<p><script type=\"text\/javascript\"><!-- google_ad_client = \"pub-2536780557231974\"; \/* 336x280, creado 7\/05\/08 *\/ google_ad_slot = \"0022130288\"; google_ad_width = 336; google_ad_height = 280; \/\/-->; \/\/ --&gt; \/\/ --&gt;<\/script><\/p>\n<p><script src=\"http:\/\/pagead2.googlesyndication.com\/pagead\/show_ads.js\" type=\"text\/javascript\"><\/script><\/p>\n<p>La competici\u00f3n, que tuvo lugar en Italia, dio la oportunidad a los alicantinos de demostrar sus cualidades en una piscina. V\u00edctor Alcal\u00e1 consigui\u00f3 dos medallas de bronce al formar parte de los relevos en el 4&#215;100 metros y el 4&#215;200.<\/p>\n<p>Mar\u00eda L\u00f3pez y Lara Garc\u00eda no quisieron ser menos que sus compa\u00f1eras y tambi\u00e9n obtuvieron la tercera plaza en los relevos del 4&#215;100 y 4&#215;200. Garc\u00eda, adem\u00e1s, tuvo una brillante actuaci\u00f3n individual, que le vali\u00f3 para batir el r\u00e9cord de Espa\u00f1a cadete en los 200 metros.<\/p>\n<p>Los tres nadadores alicantinos, pese a su corta edad, ya formaron parte de la selecci\u00f3n nacional j\u00fanior que particip\u00f3 el pasado a\u00f1o en el Campeonato de Europa de nataci\u00f3n con aletas.<\/p>\n<p>Por otra parte, el combinado senior del CN Babel Alicante se proclam\u00f3 campe\u00f3n en el Trofeo Lignano Sabbiadoro de nataci\u00f3n con aletas, que tuvo lugar de forma paralela a la CMAS European Junior Trophy. Los chicos entrenados por Jos\u00e9 Miguel Iniesta se adjudicaron la competici\u00f3n en el 4&#215;100 y el 4&#215;200, donde hicieron plusmarca nacional.<\/p>\n<p>Respecto a la actuaci\u00f3n de los alicantinos en las competiciones individuales, hay que destacar que Gregorio Iniesta y Jaime Murcia obtuvieron cada uno una plata, Borja Asensio dos bronces y Borja Mart\u00ednez otro bronce.<\/p>\n<p>Fuente: <a href=\"http:\/\/www.masmar.com\/noticias\/html\/51189.html\" target=\"_blank\" rel=\"noopener noreferrer\" target=\"_blank\">http:\/\/www.masmar.com\/noticias\/html\/51189.html<\/a><br \/>\n\/\/ &#8211;&gt;<\/p>\n<p class=\"entry\"><a href=\"http:\/\/sportalsub.scubastore.com\" target=\"_blank\" rel=\"noopener noreferrer\" target=\"_blank\"><img loading=\"lazy\" decoding=\"async\" style=\"border: 0px;\" src=\"http:\/\/www.sportalsub.net\/blog\/wp-content\/uploads\/2008\/04\/publicidadnadosub.jpg\" alt=\"\" width=\"450\" height=\"200\" \/><\/a><\/p>\n","protected":false},"excerpt":{"rendered":"<p>Los nadadores con aletas del Babel Alicante demuestran en cada cita deportiva que se encuentran al nivel de los mejores del mundo. V\u00edctor Alcal\u00e1, Mar\u00eda L\u00f3pez y Lara Garc\u00eda participaron el pasado fin de semana en la primera edici\u00f3n de la CMAS European Junior Trophy como integrantes de la selecci\u00f3n espa\u00f1ola j\u00fanior.<\/p>\n","protected":false},"author":1,"featured_media":16350,"comment_status":"open","ping_status":"closed","sticky":false,"template":"","format":"standard","meta":{"_lmt_disableupdate":"","_lmt_disable":"","jetpack_post_was_ever_published":false,"_jetpack_newsletter_access":"","_jetpack_dont_email_post_to_subs":false,"_jetpack_newsletter_tier_id":0,"_jetpack_memberships_contains_paywalled_content":false,"_jetpack_memberships_contains_paid_content":false,"footnotes":"","jetpack_publicize_message":"","jetpack_publicize_feature_enabled":true,"jetpack_social_post_already_shared":false,"jetpack_social_options":{"image_generator_settings":{"template":"highway","default_image_id":0,"font":"","enabled":false},"version":2}},"categories":[10,12],"tags":[],"class_list":["post-37","post","type-post","status-publish","format-standard","has-post-thumbnail","hentry","category-espana","category-natacion-con-aletas"],"modified_by":"Sportalsub.net","views":2680,"jetpack_publicize_connections":[],"jetpack_featured_media_url":"https:\/\/www.sportalsub.net\/blog\/wp-content\/uploads\/2013\/11\/13052008aletas.jpg","jetpack_sharing_enabled":true,"jetpack_shortlink":"https:\/\/wp.me\/pf9lN-B","jetpack_likes_enabled":false,"jetpack-related-posts":[{"id":42,"url":"https:\/\/www.sportalsub.net\/blog\/9-records-nacionales-juveniles-de-natacion-con-aletas-de-espana\/","url_meta":{"origin":37,"position":0},"title":"\ud83c\uddea\ud83c\uddf8 9 R\u00e9cords Nacionales Juveniles de Nataci\u00f3n con Aletas de Espa\u00f1a","author":"Sportalsub.net","date":"15 mayo 2008","format":false,"excerpt":"La participacion Espa\u00f1ola en el CMAS trophy de Lignano, nos deja un saldo positivo en nueve records nacionales SALUD MORAN MU\u00d1OZ,\u00a0(EFIBA) ANDALUCIA,\u00a0Con tres nuevos record junior en 100 sup\u00a0 de 46,35 lo mejoro a\u00a0 45,86 en 100 inm de 45,59-------------44,08 y en 200 sup de 1,43,04---------1,41,58 NAZARET MORILLO VALLE, (EFIBA)\u2026","rel":"","context":"En \u00abEspa\u00f1a\u00bb","block_context":{"text":"Espa\u00f1a","link":"https:\/\/www.sportalsub.net\/blog\/category\/paises\/europa\/espana\/"},"img":{"alt_text":"","src":"https:\/\/i0.wp.com\/www.sportalsub.net\/blog\/wp-content\/uploads\/2008\/05\/dsc01554.jpg?resize=350%2C200&ssl=1","width":350,"height":200,"srcset":"https:\/\/i0.wp.com\/www.sportalsub.net\/blog\/wp-content\/uploads\/2008\/05\/dsc01554.jpg?resize=350%2C200&ssl=1 1x, https:\/\/i0.wp.com\/www.sportalsub.net\/blog\/wp-content\/uploads\/2008\/05\/dsc01554.jpg?resize=525%2C300&ssl=1 1.5x"},"classes":[]},{"id":2726,"url":"https:\/\/www.sportalsub.net\/blog\/resultados-de-la-2da-jornada-de-la-golden-final-de-la-copa-del-mundo-de-natacion-con-aletas-2009-valencia-espana\/","url_meta":{"origin":37,"position":1},"title":"\ud83c\uddea\ud83c\uddf8 Resultados de la 2da Jornada de la Golden Final de la Copa del Mundo de Nataci\u00f3n con Aletas 2009. Valencia, Espa\u00f1a","author":"Sportalsub.net","date":"11 septiembre 2009","format":false,"excerpt":"Este viernes 11 de septiembre se realizaron las pruebas finales en piscina de la Golden Final de la IV Copa del Mundo de Nataci\u00f3n con Aletas interclubes que se realiza desde este jueves 10 de octubre hasta el s\u00e1bado 12 en Valencia, Espa\u00f1a. Sportalsub.net trae los resultados y rese\u00f1a de\u2026","rel":"","context":"En \u00abCMAS\u00bb","block_context":{"text":"CMAS","link":"https:\/\/www.sportalsub.net\/blog\/category\/mas\/organizaciones\/cmas-organizaciones\/"},"img":{"alt_text":"","src":"https:\/\/i0.wp.com\/www.sportalsub.net\/blog\/wp-content\/uploads\/2013\/11\/0027.jpg?resize=350%2C200&ssl=1","width":350,"height":200,"srcset":"https:\/\/i0.wp.com\/www.sportalsub.net\/blog\/wp-content\/uploads\/2013\/11\/0027.jpg?resize=350%2C200&ssl=1 1x, https:\/\/i0.wp.com\/www.sportalsub.net\/blog\/wp-content\/uploads\/2013\/11\/0027.jpg?resize=525%2C300&ssl=1 1.5x"},"classes":[]},{"id":30755,"url":"https:\/\/www.sportalsub.net\/blog\/equipos-nacionales-de-natacion-con-aletas-de-espana-2019\/","url_meta":{"origin":37,"position":2},"title":"\ud83c\uddea\ud83c\uddf8 FEDAS publica los equipos Nacionales Junior y Senior de Nataci\u00f3n con Aletas de Espa\u00f1a 2019","author":"Sportalsub.net","date":"17 mayo 2019","format":false,"excerpt":"(Sportalsub.net \/ FEDAS) El Comit\u00e9 de Nataci\u00f3n con Aletas de la Federaci\u00f3n Espa\u00f1ola de Actividades Subacu\u00e1ticas (FEDAS) ha publicado sus equipos nacionales para los pr\u00f3ximos Campeonatos Internacionales CMAS de esta disciplina CONVOCATORIA SELECCI\u00d3N ESPA\u00d1OLA SENIOR NATACI\u00d3N CON ALETAS QUE PARTICIPAR\u00c1 EN EL CAMPEONATO DE EUROPA EN IOANNINA (GRECIA) DEL 26\u2026","rel":"","context":"En \u00abDestacados\u00bb","block_context":{"text":"Destacados","link":"https:\/\/www.sportalsub.net\/blog\/category\/mas\/destacados\/"},"img":{"alt_text":"","src":"https:\/\/i0.wp.com\/www.sportalsub.net\/blog\/wp-content\/uploads\/2019\/05\/spainfinswimming2019.jpg?resize=350%2C200&ssl=1","width":350,"height":200,"srcset":"https:\/\/i0.wp.com\/www.sportalsub.net\/blog\/wp-content\/uploads\/2019\/05\/spainfinswimming2019.jpg?resize=350%2C200&ssl=1 1x, https:\/\/i0.wp.com\/www.sportalsub.net\/blog\/wp-content\/uploads\/2019\/05\/spainfinswimming2019.jpg?resize=525%2C300&ssl=1 1.5x, https:\/\/i0.wp.com\/www.sportalsub.net\/blog\/wp-content\/uploads\/2019\/05\/spainfinswimming2019.jpg?resize=700%2C400&ssl=1 2x"},"classes":[]},{"id":45638,"url":"https:\/\/www.sportalsub.net\/blog\/seleccion-espanola-junior-de-natacion-con-aletas-presente-en-el-mundial-cmas-2021-en-italia\/","url_meta":{"origin":37,"position":3},"title":"\ud83c\uddea\ud83c\uddf8 Selecci\u00f3n Espa\u00f1ola Junior de Nataci\u00f3n con Aletas presente en el Mundial CMAS 2021 en Italia","author":"Sportalsub.net","date":"13 junio 2021","format":false,"excerpt":"La Selecci\u00f3n espa\u00f1ola Junior de Nataci\u00f3n con Aletas de la Federaci\u00f3n Espa\u00f1ola de Actividades Subacu\u00e1ticas presente en Lignano Sabbiadoro, Italia en el Mundial CMAS 2021 de la categor\u00eda, a realizarse del 13 al 19 de Junio. Integrantes de la Selecci\u00f3n Unax GUERRERO GIL 04 AD SAN JUAN NAVARRA Izan D\u00cdAZ\u2026","rel":"","context":"En \u00abEspa\u00f1a\u00bb","block_context":{"text":"Espa\u00f1a","link":"https:\/\/www.sportalsub.net\/blog\/category\/paises\/europa\/espana\/"},"img":{"alt_text":"","src":"https:\/\/i0.wp.com\/www.sportalsub.net\/blog\/wp-content\/uploads\/2021\/06\/espanajuvenil2021.jpg?resize=350%2C200&ssl=1","width":350,"height":200,"srcset":"https:\/\/i0.wp.com\/www.sportalsub.net\/blog\/wp-content\/uploads\/2021\/06\/espanajuvenil2021.jpg?resize=350%2C200&ssl=1 1x, https:\/\/i0.wp.com\/www.sportalsub.net\/blog\/wp-content\/uploads\/2021\/06\/espanajuvenil2021.jpg?resize=525%2C300&ssl=1 1.5x, https:\/\/i0.wp.com\/www.sportalsub.net\/blog\/wp-content\/uploads\/2021\/06\/espanajuvenil2021.jpg?resize=700%2C400&ssl=1 2x"},"classes":[]},{"id":12627,"url":"https:\/\/www.sportalsub.net\/blog\/resultados-vii-copa-mundo-natacion-con-aletas-cmas-5ta-ronda-2012-espana\/","url_meta":{"origin":37,"position":4},"title":"\ud83c\uddea\ud83c\uddf8 Resultados VII Copa Mundo Nataci\u00f3n con Aletas CMAS \u2013 5ta Ronda 2012 \u2013 Espa\u00f1a","author":"Sportalsub.net","date":"1 junio 2012","format":false,"excerpt":"(Especial Sportalsub.net \/ FEDAS-FBDAS \/ CMAS) Del 25 al 27 de mayo se realiz\u00f3 en Palma de Mallorca, Espa\u00f1a la 5ta Ronda de la VII Copa del Mundo CMAS de Nataci\u00f3n con Aletas, en la cual Colombia obtuvo un excelente resultando, dominando algunas de las pruebas y con una gran\u2026","rel":"","context":"En \u00abColombia\u00bb","block_context":{"text":"Colombia","link":"https:\/\/www.sportalsub.net\/blog\/category\/paises\/america\/colombia\/"},"img":{"alt_text":"","src":"https:\/\/i0.wp.com\/www.sportalsub.net\/blog\/wp-content\/uploads\/2012\/06\/copamundopalma.jpg?resize=350%2C200&ssl=1","width":350,"height":200,"srcset":"https:\/\/i0.wp.com\/www.sportalsub.net\/blog\/wp-content\/uploads\/2012\/06\/copamundopalma.jpg?resize=350%2C200&ssl=1 1x, https:\/\/i0.wp.com\/www.sportalsub.net\/blog\/wp-content\/uploads\/2012\/06\/copamundopalma.jpg?resize=525%2C300&ssl=1 1.5x"},"classes":[]},{"id":23932,"url":"https:\/\/www.sportalsub.net\/blog\/selecciones-natacion-con-aletas-espana-2016","url_meta":{"origin":37,"position":5},"title":"\ud83c\uddea\ud83c\uddf8 Espa\u00f1a da a conocer a sus Selecciones Nacionales de Nataci\u00f3n con Aletas a los Campeonatos Mundiales 2016","author":"Sportalsub.net","date":"15 abril 2016","format":false,"excerpt":"(Sportalsub.net \/ Nataci\u00f3n con Aletas FEDAS) La entrenadora Mireia Ferrandiz, Seleccionadora Nacional de Nataci\u00f3n con Aletas de la la Federaci\u00f3n Espa\u00f1ola de Actividades Subacu\u00e1ticas (FEDAS)\u00a0 ha dado a conocer los listados de atletas y t\u00e9cnicos seleccionados para representar a Espa\u00f1a en los Campeonatos Mundiales Senior y Junior,\u00a0a realizarse en los\u2026","rel":"","context":"En \u00abEspa\u00f1a\u00bb","block_context":{"text":"Espa\u00f1a","link":"https:\/\/www.sportalsub.net\/blog\/category\/paises\/europa\/espana\/"},"img":{"alt_text":"","src":"https:\/\/i0.wp.com\/www.sportalsub.net\/blog\/wp-content\/uploads\/2016\/04\/natacion-aletas-esp.jpg?resize=350%2C200&ssl=1","width":350,"height":200,"srcset":"https:\/\/i0.wp.com\/www.sportalsub.net\/blog\/wp-content\/uploads\/2016\/04\/natacion-aletas-esp.jpg?resize=350%2C200&ssl=1 1x, https:\/\/i0.wp.com\/www.sportalsub.net\/blog\/wp-content\/uploads\/2016\/04\/natacion-aletas-esp.jpg?resize=525%2C300&ssl=1 1.5x, https:\/\/i0.wp.com\/www.sportalsub.net\/blog\/wp-content\/uploads\/2016\/04\/natacion-aletas-esp.jpg?resize=700%2C400&ssl=1 2x, https:\/\/i0.wp.com\/www.sportalsub.net\/blog\/wp-content\/uploads\/2016\/04\/natacion-aletas-esp.jpg?resize=1050%2C600&ssl=1 3x"},"classes":[]}],"_links":{"self":[{"href":"https:\/\/www.sportalsub.net\/blog\/wp-json\/wp\/v2\/posts\/37","targetHints":{"allow":["GET"]}}],"collection":[{"href":"https:\/\/www.sportalsub.net\/blog\/wp-json\/wp\/v2\/posts"}],"about":[{"href":"https:\/\/www.sportalsub.net\/blog\/wp-json\/wp\/v2\/types\/post"}],"author":[{"embeddable":true,"href":"https:\/\/www.sportalsub.net\/blog\/wp-json\/wp\/v2\/users\/1"}],"replies":[{"embeddable":true,"href":"https:\/\/www.sportalsub.net\/blog\/wp-json\/wp\/v2\/comments?post=37"}],"version-history":[{"count":0,"href":"https:\/\/www.sportalsub.net\/blog\/wp-json\/wp\/v2\/posts\/37\/revisions"}],"wp:featuredmedia":[{"embeddable":true,"href":"https:\/\/www.sportalsub.net\/blog\/wp-json\/wp\/v2\/media\/16350"}],"wp:attachment":[{"href":"https:\/\/www.sportalsub.net\/blog\/wp-json\/wp\/v2\/media?parent=37"}],"wp:term":[{"taxonomy":"category","embeddable":true,"href":"https:\/\/www.sportalsub.net\/blog\/wp-json\/wp\/v2\/categories?post=37"},{"taxonomy":"post_tag","embeddable":true,"href":"https:\/\/www.sportalsub.net\/blog\/wp-json\/wp\/v2\/tags?post=37"}],"curies":[{"name":"wp","href":"https:\/\/api.w.org\/{rel}","templated":true}]}}