{"id":37565,"date":"2020-03-01T05:22:54","date_gmt":"2020-03-01T09:22:54","guid":{"rendered":"https:\/\/www.sportalsub.net\/blog\/?p=37565"},"modified":"2020-03-18T03:07:52","modified_gmt":"2020-03-18T07:07:52","slug":"%f0%9f%87%aa%f0%9f%87%b8-federacion-espanola-de-actividades-subacuaticas-fedas-calendario-2020","status":"publish","type":"post","link":"https:\/\/www.sportalsub.net\/blog\/calendario-2020-fedas-espana","title":{"rendered":"\ud83c\uddea\ud83c\uddf8 Federaci\u00f3n Espa\u00f1ola de Actividades Subacu\u00e1ticas (FEDAS) &#8211; Calendario 2020"},"content":{"rendered":"<p><img loading=\"lazy\" decoding=\"async\" class=\"alignnone size-full wp-image-37566\" src=\"https:\/\/www.sportalsub.net\/blog\/wp-content\/uploads\/2020\/01\/calendariofedas2020.jpg\" alt=\"\" width=\"900\" height=\"600\" srcset=\"https:\/\/www.sportalsub.net\/blog\/wp-content\/uploads\/2020\/01\/calendariofedas2020.jpg 900w, https:\/\/www.sportalsub.net\/blog\/wp-content\/uploads\/2020\/01\/calendariofedas2020-300x200.jpg 300w, https:\/\/www.sportalsub.net\/blog\/wp-content\/uploads\/2020\/01\/calendariofedas2020-768x512.jpg 768w, https:\/\/www.sportalsub.net\/blog\/wp-content\/uploads\/2020\/01\/calendariofedas2020-177x118.jpg 177w\" sizes=\"auto, (max-width: 900px) 100vw, 900px\" \/><\/p>\n<p>(Sportalsub.net \/ FEDAS)<\/p>\n<p>El Calendario Deportivo 2020 de La Federaci\u00f3n Espa\u00f1ola de Actividades Subacu\u00e1ticas (<a href=\"http:\/\/fedas.es\/\" target=\"_blank\" rel=\"noopener noreferrer\" target=\"_blank\">FEDAS<\/a>) incluye las competencias nacionales e internacionales en las modalidades de: apnea, buceo de competici\u00f3n, hockey subacu\u00e1tico, nataci\u00f3n con aletas, orientaci\u00f3n subacu\u00e1tica, pesca submarina y rugby subacu\u00e1tico, que organizar\u00e1 o en las que se planea la participaci\u00f3n de los deportistas subacu\u00e1ticos afiliados a esta Federaci\u00f3n Nacional.<\/p>\n<p><strong><a href=\"http:\/\/fedas.es\/eventos-2\/\" target=\"_blank\" rel=\"noopener noreferrer\" target=\"_blank\">Calendario FEDAS 2020 versi\u00f3n web<\/a>\u00a0<\/strong><\/p>\n<p><strong>Eventos FEDAS en Espa\u00f1a 2020 publicados en Sportalsub.net<\/strong><\/p>\n<ul>\n<li><a href=\"https:\/\/www.sportalsub.net\/blog\/semana-master-pescasub-2020\" rel=\"bookmark\"><strong>Semana Master Ciutat De Palma De Pesca Submarina Y Copa Mundo CMAS. 24-25 de Enero, Palma de Mallorca<\/strong><\/a> \u2714\ufe0f<\/li>\n<li><a href=\"https:\/\/www.sportalsub.net\/blog\/nadosub-espana-elche-2020\">Campeonato de Espa\u00f1a de Nataci\u00f3n con Aletas por comunidades Auton\u00f3micas. Elche, 21 y 22 de Marzo<\/a> (se realizar\u00eda despu\u00e9s del 30 de abril)<\/li>\n<\/ul>\n","protected":false},"excerpt":{"rendered":"<p>(Sportalsub.net \/ FEDAS) El Calendario Deportivo 2020 de La Federaci\u00f3n Espa\u00f1ola de Actividades Subacu\u00e1ticas (FEDAS) incluye las competencias nacionales e internacionales en las modalidades de: apnea, buceo de competici\u00f3n, hockey subacu\u00e1tico, nataci\u00f3n con aletas, orientaci\u00f3n subacu\u00e1tica, pesca submarina y rugby subacu\u00e1tico, que organizar\u00e1 o en las que se planea la participaci\u00f3n de los deportistas subacu\u00e1ticos afiliados a esta Federaci\u00f3n Nacional. [&#8230;]<\/p>\n","protected":false},"author":1,"featured_media":37566,"comment_status":"open","ping_status":"closed","sticky":false,"template":"","format":"standard","meta":{"_lmt_disableupdate":"","_lmt_disable":"","jetpack_post_was_ever_published":false,"_jetpack_newsletter_access":"","_jetpack_dont_email_post_to_subs":false,"_jetpack_newsletter_tier_id":0,"_jetpack_memberships_contains_paywalled_content":false,"_jetpack_memberships_contains_paid_content":false,"footnotes":"","jetpack_publicize_message":"","jetpack_publicize_feature_enabled":true,"jetpack_social_post_already_shared":true,"jetpack_social_options":{"image_generator_settings":{"template":"highway","default_image_id":0,"font":"","enabled":false},"version":2}},"categories":[9,103,347,10,2,12,104,18,7],"tags":[444],"class_list":["post-37565","post","type-post","status-publish","format-standard","has-post-thumbnail","hentry","category-apnea","category-buceo-deportivo","category-destacados","category-espana","category-hockey-subacuatico","category-natacion-con-aletas","category-orientacion-subacuatica","category-pesca-submarina","category-rugby-subacuatico","tag-calendario-2020"],"modified_by":"Sportalsub.net","views":3257,"jetpack_publicize_connections":[],"jetpack_featured_media_url":"https:\/\/www.sportalsub.net\/blog\/wp-content\/uploads\/2020\/01\/calendariofedas2020.jpg","jetpack_sharing_enabled":true,"jetpack_shortlink":"https:\/\/wp.me\/pf9lN-9LT","jetpack_likes_enabled":false,"jetpack-related-posts":[{"id":17200,"url":"https:\/\/www.sportalsub.net\/blog\/calendario-2014-federacion-espanola-de-actividades-subacuaticas-fmas\/","url_meta":{"origin":37565,"position":0},"title":"\ud83c\uddea\ud83c\uddf8 Calendario 2014 Federaci\u00f3n Espa\u00f1ola de Actividades Subacu\u00e1ticas FEDAS","author":"Sportalsub.net","date":"8 enero 2014","format":false,"excerpt":"(Especial Sportalsub.net \/\u00a0FEDAS) La\u00a0Federaci\u00f3n Espa\u00f1ola de Actividades Subacu\u00e1ticas FEDAS publica su calendario provisional nacional e internacional para 2014 Ver Calendario Oficial\u00a0 Fuente:\u00a0FEDAS","rel":"","context":"En \u00abApnea\u00bb","block_context":{"text":"Apnea","link":"https:\/\/www.sportalsub.net\/blog\/category\/modalidades\/apnea\/"},"img":{"alt_text":"FEDAS-relieve-transparente","src":"https:\/\/i0.wp.com\/www.sportalsub.net\/blog\/wp-content\/uploads\/2014\/01\/FEDAS-relieve-transparente.png?resize=350%2C200","width":350,"height":200},"classes":[]},{"id":37745,"url":"https:\/\/www.sportalsub.net\/blog\/calendario-2020-fedecas-colombia","url_meta":{"origin":37565,"position":1},"title":"\ud83c\udde8\ud83c\uddf4 Federaci\u00f3n Colombiana de Actividades Subacu\u00e1ticas (FEDECAS) &#8211; Calendario 2020","author":"Sportalsub.net","date":"1 marzo 2020","format":false,"excerpt":"(Sportalsub.net \/ FEDECAS) El Calendario Deportivo 2020 de La Federaci\u00f3n Colombiana de Actividades Subacu\u00e1ticas (FEDECAS) incluye las competencias y capacitaciones nacionales e internacionales en las modalidades de: apnea, buceo, hockey subacu\u00e1tico, nataci\u00f3n con aletas, pesca submarina, rugby subacu\u00e1tico y tiro al blanco subacu\u00e1tico, que organizar\u00e1 o en las que se\u2026","rel":"","context":"En \u00abApnea\u00bb","block_context":{"text":"Apnea","link":"https:\/\/www.sportalsub.net\/blog\/category\/modalidades\/apnea\/"},"img":{"alt_text":"","src":"https:\/\/i0.wp.com\/www.sportalsub.net\/blog\/wp-content\/uploads\/2020\/02\/calendariofedecas2020.jpg?resize=350%2C200&ssl=1","width":350,"height":200,"srcset":"https:\/\/i0.wp.com\/www.sportalsub.net\/blog\/wp-content\/uploads\/2020\/02\/calendariofedecas2020.jpg?resize=350%2C200&ssl=1 1x, https:\/\/i0.wp.com\/www.sportalsub.net\/blog\/wp-content\/uploads\/2020\/02\/calendariofedecas2020.jpg?resize=525%2C300&ssl=1 1.5x, https:\/\/i0.wp.com\/www.sportalsub.net\/blog\/wp-content\/uploads\/2020\/02\/calendariofedecas2020.jpg?resize=700%2C400&ssl=1 2x"},"classes":[]},{"id":37751,"url":"https:\/\/www.sportalsub.net\/blog\/calendario-2020-faas-argentina","url_meta":{"origin":37565,"position":2},"title":"\ud83c\udde6\ud83c\uddf7 Federaci\u00f3n Argentina de Actividades Subacu\u00e1ticas (FAAS) &#8211; Calendario 2020","author":"Sportalsub.net","date":"1 marzo 2020","format":false,"excerpt":"(Sportalsub.net \/ FAAS) El Calendario 2020 de la Federaci\u00f3n Argentina Actividades Subacu\u00e1ticas (FAAS) incluye las competencias y capacitaciones nacionales e internacionales en las modalidades de: apnea, hockey subacu\u00e1tico, nataci\u00f3n con aletas, orientaci\u00f3n subacu\u00e1tica y pesca submarina, que organizar\u00e1 esta Federaci\u00f3n o en las que se planea la participaci\u00f3n de sus\u2026","rel":"","context":"En \u00abApnea\u00bb","block_context":{"text":"Apnea","link":"https:\/\/www.sportalsub.net\/blog\/category\/modalidades\/apnea\/"},"img":{"alt_text":"","src":"https:\/\/i0.wp.com\/www.sportalsub.net\/blog\/wp-content\/uploads\/2020\/02\/calendario2020faas.jpg?resize=350%2C200&ssl=1","width":350,"height":200,"srcset":"https:\/\/i0.wp.com\/www.sportalsub.net\/blog\/wp-content\/uploads\/2020\/02\/calendario2020faas.jpg?resize=350%2C200&ssl=1 1x, https:\/\/i0.wp.com\/www.sportalsub.net\/blog\/wp-content\/uploads\/2020\/02\/calendario2020faas.jpg?resize=525%2C300&ssl=1 1.5x, https:\/\/i0.wp.com\/www.sportalsub.net\/blog\/wp-content\/uploads\/2020\/02\/calendario2020faas.jpg?resize=700%2C400&ssl=1 2x"},"classes":[]},{"id":37758,"url":"https:\/\/www.sportalsub.net\/blog\/calendario-2020-fedesub-chile","url_meta":{"origin":37565,"position":3},"title":"\ud83c\udde8\ud83c\uddf1 Federaci\u00f3n Deportiva Nacional de Actividades Subacu\u00e1ticas y Salvamento Acu\u00e1tico (FEDESUB) Chile \u2013 Calendario 2020","author":"Sportalsub.net","date":"1 marzo 2020","format":false,"excerpt":"(Sportalsub.net \/ FEDESUB) El Calendario 2020 de la Federaci\u00f3n Deportiva Nacional de Actividades Subacu\u00e1ticas y Salvamento Acu\u00e1tico (FEDESUB \/ CMAS Chile) incluye las competencias nacionales e internacionales en las modalidades de: apnea, buceo, fotograf\u00eda submarina, nataci\u00f3n con aletas, pesca submarina y salvamento acu\u00e1tico, que organizar\u00e1 esta Federaci\u00f3n o en las\u2026","rel":"","context":"En \u00abApnea\u00bb","block_context":{"text":"Apnea","link":"https:\/\/www.sportalsub.net\/blog\/category\/modalidades\/apnea\/"},"img":{"alt_text":"","src":"https:\/\/i0.wp.com\/www.sportalsub.net\/blog\/wp-content\/uploads\/2020\/02\/calendario2020fedesub.jpg?resize=350%2C200&ssl=1","width":350,"height":200,"srcset":"https:\/\/i0.wp.com\/www.sportalsub.net\/blog\/wp-content\/uploads\/2020\/02\/calendario2020fedesub.jpg?resize=350%2C200&ssl=1 1x, https:\/\/i0.wp.com\/www.sportalsub.net\/blog\/wp-content\/uploads\/2020\/02\/calendario2020fedesub.jpg?resize=525%2C300&ssl=1 1.5x, https:\/\/i0.wp.com\/www.sportalsub.net\/blog\/wp-content\/uploads\/2020\/02\/calendario2020fedesub.jpg?resize=700%2C400&ssl=1 2x, https:\/\/i0.wp.com\/www.sportalsub.net\/blog\/wp-content\/uploads\/2020\/02\/calendario2020fedesub.jpg?resize=1050%2C600&ssl=1 3x"},"classes":[]},{"id":37586,"url":"https:\/\/www.sportalsub.net\/blog\/calendario-2020-fedasub-ecuador","url_meta":{"origin":37565,"position":4},"title":"\ud83c\uddea\ud83c\udde8 Federaci\u00f3n Ecuatoriana de Buceo y Actividades Subacu\u00e1ticas (FEDASUB) &#8211; Calendario 2020","author":"Sportalsub.net","date":"1 marzo 2020","format":false,"excerpt":"(Sportalsub.net \/ FEDASUB) El Calendario Deportivo 2020 de La Federaci\u00f3n Ecuatoriana de Buceo y Actividades Subacu\u00e1ticas (FEDASUB) incluye las competencias nacionales e internacionales en las modalidades de: apnea, nataci\u00f3n con aletas y pesca submarina, que organizar\u00e1 o en las que se planea la participaci\u00f3n de los deportistas subacu\u00e1ticos afiliados a\u2026","rel":"","context":"En \u00abApnea\u00bb","block_context":{"text":"Apnea","link":"https:\/\/www.sportalsub.net\/blog\/category\/modalidades\/apnea\/"},"img":{"alt_text":"","src":"https:\/\/i0.wp.com\/www.sportalsub.net\/blog\/wp-content\/uploads\/2020\/01\/calendario2020fedasub.jpg?resize=350%2C200&ssl=1","width":350,"height":200,"srcset":"https:\/\/i0.wp.com\/www.sportalsub.net\/blog\/wp-content\/uploads\/2020\/01\/calendario2020fedasub.jpg?resize=350%2C200&ssl=1 1x, https:\/\/i0.wp.com\/www.sportalsub.net\/blog\/wp-content\/uploads\/2020\/01\/calendario2020fedasub.jpg?resize=525%2C300&ssl=1 1.5x, https:\/\/i0.wp.com\/www.sportalsub.net\/blog\/wp-content\/uploads\/2020\/01\/calendario2020fedasub.jpg?resize=700%2C400&ssl=1 2x"},"classes":[]},{"id":17057,"url":"https:\/\/www.sportalsub.net\/blog\/calendario-deportivo-internacional-de-la-confederacion-mundial-de-actividades-subacuaticas-2014\/","url_meta":{"origin":37565,"position":5},"title":"\ud83c\udf0e Calendario Deportivo Internacional de la Confederaci\u00f3n Mundial de Actividades Subacu\u00e1ticas 2014","author":"Sportalsub.net","date":"3 diciembre 2013","format":false,"excerpt":"(Especial Sportalsub.net \/ CMAS) La Confederaci\u00f3n Mundial de Actividades Subacu\u00e1ticas (CMAS) ha publicado en su sitio web oficial http:\/\/www.cmas.org\/events\u00a0el Calendario de Campeonatos y Competiciones Internacionales 2014, en el cual se incluyen los Campeonatos Mundiales y Continentales de las modalidades deportivas que agrupa (Apnea, Aquathlon, Foto y Video Subacu\u00e1tico, Buceo de\u2026","rel":"","context":"En \u00abApnea\u00bb","block_context":{"text":"Apnea","link":"https:\/\/www.sportalsub.net\/blog\/category\/modalidades\/apnea\/"},"img":{"alt_text":"","src":"https:\/\/i0.wp.com\/www.sportalsub.net\/blog\/wp-content\/uploads\/2013\/12\/cmas-2014.jpg?resize=350%2C200&ssl=1","width":350,"height":200},"classes":[]}],"_links":{"self":[{"href":"https:\/\/www.sportalsub.net\/blog\/wp-json\/wp\/v2\/posts\/37565","targetHints":{"allow":["GET"]}}],"collection":[{"href":"https:\/\/www.sportalsub.net\/blog\/wp-json\/wp\/v2\/posts"}],"about":[{"href":"https:\/\/www.sportalsub.net\/blog\/wp-json\/wp\/v2\/types\/post"}],"author":[{"embeddable":true,"href":"https:\/\/www.sportalsub.net\/blog\/wp-json\/wp\/v2\/users\/1"}],"replies":[{"embeddable":true,"href":"https:\/\/www.sportalsub.net\/blog\/wp-json\/wp\/v2\/comments?post=37565"}],"version-history":[{"count":0,"href":"https:\/\/www.sportalsub.net\/blog\/wp-json\/wp\/v2\/posts\/37565\/revisions"}],"wp:featuredmedia":[{"embeddable":true,"href":"https:\/\/www.sportalsub.net\/blog\/wp-json\/wp\/v2\/media\/37566"}],"wp:attachment":[{"href":"https:\/\/www.sportalsub.net\/blog\/wp-json\/wp\/v2\/media?parent=37565"}],"wp:term":[{"taxonomy":"category","embeddable":true,"href":"https:\/\/www.sportalsub.net\/blog\/wp-json\/wp\/v2\/categories?post=37565"},{"taxonomy":"post_tag","embeddable":true,"href":"https:\/\/www.sportalsub.net\/blog\/wp-json\/wp\/v2\/tags?post=37565"}],"curies":[{"name":"wp","href":"https:\/\/api.w.org\/{rel}","templated":true}]}}