{"id":3762,"date":"2003-10-05T03:52:13","date_gmt":"2003-10-05T08:22:13","guid":{"rendered":"http:\/\/www.sportalsub.net\/blog\/?p=3762"},"modified":"2019-08-29T23:38:08","modified_gmt":"2019-08-30T03:38:08","slug":"record-historico-para-carlos-coste-inmersion-libre-101-metros","status":"publish","type":"post","link":"https:\/\/www.sportalsub.net\/blog\/record-historico-para-carlos-coste-inmersion-libre-101-metros\/","title":{"rendered":"\ud83c\uddfb\ud83c\uddea R\u00e9cord Hist\u00f3rico para Carlos Coste &#8211; Inmersi\u00f3n Libre &#8211; 101 metros"},"content":{"rendered":"<p style=\"text-align: center;\"><a href=\"http:\/\/www.sportalsub.net\/blog\/2003\/10\/05\/record-historico-para-carlos-coste-inmersion-libre-101-metros\/\"><img loading=\"lazy\" decoding=\"async\" class=\"alignnone size-full wp-image-3763\" style=\"border: 0px;\" src=\"http:\/\/www.sportalsub.net\/blog\/wp-content\/uploads\/2010\/01\/carlos_101.jpg\" alt=\"\" width=\"167\" height=\"200\" \/><\/a><\/p>\n<p style=\"text-align: justify;\">El s\u00e1bado 4 de Octubre de 2003 Carlos Coste sorprende una vez m\u00e1s a todos los seguidores de su carrera y el deporte de la apnea, cuando con una inmersi\u00f3n de -101 metros se convierte en el primer ser humano en bajar m\u00e1s de 100 metros de profundidad con tan solo una bocanada de aire y sin ning\u00fan tipo de asistencia<\/p>\n<div>\n<div>\n<p><strong><!--more--><br \/>\nRecord Mundial y Record Guinness en Apnea Inmersi\u00f3n Libre<\/strong><\/p>\n<p>El nuevo registro mundial, en la modalidad de apnea inmersi\u00f3n libre, fue logrado nuevamente en el sector Pic\u00faa Chica del Parque Nacional Mochima, Estado Anzo\u00e1tegui en el evento denominado Reto en el Abismo 2003. La inmersi\u00f3n, que tuvo una duraci\u00f3n de 4 minutos con 3 segundos le vali\u00f3 el segundo r\u00e9cord mundial a Carlos en una semana, al haber conseguido el r\u00e9cord mundial de Apnea Peso Constante sin Aletas d\u00edas atr\u00e1s.<\/p>\n<\/div>\n<div>\n<p>Este r\u00e9cord fue supervisado nuevamente por los jueces internacionales AIDA, Marcello De Matteis de Suiza y Terry Gladstone de Canad\u00e1 y cont\u00f3 con el aval de AIDA Venezuela y la Federaci\u00f3n Venezolana de Actividades Subacu\u00e1ticas.<\/p>\n<\/div>\n<\/div>\n","protected":false},"excerpt":{"rendered":"<p>El s\u00e1bado 4 de Octubre de 2003 Carlos Coste sorprende una vez m\u00e1s a todos los seguidores de su carrera y el deporte de la apnea, cuando con una inmersi\u00f3n de -101 metros se convierte en el primer ser humano en bajar m\u00e1s de 100 metros de profundidad con tan solo una bocanada de aire y sin ning\u00fan tipo de [&#8230;]<\/p>\n","protected":false},"author":1,"featured_media":3763,"comment_status":"open","ping_status":"closed","sticky":false,"template":"","format":"standard","meta":{"_lmt_disableupdate":"","_lmt_disable":"","jetpack_post_was_ever_published":false,"_jetpack_newsletter_access":"","_jetpack_dont_email_post_to_subs":false,"_jetpack_newsletter_tier_id":0,"_jetpack_memberships_contains_paywalled_content":false,"_jetpack_memberships_contains_paid_content":false,"footnotes":"","jetpack_publicize_message":"","jetpack_publicize_feature_enabled":true,"jetpack_social_post_already_shared":false,"jetpack_social_options":{"image_generator_settings":{"template":"highway","default_image_id":0,"font":"","enabled":false},"version":2}},"categories":[147,9,50,8],"tags":[],"class_list":["post-3762","post","type-post","status-publish","format-standard","has-post-thumbnail","hentry","category-aida","category-apnea","category-records","category-venezuela"],"modified_by":"Sportalsub.net","views":2797,"jetpack_publicize_connections":[],"jetpack_featured_media_url":"https:\/\/www.sportalsub.net\/blog\/wp-content\/uploads\/2010\/01\/carlos_101.jpg","jetpack_sharing_enabled":true,"jetpack_shortlink":"https:\/\/wp.me\/pf9lN-YG","jetpack_likes_enabled":false,"jetpack-related-posts":[{"id":239,"url":"https:\/\/www.sportalsub.net\/blog\/carlos-coste-se-sumergira-nuevamente-en-el-reto-en-el-abismo-2008\/","url_meta":{"origin":3762,"position":0},"title":"\ud83c\uddfb\ud83c\uddea Carlos Coste se sumergir\u00e1 nuevamente en el Reto en el Abismo 2008","author":"Sportalsub.net","date":"5 agosto 2008","format":false,"excerpt":"Foto: CarlosCoste.com El m\u00faltiple recordista y campe\u00f3n mundial de apnea, el venezolano Carlos Coste intentar\u00e1 nuevamente superar el r\u00e9cord mundial en la modalidad de inmersi\u00f3n libre, el pr\u00f3ximo mes de septiembre en aguas del Parque Nacional Mochima. Coste intentar\u00e1 retomar nuevamente el r\u00e9cord mundial en esta modalidad, luego de que\u2026","rel":"","context":"En \u00abApnea\u00bb","block_context":{"text":"Apnea","link":"https:\/\/www.sportalsub.net\/blog\/category\/modalidades\/apnea\/"},"img":{"alt_text":"","src":"https:\/\/i0.wp.com\/www.sportalsub.net\/blog\/wp-content\/uploads\/2013\/11\/img_81_356.jpg?resize=350%2C200&ssl=1","width":350,"height":200},"classes":[]},{"id":2835,"url":"https:\/\/www.sportalsub.net\/blog\/la-rusa-natalia-molchanova-sobrepasa-los-100-metros-en-apnea-peso-constante\/","url_meta":{"origin":3762,"position":1},"title":"\ud83c\uddf7\ud83c\uddfa La rusa Natalia Molchanova sobrepasa los 100 metros en apnea peso constante","author":"Sportalsub.net","date":"28 septiembre 2009","format":false,"excerpt":"Molchanova logr\u00f3 tambi\u00e9n un nuevo r\u00e9cord mundial en inmersi\u00f3n libre La apneista rusa Natalia Molchanova implant\u00f3 un nuevo r\u00e9cord mundial AIDA en la modalidad de peso constante al registrar una marca de -101 metros de profundidad realizada en Egipto el 25 de septiembre, superando el r\u00e9cord anterior de 96 metros\u2026","rel":"","context":"En \u00abApnea\u00bb","block_context":{"text":"Apnea","link":"https:\/\/www.sportalsub.net\/blog\/category\/modalidades\/apnea\/"},"img":{"alt_text":"","src":"https:\/\/i0.wp.com\/www.sportalsub.net\/blog\/wp-content\/uploads\/2009\/09\/molchanovanuevosrecords.jpg?resize=350%2C200&ssl=1","width":350,"height":200},"classes":[]},{"id":10921,"url":"https:\/\/www.sportalsub.net\/blog\/carlos-coste-nuevo-record-panamericano-e-iru-balic-nuevo-record-nacional-en-mundia-de-apnea-de-profundidad-aida-2011\/","url_meta":{"origin":3762,"position":2},"title":"\ud83c\uddfb\ud83c\uddea Carlos Coste R\u00e9cord Panamericano y Subcampe\u00f3n Mundial de Apnea de profundidad AIDA 2011","author":"Sportalsub.net","date":"22 septiembre 2011","format":false,"excerpt":"Iru Balic -69m Record Nacional y Alejandro Guedez -90m 7\u00ba lugar (Especial Sportalsub.net \/ Apnea Venezuela) En la 2da jornada competitiva del Campeonato Mundial de Apnea de Profundidad AIDA 2011, que se lleva a cabo en Grecia, los apneistas venezolanos destacaron con nuevos r\u00e9cords personales, nacionales y un nuevo r\u00e9cord\u2026","rel":"","context":"En \u00abApnea\u00bb","block_context":{"text":"Apnea","link":"https:\/\/www.sportalsub.net\/blog\/category\/modalidades\/apnea\/"},"img":{"alt_text":"","src":"https:\/\/i0.wp.com\/www.sportalsub.net\/blog\/wp-content\/uploads\/2011\/09\/pesoconstante-grecia.jpg?resize=350%2C200&ssl=1","width":350,"height":200,"srcset":"https:\/\/i0.wp.com\/www.sportalsub.net\/blog\/wp-content\/uploads\/2011\/09\/pesoconstante-grecia.jpg?resize=350%2C200&ssl=1 1x, https:\/\/i0.wp.com\/www.sportalsub.net\/blog\/wp-content\/uploads\/2011\/09\/pesoconstante-grecia.jpg?resize=525%2C300&ssl=1 1.5x"},"classes":[]},{"id":35248,"url":"https:\/\/www.sportalsub.net\/blog\/nuevo-record-mundial-aida-en-inmersion-libre-para-la-apneista-italiana-alessia-zecchini-en-curazao\/","url_meta":{"origin":3762,"position":3},"title":"\ud83c\uddee\ud83c\uddf9 Nuevo R\u00e9cord Mundial AIDA en Inmersi\u00f3n Libre para la apneista italiana Alessia Zecchini en Curazao","author":"Sportalsub.net","date":"16 octubre 2019","format":false,"excerpt":"(Especial Sportalsub.net) - Read in English Este mi\u00e9rcoles 16 de octubre durante la Competencia Internacional de Apnea OceanQuest Cura\u00e7ao 2019 la apneista italiana Alessia Zecchini estableci\u00f3 un nuevo r\u00e9cord mundial para la Asociaci\u00f3n Internacional para el Desarrollo de la Apnea (AIDA) en la modalidad de inmersi\u00f3n libre, al realizar una\u2026","rel":"","context":"En \u00abApnea\u00bb","block_context":{"text":"Apnea","link":"https:\/\/www.sportalsub.net\/blog\/category\/modalidades\/apnea\/"},"img":{"alt_text":"","src":"https:\/\/i0.wp.com\/www.sportalsub.net\/blog\/wp-content\/uploads\/2019\/10\/recordalessia2019.jpg?resize=350%2C200&ssl=1","width":350,"height":200,"srcset":"https:\/\/i0.wp.com\/www.sportalsub.net\/blog\/wp-content\/uploads\/2019\/10\/recordalessia2019.jpg?resize=350%2C200&ssl=1 1x, https:\/\/i0.wp.com\/www.sportalsub.net\/blog\/wp-content\/uploads\/2019\/10\/recordalessia2019.jpg?resize=525%2C300&ssl=1 1.5x, https:\/\/i0.wp.com\/www.sportalsub.net\/blog\/wp-content\/uploads\/2019\/10\/recordalessia2019.jpg?resize=700%2C400&ssl=1 2x"},"classes":[]},{"id":10959,"url":"https:\/\/www.sportalsub.net\/blog\/finaliza-el-campeonato-mundial-de-apnea-de-profundidad-aida-2011-con-nuevo-record-mundial\/","url_meta":{"origin":3762,"position":4},"title":"\ud83c\uddec\ud83c\uddf7 Finaliza el Campeonato Mundial de Apnea de Profundidad AIDA 2011 con nuevo R\u00e9cord Mundial","author":"Sportalsub.net","date":"24 septiembre 2011","format":false,"excerpt":"(Especial Sportalsub.net) En la 3ra y \u00faltima jornada de competencias del Campeonato Mundial Individual de Apnea de Profundidad \u00a0AIDA 2011 realizado en Kalamata, Grecia, la rusa Natalia Molchanova implant\u00f3 su segundo r\u00e9cord mundial del evento, esta vez en la modalidad de inmersi\u00f3n libre con 88 metros, superando de esta forma\u2026","rel":"","context":"En \u00abApnea\u00bb","block_context":{"text":"Apnea","link":"https:\/\/www.sportalsub.net\/blog\/category\/modalidades\/apnea\/"},"img":{"alt_text":"","src":"https:\/\/i0.wp.com\/www.sportalsub.net\/blog\/wp-content\/uploads\/2011\/09\/3rajornadaprof.jpg?resize=350%2C200&ssl=1","width":350,"height":200,"srcset":"https:\/\/i0.wp.com\/www.sportalsub.net\/blog\/wp-content\/uploads\/2011\/09\/3rajornadaprof.jpg?resize=350%2C200&ssl=1 1x, https:\/\/i0.wp.com\/www.sportalsub.net\/blog\/wp-content\/uploads\/2011\/09\/3rajornadaprof.jpg?resize=525%2C300&ssl=1 1.5x"},"classes":[]},{"id":351,"url":"https:\/\/www.sportalsub.net\/blog\/coste-tras-un-nuevo-record-mundial\/","url_meta":{"origin":3762,"position":5},"title":"\ud83c\uddfb\ud83c\uddea Apneista venezolano Carlos Coste tras un nuevo R\u00e9cord Mundial: Inmersi\u00f3n Libre -108mts","author":"Sportalsub.net","date":"9 septiembre 2008","format":false,"excerpt":"El apneista \u00a0Carlos Coste \u00a0quien ha logrado 9 registros\u00a0mundiales en su corta carrera deportiva del buceo a pulm\u00f3n, 7 reconocidos por la AIDA: Asociaci\u00f3n Internacional para el Desarrollo de la Apnea y algunos de ellos incluidos en \u00a0el libro Guinness, se propone intentar este a\u00f1o batir el record de Inmersi\u00f3n\u2026","rel":"","context":"En \u00abApnea\u00bb","block_context":{"text":"Apnea","link":"https:\/\/www.sportalsub.net\/blog\/category\/modalidades\/apnea\/"},"img":{"alt_text":"","src":"https:\/\/i0.wp.com\/www.sportalsub.net\/blog\/wp-content\/uploads\/2013\/11\/carloscoste.jpg?resize=350%2C200&ssl=1","width":350,"height":200},"classes":[]}],"_links":{"self":[{"href":"https:\/\/www.sportalsub.net\/blog\/wp-json\/wp\/v2\/posts\/3762","targetHints":{"allow":["GET"]}}],"collection":[{"href":"https:\/\/www.sportalsub.net\/blog\/wp-json\/wp\/v2\/posts"}],"about":[{"href":"https:\/\/www.sportalsub.net\/blog\/wp-json\/wp\/v2\/types\/post"}],"author":[{"embeddable":true,"href":"https:\/\/www.sportalsub.net\/blog\/wp-json\/wp\/v2\/users\/1"}],"replies":[{"embeddable":true,"href":"https:\/\/www.sportalsub.net\/blog\/wp-json\/wp\/v2\/comments?post=3762"}],"version-history":[{"count":0,"href":"https:\/\/www.sportalsub.net\/blog\/wp-json\/wp\/v2\/posts\/3762\/revisions"}],"wp:featuredmedia":[{"embeddable":true,"href":"https:\/\/www.sportalsub.net\/blog\/wp-json\/wp\/v2\/media\/3763"}],"wp:attachment":[{"href":"https:\/\/www.sportalsub.net\/blog\/wp-json\/wp\/v2\/media?parent=3762"}],"wp:term":[{"taxonomy":"category","embeddable":true,"href":"https:\/\/www.sportalsub.net\/blog\/wp-json\/wp\/v2\/categories?post=3762"},{"taxonomy":"post_tag","embeddable":true,"href":"https:\/\/www.sportalsub.net\/blog\/wp-json\/wp\/v2\/tags?post=3762"}],"curies":[{"name":"wp","href":"https:\/\/api.w.org\/{rel}","templated":true}]}}