{"id":3827,"date":"2015-10-12T15:39:03","date_gmt":"2015-10-12T20:09:03","guid":{"rendered":"http:\/\/www.sportalsub.net\/blog\/?p=3827"},"modified":"2019-08-29T20:53:39","modified_gmt":"2019-08-30T00:53:39","slug":"audrey-mestre-la-mujer-del-oceano","status":"publish","type":"post","link":"https:\/\/www.sportalsub.net\/blog\/audrey-mestre-la-mujer-del-oceano\/","title":{"rendered":"\ud83c\uddeb\ud83c\uddf7 Audrey Mestre &#8211; La mujer del oc\u00e9ano"},"content":{"rendered":"<p><a href=\"http:\/\/www.sportalsub.net\/blog\/wp-content\/uploads\/2015\/10\/audreymestre.jpg\" target=\"_blank\"><img loading=\"lazy\" decoding=\"async\" class=\"alignnone size-full wp-image-22766\" src=\"http:\/\/www.sportalsub.net\/blog\/wp-content\/uploads\/2015\/10\/audreymestre.jpg\" alt=\"audreymestre\" width=\"1280\" height=\"720\" srcset=\"https:\/\/www.sportalsub.net\/blog\/wp-content\/uploads\/2015\/10\/audreymestre.jpg 1280w, https:\/\/www.sportalsub.net\/blog\/wp-content\/uploads\/2015\/10\/audreymestre-768x432.jpg 768w, https:\/\/www.sportalsub.net\/blog\/wp-content\/uploads\/2015\/10\/audreymestre-300x169.jpg 300w, https:\/\/www.sportalsub.net\/blog\/wp-content\/uploads\/2015\/10\/audreymestre-1024x576.jpg 1024w\" sizes=\"auto, (max-width: 1280px) 100vw, 1280px\" \/><\/a><\/p>\n<p>(Sportalsub.net \/ Miguel A. Cede\u00f1o O.)<\/p>\n<p>Un d\u00eda como hoy, 12 de octubre (hace 13 a\u00f1os) fallec\u00eda en un intento de r\u00e9cord mundial la apneista francesa <strong>Audrey Mestre<\/strong>. Hoy recordamos parte de su vida y su carrera deportiva con una <a href=\"http:\/\/web.archive.org\/web\/20030511135916\/http:\/\/sportalsub.net\/secciones\/biografias\/audrey_mestre.html\" target=\"_blank\" rel=\"noopener noreferrer\" target=\"_blank\">biograf\u00eda que publicamos inicialmente en el a\u00f1o 2002<\/a>.<\/p>\n<p>Una de las personas que logr\u00f3 llegar\u00a0m\u00e1s profundo en el mar, luego de pocos a\u00f1os de experiencia en el mundo de la apnea desafi\u00f3 los l\u00edmites de este deporte, superando incluso a su esposo, Francisco \u00abPip\u00edn\u00bb Ferreras&#8230;<\/p>\n<p style=\"text-align: justify;\">Audrey Mestre Nac\u00edo en Saint Denis, 10 kil\u00f3metros al norte de Paris, Francia, el 11 de Agosto de 1974. Cuando era ni\u00f1a, acostumbraba a bucear con su abuelo al sur de Francia. El la llevaba a clases de nataci\u00f3n durante el invierno, y en el verano, el Mar Mediterr\u00e1neo era su refugio. En 1987, a la edad de 13 a\u00f1os, prob\u00f3 el buceo por primera vez, aunque tuvo que esperar a cumplir 16 a\u00f1os para obtener su primera certificaci\u00f3n.<\/p>\n<p style=\"text-align: justify;\">En 1990, su familia se mud\u00f3 a Ciudad de M\u00e9xico. Para entonces se encontraba en la secundaria. Cuando se grad\u00faa en 1993, su pasi\u00f3n, amor y obsesi\u00f3n por el mar le hizo escoger la carrera de Biolog\u00eda Marina, y decide asistir a la Universidad de La Paz cerca del Mar de Cort\u00e9z, en Baja California &#8211; M\u00e9xico. Ten\u00eda 18 a\u00f1os y estaba dejando a su familia por otro amor: el Mar. Gracias al mar pudo tolerar la soledad y ansiedad de estar alejada de sus seres queridos. Cada vez que buceaba consegu\u00eda nuevas atracciones, nuevas satisfacciones. Cuando se encontraba en superficie, se sumerg\u00eda en libros y revistas especializadas en buceo y biolog\u00eda marina. Asi fue como escogi\u00f3 el tema para su tesis: demostrar el fen\u00f3meno de \u00abBlood Shift\u00bb. Acababa de leer un art\u00edculo acerca de ese tema en el cual el conejillo de indias hab\u00eda sido Francisco \u201cPipin\u201d Ferreras, campe\u00f3n mundial de buceo libre. Asi comenz\u00f3 su investigaci\u00f3n acerca de Pipin. Despu\u00e9s de 8 meses de trabajo en su tesis, finalmente termin\u00f3.<\/p>\n<p style=\"text-align: justify;\">En Febrero de 1996, Pipin organiz\u00f3 un intento de r\u00e9cord mundial en Cabo San Lucas, Baja California, M\u00e9xico, a 250 kil\u00f3metros al sur de la Paz. Debido a que \u00e9l le quit\u00f3 el sue\u00f1o muchas veces durante el desarrollo de su t\u00e9sis, Audrey no pudo resistir la tentaci\u00f3n de ir a Cabo a conocerlo, aunque sea de lejos.<\/p>\n<p style=\"text-align: justify;\">Pipin estaba ofreciendo la posibilidad de estar presente con tanques en una de sus pr\u00e1cticas submarinas. Audrey pag\u00f3 la tarifa requerida y asisti\u00f3 a su entrenamiento. Despu\u00e9s de este primer encuentro que la dej\u00f3 asombrada tuvo la oportunidad de hablar con \u00e9l. Este fue un momento bien extra\u00f1o ya que ten\u00eda la sensaci\u00f3n de conocerlo muy bien. No sab\u00eda que decir o preguntar ya que sab\u00eda todo de \u00e9l, debido a su investigaci\u00f3n. Pip\u00edn invit\u00f3 a bucear a Audrey al d\u00eda siguiente. Despu\u00e9s de observar sus destrezas como buzo, el le pidi\u00f3 que se uniera a su equipo de buzos de seguridad, lo cual acept\u00f3 inmediatamente. Durante ese tiempo, pasaron cada momento juntos, se envolvieron emocionalmente y se mud\u00f3 con \u00e9l a Miami ese mismo a\u00f1o.<\/p>\n<p style=\"text-align: justify;\">Viviendo con Pipin, Audrey no pod\u00eda dejar de interesarse en el buceo libre. A pesar de que ella siempre hab\u00eda buceado con tanque, quer\u00eda experimentar lo que \u00e9l sent\u00eda al bajar sin la molestia del tanque y de todo el equipo. Para entonces, \u00e9l estaba entrenando a una chica para convertirla en buzo en apn\u00e9a, asi que Audrey se les uni\u00f3. Despu\u00e9s de un tiempo, aprendi\u00f3 todos los ejercicios, y hasta entrenaba a la chica cuando \u00e9l estaba ocupado o cansado. El se di\u00f3 cuenta que Audrey ten\u00eda las condiciones para ser un buzo libre profesional y se propuso entrenarla mas fuerte para establecer un r\u00e9cord. El 18 de Agosto de 1999, Pip\u00edn y Audrey se casaron&#8230;<\/p>\n<p style=\"text-align: justify;\">Mucha gente se pregunta como s\u00f3lo despu\u00e9s de 4 a\u00f1os de practicar buceo libre. Audrey logr\u00f3 alcanzar los 130 metros de profundidad en inmersiones en apnea, cuando anteriores generaciones dedicaron sus vidas para llegar a la cota de los 100 metros. Ella responde: \u00abLa verdad es que no creo que yo tenga nada en especial, solo la suerte de vivir con una persona extraordinaria en quien conf\u00edo y que me transmiti\u00f3 sus 15 a\u00f1os de conocimiento y experiencia como profesional, sin l\u00edmite&#8230; \u00ab<\/p>\n<p style=\"text-align: justify;\">Audrey cuenta en su haber con algunos de los r\u00e9cords m\u00e1s importantes en la modalidad de apnea No-Limits, sin embargo, el 12 de Octubre de 2002, Audrey Mestre fallece en un lamentable accidente cuando intentaba implantar una marca nueva mundial en apnea No-Limits, en aguas de la Rep\u00fablica Dominicana. Sin duda alguna, una gran p\u00e9rdida para su familia, sus amigos y todos los seguidores del mundo de la apnea.<\/p>\n<p style=\"text-align: justify;\">El portal <a href=\"http:\/\/www.deeperblue.com\" target=\"_blank\" rel=\"noopener noreferrer\" target=\"_blank\">Deeperblue.com<\/a> dirigido por nuestro amigo <a href=\"https:\/\/www.deeperblue.com\/author\/stephan-whelan\/\" target=\"_blank\" rel=\"noopener noreferrer\" target=\"_blank\">Stephan Whelan<\/a>, ha publicado tambi\u00e9n un interestante reportaje <a href=\"https:\/\/www.deeperblue.com\/remembering-audrey-mestre-12-years-ago\/\" target=\"_blank\" rel=\"noopener noreferrer\" target=\"_blank\">recordando a Audrey Mestre <\/a>(en ingl\u00e9s) donde pueden conocer m\u00e1s de la vida de esta gran apneista y SerSubacuatico<\/p>\n<p style=\"text-align: justify;\">All\u00ed tambi\u00e9n pueden ver el documental \u00abNo Limits\u00bb sobre su vida.<\/p>\n<p>D\u00edas despu\u00e9s de su fallecimiento publiqu\u00e9 este art\u00edculo en los <a href=\"http:\/\/web.archive.org\/web\/20030103215748\/http:\/\/www.sportalsub.net\/forum\/viewthread.php?tid=11\" target=\"_blank\" rel=\"noopener noreferrer\" target=\"_blank\">foros de sportalsub<\/a><\/p>\n<blockquote><p><span class=\"subject\"><b>Audrey Mestre, la mas grande apneista&#8230;<\/b><\/span><\/p>\n<p><span class=\"mediumtxt\">El pasado 12 de Octubre en las costas de la Rep\u00fablica Dominicana, en un terrible accidente que le cost\u00f3 la vida cuando intentaba imponer un nuevo r\u00e9cord en apnea de profundidad, el mundo perdi\u00f3 a un ser valioso, Audrey Mestre, una mujer que lleg\u00f3 a donde ning\u00fan ser humano hab\u00eda logrado llegar antes, sin embargo, su p\u00e9rdida nos demostr\u00f3 que aun nos quedan muchas m\u00e1s barreras y fronteras que superar.<\/span><\/p>\n<p>Muchas personas no conocimos a Audrey personalmente, la conocimos a trav\u00e9s de reportajes en T.V, en revistas, prensa, en la informaci\u00f3n que encontramos navegando en la Web o en conversaciones con otros compa\u00f1eros cuando se hablaban de los r\u00e9cords y logros de esta gran deportista. Sin embargo, al conocer la noticia del accidente, para aquellos que conocemos y practicamos este maravilloso deporte de la apnea, nos fue inevitable sentir con un gran dolor la p\u00e9rdida de esta gran mujer y apneista, como si se tratara de un familiar o amigo cercano.<\/p>\n<p>Ahora muchas personas quieren saber cuales fueron las causas del accidente que le caus\u00f3 la muerte, sobre el cual se han tejido muchas especulaciones, sin embargo lo m\u00e1s importante que debemos considerar es que Audrey fue un ejemplo de ese deseo del ser humano, por lograr llegar m\u00e1s lejos, m\u00e1s alto, m\u00e1s profundo, alcanzar los l\u00edmites m\u00e1s inalcanzables.<\/p>\n<p>D\u00edas antes, cuando Audrey en sus pr\u00e1cticas hab\u00eda llegado a los -170 mts de profundidad, se convirti\u00f3 en el ser humano que lleg\u00f3 m\u00e1s profundo con una sola bocanada de aire. Si bien es cierto que los riesgos de esta modalidad de la apnea (No Limits) pueden conducir a accidentes tan graves como el que le caus\u00f3 la muerte a Audrey, y aunque probablemente pase alg\u00fan tiempo para que alguien intente nuevamente descender estas profundidades, no cabe duda que en un futuro habr\u00e1n otras personas que intenten llegar tan o m\u00e1s profundo como lo hizo Audrey Mestre.<\/p>\n<p>Para aquellos quienes la conocieron y compartieron su vida, para quienes seguimos su corta, pero gran carrera dentro del mundo de la apnea, sin duda ha sido un p\u00e9rdida muy dolorosa.<br \/>\nAhora, cuando Audrey no estar\u00e1 presente f\u00edsicamente, todos podremos recordarla como la m\u00e1s grande dentro de nuestro deporte&#8230;<\/p>\n<p>La persona que lleg\u00f3 a donde jam\u00e1s nadie hab\u00eda llegado&#8230;<\/p><\/blockquote>\n<p><img loading=\"lazy\" decoding=\"async\" class=\"alignnone size-full wp-image-18767\" src=\"http:\/\/www.sportalsub.net\/blog\/wp-content\/uploads\/2002\/12\/audrey-mestre.jpg\" alt=\"audrey-mestre\" width=\"600\" height=\"268\" srcset=\"https:\/\/www.sportalsub.net\/blog\/wp-content\/uploads\/2002\/12\/audrey-mestre.jpg 600w, https:\/\/www.sportalsub.net\/blog\/wp-content\/uploads\/2002\/12\/audrey-mestre-300x134.jpg 300w, https:\/\/www.sportalsub.net\/blog\/wp-content\/uploads\/2002\/12\/audrey-mestre-364x164.jpg 364w\" sizes=\"auto, (max-width: 600px) 100vw, 600px\" \/><\/p>\n<p>Publicado por:<\/p>\n<p><img loading=\"lazy\" decoding=\"async\" title=\"miguel\" src=\"http:\/\/www.sportalsub.net\/blog\/wp-content\/uploads\/2012\/05\/miguel-150x150.jpg\" alt=\"\" width=\"80\" height=\"80\" \/><\/p>\n<p><strong>Miguel Alberto Cede\u00f1o Ortiz (Venezuela)\u00a0<strong><img loading=\"lazy\" decoding=\"async\" src=\"http:\/\/es.fifa.com\/imgml\/flags\/s\/ven.gif\" alt=\"chi Eventos\" width=\"19\" height=\"13\" \/><br \/>\n<\/strong><\/strong>Nacido y residenciado en Caracas, Venezuela es el creador, director y editor de Sportalsub.net. Su experiencia como deportista, entrenador, juez y dirigente de las actividades subacu\u00e1ticas por m\u00e1s de 15 a\u00f1os le han permitido establecer una red de contactos en todo el mundo para dar a conocer e informar todas las novedades sobre el deporte subacu\u00e1tico en habla hispana.<br \/>\n<strong><strong><a href=\"http:\/\/www.facebook.com\/miguelsportsub\" target=\"_blank\" rel=\"noopener noreferrer\" target=\"_blank\"><img decoding=\"async\" src=\"http:\/\/www.sportalsub.net\/blog\/wp-content\/uploads\/2009\/12\/fb.png\" alt=\"Facebook\" \/><\/a>\u00a0<\/strong><strong><a href=\"http:\/\/www.twitter.com\/miguelsportsub\" target=\"_blank\" rel=\"noopener noreferrer\" target=\"_blank\"><img decoding=\"async\" src=\"http:\/\/www.sportalsub.net\/blog\/wp-content\/uploads\/2009\/12\/twitter.png\" alt=\"Twitter\" \/><\/a><\/strong><\/strong><\/p>\n","protected":false},"excerpt":{"rendered":"<p>(Sportalsub.net \/ Miguel A. Cede\u00f1o O.) Un d\u00eda como hoy, 12 de octubre (hace 13 a\u00f1os) fallec\u00eda en un intento de r\u00e9cord mundial la apneista francesa Audrey Mestre. Hoy recordamos parte de su vida y su carrera deportiva con una biograf\u00eda que publicamos inicialmente en el a\u00f1o 2002. Una de las personas que logr\u00f3 llegar\u00a0m\u00e1s profundo en el mar, luego [&#8230;]<\/p>\n","protected":false},"author":1,"featured_media":22766,"comment_status":"open","ping_status":"closed","sticky":false,"template":"","format":"standard","meta":{"_lmt_disableupdate":"","_lmt_disable":"","jetpack_post_was_ever_published":false,"_jetpack_newsletter_access":"","_jetpack_dont_email_post_to_subs":false,"_jetpack_newsletter_tier_id":0,"_jetpack_memberships_contains_paywalled_content":false,"_jetpack_memberships_contains_paid_content":false,"footnotes":"","jetpack_publicize_message":"","jetpack_publicize_feature_enabled":true,"jetpack_social_post_already_shared":false,"jetpack_social_options":{"image_generator_settings":{"template":"highway","default_image_id":0,"font":"","enabled":false},"version":2}},"categories":[9,257,150,347,152],"tags":[],"class_list":["post-3827","post","type-post","status-publish","format-standard","has-post-thumbnail","hentry","category-apnea","category-editoriales-miguel-cedeno","category-biografias","category-destacados","category-francia"],"modified_by":"Sportalsub.net","views":31530,"jetpack_publicize_connections":[],"jetpack_featured_media_url":"https:\/\/www.sportalsub.net\/blog\/wp-content\/uploads\/2015\/10\/audreymestre.jpg","jetpack_sharing_enabled":true,"jetpack_shortlink":"https:\/\/wp.me\/pf9lN-ZJ","jetpack_likes_enabled":false,"jetpack-related-posts":[{"id":3603,"url":"https:\/\/www.sportalsub.net\/blog\/audrey-mestre-desciende-130-metros-en-apnea\/","url_meta":{"origin":3827,"position":0},"title":"\ud83c\uddeb\ud83c\uddf7 Audrey Mestre desciende 130 metros en apnea","author":"Sportalsub.net","date":"5 agosto 2001","format":false,"excerpt":"\u00a0 La campeona en Apnea Audrey Mestre-Ferreras, de 26 a\u00f1os de edad, logr\u00f3 el pasado mes de mayo un nuevo registro mundial en la modalidad No Limits para mujeres, descendiendo 130 metros La modalidad No Limits consiste en el descenso hasta las profundidades en un peque\u00f1o trineo que se desliza\u2026","rel":"","context":"En \u00abApnea\u00bb","block_context":{"text":"Apnea","link":"https:\/\/www.sportalsub.net\/blog\/category\/modalidades\/apnea\/"},"img":{"alt_text":"","src":"https:\/\/i0.wp.com\/www.sportalsub.net\/blog\/wp-content\/uploads\/2001\/08\/audrey.jpg?resize=350%2C200","width":350,"height":200},"classes":[]},{"id":3821,"url":"https:\/\/www.sportalsub.net\/blog\/dos-nuevos-records-mundiales-de-apnea-en-republica-dominicana\/","url_meta":{"origin":3827,"position":1},"title":"\ud83c\udde9\ud83c\uddf4 Dos Nuevos R\u00e9cords Mundiales de Apnea en Rep\u00fablica Dominicana","author":"Sportalsub.net","date":"22 abril 2002","format":false,"excerpt":"Fotos: Francisco \"Pipin\" Ferreras El 20 de Abril de 2002, en las Costas de Rep\u00fablica Dominicana, fueron implantados dos nuevos r\u00e9cords mundiales en buceo libre o apnea. Primero, el apneista cubano Francisco \"Pipin\" Ferreras y su eposa, la francesa Audrey Mestre-Ferreras implantaron un nuevo r\u00e9cord mundial en la categor\u00eda Tandem\u2026","rel":"","context":"En \u00abApnea\u00bb","block_context":{"text":"Apnea","link":"https:\/\/www.sportalsub.net\/blog\/category\/modalidades\/apnea\/"},"img":{"alt_text":"","src":"https:\/\/i0.wp.com\/www.sportalsub.net\/blog\/wp-content\/uploads\/2002\/04\/pipin_musimu.jpg?resize=350%2C200&ssl=1","width":350,"height":200},"classes":[]},{"id":29571,"url":"https:\/\/www.sportalsub.net\/blog\/pipin-ferreras-back-to-the-abyss-2018","url_meta":{"origin":3827,"position":2},"title":"\ud83c\udde9\ud83c\uddf4 \ud83c\udde8\ud83c\uddfa Pipin Ferreras pospone intento de R\u00e9cord Mundial de Apnea en su \u201cRegreso Al Abismo\u201d en Rep\u00fablica Dominicana","author":"Sportalsub.net","date":"10 diciembre 2018","format":false,"excerpt":"(Sportalsub.net \/ Pipin Ferreras) \u2013\u00a0Read in English El reconocido apneista cubano, nacido en Matanzas en 1962 y nacionalizado estadounidense\u00a0Francisco \u201cPip\u00edn\u201d Ferreras, quien posee una destacada trayectoria de m\u00e1s de 30 a\u00f1os en el mundo de la apnea con m\u00e1s de una veintena de r\u00e9cords y t\u00edtulos mundiales en esta disciplina,\u2026","rel":"","context":"En \u00abApnea\u00bb","block_context":{"text":"Apnea","link":"https:\/\/www.sportalsub.net\/blog\/category\/modalidades\/apnea\/"},"img":{"alt_text":"","src":"https:\/\/i0.wp.com\/www.sportalsub.net\/blog\/wp-content\/uploads\/2018\/12\/pipinbacktotheabyss.jpg?resize=350%2C200&ssl=1","width":350,"height":200,"srcset":"https:\/\/i0.wp.com\/www.sportalsub.net\/blog\/wp-content\/uploads\/2018\/12\/pipinbacktotheabyss.jpg?resize=350%2C200&ssl=1 1x, https:\/\/i0.wp.com\/www.sportalsub.net\/blog\/wp-content\/uploads\/2018\/12\/pipinbacktotheabyss.jpg?resize=525%2C300&ssl=1 1.5x, https:\/\/i0.wp.com\/www.sportalsub.net\/blog\/wp-content\/uploads\/2018\/12\/pipinbacktotheabyss.jpg?resize=700%2C400&ssl=1 2x"},"classes":[]},{"id":17409,"url":"https:\/\/www.sportalsub.net\/blog\/mujeres-subacuaticas\/","url_meta":{"origin":3827,"position":3},"title":"\ud83c\udf0e Mujeres Subacu\u00e1ticas. Feliz D\u00eda Internacional de la Mujer","author":"Sportalsub.net","date":"8 marzo 2021","format":false,"excerpt":"(Especial Sportalsub.net \/ Miguel A. Cede\u00f1o O.) El 8 de marzo se celebra cada a\u00f1o el D\u00eda Internacional de la Mujer, el cual conmemora la lucha de la mujer por su participaci\u00f3n en igualdad de condiciones con el hombre, tanto en la sociedad como en su desarrollo \u00edntegro como persona.\u2026","rel":"","context":"En \u00abActividades Subacu\u00e1ticas\u00bb","block_context":{"text":"Actividades Subacu\u00e1ticas","link":"https:\/\/www.sportalsub.net\/blog\/category\/modalidades\/"},"img":{"alt_text":"","src":"https:\/\/i0.wp.com\/www.sportalsub.net\/blog\/wp-content\/uploads\/2018\/03\/mujeres-subacuaticas.jpg?resize=350%2C200&ssl=1","width":350,"height":200,"srcset":"https:\/\/i0.wp.com\/www.sportalsub.net\/blog\/wp-content\/uploads\/2018\/03\/mujeres-subacuaticas.jpg?resize=350%2C200&ssl=1 1x, https:\/\/i0.wp.com\/www.sportalsub.net\/blog\/wp-content\/uploads\/2018\/03\/mujeres-subacuaticas.jpg?resize=525%2C300&ssl=1 1.5x, https:\/\/i0.wp.com\/www.sportalsub.net\/blog\/wp-content\/uploads\/2018\/03\/mujeres-subacuaticas.jpg?resize=700%2C400&ssl=1 2x"},"classes":[]},{"id":21731,"url":"https:\/\/www.sportalsub.net\/blog\/record-rosado-francia","url_meta":{"origin":3827,"position":4},"title":"\ud83c\uddea\ud83c\udde8 Alfredo Rosado de Ecuador, R\u00e9cord Panamericano en Apnea Din\u00e1mica sin Aletas en Francia","author":"Sportalsub.net","date":"28 julio 2015","format":false,"excerpt":"(Sportalsub.net \/ Especial Mulhouse 2015 \/\u00a0Foto: psmcafe.com) El\u00a0apneista\u00a0Alfredo Rosado\u00a0de Ecuador\u00a0logr\u00f3 el pasado\u00a0domingo 26 de julio romper el R\u00e9cord Panamericano en\u00a0la modalidad de apnea din\u00e1mica sin aletas (en piscina de 50 metros), con marca de 148,88\u00a0metros realizada en la ronda eliminatoria del\u00a08vo\u00a0Campeonato Mundial de Apnea CMAS en piscina, que se llev\u00f3\u2026","rel":"","context":"En \u00abApnea\u00bb","block_context":{"text":"Apnea","link":"https:\/\/www.sportalsub.net\/blog\/category\/modalidades\/apnea\/"},"img":{"alt_text":"","src":"https:\/\/i0.wp.com\/www.sportalsub.net\/blog\/wp-content\/uploads\/2015\/08\/alfredorecord.jpg?resize=350%2C200&ssl=1","width":350,"height":200,"srcset":"https:\/\/i0.wp.com\/www.sportalsub.net\/blog\/wp-content\/uploads\/2015\/08\/alfredorecord.jpg?resize=350%2C200&ssl=1 1x, https:\/\/i0.wp.com\/www.sportalsub.net\/blog\/wp-content\/uploads\/2015\/08\/alfredorecord.jpg?resize=525%2C300&ssl=1 1.5x"},"classes":[]},{"id":24839,"url":"https:\/\/www.sportalsub.net\/blog\/el-deporte-en-los-juegos-olimpicos-de-paris-en-1900\/","url_meta":{"origin":3827,"position":5},"title":"\ud83c\uddeb\ud83c\uddf7 El Deporte Subacu\u00e1tico estuvo en los Juegos Ol\u00edmpicos de Paris, Francia en 1900","author":"Sportalsub.net","date":"8 mayo 2024","format":false,"excerpt":"Foto: Nataci\u00f3n en Paris 1900 (Especial Sportalsub.net \/ Miguel A. Cede\u00f1o O.) Cada 4 a\u00f1os, con la realizaci\u00f3n de Los Juegos Ol\u00edmpicos, a muchos de los practicantes de los\u00a0deportes subacu\u00e1ticos nos viene nuevamente la misma pregunta: \u00bfCu\u00e1ndo estar\u00e1n las actividades subacu\u00e1ticas (o el deporte subacu\u00e1tico) en unos Juegos Ol\u00edmpicos?. Sobre\u2026","rel":"","context":"En \u00abApnea\u00bb","block_context":{"text":"Apnea","link":"https:\/\/www.sportalsub.net\/blog\/category\/modalidades\/apnea\/"},"img":{"alt_text":"","src":"https:\/\/i0.wp.com\/www.sportalsub.net\/blog\/wp-content\/uploads\/2024\/05\/paris1900.jpg?resize=350%2C200&ssl=1","width":350,"height":200,"srcset":"https:\/\/i0.wp.com\/www.sportalsub.net\/blog\/wp-content\/uploads\/2024\/05\/paris1900.jpg?resize=350%2C200&ssl=1 1x, https:\/\/i0.wp.com\/www.sportalsub.net\/blog\/wp-content\/uploads\/2024\/05\/paris1900.jpg?resize=525%2C300&ssl=1 1.5x, https:\/\/i0.wp.com\/www.sportalsub.net\/blog\/wp-content\/uploads\/2024\/05\/paris1900.jpg?resize=700%2C400&ssl=1 2x"},"classes":[]}],"_links":{"self":[{"href":"https:\/\/www.sportalsub.net\/blog\/wp-json\/wp\/v2\/posts\/3827","targetHints":{"allow":["GET"]}}],"collection":[{"href":"https:\/\/www.sportalsub.net\/blog\/wp-json\/wp\/v2\/posts"}],"about":[{"href":"https:\/\/www.sportalsub.net\/blog\/wp-json\/wp\/v2\/types\/post"}],"author":[{"embeddable":true,"href":"https:\/\/www.sportalsub.net\/blog\/wp-json\/wp\/v2\/users\/1"}],"replies":[{"embeddable":true,"href":"https:\/\/www.sportalsub.net\/blog\/wp-json\/wp\/v2\/comments?post=3827"}],"version-history":[{"count":0,"href":"https:\/\/www.sportalsub.net\/blog\/wp-json\/wp\/v2\/posts\/3827\/revisions"}],"wp:featuredmedia":[{"embeddable":true,"href":"https:\/\/www.sportalsub.net\/blog\/wp-json\/wp\/v2\/media\/22766"}],"wp:attachment":[{"href":"https:\/\/www.sportalsub.net\/blog\/wp-json\/wp\/v2\/media?parent=3827"}],"wp:term":[{"taxonomy":"category","embeddable":true,"href":"https:\/\/www.sportalsub.net\/blog\/wp-json\/wp\/v2\/categories?post=3827"},{"taxonomy":"post_tag","embeddable":true,"href":"https:\/\/www.sportalsub.net\/blog\/wp-json\/wp\/v2\/tags?post=3827"}],"curies":[{"name":"wp","href":"https:\/\/api.w.org\/{rel}","templated":true}]}}