{"id":3847,"date":"2010-01-04T06:42:00","date_gmt":"2010-01-04T11:12:00","guid":{"rendered":"http:\/\/www.sportalsub.net\/blog\/?p=3847"},"modified":"2024-01-07T11:18:07","modified_gmt":"2024-01-07T15:18:07","slug":"entrevista-a-miguel-cedeno-creador-de-sportalsub","status":"publish","type":"post","link":"https:\/\/www.sportalsub.net\/blog\/entrevista-a-miguel-cedeno-creador-de-sportalsub\/","title":{"rendered":"\ud83c\uddfb\ud83c\uddea Entrevista a Miguel Cede\u00f1o, creador de Sportalsub"},"content":{"rendered":"<p style=\"text-align: center;\"><a href=\"http:\/\/www.sportalsub.net\/blog\/wp-content\/uploads\/2010\/01\/miguelcopamundo1.jpg\" target=\"_blank\"><img loading=\"lazy\" decoding=\"async\" class=\"alignnone size-full wp-image-17124\" src=\"http:\/\/www.sportalsub.net\/blog\/wp-content\/uploads\/2010\/01\/miguelcopamundo1.jpg\" alt=\"miguelcopamundo\" width=\"347\" height=\"422\" srcset=\"https:\/\/www.sportalsub.net\/blog\/wp-content\/uploads\/2010\/01\/miguelcopamundo1.jpg 347w, https:\/\/www.sportalsub.net\/blog\/wp-content\/uploads\/2010\/01\/miguelcopamundo1-247x300.jpg 247w\" sizes=\"auto, (max-width: 347px) 100vw, 347px\" \/><\/a><br \/>\nMiguel Cede\u00f1o en la Copa Mundo realizada en Bogot\u00e1 2009<\/p>\n<p style=\"text-align: justify;\">Davide Manca, gran nadador italiano, varias veces campe\u00f3n europeo y medallista mundial en nataci\u00f3n con aletas y creador del m\u00e1s\u00a0importante sitio web de la nataci\u00f3n con aletas en el mundo\u00a0<a href=\"http:\/\/www.finswimmer.com\" target=\"_blank\" rel=\"noopener noreferrer\" target=\"_blank\">Finswimmer.com<\/a>\u00a0entrevist\u00f3\u00a0a\u00a0Miguel Cede\u00f1o de Venezuela, creador y director de <a href=\"http:\/\/www.sportalsub.net\">Sportalsub.net<\/a>. Compartimos con ustedes esta entrevista, publicada en su sitio web en\u00a0ingl\u00e9s, italiano y espa\u00f1ol.<\/p>\n<p style=\"text-align: justify;\"><!--more-->Aqu\u00ed pueden encontrar la publicaci\u00f3n original:<br \/>\n<a href=\"http:\/\/www.finswimmer.com\/2010\/01\/04\/miguel-alberto-cedeno-mr-sportalsub\/\" target=\"_blank\" rel=\"noopener noreferrer\" target=\"_blank\">http:\/\/www.finswimmer.com\/2010\/01\/04\/miguel-alberto-cedeno-mr-sportalsub\/<\/a><\/p>\n<p style=\"text-align: justify;\"><strong>Entrevista en espa\u00f1ol, Fecha: Enero 2010<\/strong><\/p>\n<p style=\"text-align: justify;\"><strong>Hola Miguel, muchas personas saben que tu manejas el sitio web m\u00e1s importante sobre nataci\u00f3n con aletas y actividades subacu\u00e1ticas en Suram\u00e9rica. H\u00e1blanos de cuando y por qu\u00e9 lo iniciaste. \u00bfEst\u00e1s satisfecho con tu sitio web?<\/strong><br \/>\nHola Dave, gracias por el reconocimiento al trabajo que hemos realizado con Sportalsub.net en estos \u00faltimos a\u00f1os. La idea principal de crear un sitio web en el a\u00f1o 2001 cuando publicamos nuestra p\u00e1gina web, era tener un sitio en internet que agrupara noticias de nataci\u00f3n con aletas y actividades subacu\u00e1ticas en habla hispana y dirigidas principalmente a los pa\u00edses de suram\u00e9rica, por la falta de informaci\u00f3n que exist\u00eda para muchos de quienes en ese momento practic\u00e1bamos estas actividades. En ese entonces, yo me hab\u00eda iniciado en las actividades subacu\u00e1ticas en el a\u00f1o 1999 y hab\u00eda realizado un curso de apnea, curso de Buceo CMAS*, practicaba la nataci\u00f3n con aletas de manera competitiva en mi pa\u00eds (Venezuela) y empez\u00e1bamos a practicar el Rugby Subacu\u00e1tico, todo esto en el club CASA-UCV, donde actualmente sigo trabajando, ahora principalmente como entrenador. Con mi compa\u00f1ero de club Ronald Laurens, integrante de la Selecci\u00f3n Nacional de Apnea de Venezuela, tuvimos la idea de crear este sitio que contribuyera a la difusi\u00f3n de la informaci\u00f3n a la mayor cantidad de personas y de esta forma compartir nuestra afici\u00f3n por las actividades subacu\u00e1ticas con cada vez m\u00e1s y m\u00e1s personas. Hoy en d\u00eda 8 a\u00f1os despu\u00e9s, nos sentimos satisfechos por el trabajo que hemos realizado y el crecimiento que hemos visto en nuestros pa\u00edses, creemos que Sportalsub.net est\u00e1 cumpliendo ese objetivo que inicialmente nos trazamos y por esta raz\u00f3n nos motivamos a seguir con nuestro trabajo.<\/p>\n<p style=\"text-align: justify;\"><strong>\u00bfCu\u00e1l es tu trabajo principal? \u00bfY como tu compartes tu trabajo y tus hobbies como practicar deportes y manejar tu sitio web?<\/strong><br \/>\nDe lunes a viernes trabajo en el d\u00eda, de 8 am a 5 pm en una empresa de dise\u00f1o y desarrollo web y por las noches, de 7pm a 9pm como entrenador de Rugby Subacu\u00e1tico y Nataci\u00f3n con Aletas en el Centro de Actividades Subacu\u00e1ticas de la Universidad Central de Venezuela (CASA-UCV), sin embargo mi trabajo como entrenador de actividades subacu\u00e1ticas no lo veo como trabajo, ya que me divierte y me llena de gran satisfacci\u00f3n poder ense\u00f1ar y compartir las actividades subacu\u00e1ticas directamente con el grupo de deportistas a los que entreno. Sin embargo, durante la semana trato de realizar algunas actividades f\u00edsicas como trotar 2 o 3 veces por semana entre 30min y 1 hora al salir de la oficina y antes de trabajar en la piscina. 1 o 2 d\u00edas estoy en el agua con el equipo de rugby subacu\u00e1tico donde tambi\u00e9n soy jugador, adem\u00e1s de entrenador. Los d\u00edas s\u00e1bados, realizamos algunas actividades y entrenamientos deportivos o recreativos en la piscina: apnea, nataci\u00f3n con aletas, rugby subacu\u00e1tico, hockey subacu\u00e1tico o aquahtlon (lucha subacu\u00e1tica) y algunos domingos al mes, compito en carreras de calle de 10Kil\u00f3metros, las cuales son cada vez m\u00e1s populares en mi pa\u00eds. Los fines de semana generalmente son dedicados al deporte y la recreaci\u00f3n, siempre ligados a las actividades subacu\u00e1ticas y con muchos de mis compa\u00f1eros de club. Tiempo para trabajar con Sportalsub.net? cada vez menos, sin embargo, en las noches al llegar a mi casa, ratos fines de semana, o muy temprano en la ma\u00f1ana, puedo actualizar el sitio. Siempre estoy navegando en busca de informaci\u00f3n actualizada y gracias a los aportes de muchos visitantes, nos llega informaci\u00f3n de muchas de las actividades subacu\u00e1ticas que se est\u00e1n realizando en el mundo.<br \/>\n<strong><br \/>\n\u00bfQu\u00e9 te gusta y qu\u00e9 no te gusta en el mundo de la Nataci\u00f3n con Aletas?<\/strong><br \/>\nCreo que la Nataci\u00f3n con Aletas ha crecido mucho en el mundo en estos \u00faltimos a\u00f1os, es un deporte que cada vez es m\u00e1s practicado y no deja de sorprendernos, cuando vemos los resultados de los tiempos de los deportistas, los r\u00e9cords mundiales y los tiempos que se logran en comparaci\u00f3n a la nataci\u00f3n cl\u00e1sica, por eso aunque no sigo siendo deportista activo, sigo ense\u00f1\u00e1ndolo y siguiendo de cerca lo que se est\u00e1 realizando a nivel mundial. Como deportista, siempre disfrut\u00e9 el hecho de poder ir cada vez m\u00e1s r\u00e1pido en el agua con una monoaleta, sin embargo es un deporte de muchas exigencias f\u00edsicas, recuerdo mucho los dolores en los pies, sobre todo cuando compet\u00eda en eventos de 6000 mts en mi pa\u00eds, eso era algo que no me gustaba del deporte, pero sin lugar a dudas siempre ha sido m\u00e1s lo que me gusta que lo que no me gusta de la nataci\u00f3n con aletas. Una de las cosas con las que nos ha tocado luchar, es que este deporte es principalmente dominado y desarrollado por Europa y Asia y lo dificil que resulta para nosotros en Suram\u00e9rica adquirir los equipos, monoaletas, tanques, etc\u2026 en nuestros pa\u00edses. Adem\u00e1s que la mayor\u00eda de los eventos importantes se realizan fuera de nuestro continente, Campeonatos Mundiales, Copas del Mundo; sin embargo, gracias al desarrollo que ha tenido Colombia, sus resultados internacionales y con la organizaci\u00f3n de eventos mundialistas, nos ha permitido poco a poco integrarnos m\u00e1s al deporte. Desde hace varios a\u00f1os se est\u00e1n haciendo esfuerzos por consolidar la CMAS Zona Am\u00e9rica y pa\u00edses como Colombia, Venezuela, Ecuador, Chile, M\u00e9xico y Cuba estamos trabajando por realizar m\u00e1s eventos a nivel continental, consolidar la Copa CMAS Zona Am\u00e9rica como nuestro Campeonato Continental cada 2 a\u00f1os y creo que vamos en un buen camino, para tratar de acortar la distancia, que exceptuando Colombia, tenemos el resto de pa\u00edses de Latinoam\u00e9rica en este deporte.<br \/>\n<strong><br \/>\n\u00bfCuando descubriste la nataci\u00f3n con aletas? \u00bfPracticaste otros deportes antes? \u00bfY en la actualidad?<\/strong><br \/>\nConoc\u00ed la nataci\u00f3n con aletas en 1999 cuando ingres\u00e9 al CASA-UCV, buscando un deporte de recreaci\u00f3n mas que todo y no con un objetivo competitivo; sin embargo al ir conociendo el deporte, investigando en internet de que se trataba, me fue gustando cada vez m\u00e1s. Estuve un a\u00f1o practicando con bialetas cuando en 2000 por fin pude adquirir mi primera monoaleta. De ni\u00f1o y adolescente practiqu\u00e9 nataci\u00f3n cl\u00e1sica, no a un alto nivel, sino a nivel de competencias escolares y regionales, al igual que el deporte nacional de mi pa\u00eds Baseball. Desde ni\u00f1o mi padre siempre me motiv\u00f3 a practicar deporte, montaba bicicleta o lo acompa\u00f1aba a trotar. Ahora a nivel competitivo sigo practicando el Rugby Subacu\u00e1tico, la nataci\u00f3n con aletas (bialetas) y apnea son parte del entrenamiento para esto y desde hace 2 a\u00f1os compito en carreras de 10 Kil\u00f3metros, lo que me mantiene motivado a seguir entrenando. De 2005 a 2008 realic\u00e9 mis estudios como T\u00e9cnico en Acondicionamiento F\u00edsico y all\u00ed aprend\u00ed que el deporte no siempre tiene que ser enfocado competitivamente y que la pr\u00e1ctica de la actividad f\u00edsica, debe formar parte de nuestra vida en todas las edades, por todos los beneficios que tiene para nuestra salud. Eso es lo que trato de aplicar para m\u00ed y para el equipo que entreno en mi club. Ahora estamos tambi\u00e9n incursionando en otros 2 deportes subacu\u00e1ticos que me llaman la atenci\u00f3n practicar, el hockey subacu\u00e1tico y el aquathlon o lucha subacu\u00e1tica.<br \/>\n<strong><br \/>\nSabemos que est\u00e1s interesado en las actividades CMAS como Rugby Subacu\u00e1tico, Apnea, Nataci\u00f3n con Aletas, etc\u2026 pero cuentanos cual es tu favorita y por qu\u00e9.<\/strong><br \/>\nDefinir una modalidad de las actividades subacu\u00e1ticas como mi favorita es dif\u00edcil, ya que veo cosas interesantes en cada una de ellas, creo que por eso he podido practicar la mayor\u00eda, tanto a nivel competitivo como recreativo y en todas ellas he disfrutado, tanto realizarlas como deportista, como ense\u00f1arlas y compartirlas con m\u00e1s persona. Por esa raz\u00f3n Sportalsub.net es una p\u00e1gina abierta a todas y cada una de las modalidades.<br \/>\n<strong><br \/>\nEste es un mal argumento, pero quisiera pregunt\u00e1rtelo de todas formas. \u00bfQu\u00e9 es el aspecto m\u00e1s importante que necesita la Nataci\u00f3n con Aletas para estar en los Juegos Ol\u00edmpicos? \u00bfT\u00fa piensas que eso ser\u00e1 pronto?<\/strong><br \/>\nEs un tema complicado, desde que conozco nataci\u00f3n con aletas en 1999, he escuchado que va a ser incluida en los pr\u00f3ximos juegos ol\u00edmpicos (desde Sydney 2000) como deporte de exhibici\u00f3n y as\u00ed cada ciclo ol\u00edmpico, al menos es lo que la gente siempre ha comentado. Sin embargo, conversando con Roberto Lolli el a\u00f1o pasado en Neiva, Colombia y seg\u00fan lo que he podido investigar sobre los requisitos necesarios para que un deporte pueda ser incluido en las olimpiadas y a\u00fan faltan varios para que la nataci\u00f3n con aletas sea incluida. Esto probablemente no ocurrir\u00e1 al menos en las 2 pr\u00f3ximas olimpiadas (Londres 2012 o Rio de Janeiro 2016). Sin embargo, yo pienso que para que Nataci\u00f3n con Aletas ingrese a Juegos Ol\u00edmpicos, necesitamos que m\u00e1s pa\u00edses con potencial en Deportes Acu\u00e1ticos tradicionales, tanto de Am\u00e9rica como Ocean\u00eda (USA, Australia, Brasil) desarrollen el deporte y puedan, a trav\u00e9s de sus federaciones, hacer cada vez m\u00e1s presi\u00f3n y principalmente, promoci\u00f3n del deporte, para que este pueda ser m\u00e1s tomado en cuenta internacionalmente. Tenemos una ventaja, CMAS es reconocida por el Comit\u00e9 Ol\u00edmpico Internacional, sin embargo, el deporte debe ser cada vez m\u00e1s popular en m\u00e1s pa\u00edses del mundo.<br \/>\n<strong><br \/>\n\u00bfC\u00f3mo es vista la Nataci\u00f3n con Aletas en tu pa\u00eds, Venezuela?<\/strong><br \/>\nEn la \u00faltima d\u00e9cada ha ido creciendo el deporte, y aunque ya para el a\u00f1o 2000 se hab\u00eda tenido participaci\u00f3n en Campeonatos Mundiales (San Andr\u00e9s 1998 y Palma de Mallorca 2000) y se ven\u00eda desarrollando la actividad con competencias y campeonatos nacionales, desde el a\u00f1o 2005-2006 hemos nuevamente venido participando en competencias regionales. Desde mi labor como deportista entre 2000 y 2005, y trabajando con la Federaci\u00f3n Venezolana entre 2006 y 2008 como entrenador y dirigente deportivo, siento que hemos abierto la puerta para que el deporte sea cada vez m\u00e1s difundido en el pa\u00eds, ya Venezuela ha tenido participaci\u00f3n, aunque con pocos atletas en 3 Campeonatos Mundiales seguidos (Bari 2007, Neiva 2008 (Junior) y St. Petesburgo 2009) as\u00ed como\u00a0en el 2009 \u00a0en varias rondas de la Copa del Mundo. A\u00fan falta mucha estructura, pero el deporte sigue creciendo. Ya estamos trabajando con escuelas desde categor\u00edas infantiles y gracias a intercambios con Colombia hemos ido avanzando y pensando en un mejor desarrollo del deporte a futuro.<br \/>\n<strong><br \/>\n\u00bfPiensas que las bi-aletas ayudar\u00e1n a la Nataci\u00f3n con Aletas a ser m\u00e1s popular en el mundo?<\/strong><br \/>\nLa inclusi\u00f3n de las bialetas en los campeonatos mundiales, ha ayudado a popularizar el deporte, sobre todo en nuestros paises, donde es dificil el acceso a las monoaletas, tanto por el costo, como por la disponibilidad de las mismas, es una manera de captar m\u00e1s nadadores cl\u00e1sicos, sin embargo, creo que el objetivo fundamental es seguir impulsando el desarrollo en lo que ha sido el atractivo principal de este deporte, las pruebas de monoaleta. Adem\u00e1s, le da m\u00e1s variedad a las competencias, un programa con solo pruebas de monoaleta podr\u00eda llegar a ser aburrido para un espectador. Tambi\u00e9n veo la incluisi\u00f3n de las bialetas como una v\u00eda a que se practiquen otras modalidades subacu\u00e1ticas, como rugby y hockey. Un solo detalle con respecto a las pruebas de bialetas, pienso que deber\u00eda ser obligatorio el uso del snorkell para todas las pruebas, ya que por ahora es opcional, creo que no se debe perder la escencia de que somos una modalidad subacu\u00e1tica y el snorkell es lo que lo puede distinguir as\u00ed.<br \/>\n<strong><br \/>\n\u00bfQui\u00e9n es tu nadador con aletas favorito (pasado o presente) y por qu\u00e9?<\/strong><br \/>\nTengo 3 nadadores con aletas favoritos. Del pasado: Konstantin Koudraiev, ya que gracias a \u00e9l pude aprender la nataci\u00f3n con aletas, obviamente no en persona. Recuerdo en el a\u00f1o 2000 pude conseguir el video (VHS) de monoaletas Finis, donde Pablo Morales junto a \u00e9l explicaban las t\u00e9cnicas, era realmente impresionante para m\u00ed ver la facilidad de movimiento que ten\u00eda. A\u00fan utilizo el video para ense\u00f1ar aspectos b\u00e1sicos del deporte. Digamos que fue el maestro a distancia que muchos que no tuvimos un entrenador de nataci\u00f3n con aletas tuvimos.<br \/>\nDel presente: Masculino: Stefano Figini. Pude conocerlo en persona en 2009\u00a0 en la 1ra Ronda de la Copa del Mundo de Bogot\u00e1, aunque por temas del idioma no pudimos conversar mucho, sus logros y resultados hablan por s\u00ed mismos y creo que a\u00fan queda mucho que ver de \u00e9l.<br \/>\nFemenino: Alix Victoria P\u00e9rez, de Colombia: tambi\u00e9n la conoc\u00ed personalmente en Colombia en 2007, as\u00ed como a su esposo y entrenador Andr\u00e9s Valderrama a quien conoc\u00ed en 2003 en nuestra primera visita a Bogot\u00e1. Ella posee varios r\u00e9cords nacionales y panamericanos en distancias cortas, es una gran amiga y este a\u00f1o logr\u00f3 el primer lugar en el ranking de la Copa del Mundo CMAS.<br \/>\n<strong><br \/>\nH\u00e1blanos de cualquier cosa que quieras decirnos<\/strong><br \/>\nAgradezco la oportunidad que me ha dado Davide Manca para dar a conocer el trabajo que hemos desarrollado con Sportalsub.net y todos estos a\u00f1os y compartir esta afici\u00f3n por la nataci\u00f3n con aletas y las informaciones que entre nuestro sitio y Finswimmer.com hemos intercambiado ya por m\u00e1s de 8 a\u00f1os. Creo que la labor que desarrollamos quienes queremos ver este deporte cada vez mejor posicionado en el \u00e1mbito deportivo mundial debe seguir adelante y simplemente invito a todas aquellas personas que sigan realizando actividad f\u00edsica, deporte en cualquier forma y si es subacu\u00e1tico mucho mejor. Esperamos seguir en este camino por mucho tiempo m\u00e1s y seguir compartiendo las actividades subacu\u00e1ticas con todos ustedes. No olviden visitar\u00a0<a href=\"http:\/\/www.sportalsub.net\/\">www.sportalsub.net<\/a><\/p>\n","protected":false},"excerpt":{"rendered":"<p>Miguel Cede\u00f1o en la Copa Mundo realizada en Bogot\u00e1 2009 Davide Manca, gran nadador italiano, varias veces campe\u00f3n europeo y medallista mundial en nataci\u00f3n con aletas y creador del m\u00e1s\u00a0importante sitio web de la nataci\u00f3n con aletas en el mundo\u00a0Finswimmer.com\u00a0entrevist\u00f3\u00a0a\u00a0Miguel Cede\u00f1o de Venezuela, creador y director de Sportalsub.net. Compartimos con ustedes esta entrevista, publicada en su sitio web en\u00a0ingl\u00e9s, italiano [&#8230;]<\/p>\n","protected":false},"author":1,"featured_media":17124,"comment_status":"open","ping_status":"closed","sticky":false,"template":"","format":"standard","meta":{"_lmt_disableupdate":"no","_lmt_disable":"no","jetpack_post_was_ever_published":false,"_jetpack_newsletter_access":"","_jetpack_dont_email_post_to_subs":false,"_jetpack_newsletter_tier_id":0,"_jetpack_memberships_contains_paywalled_content":false,"_jetpack_memberships_contains_paid_content":false,"footnotes":"","jetpack_publicize_message":"","jetpack_publicize_feature_enabled":true,"jetpack_social_post_already_shared":false,"jetpack_social_options":{"image_generator_settings":{"template":"highway","default_image_id":0,"font":"","enabled":false},"version":2}},"categories":[9,116,257,153,2,12,7,8],"tags":[477],"class_list":["post-3847","post","type-post","status-publish","format-standard","has-post-thumbnail","hentry","category-apnea","category-lucha-subacuatica","category-editoriales-miguel-cedeno","category-entrevistas","category-hockey-subacuatico","category-natacion-con-aletas","category-rugby-subacuatico","category-venezuela","tag-miguelsportsub"],"modified_by":"Sportalsub.net","views":5362,"jetpack_publicize_connections":[],"jetpack_featured_media_url":"https:\/\/www.sportalsub.net\/blog\/wp-content\/uploads\/2010\/01\/miguelcopamundo1.jpg","jetpack_sharing_enabled":true,"jetpack_shortlink":"https:\/\/wp.me\/pf9lN-103","jetpack_likes_enabled":false,"jetpack-related-posts":[{"id":19830,"url":"https:\/\/www.sportalsub.net\/blog\/hablamos-de-ser-subacuatico-con-tony-carrasco\/","url_meta":{"origin":3847,"position":0},"title":"\ud83c\uddfb\ud83c\uddea Hablamos de \u00abSer Subacu\u00e1tico\u00bb en programa de radio \u201cMelod\u00eda y Deporte\u201d con Tony Carrasco","author":"Sportalsub.net","date":"26 marzo 2015","format":false,"excerpt":"(Sportalsub.net \/ Miguel A. Cede\u00f1o O.) El pasado viernes 20 de marzo, asist\u00ed como\u00a0Entrenador Deportivo y Atleta del Centro de Actividades Subacu\u00e1ticas de la Universidad Central de Venezuela (CASA-UCV) conjuntamente con\u00a0David Esteves, destacado atleta del equipo de Nataci\u00f3n con Aletas y Secretario de nuestro club, al\u00a0programa de radio \u201cMelod\u00eda y\u2026","rel":"","context":"En \u00abApnea\u00bb","block_context":{"text":"Apnea","link":"https:\/\/www.sportalsub.net\/blog\/category\/modalidades\/apnea\/"},"img":{"alt_text":"","src":"https:\/\/i0.wp.com\/www.sportalsub.net\/blog\/wp-content\/uploads\/2015\/03\/melodiaydeporte.jpg?resize=350%2C200&ssl=1","width":350,"height":200,"srcset":"https:\/\/i0.wp.com\/www.sportalsub.net\/blog\/wp-content\/uploads\/2015\/03\/melodiaydeporte.jpg?resize=350%2C200&ssl=1 1x, https:\/\/i0.wp.com\/www.sportalsub.net\/blog\/wp-content\/uploads\/2015\/03\/melodiaydeporte.jpg?resize=525%2C300&ssl=1 1.5x, https:\/\/i0.wp.com\/www.sportalsub.net\/blog\/wp-content\/uploads\/2015\/03\/melodiaydeporte.jpg?resize=700%2C400&ssl=1 2x"},"classes":[]},{"id":19759,"url":"https:\/\/www.sportalsub.net\/blog\/reglamento-nadosub-cmas","url_meta":{"origin":3847,"position":1},"title":"\ud83c\udf0e Nuevo Reglamento CMAS de Nataci\u00f3n con Aletas 2022","author":"Sportalsub.net","date":"29 diciembre 2021","format":false,"excerpt":"(Sportalsub.net \/ CMAS) - Read in English El pasado 19 de diciembre de 2021, fue publicado por la Comisi\u00f3n de Nataci\u00f3n con Aletas de la Confederaci\u00f3n Mundial de Actividades Subacu\u00e1ticas (CMAS) el nuevo Reglamento Internacional de la modalidad, vigente a partir del 1ro de enero de 2022. \u00a0Reglamento 2022 Nataci\u00f3n\u2026","rel":"","context":"En \u00abArt\u00edculos por Miguel Cede\u00f1o @miguelsportsub\u00bb","block_context":{"text":"Art\u00edculos por Miguel Cede\u00f1o @miguelsportsub","link":"https:\/\/www.sportalsub.net\/blog\/category\/mas\/editoriales-miguel-cedeno\/"},"img":{"alt_text":"","src":"https:\/\/i0.wp.com\/www.sportalsub.net\/blog\/wp-content\/uploads\/2021\/12\/cmasbifins.jpg?resize=350%2C200&ssl=1","width":350,"height":200,"srcset":"https:\/\/i0.wp.com\/www.sportalsub.net\/blog\/wp-content\/uploads\/2021\/12\/cmasbifins.jpg?resize=350%2C200&ssl=1 1x, https:\/\/i0.wp.com\/www.sportalsub.net\/blog\/wp-content\/uploads\/2021\/12\/cmasbifins.jpg?resize=525%2C300&ssl=1 1.5x, https:\/\/i0.wp.com\/www.sportalsub.net\/blog\/wp-content\/uploads\/2021\/12\/cmasbifins.jpg?resize=700%2C400&ssl=1 2x"},"classes":[]},{"id":15245,"url":"https:\/\/www.sportalsub.net\/blog\/sportalsub-net-de-visita-en-milan-italia\/","url_meta":{"origin":3847,"position":2},"title":"\ud83c\uddee\ud83c\uddf9 Sportalsub.net de visita en Milan, Italia","author":"Sportalsub.net","date":"4 mayo 2013","format":false,"excerpt":"(Especial Sportalsub.net \/ Miguel Cede\u00f1o) Durante los primeros d\u00edas del mes de mayo, estuvimos visitando la ciudad de Mil\u00e1n en Italia, en donde adem\u00e1s de compartir opiniones y mucha informaci\u00f3n acerca del deporte subacu\u00e1tico y principalmente sobre la nataci\u00f3n con aletas con Davide Manca, Director de Finswimmer Magazine\u00a0tambi\u00e9n tuvimos la\u2026","rel":"","context":"En \u00abArt\u00edculos por Miguel Cede\u00f1o @miguelsportsub\u00bb","block_context":{"text":"Art\u00edculos por Miguel Cede\u00f1o @miguelsportsub","link":"https:\/\/www.sportalsub.net\/blog\/category\/mas\/editoriales-miguel-cedeno\/"},"img":{"alt_text":"","src":"https:\/\/i0.wp.com\/www.sportalsub.net\/blog\/wp-content\/uploads\/2013\/05\/sportalsub-italia.jpg?resize=350%2C200&ssl=1","width":350,"height":200,"srcset":"https:\/\/i0.wp.com\/www.sportalsub.net\/blog\/wp-content\/uploads\/2013\/05\/sportalsub-italia.jpg?resize=350%2C200&ssl=1 1x, https:\/\/i0.wp.com\/www.sportalsub.net\/blog\/wp-content\/uploads\/2013\/05\/sportalsub-italia.jpg?resize=525%2C300&ssl=1 1.5x"},"classes":[]},{"id":15610,"url":"https:\/\/www.sportalsub.net\/blog\/natacion-con-aletas-y-rugby-subacuatico-llegan-al-centro-italiano-venezolano-en-caracas\/","url_meta":{"origin":3847,"position":3},"title":"\ud83c\uddfb\ud83c\uddea Nataci\u00f3n con Aletas y Rugby Subacu\u00e1tico llegaron al Centro Italiano Venezolano en Caracas","author":"Sportalsub.net","date":"16 julio 2013","format":false,"excerpt":"(Especial Sportalsub.net \/ CIV) La Comisi\u00f3n de Nataci\u00f3n del Centro Italiano Venezolano organiz\u00f3 una exhibici\u00f3n y charla sobre las actividades subacu\u00e1ticas en Venezuela, en las modalidades de Nataci\u00f3n con Aletas y Rugby Subacu\u00e1tico, realizada el pasado s\u00e1bado 13 de julio a partir de las 12 del mediod\u00eda en las instalaciones\u2026","rel":"","context":"En \u00abArt\u00edculos por Miguel Cede\u00f1o @miguelsportsub\u00bb","block_context":{"text":"Art\u00edculos por Miguel Cede\u00f1o @miguelsportsub","link":"https:\/\/www.sportalsub.net\/blog\/category\/mas\/editoriales-miguel-cedeno\/"},"img":{"alt_text":"","src":"https:\/\/i0.wp.com\/www.sportalsub.net\/blog\/wp-content\/uploads\/2013\/07\/clubitalo.jpg?resize=350%2C200&ssl=1","width":350,"height":200,"srcset":"https:\/\/i0.wp.com\/www.sportalsub.net\/blog\/wp-content\/uploads\/2013\/07\/clubitalo.jpg?resize=350%2C200&ssl=1 1x, https:\/\/i0.wp.com\/www.sportalsub.net\/blog\/wp-content\/uploads\/2013\/07\/clubitalo.jpg?resize=525%2C300&ssl=1 1.5x"},"classes":[]},{"id":41003,"url":"https:\/\/www.sportalsub.net\/blog\/sersubacuatico-ep10-ronald-laurens-y-miguel-cedeno\/","url_meta":{"origin":3847,"position":4},"title":"\ud83d\udcfa SerSubacuatico \u2013 Ep10 \u2013 Ronald Laurens y Miguel Cede\u00f1o","author":"Sportalsub.net","date":"14 junio 2020","format":false,"excerpt":"(Sportalsub.net \/ SerSubacuatico.com) Cuando hablamos de #sersubacuatico no podemos dejar de mencionar a Ronald Laurens y Miguel Cede\u00f1o, quienes bajo este concepto han sabido englobar, promover y proyectar las actividades subacu\u00e1ticas y todas sus modalidades. Ellos compartir\u00e1n algunas de sus experiencias y an\u00e9cdotas en m\u00e1s de 20 a\u00f1os dentro del\u2026","rel":"","context":"En \u00abApnea\u00bb","block_context":{"text":"Apnea","link":"https:\/\/www.sportalsub.net\/blog\/category\/modalidades\/apnea\/"},"img":{"alt_text":"","src":"https:\/\/i0.wp.com\/www.sportalsub.net\/blog\/wp-content\/uploads\/2020\/06\/ronald-miguel-web.jpg?resize=350%2C200&ssl=1","width":350,"height":200,"srcset":"https:\/\/i0.wp.com\/www.sportalsub.net\/blog\/wp-content\/uploads\/2020\/06\/ronald-miguel-web.jpg?resize=350%2C200&ssl=1 1x, https:\/\/i0.wp.com\/www.sportalsub.net\/blog\/wp-content\/uploads\/2020\/06\/ronald-miguel-web.jpg?resize=525%2C300&ssl=1 1.5x, https:\/\/i0.wp.com\/www.sportalsub.net\/blog\/wp-content\/uploads\/2020\/06\/ronald-miguel-web.jpg?resize=700%2C400&ssl=1 2x"},"classes":[]},{"id":26523,"url":"https:\/\/www.sportalsub.net\/blog\/brasil-incursiona-en-la-natacion-con-aletas-gracias-a-leblonfins-fedecas-y-sportsub-sportalsub\/","url_meta":{"origin":3847,"position":5},"title":"\ud83c\udde7\ud83c\uddf7 Brasil incursiona en la Nataci\u00f3n con Aletas, gracias a Leblonfins, FEDECAS y Sportsub &#038; Sportalsub","author":"Sportalsub.net","date":"7 septiembre 2017","format":false,"excerpt":"(Especial Sportalsub.net) - Read in English Luego de su exitosa participaci\u00f3n en el\u00a0Curso de Monitores y Entrenadores de Nataci\u00f3n con Aletas Nivel 1 Sportsub Modalidad a Distancia \u2013 III Edici\u00f3n. Julio-Agosto 2017\u00a0el entrenador y promotor deportivo\u00a0Mauricio Jordan de Souza Coelho\u00a0y creador de la marca Leblonfins\u00a0contin\u00faa con el trabajo de impulso\u2026","rel":"","context":"En \u00abArt\u00edculos por Miguel Cede\u00f1o @miguelsportsub\u00bb","block_context":{"text":"Art\u00edculos por Miguel Cede\u00f1o @miguelsportsub","link":"https:\/\/www.sportalsub.net\/blog\/category\/mas\/editoriales-miguel-cedeno\/"},"img":{"alt_text":"","src":"https:\/\/i0.wp.com\/www.sportalsub.net\/blog\/wp-content\/uploads\/2017\/09\/mauricio-finswimming2_905x600.png?resize=350%2C200&ssl=1","width":350,"height":200,"srcset":"https:\/\/i0.wp.com\/www.sportalsub.net\/blog\/wp-content\/uploads\/2017\/09\/mauricio-finswimming2_905x600.png?resize=350%2C200&ssl=1 1x, https:\/\/i0.wp.com\/www.sportalsub.net\/blog\/wp-content\/uploads\/2017\/09\/mauricio-finswimming2_905x600.png?resize=525%2C300&ssl=1 1.5x, https:\/\/i0.wp.com\/www.sportalsub.net\/blog\/wp-content\/uploads\/2017\/09\/mauricio-finswimming2_905x600.png?resize=700%2C400&ssl=1 2x"},"classes":[]}],"_links":{"self":[{"href":"https:\/\/www.sportalsub.net\/blog\/wp-json\/wp\/v2\/posts\/3847","targetHints":{"allow":["GET"]}}],"collection":[{"href":"https:\/\/www.sportalsub.net\/blog\/wp-json\/wp\/v2\/posts"}],"about":[{"href":"https:\/\/www.sportalsub.net\/blog\/wp-json\/wp\/v2\/types\/post"}],"author":[{"embeddable":true,"href":"https:\/\/www.sportalsub.net\/blog\/wp-json\/wp\/v2\/users\/1"}],"replies":[{"embeddable":true,"href":"https:\/\/www.sportalsub.net\/blog\/wp-json\/wp\/v2\/comments?post=3847"}],"version-history":[{"count":1,"href":"https:\/\/www.sportalsub.net\/blog\/wp-json\/wp\/v2\/posts\/3847\/revisions"}],"predecessor-version":[{"id":68966,"href":"https:\/\/www.sportalsub.net\/blog\/wp-json\/wp\/v2\/posts\/3847\/revisions\/68966"}],"wp:featuredmedia":[{"embeddable":true,"href":"https:\/\/www.sportalsub.net\/blog\/wp-json\/wp\/v2\/media\/17124"}],"wp:attachment":[{"href":"https:\/\/www.sportalsub.net\/blog\/wp-json\/wp\/v2\/media?parent=3847"}],"wp:term":[{"taxonomy":"category","embeddable":true,"href":"https:\/\/www.sportalsub.net\/blog\/wp-json\/wp\/v2\/categories?post=3847"},{"taxonomy":"post_tag","embeddable":true,"href":"https:\/\/www.sportalsub.net\/blog\/wp-json\/wp\/v2\/tags?post=3847"}],"curies":[{"name":"wp","href":"https:\/\/api.w.org\/{rel}","templated":true}]}}