{"id":39437,"date":"2022-10-30T12:33:00","date_gmt":"2022-10-30T16:33:00","guid":{"rendered":"https:\/\/www.sportalsub.net\/blog\/?p=39437"},"modified":"2022-11-02T11:51:26","modified_gmt":"2022-11-02T15:51:26","slug":"%f0%9f%87%a8%f0%9f%87%b4-actividades-subacuaticas-buscaran-su-inclusion-en-los-i-juegos-centroamericanos-y-del-caribe-de-playa-2022-en-santa-marta-colombia","status":"publish","type":"post","link":"https:\/\/www.sportalsub.net\/blog\/subacuaticas-santa-marta-2022","title":{"rendered":"\ud83c\udde8\ud83c\uddf4 Actividades Subacu\u00e1ticas ya no estar\u00e1n en I Juegos Centroamericanos y del Caribe de Playa Santa Marta, Colombia 2022"},"content":{"rendered":"<p><img loading=\"lazy\" decoding=\"async\" class=\"alignnone size-full wp-image-41479\" src=\"https:\/\/www.sportalsub.net\/blog\/wp-content\/uploads\/2020\/03\/portadacentrocaribesantamarta2022.jpg\" alt=\"\" width=\"900\" height=\"600\" srcset=\"https:\/\/www.sportalsub.net\/blog\/wp-content\/uploads\/2020\/03\/portadacentrocaribesantamarta2022.jpg 900w, https:\/\/www.sportalsub.net\/blog\/wp-content\/uploads\/2020\/03\/portadacentrocaribesantamarta2022-300x200.jpg 300w, https:\/\/www.sportalsub.net\/blog\/wp-content\/uploads\/2020\/03\/portadacentrocaribesantamarta2022-768x512.jpg 768w, https:\/\/www.sportalsub.net\/blog\/wp-content\/uploads\/2020\/03\/portadacentrocaribesantamarta2022-450x300.jpg 450w\" sizes=\"auto, (max-width: 900px) 100vw, 900px\" \/><\/p>\n<p>(Especial Sportalsub.net \/ CMAS Zona Am\u00e9rica) &#8211; <a href=\"https:\/\/www.sportalsub.net\/en\/subacuaticas-santa-marta-2022\">Read in English<\/a><\/p>\n<p>Las Actividades Subacu\u00e1ticas, en la modalidad de Nataci\u00f3n con Aletas y sus pruebas de superficie con monoaleta y bialetas hab\u00edan sido incluidas en el programa de los I Juegos Centroamericanos y del Caribe de Mar y Playa, previstos a realizarse en la ciudad de\u00a0<strong>Santa Marta, Colombia<\/strong>, del\u00a0<strong>19 al 25 de noviembre de 2022<\/strong><\/p>\n<p><span style=\"color: #ff0000;\"><strong>Sin embargo Una vez concluida la inscripci\u00f3n nominal para los 1ro Juegos Centroamericanos y del Caribe Mar y Playa, Santa Marta 2022, el Comit\u00e9 Organizador se vio en obligaci\u00f3n de cancelar los eventos de esta modalidad, por solo tener tres pa\u00edses inscritos.<\/strong><\/span><\/p>\n<p><strong>Competencias de Nataci\u00f3n con Aletas: 20, 21 y 22 de noviembre<\/strong><\/p>\n<p><a href=\"https:\/\/www.santamarta2022.com\/uploads\/item\/0ada8f094692dc23b51c00ef2ae4fe1a75f672b3.pdf\" target=\"_blank\" rel=\"noopener\" target=\"_blank\"><strong>Manual T\u00e9cnico<\/strong><\/a><\/p>\n<p><a href=\"https:\/\/www.santamarta2022.com\/deporte\/esquema\/4\/deporte\/3195\" target=\"_blank\" rel=\"noopener\" target=\"_blank\"><strong>Sitio Web Oficial de los Juegos<\/strong><\/a><\/p>\n<p>As\u00ed lo inform\u00f3 este 15 de octubre 2020 a CMAS Zona Am\u00e9rica el se\u00f1or Ciro Solano, Vicepresidente de La Organizaci\u00f3n Deportiva Centroamericana y del Caribe CENTRO CARIBE SPORTS \u00a0y secretario general del Comit\u00e9 Ol\u00edmpico Colombiano.<\/p>\n<blockquote class=\"instagram-media\" style=\"background: #FFF; border: 0; border-radius: 3px; box-shadow: 0 0 1px 0 rgba(0,0,0,0.5),0 1px 10px 0 rgba(0,0,0,0.15); margin: 1px; max-width: 540px; min-width: 326px; padding: 0; width: calc(100% - 2px);\" data-instgrm-captioned=\"\" data-instgrm-permalink=\"https:\/\/www.instagram.com\/p\/CGaFEMbDoWH\/?utm_source=ig_embed&amp;utm_campaign=loading\" data-instgrm-version=\"12\">\n<div style=\"padding: 16px;\">\n<p>&nbsp;<\/p>\n<div style=\"display: flex; flex-direction: row; align-items: center;\">\n<div style=\"background-color: #f4f4f4; border-radius: 50%; flex-grow: 0; height: 40px; margin-right: 14px; width: 40px;\"><\/div>\n<div style=\"display: flex; flex-direction: column; flex-grow: 1; justify-content: center;\">\n<div style=\"background-color: #f4f4f4; border-radius: 4px; flex-grow: 0; height: 14px; margin-bottom: 6px; width: 100px;\"><\/div>\n<div style=\"background-color: #f4f4f4; border-radius: 4px; flex-grow: 0; height: 14px; width: 60px;\"><\/div>\n<\/div>\n<\/div>\n<div style=\"padding: 19% 0;\"><\/div>\n<div style=\"display: block; height: 50px; margin: 0 auto 12px; width: 50px;\"><\/div>\n<div style=\"padding-top: 8px;\">\n<div style=\"color: #3897f0; font-family: Arial,sans-serif; font-size: 14px; font-style: normal; font-weight: 550; line-height: 18px;\">Ver esta publicaci\u00f3n en Instagram<\/div>\n<\/div>\n<div style=\"padding: 12.5% 0;\"><\/div>\n<div style=\"display: flex; flex-direction: row; margin-bottom: 14px; align-items: center;\">\n<div>\n<div style=\"background-color: #f4f4f4; border-radius: 50%; height: 12.5px; width: 12.5px; transform: translateX(0px) translateY(7px);\"><\/div>\n<div style=\"background-color: #f4f4f4; height: 12.5px; transform: rotate(-45deg) translateX(3px) translateY(1px); width: 12.5px; flex-grow: 0; margin-right: 14px; margin-left: 2px;\"><\/div>\n<div style=\"background-color: #f4f4f4; border-radius: 50%; height: 12.5px; width: 12.5px; transform: translateX(9px) translateY(-18px);\"><\/div>\n<\/div>\n<div style=\"margin-left: 8px;\">\n<div style=\"background-color: #f4f4f4; border-radius: 50%; flex-grow: 0; height: 20px; width: 20px;\"><\/div>\n<div style=\"width: 0; height: 0; border-top: 2px solid transparent; border-left: 6px solid #f4f4f4; border-bottom: 2px solid transparent; transform: translateX(16px) translateY(-4px) rotate(30deg);\"><\/div>\n<\/div>\n<div style=\"margin-left: auto;\">\n<div style=\"width: 0px; border-top: 8px solid #F4F4F4; border-right: 8px solid transparent; transform: translateY(16px);\"><\/div>\n<div style=\"background-color: #f4f4f4; flex-grow: 0; height: 12px; width: 16px; transform: translateY(-4px);\"><\/div>\n<div style=\"width: 0; height: 0; border-top: 8px solid #F4F4F4; border-left: 8px solid transparent; transform: translateY(-4px) translateX(8px);\"><\/div>\n<\/div>\n<\/div>\n<p>&nbsp;<\/p>\n<p style=\"margin: 8px 0 0 0; padding: 0 4px;\"><a href=\"https:\/\/www.instagram.com\/p\/CGaFEMbDoWH\/?utm_source=ig_embed&amp;utm_campaign=loading\"style=\"color: #000; font-family: Arial,sans-serif; font-size: 14px; font-style: normal; font-weight: normal; line-height: 17px; text-decoration: none; word-wrap: break-word;\"  target=\"_blank\" rel=\"noopener noreferrer\" target=\"_blank\">Las Actividades Subacu\u00e1ticas, en la modalidad de Nataci\u00f3n con Aletas y sus pruebas de superficie con monoaleta y bialetas han sido incluidas en el programa de los I Juegos Centroamericanos y del Caribe de Mar y Playa, a realizarse en la ciudad de Santa Marta, Colombia en el a\u00f1o 2022. As\u00ed lo inform\u00f3 este 15 de octubre 2020 a CMAS Zona Am\u00e9rica el se\u00f1or Ciro Solano, Vicepresidente de CENTRO CARIBE SPORTS @centrocaribesports y secretario general del Comit\u00e9 Ol\u00edmpico Colombiano @olimpicocol. Pr\u00f3ximamente m\u00e1s informaci\u00f3n #cmas #cmasamerica #cmaszonaamerica<\/a><\/p>\n<p style=\"color: #c9c8cd; font-family: Arial,sans-serif; font-size: 14px; line-height: 17px; margin-bottom: 0; margin-top: 8px; overflow: hidden; padding: 8px 0 7px; text-align: center; text-overflow: ellipsis; white-space: nowrap;\">Una publicaci\u00f3n compartida por <a href=\"https:\/\/www.instagram.com\/cmasamerica\/?utm_source=ig_embed&amp;utm_campaign=loading\"style=\"color: #c9c8cd; font-family: Arial,sans-serif; font-size: 14px; font-style: normal; font-weight: normal; line-height: 17px;\"  target=\"_blank\" rel=\"noopener noreferrer\" target=\"_blank\"> CMAS Zona Am\u00e9rica<\/a> (@cmasamerica) el <time style=\"font-family: Arial,sans-serif; font-size: 14px; line-height: 17px;\" datetime=\"2020-10-16T14:23:04+00:00\">16 de Oct de 2020 a las 7:23 PDT<\/time><\/p>\n<\/div>\n<\/blockquote>\n<p><script async src=\"\/\/www.instagram.com\/embed.js\"><\/script><\/p>\n<p><strong>INVITACI\u00d3N\u00a0Y AGRADECIMIENTO DE CMAS ZONA AM\u00c9RICA<\/strong><\/p>\n<p>En este sentido, <strong>William Pe\u00f1a<\/strong>, Presidente de la Federaci\u00f3n Colombiana de Actividades Subacu\u00e1ticas (FEDECAS) y de la Confederaci\u00f3n Mundial de Actividades Subacu\u00e1ticas Zona Am\u00e9rica (CMAS Am\u00e9rica) ha informado que desde ambas instancias se realiz\u00f3 el trabajo para incorporar a las actividades subacu\u00e1ticas a los juegos.<\/p>\n<p><em>Audio de William Pe\u00f1a, Presidente de CMAS Zona Am\u00e9rica:<\/em><\/p>\n<audio class=\"wp-audio-shortcode\" id=\"audio-39437-1\" preload=\"none\" style=\"width: 100%;\" controls=\"controls\"><source type=\"audio\/ogg\" src=\"https:\/\/www.cmasamerica.org\/wp-content\/uploads\/2020\/10\/invitacionwilliampena.ogg?_=1\" \/><a href=\"https:\/\/www.cmasamerica.org\/wp-content\/uploads\/2020\/10\/invitacionwilliampena.ogg\" target=\"_blank\">https:\/\/www.cmasamerica.org\/wp-content\/uploads\/2020\/10\/invitacionwilliampena.ogg<\/a><\/audio>\n<p>Fuente: <a href=\"https:\/\/www.cmasamerica.org\/actividades-subacuaticas-incluidas-en-los-i-juegos-centroamericanos-y-del-caribe-de-mar-y-playa-2022-en-santa-marta-colombia\/\" target=\"_blank\" rel=\"noopener noreferrer\" target=\"_blank\">CMAS Zona Am\u00e9rica<\/a><\/p>\n<p>&nbsp;<\/p>\n<hr \/>\n<p><strong>SANTA MARTA SEDE DE LOS I JUEGOS CENTROAMERICANOS Y DEL CARIBE DE PLAYA<\/strong><\/p>\n<p><img loading=\"lazy\" decoding=\"async\" class=\"alignnone size-full wp-image-39444\" src=\"https:\/\/www.sportalsub.net\/blog\/wp-content\/uploads\/2020\/03\/reunion-odecabe.jpg\" alt=\"\" width=\"1080\" height=\"720\" srcset=\"https:\/\/www.sportalsub.net\/blog\/wp-content\/uploads\/2020\/03\/reunion-odecabe.jpg 1080w, https:\/\/www.sportalsub.net\/blog\/wp-content\/uploads\/2020\/03\/reunion-odecabe-300x200.jpg 300w, https:\/\/www.sportalsub.net\/blog\/wp-content\/uploads\/2020\/03\/reunion-odecabe-1024x683.jpg 1024w, https:\/\/www.sportalsub.net\/blog\/wp-content\/uploads\/2020\/03\/reunion-odecabe-768x512.jpg 768w, https:\/\/www.sportalsub.net\/blog\/wp-content\/uploads\/2020\/03\/reunion-odecabe-177x118.jpg 177w\" sizes=\"auto, (max-width: 1080px) 100vw, 1080px\" \/><\/p>\n<p>El pasado s\u00e1bado 7 de marzo de 2020 la Organizaci\u00f3n Deportiva Centroamericana y del Caribe (ODECABE) design\u00f3 de manera oficial a la ciudad de Santa Marta en Colombia, como sede los I Juegos Centroamericanos y del Caribe de Playa previstos a realizarse en noviembre del 2022.<\/p>\n<p>La cita multideportiva, en la que participar\u00edan m\u00e1s de 30 pa\u00edses de centroam\u00e9rica y el caribe, entre los cuales se encuentran Colombia, M\u00e9xico y Venezuela, miembros activos de la Confederaci\u00f3n Mundial de Actividades Subacu\u00e1ticas en Am\u00e9rica, ser\u00e1 la 1ra edici\u00f3n de los juegos de este tipo en la regi\u00f3n. En el continente americano ya se han realizado juegos suramericanos de playa desde 2009 y juegos bolivarianos de playa desde 2012.<\/p>\n<p>Ahora el reto para las Actividades Subacu\u00e1ticas, ser\u00e1 lograr la inclusi\u00f3n y participaci\u00f3n de algunas de sus modalidades como apnea, nataci\u00f3n con aletas y pesca submarina, siendo Colombia un pa\u00eds con un gran desarrollo en estos deportes y espec\u00edficamente la ciudad de Santa Marta, como un escenario ideal para la pr\u00e1ctica de estas disciplinas subacu\u00e1ticas y que ya ha albergado m\u00faltiples eventos y <a href=\"https:\/\/www.sportalsub.net\/blog\/?s=santa%2Bmarta\">Campeonatos en los \u00faltimos a\u00f1os,<\/a> entre los que destaca el <a href=\"https:\/\/www.sportalsub.net\/blog\/finswimming-panamerican-2019-colombia\">Campeonato Panamericano de Nataci\u00f3n con Aletas CMAS 2019<\/a>.<\/p>\n<p>En este sentido, William Pe\u00f1a, Presidente de la Federaci\u00f3n Colombiana de Actividades Subacu\u00e1ticas (<a href=\"https:\/\/fedecas.org\" target=\"_blank\" rel=\"noopener noreferrer\" target=\"_blank\">FEDECAS<\/a>) y de la Confederaci\u00f3n Mundial de Actividades Subacu\u00e1ticas Zona Am\u00e9rica (<a href=\"https:\/\/cmasamerica.org\" target=\"_blank\" rel=\"noopener noreferrer\" target=\"_blank\">CMAS Am\u00e9rica<\/a>) ha informado que desde ambas instancias se encuentran trabajando para incorporar a las actividades subacu\u00e1ticas a los juegos, que inicialmente incluir\u00edan los deportes del programa de los <a href=\"https:\/\/www.awbgqatar.com\/\" target=\"_blank\" rel=\"noopener noreferrer\" target=\"_blank\">Juegos Mundiales de Playa<\/a>, en donde hasta el momento no se incluyen las actividades subacu\u00e1ticas.<\/p>\n<p>Por otro lado, Oscar Ruiz, Presidente de la Federaci\u00f3n Venezolana de Actividades Subacu\u00e1ticas (<a href=\"https:\/\/www.fvas.com.ve\" target=\"_blank\" rel=\"noopener noreferrer\" target=\"_blank\">FVAS<\/a>) y Vicepresidente de la CMAS Zona Am\u00e9rica, ya se encuentra en conversaciones con el profesor Eduardo \u00c1lvarez, Presidente del Comit\u00e9 Ol\u00edmpico Venezolano (<a href=\"https:\/\/www.covoficial.com.ve\/\" target=\"_blank\" rel=\"noopener noreferrer\" target=\"_blank\">COV<\/a>) y Secretario General de ODECABE, para apoyar la propuesta para esta incorporaci\u00f3n.<\/p>\n<p>La informaci\u00f3n sobre la designaci\u00f3n oficial de Santa Marta como sede de los I Juegos Centroamericanos y del Caribe de Playa 2020 fue publicada por <a href=\"https:\/\/www.facebook.com\/Odecabe\/\" target=\"_blank\" rel=\"noopener noreferrer\" target=\"_blank\">ODECABE<\/a> y el\u00a0<span class=\"fwn fcg\"><span class=\"fwb fcg\" data-ft=\"{&quot;tn&quot;:&quot;k&quot;}\"><a href=\"https:\/\/www.facebook.com\/InredSantaMarta\/?__tn__=kC-R&amp;eid=ARBJxzJ3kIUE5kq-Fu6omY3n9LZKX1AiH91aqjPYR23zZeYVH_ZLhXNj0WXp6j-m2uyDkg5d4eL2vTMx&amp;hc_ref=ARSkWKUWA4RN76Gdm0cYl-3jyTKoLxXcBKjD3sSVMXIut-bl4H-Dd5J8Bn-6_6xxUQY&amp;fref=nf&amp;__xts__%5B0%5D=68.ARDDZ7tLrcrMoBaWgDwwFPu2VacuzBiEhT2b1nzvmDGXKE-asm8ZFNm_D1mikj9RWRlHIrLzNpK7rQ_Wq4tjK2LSALsO8-Wyh9W7xWxxXE_SINDm6fh6q698EnohOxbHgLVzB64fzSEQDYo_pMNWHZwT4wcdo6LbM29VtmolNSFKx_t_itczHx1Wo-Z-MiOYXhk3-wsNRpsFkOlA_dr6_JkcUdHXl8rC-MRukLumgZZ6uqmK1zvLuBbtFRtYo6nkjQfxwNbpWv-4H3vzKjFpJbPFF7MfCKzur4XviPkF-YdPH1w3u015xYzXRthnO8KorShlVwTOOEKXgQw1tQx2nOU8pczT&amp;__xts__%5B1%5D=68.ARCaHAorrCZ5Bxl44imoSFTL0oQCBNLDae5Wy9trp2ygvqhg3m2Y7CfTaiIpoTv0twJhrBYt3dzArXdrI39YIZUDzypIJp5E93wfcIUfrlxfJ4JS3u6QJyB6nCayiQtkATnFJ8Ac_IlTemASt-RkqtmjjG-gf18pWkkU2GD3WBX1kk9lrfINEWk7U2d0-wPOKsAj7UfyXlmsYuyB8Ttz6lguylkWbMSF789aBLQvwbcsbGvJtJyOkB4cu1oqvSRQOryeW5eDU_0s-sbuJJcbPoLolQ4JvSHkSPsuO18ZVibLMKJDcRr67SFzc-So8IrLXJINCrtHkOdvls916heUatqMAQer\"id=\"js_14r\"  data-hovercard=\"\/ajax\/hovercard\/page.php?id=1157931577561700&amp;extragetparams=%7B%22__tn__%22%3A%22%2CdkC-R-R%22%2C%22eid%22%3A%22ARBJxzJ3kIUE5kq-Fu6omY3n9LZKX1AiH91aqjPYR23zZeYVH_ZLhXNj0WXp6j-m2uyDkg5d4eL2vTMx%22%2C%22hc_ref%22%3A%22ARSkWKUWA4RN76Gdm0cYl-3jyTKoLxXcBKjD3sSVMXIut-bl4H-Dd5J8Bn-6_6xxUQY%22%2C%22fref%22%3A%22nf%22%7D\" data-hovercard-prefer-more-content-show=\"1\" data-hovercard-referer=\"ARSkWKUWA4RN76Gdm0cYl-3jyTKoLxXcBKjD3sSVMXIut-bl4H-Dd5J8Bn-6_6xxUQY\" aria-describedby=\"u_3c_1\" aria-owns=\"js_14n\" target=\"_blank\">Instituto de Recreaci\u00f3n y Deporte Distrital de Santa Marta<\/a> en sus p\u00e1ginas oficiales en Facebook<\/span><\/span><\/p>\n<p><img loading=\"lazy\" decoding=\"async\" class=\"alignnone size-full wp-image-39443\" src=\"https:\/\/www.sportalsub.net\/blog\/wp-content\/uploads\/2020\/03\/propuesta-odecabe.jpg\" alt=\"\" width=\"720\" height=\"960\" srcset=\"https:\/\/www.sportalsub.net\/blog\/wp-content\/uploads\/2020\/03\/propuesta-odecabe.jpg 720w, https:\/\/www.sportalsub.net\/blog\/wp-content\/uploads\/2020\/03\/propuesta-odecabe-225x300.jpg 225w\" sizes=\"auto, (max-width: 720px) 100vw, 720px\" \/><br \/>\nPresentaci\u00f3n y propuesta de deportes a incluir por parte del Comit\u00e9 Organizador de los Juegos<\/p>\n<p><iframe loading=\"lazy\" style=\"border: none; overflow: hidden;\" src=\"https:\/\/www.facebook.com\/plugins\/post.php?href=https%3A%2F%2Fwww.facebook.com%2FInredSantaMarta%2Fposts%2F3046463295375176&amp;width=500\" width=\"500\" height=\"659\" frameborder=\"0\" scrolling=\"no\"><\/iframe><\/p>\n<p>Desde Sportalsub.net estaremos realizando seguimiento a esta informaci\u00f3n a medida que vayamos teniendo m\u00e1s detalles.<\/p>\n<p>&nbsp;<\/p>\n","protected":false},"excerpt":{"rendered":"<p>(Especial Sportalsub.net \/ CMAS Zona Am\u00e9rica) &#8211; Read in English Las Actividades Subacu\u00e1ticas, en la modalidad de Nataci\u00f3n con Aletas y sus pruebas de superficie con monoaleta y bialetas hab\u00edan sido incluidas en el programa de los I Juegos Centroamericanos y del Caribe de Mar y Playa, previstos a realizarse en la ciudad de\u00a0Santa Marta, Colombia, del\u00a019 al 25 de [&#8230;]<\/p>\n","protected":false},"author":1,"featured_media":41479,"comment_status":"open","ping_status":"closed","sticky":false,"template":"","format":"standard","meta":{"_lmt_disableupdate":"","_lmt_disable":"","jetpack_post_was_ever_published":false,"_jetpack_newsletter_access":"","_jetpack_dont_email_post_to_subs":false,"_jetpack_newsletter_tier_id":0,"_jetpack_memberships_contains_paywalled_content":false,"_jetpack_memberships_contains_paid_content":false,"footnotes":"","jetpack_publicize_message":"","jetpack_publicize_feature_enabled":true,"jetpack_social_post_already_shared":true,"jetpack_social_options":{"image_generator_settings":{"template":"highway","default_image_id":0,"font":"","enabled":false},"version":2}},"categories":[3,12],"tags":[],"class_list":["post-39437","post","type-post","status-publish","format-standard","has-post-thumbnail","hentry","category-colombia","category-natacion-con-aletas"],"modified_by":"Sportalsub.net","views":6202,"jetpack_publicize_connections":[],"jetpack_featured_media_url":"https:\/\/www.sportalsub.net\/blog\/wp-content\/uploads\/2020\/03\/portadacentrocaribesantamarta2022.jpg","jetpack_sharing_enabled":true,"jetpack_shortlink":"https:\/\/wp.me\/pf9lN-ag5","jetpack_likes_enabled":false,"jetpack-related-posts":[{"id":22703,"url":"https:\/\/www.sportalsub.net\/blog\/deporte-subacuatico-caribe","url_meta":{"origin":39437,"position":0},"title":"\ud83c\udf0e El Deporte Subacu\u00e1tico se toma las Aguas del Caribe","author":"Sportalsub.net","date":"28 noviembre 2015","format":false,"excerpt":"Las Aguas del Mar Caribe se han convertido en los \u00faltimos a\u00f1os en el escenario ideal para varios eventos deportivos de Actividades Subacu\u00e1ticas en aguas abiertas (apnea de profundidad y jump blue, pesca submarina, pesca de pez le\u00f3n o nataci\u00f3n con aletas en aguas abiertas)","rel":"","context":"En \u00abApnea\u00bb","block_context":{"text":"Apnea","link":"https:\/\/www.sportalsub.net\/blog\/category\/modalidades\/apnea\/"},"img":{"alt_text":"","src":"https:\/\/i0.wp.com\/www.sportalsub.net\/blog\/wp-content\/uploads\/2015\/11\/deporte-subacuatico-caribe.jpg?resize=350%2C200&ssl=1","width":350,"height":200,"srcset":"https:\/\/i0.wp.com\/www.sportalsub.net\/blog\/wp-content\/uploads\/2015\/11\/deporte-subacuatico-caribe.jpg?resize=350%2C200&ssl=1 1x, https:\/\/i0.wp.com\/www.sportalsub.net\/blog\/wp-content\/uploads\/2015\/11\/deporte-subacuatico-caribe.jpg?resize=525%2C300&ssl=1 1.5x, https:\/\/i0.wp.com\/www.sportalsub.net\/blog\/wp-content\/uploads\/2015\/11\/deporte-subacuatico-caribe.jpg?resize=700%2C400&ssl=1 2x"},"classes":[]},{"id":47135,"url":"https:\/\/www.sportalsub.net\/blog\/nacional-santa-marta-nadosub-colombia-2021","url_meta":{"origin":39437,"position":1},"title":"\ud83c\udde8\ud83c\uddf4 Resultados &#8211; Nacional Interclubes Nataci\u00f3n con Aletas Aguas Abiertas Santa Marta, Colombia FEDECAS 2021","author":"Sportalsub.net","date":"2 agosto 2021","format":false,"excerpt":"(Sportalsub.net \/ FEDECAS) La Federaci\u00f3n Colombiana de Actividades Subacu\u00e1ticas FEDECAS, convoc\u00f3 a las Ligas del pa\u00eds para que sus Clubes afiliados participaran en el \u201cCAMPEONATO NACIONAL INTERCLUBES DE NATACI\u00d3N CON ALETAS AGUAS ABIERTAS, CATEGOR\u00cdA JUVENIL\u00a0 ABIERTO, MAYORES Y M\u00c1STER ABIERTO\u201d, realizado en Santa Marta del 27 al 30 de julio\u2026","rel":"","context":"En \u00abColombia\u00bb","block_context":{"text":"Colombia","link":"https:\/\/www.sportalsub.net\/blog\/category\/paises\/america\/colombia\/"},"img":{"alt_text":"","src":"https:\/\/i0.wp.com\/www.sportalsub.net\/blog\/wp-content\/uploads\/2021\/07\/nacionalsantamarta2021.jpg?resize=350%2C200&ssl=1","width":350,"height":200,"srcset":"https:\/\/i0.wp.com\/www.sportalsub.net\/blog\/wp-content\/uploads\/2021\/07\/nacionalsantamarta2021.jpg?resize=350%2C200&ssl=1 1x, https:\/\/i0.wp.com\/www.sportalsub.net\/blog\/wp-content\/uploads\/2021\/07\/nacionalsantamarta2021.jpg?resize=525%2C300&ssl=1 1.5x, https:\/\/i0.wp.com\/www.sportalsub.net\/blog\/wp-content\/uploads\/2021\/07\/nacionalsantamarta2021.jpg?resize=700%2C400&ssl=1 2x"},"classes":[]},{"id":52677,"url":"https:\/\/www.sportalsub.net\/blog\/campeonato-nacional-interclubes-natacion-con-aletas-aguas-abiertas-fedecas-santa-marta-colombia-2022\/","url_meta":{"origin":39437,"position":2},"title":"\ud83c\udde8\ud83c\uddf4 Resultados &#8211; Campeonato Nacional Interclubes Nataci\u00f3n con Aletas Aguas Abiertas FEDECAS \u2013 Santa Marta, Colombia 2022","author":"Sportalsub.net","date":"27 marzo 2022","format":false,"excerpt":"(Sportalsub.net \/ FEDECAS) Resultados del Campeonato Nacional Interclubes de Nataci\u00f3n con Aletas Aguas Abiertas por Categor\u00edas Juvenil B-C-D, Mayores y M\u00e1ster 2022 de la Federaci\u00f3n Colombiana de Actividades Subacu\u00e1ticas realizado del 24 al 26 de Marzo en Barranquilla, Magdalena. Resultados Oficiales","rel":"","context":"En \u00abColombia\u00bb","block_context":{"text":"Colombia","link":"https:\/\/www.sportalsub.net\/blog\/category\/paises\/america\/colombia\/"},"img":{"alt_text":"","src":"https:\/\/i0.wp.com\/www.sportalsub.net\/blog\/wp-content\/uploads\/2022\/03\/santamarta2022.jpg?resize=350%2C200&ssl=1","width":350,"height":200,"srcset":"https:\/\/i0.wp.com\/www.sportalsub.net\/blog\/wp-content\/uploads\/2022\/03\/santamarta2022.jpg?resize=350%2C200&ssl=1 1x, https:\/\/i0.wp.com\/www.sportalsub.net\/blog\/wp-content\/uploads\/2022\/03\/santamarta2022.jpg?resize=525%2C300&ssl=1 1.5x, https:\/\/i0.wp.com\/www.sportalsub.net\/blog\/wp-content\/uploads\/2022\/03\/santamarta2022.jpg?resize=700%2C400&ssl=1 2x"},"classes":[]},{"id":11372,"url":"https:\/\/www.sportalsub.net\/blog\/pesca-submarina-apnea-y-natacion-con-aletas-estaran-presentes-en-juegos-bolivarianos-de-playa-peru-2012\/","url_meta":{"origin":39437,"position":3},"title":"\ud83c\uddf5\ud83c\uddea Pesca Submarina, Apnea y Nataci\u00f3n con Aletas estar\u00e1n presentes en Juegos Bolivarianos de Playa Per\u00fa 2012","author":"Sportalsub.net","date":"30 noviembre 2011","format":false,"excerpt":"(Especial Sportalsub.net) Un importante logro para las Actividades Subacu\u00e1ticas en Am\u00e9rica ha sido la incorporaci\u00f3n al primer evento de ciclo ol\u00edmpico en 2012.\u00a0Las modalidades de Pesca Submarina, Apnea y Nataci\u00f3n con Aletas se incorporan a los I Juegos Sudamericanos de Playa ODEBO 2012 a realizarse en Per\u00fa durante el mes\u2026","rel":"","context":"En \u00abApnea\u00bb","block_context":{"text":"Apnea","link":"https:\/\/www.sportalsub.net\/blog\/category\/modalidades\/apnea\/"},"img":{"alt_text":"","src":"https:\/\/i0.wp.com\/www.sportalsub.net\/blog\/wp-content\/uploads\/2013\/11\/grupo.jpg?resize=350%2C200&ssl=1","width":350,"height":200},"classes":[]},{"id":31279,"url":"https:\/\/www.sportalsub.net\/blog\/1-copa-del-mar-nadosub-colombia-2019","url_meta":{"origin":39437,"position":4},"title":"\ud83c\udde8\ud83c\uddf4 Resultados &#8211; I Copa del Mar Interclubes de Nataci\u00f3n con Aletas por Categor\u00edas y Campeonato Nacional Universitario. Santa Marta &#8211; Colombia 2019","author":"Sportalsub.net","date":"19 agosto 2019","format":false,"excerpt":"(Sportalsub.net \/ FEDECAS) La Federaci\u00f3n Colombiana de Actividades Subacu\u00e1ticas FEDECAS, organiz\u00f3 y llev\u00f3 a cabo con todo \u00e9xito la \u201cI Copa del Mar Interclubes de Nataci\u00f3n con Aletas por Categor\u00edas Juvenil B-C-D13, M\u00e1ster V0, V1, V2, V3, V4 y Campeonato Nacional Universitario Abierto\u201d , realizado en la ciudad de Santa\u2026","rel":"","context":"En \u00abColombia\u00bb","block_context":{"text":"Colombia","link":"https:\/\/www.sportalsub.net\/blog\/category\/paises\/america\/colombia\/"},"img":{"alt_text":"","src":"https:\/\/i0.wp.com\/www.sportalsub.net\/blog\/wp-content\/uploads\/2019\/07\/1racopadelmart.jpg?resize=350%2C200&ssl=1","width":350,"height":200,"srcset":"https:\/\/i0.wp.com\/www.sportalsub.net\/blog\/wp-content\/uploads\/2019\/07\/1racopadelmart.jpg?resize=350%2C200&ssl=1 1x, https:\/\/i0.wp.com\/www.sportalsub.net\/blog\/wp-content\/uploads\/2019\/07\/1racopadelmart.jpg?resize=525%2C300&ssl=1 1.5x, https:\/\/i0.wp.com\/www.sportalsub.net\/blog\/wp-content\/uploads\/2019\/07\/1racopadelmart.jpg?resize=700%2C400&ssl=1 2x"},"classes":[]},{"id":44945,"url":"https:\/\/www.sportalsub.net\/blog\/nadosub-aguas-abiertas-santa-marta-colombia-2021","url_meta":{"origin":39437,"position":5},"title":"\ud83c\udde8\ud83c\uddf4 Resultados &#8211; Campeonato Nacional Interclubes Nataci\u00f3n con Aletas Aguas Abiertas FEDECAS &#8211; Santa Marta, Colombia 2021","author":"Sportalsub.net","date":"15 marzo 2021","format":false,"excerpt":"(Sportalsub.net \/ FEDECAS) La Federaci\u00f3n Colombiana de Actividades Subacu\u00e1ticas FEDECAS, con la participaci\u00f3n de las ligas del pa\u00eds y sus Clubes afiliados llev\u00f3 a cabo el Campeonato Nacional Interclubes \u201cAlejandro Sierra Pulido\u201d de Nataci\u00f3n con Aletas Aguas Abiertas, Categor\u00eda Juvenil Abierta, Mayores y M\u00e1ster Abierta, realizado en la ciudad de\u2026","rel":"","context":"En \u00abColombia\u00bb","block_context":{"text":"Colombia","link":"https:\/\/www.sportalsub.net\/blog\/category\/paises\/america\/colombia\/"},"img":{"alt_text":"","src":"https:\/\/i0.wp.com\/www.sportalsub.net\/blog\/wp-content\/uploads\/2021\/03\/resultadosfedecassantamarta2021.jpg?resize=350%2C200&ssl=1","width":350,"height":200,"srcset":"https:\/\/i0.wp.com\/www.sportalsub.net\/blog\/wp-content\/uploads\/2021\/03\/resultadosfedecassantamarta2021.jpg?resize=350%2C200&ssl=1 1x, https:\/\/i0.wp.com\/www.sportalsub.net\/blog\/wp-content\/uploads\/2021\/03\/resultadosfedecassantamarta2021.jpg?resize=525%2C300&ssl=1 1.5x, https:\/\/i0.wp.com\/www.sportalsub.net\/blog\/wp-content\/uploads\/2021\/03\/resultadosfedecassantamarta2021.jpg?resize=700%2C400&ssl=1 2x"},"classes":[]}],"_links":{"self":[{"href":"https:\/\/www.sportalsub.net\/blog\/wp-json\/wp\/v2\/posts\/39437","targetHints":{"allow":["GET"]}}],"collection":[{"href":"https:\/\/www.sportalsub.net\/blog\/wp-json\/wp\/v2\/posts"}],"about":[{"href":"https:\/\/www.sportalsub.net\/blog\/wp-json\/wp\/v2\/types\/post"}],"author":[{"embeddable":true,"href":"https:\/\/www.sportalsub.net\/blog\/wp-json\/wp\/v2\/users\/1"}],"replies":[{"embeddable":true,"href":"https:\/\/www.sportalsub.net\/blog\/wp-json\/wp\/v2\/comments?post=39437"}],"version-history":[{"count":0,"href":"https:\/\/www.sportalsub.net\/blog\/wp-json\/wp\/v2\/posts\/39437\/revisions"}],"wp:featuredmedia":[{"embeddable":true,"href":"https:\/\/www.sportalsub.net\/blog\/wp-json\/wp\/v2\/media\/41479"}],"wp:attachment":[{"href":"https:\/\/www.sportalsub.net\/blog\/wp-json\/wp\/v2\/media?parent=39437"}],"wp:term":[{"taxonomy":"category","embeddable":true,"href":"https:\/\/www.sportalsub.net\/blog\/wp-json\/wp\/v2\/categories?post=39437"},{"taxonomy":"post_tag","embeddable":true,"href":"https:\/\/www.sportalsub.net\/blog\/wp-json\/wp\/v2\/tags?post=39437"}],"curies":[{"name":"wp","href":"https:\/\/api.w.org\/{rel}","templated":true}]}}