{"id":4082,"date":"2010-02-21T14:13:57","date_gmt":"2010-02-21T18:43:57","guid":{"rendered":"http:\/\/www.sportalsub.net\/blog\/?p=4082"},"modified":"2019-08-30T19:24:44","modified_gmt":"2019-08-30T23:24:44","slug":"resultados-del-fotosub-colony-201-en-cuba","status":"publish","type":"post","link":"https:\/\/www.sportalsub.net\/blog\/resultados-del-fotosub-colony-201-en-cuba\/","title":{"rendered":"\ud83c\udde8\ud83c\uddfa Resultados del Fotosub Colony 2010 en Cuba"},"content":{"rendered":"<p style=\"text-align: center;\"><a href=\"http:\/\/www.sportalsub.net\/blog\/2010\/02\/21\/resultados-del-fotosub-colony-201-en-cuba\/\"><img loading=\"lazy\" decoding=\"async\" class=\"alignnone size-full wp-image-4083\" style=\"border: 0px;\" src=\"http:\/\/www.sportalsub.net\/blog\/wp-content\/uploads\/2010\/02\/fotosubcolony2010.jpg\" alt=\"\" width=\"320\" height=\"240\" srcset=\"https:\/\/www.sportalsub.net\/blog\/wp-content\/uploads\/2010\/02\/fotosubcolony2010.jpg 320w, https:\/\/www.sportalsub.net\/blog\/wp-content\/uploads\/2010\/02\/fotosubcolony2010-300x225.jpg 300w\" sizes=\"auto, (max-width: 320px) 100vw, 320px\" \/><\/a><\/p>\n<p style=\"text-align: justify;\">Isla de la Juventud, Cuba, 21 Feb. 2010. Luego de una re\u00f1ida deliberaci\u00f3n del jurado internacional fot\u00f3grafos de Cuba, Italia y Chile ganaron los principales puestos del certamen de im\u00e1genes submarinas FOTOSUB Colony 2010, mostraron hoy en este pa\u00eds.<\/p>\n<p><!--more-->Durante una deliberaci\u00f3n que culmin\u00f3 en una fiesta de madrugada, el comit\u00e9 organizador y jurado de la competencia entreg\u00f3 los galardones, cuyo ganador absoluto result\u00f3 el cubano H\u00e9ctor Sardi\u00f1as, y como mejor modelo apareci\u00f3 su coterr\u00e1nea Neysi Hern\u00e1ndez.<\/p>\n<p>En la categor\u00eda de Peces, triunfo Marco Bollettinari de Italia, seguido de Efr\u00e9n Guerra y H\u00e9ctor Sardi\u00f1as, en ese orden, ambos de esta naci\u00f3n.<\/p>\n<p>Para Macro el primer puesto lo alcanz\u00f3 el chileno Fernando Olivares, con segundo y terceros puestos respectivamente en manos de Pedro Mart\u00ednez y H\u00e9ctor Sardi\u00f1as de Cuba.<\/p>\n<p>En Ambiente sin Modelo triunfo el cubano Jos\u00e9 Ca\u00f1ibano, seguido de Marco Bollettinari de Italia y H\u00e9ctor Sardi\u00f1as de Cuba.<\/p>\n<p>Y en Ambiente con Modelo tomaron el primer puesto el fot\u00f3grafo Carlos Otero y su modelo Mimi de Cuba, seguidos de Fernando Olivares de Chile y H\u00e9ctor Sardi\u00f1as de Cuba.<\/p>\n<p>Al t\u00e9rmino de la competencia la viceministra de turismo cubana, Mar\u00eda Elena L\u00f3pez, convoc\u00f3 a la pr\u00f3xima edici\u00f3n de FOTOSUB en 2011 en el propio Hotel Colony de la Isla de la Juventud y declaro el inter\u00e9s de este pa\u00eds de estar entre los primeros destinos de buceo del mundo.<\/p>\n<p>Durante esta jornada los participantes pudieron adem\u00e1s apreciar una demostraci\u00f3n de la recordista mundial y presidenta de la Federaci\u00f3n de Actividades Subacu\u00e1ticas (FCAS), Deborah Andollo, quien realiz\u00f3 descenso de 40 metros en Lastre Variable (con carro).<\/p>\n<p>Tambi\u00e9n particip\u00f3 en la exhibici\u00f3n de Diones P\u00e9rez, quien en los a\u00f1os 80 del pasado siglo fue la primera mujer cubana en incursionar en la Apnea Profunda, y en esta oportunidad bajo 35 metros con Lastre Constante.<\/p>\n<p>A\u00a0FOTOSUB acudieron alrededor de 100 personas de unas 10 naciones entre competidores, modelos, ejecutivos, patrocinadores y periodistas especializados.<\/p>\n<p>rfc\/<\/p>\n<p>Por Roberto F. Campos, enviado especial<br \/>\nFuente: <a href=\"http:\/\/quintaesenciacuba.blogspot.com\/\" target=\"_blank\" rel=\"noopener noreferrer\" target=\"_blank\">http:\/\/quintaesenciacuba.blogspot.com\/<\/a><\/p>\n","protected":false},"excerpt":{"rendered":"<p>Isla de la Juventud, Cuba, 21 Feb. 2010. Luego de una re\u00f1ida deliberaci\u00f3n del jurado internacional fot\u00f3grafos de Cuba, Italia y Chile ganaron los principales puestos del certamen de im\u00e1genes submarinas FOTOSUB Colony 2010, mostraron hoy en este pa\u00eds.<\/p>\n","protected":false},"author":1,"featured_media":4083,"comment_status":"open","ping_status":"closed","sticky":false,"template":"","format":"standard","meta":{"_lmt_disableupdate":"","_lmt_disable":"","jetpack_post_was_ever_published":false,"_jetpack_newsletter_access":"","_jetpack_dont_email_post_to_subs":false,"_jetpack_newsletter_tier_id":0,"_jetpack_memberships_contains_paywalled_content":false,"_jetpack_memberships_contains_paid_content":false,"footnotes":"","jetpack_publicize_message":"","jetpack_publicize_feature_enabled":true,"jetpack_social_post_already_shared":false,"jetpack_social_options":{"image_generator_settings":{"template":"highway","default_image_id":0,"font":"","enabled":false},"version":2}},"categories":[83,80,19,118,120],"tags":[],"class_list":["post-4082","post","type-post","status-publish","format-standard","has-post-thumbnail","hentry","category-chile","category-cuba","category-fotografia-submarina","category-italia","category-resultados"],"modified_by":"Sportalsub.net","views":4052,"jetpack_publicize_connections":[],"jetpack_featured_media_url":"https:\/\/www.sportalsub.net\/blog\/wp-content\/uploads\/2010\/02\/fotosubcolony2010.jpg","jetpack_sharing_enabled":true,"jetpack_shortlink":"https:\/\/wp.me\/pf9lN-13Q","jetpack_likes_enabled":false,"jetpack-related-posts":[{"id":9085,"url":"https:\/\/www.sportalsub.net\/blog\/resultados-y-galeria-del-evento-de-fotografia-subacuatica-fotosub-2011-cuba\/","url_meta":{"origin":4082,"position":0},"title":"\ud83c\udde8\ud83c\uddfa Resultados y Galer\u00eda del evento de Fotograf\u00eda Subacu\u00e1tica FOTOSUB 2011, Cuba","author":"Sportalsub.net","date":"15 abril 2011","format":false,"excerpt":"Especial Sportalsub.net El jueves 14 de abril concluy\u00f3 el Evento de Fotograf\u00eda Subacu\u00e1tica FOTOSUB 2011 en el Hotel El Colony, Isla de la Juventud, Cuba al cual asistieron m\u00e1s de 40 profesionales provenientes de Argentina, Chile, Uruguay, Venezuela, M\u00e9xico, Alemania, Canad\u00e1, Rusia, Italia, Serbia, Inglaterra, Suecia, Espa\u00f1a y Cuba. El\u2026","rel":"","context":"En \u00abAlemania\u00bb","block_context":{"text":"Alemania","link":"https:\/\/www.sportalsub.net\/blog\/category\/paises\/europa\/alemania\/"},"img":{"alt_text":"","src":"https:\/\/i0.wp.com\/www.sportalsub.net\/blog\/wp-content\/uploads\/2011\/04\/fotosub-cuba2011.jpg?resize=350%2C200&ssl=1","width":350,"height":200,"srcset":"https:\/\/i0.wp.com\/www.sportalsub.net\/blog\/wp-content\/uploads\/2011\/04\/fotosub-cuba2011.jpg?resize=350%2C200&ssl=1 1x, https:\/\/i0.wp.com\/www.sportalsub.net\/blog\/wp-content\/uploads\/2011\/04\/fotosub-cuba2011.jpg?resize=525%2C300&ssl=1 1.5x"},"classes":[]},{"id":9259,"url":"https:\/\/www.sportalsub.net\/blog\/especial-del-fotosub-cuba-2011-por-alfredo-ramirez\/","url_meta":{"origin":4082,"position":1},"title":"\ud83c\udde8\ud83c\uddfa Especial del Fotosub Cuba 2011 por Alfredo Ram\u00edrez","author":"Sportalsub.net","date":"24 mayo 2011","format":false,"excerpt":"Especial Sportalsub.net - Espacio Acu\u00e1tico. Del 9 al 15 de abril se llevo a cavo el Fotosub CUBA 2011; el Colony en la Isla de la Juventud, ha sido el Hotel anfitri\u00f3n y base para este prestigioso evento internacional, que se lleva a cabo desde hace mas de una d\u00e9cada.\u2026","rel":"","context":"En \u00abAlemania\u00bb","block_context":{"text":"Alemania","link":"https:\/\/www.sportalsub.net\/blog\/category\/paises\/europa\/alemania\/"},"img":{"alt_text":"","src":"https:\/\/i0.wp.com\/www.sportalsub.net\/blog\/wp-content\/uploads\/2011\/05\/alfredoramirez.jpg?resize=350%2C200&ssl=1","width":350,"height":200,"srcset":"https:\/\/i0.wp.com\/www.sportalsub.net\/blog\/wp-content\/uploads\/2011\/05\/alfredoramirez.jpg?resize=350%2C200&ssl=1 1x, https:\/\/i0.wp.com\/www.sportalsub.net\/blog\/wp-content\/uploads\/2011\/05\/alfredoramirez.jpg?resize=525%2C300&ssl=1 1.5x"},"classes":[]},{"id":1276,"url":"https:\/\/www.sportalsub.net\/blog\/cuba-celebrara-concurso-internacional-de-fotografia-submarina\/","url_meta":{"origin":4082,"position":2},"title":"\ud83c\udde8\ud83c\uddfa Cuba celebrar\u00e1 concurso internacional de fotograf\u00eda submarina","author":"Sportalsub.net","date":"23 febrero 2009","format":false,"excerpt":"Cuba. Como colof\u00f3n del desarrollo del turismo n\u00e1utico en este pa\u00eds, las autoridades del sector anunciaron la realizaci\u00f3n en marzo pr\u00f3ximo del concurso internacional Fotosub C\u00f3lony 2009. Un reporte del Ministerio de Turismo (MINTUR) a\u00f1adi\u00f3 que ese encuentro est\u00e1 previsto para celebrarse del 9 al 14 de marzo, en el\u2026","rel":"","context":"En \u00abCuba\u00bb","block_context":{"text":"Cuba","link":"https:\/\/www.sportalsub.net\/blog\/category\/paises\/america\/cuba\/"},"img":{"alt_text":"","src":"https:\/\/i0.wp.com\/www.sportalsub.net\/blog\/wp-content\/uploads\/2009\/02\/campeonatoautonomicofotosub.jpg?resize=350%2C200&ssl=1","width":350,"height":200},"classes":[]},{"id":23283,"url":"https:\/\/www.sportalsub.net\/blog\/fotosub-cuba-2016","url_meta":{"origin":4082,"position":3},"title":"\ud83c\udde8\ud83c\uddfa Evento Internacional de Fotograf\u00eda Submarina Fotosub Cuba 2016","author":"Sportalsub.net","date":"23 abril 2016","format":false,"excerpt":"(Sportalsub.net \/ Marlin \/ Hotel Colony) - Read in English MARLIN convoca a los amantes del mundo submarino y la fotograf\u00eda para competir en busca de la mejor instant\u00e1nea en cinco categor\u00edas: Peces, Macro, Macro con tema, Ambiente y Ambiente con modelo en el Evento Internacional de Fotograf\u00eda Submarina a\u2026","rel":"","context":"En \u00abCuba\u00bb","block_context":{"text":"Cuba","link":"https:\/\/www.sportalsub.net\/blog\/category\/paises\/america\/cuba\/"},"img":{"alt_text":"","src":"https:\/\/i0.wp.com\/www.sportalsub.net\/blog\/wp-content\/uploads\/2016\/01\/fotosubcuba2016.jpg?resize=350%2C200&ssl=1","width":350,"height":200,"srcset":"https:\/\/i0.wp.com\/www.sportalsub.net\/blog\/wp-content\/uploads\/2016\/01\/fotosubcuba2016.jpg?resize=350%2C200&ssl=1 1x, https:\/\/i0.wp.com\/www.sportalsub.net\/blog\/wp-content\/uploads\/2016\/01\/fotosubcuba2016.jpg?resize=525%2C300&ssl=1 1.5x, https:\/\/i0.wp.com\/www.sportalsub.net\/blog\/wp-content\/uploads\/2016\/01\/fotosubcuba2016.jpg?resize=700%2C400&ssl=1 2x"},"classes":[]},{"id":15124,"url":"https:\/\/www.sportalsub.net\/blog\/resultados-y-fotos-del-campeonato-mundial-de-fotografia-subacuatica-cmas-cuba-2013\/","url_meta":{"origin":4082,"position":4},"title":"\ud83c\udde8\ud83c\uddfa Resultados y Fotos del Campeonato Mundial de Fotograf\u00eda Subacu\u00e1tica CMAS Cuba 2013","author":"Sportalsub.net","date":"18 abril 2013","format":false,"excerpt":"(Especial Sportalsub.net \/ CMAS \/ FCAS) Siendo las 20.30 hrs se da Inauguraci\u00f3n al 14 Campeonato del Mundial de Fotograf\u00eda Subacu\u00e1ticas, la misma estuvo presidida por el Sr. Lasse Gustafsson, Delegado CMAS, Sr. Juerguen Juergen F. Warnecke, Presidente de Comisi\u00f3n Audiovisuales de CMAS, el Sr. Francisco Alberto S\u00e1nchez P\u00e9rez, Presidente\u2026","rel":"","context":"En \u00abAlemania\u00bb","block_context":{"text":"Alemania","link":"https:\/\/www.sportalsub.net\/blog\/category\/paises\/europa\/alemania\/"},"img":{"alt_text":"","src":"https:\/\/i0.wp.com\/www.sportalsub.net\/blog\/wp-content\/uploads\/2013\/04\/resultados-mundial-fotosub.jpg?resize=350%2C200&ssl=1","width":350,"height":200,"srcset":"https:\/\/i0.wp.com\/www.sportalsub.net\/blog\/wp-content\/uploads\/2013\/04\/resultados-mundial-fotosub.jpg?resize=350%2C200&ssl=1 1x, https:\/\/i0.wp.com\/www.sportalsub.net\/blog\/wp-content\/uploads\/2013\/04\/resultados-mundial-fotosub.jpg?resize=525%2C300&ssl=1 1.5x"},"classes":[]},{"id":3991,"url":"https:\/\/www.sportalsub.net\/blog\/varios-paises-participaran-en-festival-de-fotografia-subacuatica-en-cuba\/","url_meta":{"origin":4082,"position":5},"title":"\ud83c\udde8\ud83c\uddfa Varios pa\u00edses participar\u00e1n en festival de fotograf\u00eda subacu\u00e1tica en Cuba","author":"Sportalsub.net","date":"4 febrero 2010","format":false,"excerpt":"Foto: Efren Guerra Con la presencia de seis pa\u00edses, el pr\u00f3ximo d\u00eda 15 arrancar\u00e1 en Punta Franc\u00e9s, Isla de la Juventud, Cuba,\u00a0el festival internacional de fotograf\u00eda subacu\u00e1tica Fotosub Colony 2010. Cuba competir\u00e1 con tres equipos y ya confirmaron su asistencia las delegaciones de Alemania, Espa\u00f1a, Gran Breta\u00f1a, M\u00e9xico e Italia.\u2026","rel":"","context":"En \u00abCopa Panamericana 2010\u00bb","block_context":{"text":"Copa Panamericana 2010","link":"https:\/\/www.sportalsub.net\/blog\/category\/coberturas-especiales\/copa-panamericana-2010\/"},"img":{"alt_text":"","src":"https:\/\/i0.wp.com\/www.sportalsub.net\/blog\/wp-content\/uploads\/2013\/11\/3069-fotografia-g.jpg?resize=350%2C200&ssl=1","width":350,"height":200,"srcset":"https:\/\/i0.wp.com\/www.sportalsub.net\/blog\/wp-content\/uploads\/2013\/11\/3069-fotografia-g.jpg?resize=350%2C200&ssl=1 1x, https:\/\/i0.wp.com\/www.sportalsub.net\/blog\/wp-content\/uploads\/2013\/11\/3069-fotografia-g.jpg?resize=525%2C300&ssl=1 1.5x"},"classes":[]}],"_links":{"self":[{"href":"https:\/\/www.sportalsub.net\/blog\/wp-json\/wp\/v2\/posts\/4082","targetHints":{"allow":["GET"]}}],"collection":[{"href":"https:\/\/www.sportalsub.net\/blog\/wp-json\/wp\/v2\/posts"}],"about":[{"href":"https:\/\/www.sportalsub.net\/blog\/wp-json\/wp\/v2\/types\/post"}],"author":[{"embeddable":true,"href":"https:\/\/www.sportalsub.net\/blog\/wp-json\/wp\/v2\/users\/1"}],"replies":[{"embeddable":true,"href":"https:\/\/www.sportalsub.net\/blog\/wp-json\/wp\/v2\/comments?post=4082"}],"version-history":[{"count":0,"href":"https:\/\/www.sportalsub.net\/blog\/wp-json\/wp\/v2\/posts\/4082\/revisions"}],"wp:featuredmedia":[{"embeddable":true,"href":"https:\/\/www.sportalsub.net\/blog\/wp-json\/wp\/v2\/media\/4083"}],"wp:attachment":[{"href":"https:\/\/www.sportalsub.net\/blog\/wp-json\/wp\/v2\/media?parent=4082"}],"wp:term":[{"taxonomy":"category","embeddable":true,"href":"https:\/\/www.sportalsub.net\/blog\/wp-json\/wp\/v2\/categories?post=4082"},{"taxonomy":"post_tag","embeddable":true,"href":"https:\/\/www.sportalsub.net\/blog\/wp-json\/wp\/v2\/tags?post=4082"}],"curies":[{"name":"wp","href":"https:\/\/api.w.org\/{rel}","templated":true}]}}