{"id":40886,"date":"2020-05-05T19:16:44","date_gmt":"2020-05-05T23:16:44","guid":{"rendered":"https:\/\/www.sportalsub.net\/blog\/?p=40886"},"modified":"2020-05-05T19:16:44","modified_gmt":"2020-05-05T23:16:44","slug":"%f0%9f%87%a8%f0%9f%87%b4-entrevista-a-william-pena-en-sersubacuatico-com","status":"publish","type":"post","link":"https:\/\/www.sportalsub.net\/blog\/entrevista-william-pena-sersubacuatico","title":{"rendered":"\ud83c\udde8\ud83c\uddf4 Entrevista a William Pe\u00f1a en SerSubacuatico.com"},"content":{"rendered":"<p><img loading=\"lazy\" decoding=\"async\" class=\"alignnone size-full wp-image-40887\" src=\"https:\/\/www.sportalsub.net\/blog\/wp-content\/uploads\/2020\/05\/william.jpg\" alt=\"\" width=\"900\" height=\"600\" srcset=\"https:\/\/www.sportalsub.net\/blog\/wp-content\/uploads\/2020\/05\/william.jpg 900w, https:\/\/www.sportalsub.net\/blog\/wp-content\/uploads\/2020\/05\/william-300x200.jpg 300w, https:\/\/www.sportalsub.net\/blog\/wp-content\/uploads\/2020\/05\/william-768x512.jpg 768w, https:\/\/www.sportalsub.net\/blog\/wp-content\/uploads\/2020\/05\/william-450x300.jpg 450w\" sizes=\"auto, (max-width: 900px) 100vw, 900px\" \/><\/p>\n<p>(Sportalsub.net \/ SerSubacuatico.com)<\/p>\n<p>Entrevista de Miguel Cede\u00f1o a William Pe\u00f1a, Presidente de la Federaci\u00f3n Colombiana de Actividades Subacu\u00e1ticas (FEDECAS) y de la Confederaci\u00f3n Mundial de Actividades Subacu\u00e1ticas Zona Am\u00e9rica (CMAS Am\u00e9rica).<\/p>\n<p>Estreno: Mi\u00e9rcoles 6 de Mayo de 2020 2:00pm Hora de Colombia por el Canal de Youtube de Sportalsub.<\/p>\n<p><a href=\"https:\/\/www.youtube.com\/watch?v=GF2TZE2kAxg\" target=\"_blank\" rel=\"noopener noreferrer\" target=\"_blank\"><strong>Link a la Entrevista<\/strong><\/a><\/p>\n<p><span class=\"embed-youtube\" style=\"text-align:center; display: block;\"><iframe loading=\"lazy\" class=\"youtube-player\" width=\"860\" height=\"484\" src=\"https:\/\/www.youtube.com\/embed\/GF2TZE2kAxg?version=3&#038;rel=1&#038;showsearch=0&#038;showinfo=1&#038;iv_load_policy=1&#038;fs=1&#038;hl=es-ES&#038;autohide=2&#038;wmode=transparent\" allowfullscreen=\"true\" style=\"border:0;\" sandbox=\"allow-scripts allow-same-origin allow-popups allow-presentation allow-popups-to-escape-sandbox\"><\/iframe><\/span><\/p>\n<p>Fuente: <a href=\"https:\/\/sersubacuatico.com\/william-pena\/\" target=\"_blank\" rel=\"noopener noreferrer\" target=\"_blank\">SerSubacuatico.com<\/a><\/p>\n","protected":false},"excerpt":{"rendered":"<p>(Sportalsub.net \/ SerSubacuatico.com) Entrevista de Miguel Cede\u00f1o a William Pe\u00f1a, Presidente de la Federaci\u00f3n Colombiana de Actividades Subacu\u00e1ticas (FEDECAS) y de la Confederaci\u00f3n Mundial de Actividades Subacu\u00e1ticas Zona Am\u00e9rica (CMAS Am\u00e9rica). Estreno: Mi\u00e9rcoles 6 de Mayo de 2020 2:00pm Hora de Colombia por el Canal de Youtube de Sportalsub. Link a la Entrevista Fuente: SerSubacuatico.com<\/p>\n","protected":false},"author":1,"featured_media":40887,"comment_status":"open","ping_status":"closed","sticky":false,"template":"","format":"standard","meta":{"_lmt_disableupdate":"","_lmt_disable":"","jetpack_post_was_ever_published":false,"_jetpack_newsletter_access":"","_jetpack_dont_email_post_to_subs":false,"_jetpack_newsletter_tier_id":0,"_jetpack_memberships_contains_paywalled_content":false,"_jetpack_memberships_contains_paid_content":false,"footnotes":"","jetpack_publicize_message":"","jetpack_publicize_feature_enabled":true,"jetpack_social_post_already_shared":true,"jetpack_social_options":{"image_generator_settings":{"template":"highway","default_image_id":0,"font":"","enabled":false},"version":2}},"categories":[117,3,153,12],"tags":[450],"class_list":["post-40886","post","type-post","status-publish","format-standard","has-post-thumbnail","hentry","category-modalidades","category-colombia","category-entrevistas","category-natacion-con-aletas","tag-destacados"],"modified_by":"Sportalsub.net","views":3095,"jetpack_publicize_connections":[],"jetpack_featured_media_url":"https:\/\/www.sportalsub.net\/blog\/wp-content\/uploads\/2020\/05\/william.jpg","jetpack_sharing_enabled":true,"jetpack_shortlink":"https:\/\/wp.me\/pf9lN-aDs","jetpack_likes_enabled":false,"jetpack-related-posts":[{"id":41167,"url":"https:\/\/www.sportalsub.net\/blog\/entrevista-a-juan-jose-maldonado-en-sersubacuatico","url_meta":{"origin":40886,"position":0},"title":"\ud83c\udde8\ud83c\uddf1 Entrevista a Juan Jos\u00e9 Maldonado en SerSubacuatico.com","author":"Sportalsub.net","date":"22 julio 2020","format":false,"excerpt":"(Sportalsub.net \/ SerSubacuatico.com) Entrevista de Miguel Cede\u00f1o a Juan Jos\u00e9 Maldonado, Gerente General de la Federaci\u00f3n Deportiva Nacional de Actividades Subacu\u00e1ticas y Salvamento Acu\u00e1tico de Chile (FEDESUB\/CMAS Chile) y Director del Comit\u00e9 T\u00e9cnico de la Confederaci\u00f3n Mundial de Actividades Subacu\u00e1ticas Zona Am\u00e9rica (CMAS Am\u00e9rica). Estreno: Jueves 23 de Julio de\u2026","rel":"","context":"En \u00abApnea\u00bb","block_context":{"text":"Apnea","link":"https:\/\/www.sportalsub.net\/blog\/category\/modalidades\/apnea\/"},"img":{"alt_text":"","src":"https:\/\/i0.wp.com\/www.sportalsub.net\/blog\/wp-content\/uploads\/2020\/07\/juanjo.jpg?resize=350%2C200&ssl=1","width":350,"height":200,"srcset":"https:\/\/i0.wp.com\/www.sportalsub.net\/blog\/wp-content\/uploads\/2020\/07\/juanjo.jpg?resize=350%2C200&ssl=1 1x, https:\/\/i0.wp.com\/www.sportalsub.net\/blog\/wp-content\/uploads\/2020\/07\/juanjo.jpg?resize=525%2C300&ssl=1 1.5x, https:\/\/i0.wp.com\/www.sportalsub.net\/blog\/wp-content\/uploads\/2020\/07\/juanjo.jpg?resize=700%2C400&ssl=1 2x"},"classes":[]},{"id":40302,"url":"https:\/\/www.sportalsub.net\/blog\/entrevista-a-diego-leon-rodriguez-en-sersubacuatico","url_meta":{"origin":40886,"position":1},"title":"\ud83c\udde8\ud83c\uddf4 Entrevista a Diego Le\u00f3n Rodriguez en SerSubacuatico.com","author":"Sportalsub.net","date":"8 abril 2020","format":false,"excerpt":"(Sportalsub.net \/ SerSubacuatico.com) - Read in English Un deportista integral, destacado en varias modalidades, que ha sabido llevar fuera de su pa\u00eds de origen su pasi\u00f3n por las actividades subacu\u00e1ticas.\u00a0 Diego Le\u00f3n Rodriguez Mora,\u00a0nacido en la ciudad de Cali, Departamento del Valle en Colombia, el 6 de abril de 1974,\u2026","rel":"","context":"En \u00abApnea\u00bb","block_context":{"text":"Apnea","link":"https:\/\/www.sportalsub.net\/blog\/category\/modalidades\/apnea\/"},"img":{"alt_text":"","src":"https:\/\/i0.wp.com\/www.sportalsub.net\/blog\/wp-content\/uploads\/2020\/04\/diego.jpg?resize=350%2C200&ssl=1","width":350,"height":200,"srcset":"https:\/\/i0.wp.com\/www.sportalsub.net\/blog\/wp-content\/uploads\/2020\/04\/diego.jpg?resize=350%2C200&ssl=1 1x, https:\/\/i0.wp.com\/www.sportalsub.net\/blog\/wp-content\/uploads\/2020\/04\/diego.jpg?resize=525%2C300&ssl=1 1.5x, https:\/\/i0.wp.com\/www.sportalsub.net\/blog\/wp-content\/uploads\/2020\/04\/diego.jpg?resize=700%2C400&ssl=1 2x"},"classes":[]},{"id":74707,"url":"https:\/\/www.sportalsub.net\/blog\/entrevista-radio-william-pena-fedecas-2024","url_meta":{"origin":40886,"position":2},"title":"\ud83c\udde8\ud83c\uddf4 Entrevista en Radio a William Pe\u00f1a, Presidente de la Federaci\u00f3n Colombiana de Actividades Subacu\u00e1ticas","author":"Sportalsub.net","date":"3 agosto 2024","format":false,"excerpt":"(Sportalsub.net \/ UNIMINUTO Radio \/ FEDECAS) William Pe\u00f1a, Presidente de la Federaci\u00f3n Colombiana de Actividades Subacu\u00e1ticas (FEDECAS), quien tambi\u00e9n es Vicepresidente de la Confederaci\u00f3n Mundial de Actividades Subacu\u00e1ticas (CMAS) y Presidente de esta organizaci\u00f3n para la Zona Am\u00e9rica (CMAS Am\u00e9rica) particip\u00f3 en una interesante entrevista en la emisora UNIMINUTO RADIO\u2026","rel":"","context":"En \u00abActividades Subacu\u00e1ticas\u00bb","block_context":{"text":"Actividades Subacu\u00e1ticas","link":"https:\/\/www.sportalsub.net\/blog\/category\/modalidades\/"},"img":{"alt_text":"","src":"https:\/\/i0.wp.com\/www.sportalsub.net\/blog\/wp-content\/uploads\/2024\/08\/entrevista-radio-william-pena-fedecas-2024.jpg?resize=350%2C200&ssl=1","width":350,"height":200,"srcset":"https:\/\/i0.wp.com\/www.sportalsub.net\/blog\/wp-content\/uploads\/2024\/08\/entrevista-radio-william-pena-fedecas-2024.jpg?resize=350%2C200&ssl=1 1x, https:\/\/i0.wp.com\/www.sportalsub.net\/blog\/wp-content\/uploads\/2024\/08\/entrevista-radio-william-pena-fedecas-2024.jpg?resize=525%2C300&ssl=1 1.5x, https:\/\/i0.wp.com\/www.sportalsub.net\/blog\/wp-content\/uploads\/2024\/08\/entrevista-radio-william-pena-fedecas-2024.jpg?resize=700%2C400&ssl=1 2x"},"classes":[]},{"id":40925,"url":"https:\/\/www.sportalsub.net\/blog\/entrevista-a-oscar-ruiz-en-sersubacuatico","url_meta":{"origin":40886,"position":3},"title":"\ud83c\uddfb\ud83c\uddea Entrevista a Oscar Ruiz en SerSubacuatico.com","author":"Sportalsub.net","date":"13 mayo 2020","format":false,"excerpt":"(Sportalsub.net \/ Sersubacuatico.com) Entrevista de Miguel Cede\u00f1o a Oscar Ruiz Cubill\u00e1n, Presidente de la Federaci\u00f3n Venezolana de Actividades Subacu\u00e1ticas (FVAS), Vicepresidente de la Confederaci\u00f3n Mundial de Actividades Subacu\u00e1ticas Zona Am\u00e9rica (CMAS Am\u00e9rica) y Director de Pescaloapulm\u00f3n. Estreno Parte 1: Mi\u00e9rcoles 13 de Mayo de 2020. 5:00pm Hora de Venezuela por\u2026","rel":"","context":"En \u00abApnea\u00bb","block_context":{"text":"Apnea","link":"https:\/\/www.sportalsub.net\/blog\/category\/modalidades\/apnea\/"},"img":{"alt_text":"","src":"https:\/\/i0.wp.com\/www.sportalsub.net\/blog\/wp-content\/uploads\/2020\/05\/oscar-ruiz.jpg?resize=350%2C200&ssl=1","width":350,"height":200,"srcset":"https:\/\/i0.wp.com\/www.sportalsub.net\/blog\/wp-content\/uploads\/2020\/05\/oscar-ruiz.jpg?resize=350%2C200&ssl=1 1x, https:\/\/i0.wp.com\/www.sportalsub.net\/blog\/wp-content\/uploads\/2020\/05\/oscar-ruiz.jpg?resize=525%2C300&ssl=1 1.5x, https:\/\/i0.wp.com\/www.sportalsub.net\/blog\/wp-content\/uploads\/2020\/05\/oscar-ruiz.jpg?resize=700%2C400&ssl=1 2x"},"classes":[]},{"id":43622,"url":"https:\/\/www.sportalsub.net\/blog\/entrevista-a-gilda-rivadeneira-y-roberto-ochoa-en-sersubacuatico-com\/","url_meta":{"origin":40886,"position":4},"title":"\ud83c\uddea\ud83c\udde8 Entrevista a Gilda Rivadeneira y Roberto Ochoa en SerSubacuatico.com","author":"Sportalsub.net","date":"3 diciembre 2020","format":false,"excerpt":"Entrevista de Miguel Cede\u00f1o a los Ecuatorianos: Gilda Rivadeneira, Recordista Mundial, Campeona Panamericana e Instructora de Apnea y a Roberto Ochoa,\u00a0 vide\u00f3grafo subacu\u00e1tico y Presidente de la Federaci\u00f3n Ecuatoriana de Buceo y Actividades Subacu\u00e1ticas (FEDASUB) para SerSubacuatico.com Estreno: Jueves 3 de Diciembre 2020 19:00 M\u00e9xico 20:00 Colombia, Ecuador 21:00 Venezuela\u2026","rel":"","context":"En \u00abApnea\u00bb","block_context":{"text":"Apnea","link":"https:\/\/www.sportalsub.net\/blog\/category\/modalidades\/apnea\/"},"img":{"alt_text":"","src":"https:\/\/i0.wp.com\/www.sportalsub.net\/blog\/wp-content\/uploads\/2020\/12\/gildayroberto.jpg?resize=350%2C200&ssl=1","width":350,"height":200,"srcset":"https:\/\/i0.wp.com\/www.sportalsub.net\/blog\/wp-content\/uploads\/2020\/12\/gildayroberto.jpg?resize=350%2C200&ssl=1 1x, https:\/\/i0.wp.com\/www.sportalsub.net\/blog\/wp-content\/uploads\/2020\/12\/gildayroberto.jpg?resize=525%2C300&ssl=1 1.5x, https:\/\/i0.wp.com\/www.sportalsub.net\/blog\/wp-content\/uploads\/2020\/12\/gildayroberto.jpg?resize=700%2C400&ssl=1 2x"},"classes":[]},{"id":50569,"url":"https:\/\/www.sportalsub.net\/blog\/entrevista-a-liliana-saldarriaga-y-nelson-zapata-en-sersubacuatico","url_meta":{"origin":40886,"position":5},"title":"\ud83c\udde8\ud83c\uddf4 Entrevista a Liliana Saldarriaga y Nelson Zapata en SerSubacuatico.com","author":"Sportalsub.net","date":"16 diciembre 2021","format":false,"excerpt":"(Sportalsub.net \/ SerSubacuatico.com) Liliana Saldarriaga Toro y Nelson Zapata Uribe son dos de los entrenadores de actividades subacu\u00e1ticas y nataci\u00f3n con aletas con m\u00e1s trayectoria de Colombia, cada uno de ellos con m\u00e1s de 30 a\u00f1os de experiencia, han sido formadores de m\u00faltiples campeones a nivel nacional e internacional. Recientemente\u2026","rel":"","context":"En \u00abColombia\u00bb","block_context":{"text":"Colombia","link":"https:\/\/www.sportalsub.net\/blog\/category\/paises\/america\/colombia\/"},"img":{"alt_text":"","src":"https:\/\/i0.wp.com\/www.sportalsub.net\/blog\/wp-content\/uploads\/2021\/12\/liliana-nelson-web.jpg?resize=350%2C200&ssl=1","width":350,"height":200,"srcset":"https:\/\/i0.wp.com\/www.sportalsub.net\/blog\/wp-content\/uploads\/2021\/12\/liliana-nelson-web.jpg?resize=350%2C200&ssl=1 1x, https:\/\/i0.wp.com\/www.sportalsub.net\/blog\/wp-content\/uploads\/2021\/12\/liliana-nelson-web.jpg?resize=525%2C300&ssl=1 1.5x, https:\/\/i0.wp.com\/www.sportalsub.net\/blog\/wp-content\/uploads\/2021\/12\/liliana-nelson-web.jpg?resize=700%2C400&ssl=1 2x"},"classes":[]}],"_links":{"self":[{"href":"https:\/\/www.sportalsub.net\/blog\/wp-json\/wp\/v2\/posts\/40886","targetHints":{"allow":["GET"]}}],"collection":[{"href":"https:\/\/www.sportalsub.net\/blog\/wp-json\/wp\/v2\/posts"}],"about":[{"href":"https:\/\/www.sportalsub.net\/blog\/wp-json\/wp\/v2\/types\/post"}],"author":[{"embeddable":true,"href":"https:\/\/www.sportalsub.net\/blog\/wp-json\/wp\/v2\/users\/1"}],"replies":[{"embeddable":true,"href":"https:\/\/www.sportalsub.net\/blog\/wp-json\/wp\/v2\/comments?post=40886"}],"version-history":[{"count":0,"href":"https:\/\/www.sportalsub.net\/blog\/wp-json\/wp\/v2\/posts\/40886\/revisions"}],"wp:featuredmedia":[{"embeddable":true,"href":"https:\/\/www.sportalsub.net\/blog\/wp-json\/wp\/v2\/media\/40887"}],"wp:attachment":[{"href":"https:\/\/www.sportalsub.net\/blog\/wp-json\/wp\/v2\/media?parent=40886"}],"wp:term":[{"taxonomy":"category","embeddable":true,"href":"https:\/\/www.sportalsub.net\/blog\/wp-json\/wp\/v2\/categories?post=40886"},{"taxonomy":"post_tag","embeddable":true,"href":"https:\/\/www.sportalsub.net\/blog\/wp-json\/wp\/v2\/tags?post=40886"}],"curies":[{"name":"wp","href":"https:\/\/api.w.org\/{rel}","templated":true}]}}