{"id":42394,"date":"2020-10-31T13:04:30","date_gmt":"2020-10-31T17:04:30","guid":{"rendered":"https:\/\/www.sportalsub.net\/blog\/?p=42394"},"modified":"2020-11-01T13:56:18","modified_gmt":"2020-11-01T17:56:18","slug":"%f0%9f%87%aa%f0%9f%87%a8-cied-de-ecuador-realiza-iv-capitulo-de-foro-iberoamericano-de-gerencia-del-deporte","status":"publish","type":"post","link":"https:\/\/www.sportalsub.net\/blog\/cied-de-ecuador-realiza-iv-capitulo-de-foro-iberoamericano-de-gerencia-del-deporte\/","title":{"rendered":"\ud83c\uddea\ud83c\udde8 CIED de Ecuador realiza IV Cap\u00edtulo del Foro Iberoamericano de Gerencia del Deporte 2020"},"content":{"rendered":"<p><img loading=\"lazy\" decoding=\"async\" class=\"alignnone size-full wp-image-42395\" src=\"https:\/\/www.sportalsub.net\/blog\/wp-content\/uploads\/2020\/10\/foroiberoamericanoiv.jpg\" alt=\"\" width=\"900\" height=\"600\" srcset=\"https:\/\/www.sportalsub.net\/blog\/wp-content\/uploads\/2020\/10\/foroiberoamericanoiv.jpg 900w, https:\/\/www.sportalsub.net\/blog\/wp-content\/uploads\/2020\/10\/foroiberoamericanoiv-300x200.jpg 300w, https:\/\/www.sportalsub.net\/blog\/wp-content\/uploads\/2020\/10\/foroiberoamericanoiv-768x512.jpg 768w, https:\/\/www.sportalsub.net\/blog\/wp-content\/uploads\/2020\/10\/foroiberoamericanoiv-450x300.jpg 450w\" sizes=\"auto, (max-width: 900px) 100vw, 900px\" \/><\/p>\n<p>(Sportalsub.net \/ CIED)<\/p>\n<p>El Centro de Investigaci\u00f3n y Estudios del Deporte <strong>(CIED)<\/strong>, dirigido por el <strong>Dr. Summar G\u00f3mez<\/strong> y con sede en Ecuador, realiz\u00f3 este viernes 30 de octubre 2020 el IV Cap\u00edtulo del Foro Iberoamericano de Gerencia del Deporte, una jornada en la cual se reunieron importantes referentes, profesores, investigadores y emprendedores de 7 pa\u00edses: Argentina, Brasil, Chile, Guatemala, M\u00e9xico, Puerto Rico y Venezuela.<\/p>\n<p><a href=\"https:\/\/www.sportalsub.net\/blog\/wp-content\/uploads\/2020\/10\/PROGRAMACION-Capitulo-IV-Foro-2020.pdf\" target=\"_blank\" rel=\"noopener noreferrer\"><strong>PROGRAMACI\u00d3N Y M\u00c1S INFORMACI\u00d3N<\/strong><\/a><\/p>\n<p><img loading=\"lazy\" decoding=\"async\" class=\"alignnone size-full wp-image-42397\" src=\"https:\/\/www.sportalsub.net\/blog\/wp-content\/uploads\/2020\/10\/2020-10-29-at-12-54-58.png\" alt=\"\" width=\"831\" height=\"641\" srcset=\"https:\/\/www.sportalsub.net\/blog\/wp-content\/uploads\/2020\/10\/2020-10-29-at-12-54-58.png 831w, https:\/\/www.sportalsub.net\/blog\/wp-content\/uploads\/2020\/10\/2020-10-29-at-12-54-58-300x231.png 300w, https:\/\/www.sportalsub.net\/blog\/wp-content\/uploads\/2020\/10\/2020-10-29-at-12-54-58-768x592.png 768w\" sizes=\"auto, (max-width: 831px) 100vw, 831px\" \/> <img loading=\"lazy\" decoding=\"async\" class=\"alignnone size-full wp-image-42398\" src=\"https:\/\/www.sportalsub.net\/blog\/wp-content\/uploads\/2020\/10\/2020-10-29-at-12-54-39.png\" alt=\"\" width=\"840\" height=\"428\" srcset=\"https:\/\/www.sportalsub.net\/blog\/wp-content\/uploads\/2020\/10\/2020-10-29-at-12-54-39.png 840w, https:\/\/www.sportalsub.net\/blog\/wp-content\/uploads\/2020\/10\/2020-10-29-at-12-54-39-300x153.png 300w, https:\/\/www.sportalsub.net\/blog\/wp-content\/uploads\/2020\/10\/2020-10-29-at-12-54-39-768x391.png 768w\" sizes=\"auto, (max-width: 840px) 100vw, 840px\" \/> <img loading=\"lazy\" decoding=\"async\" class=\"alignnone size-full wp-image-42399\" src=\"https:\/\/www.sportalsub.net\/blog\/wp-content\/uploads\/2020\/10\/2020-10-29-at-12-54-28.png\" alt=\"\" width=\"877\" height=\"438\" srcset=\"https:\/\/www.sportalsub.net\/blog\/wp-content\/uploads\/2020\/10\/2020-10-29-at-12-54-28.png 877w, https:\/\/www.sportalsub.net\/blog\/wp-content\/uploads\/2020\/10\/2020-10-29-at-12-54-28-300x150.png 300w, https:\/\/www.sportalsub.net\/blog\/wp-content\/uploads\/2020\/10\/2020-10-29-at-12-54-28-768x384.png 768w\" sizes=\"auto, (max-width: 877px) 100vw, 877px\" \/> <img loading=\"lazy\" decoding=\"async\" class=\"alignnone size-full wp-image-42400\" src=\"https:\/\/www.sportalsub.net\/blog\/wp-content\/uploads\/2020\/10\/2020-10-29-at-12-54-15.png\" alt=\"\" width=\"842\" height=\"417\" srcset=\"https:\/\/www.sportalsub.net\/blog\/wp-content\/uploads\/2020\/10\/2020-10-29-at-12-54-15.png 842w, https:\/\/www.sportalsub.net\/blog\/wp-content\/uploads\/2020\/10\/2020-10-29-at-12-54-15-300x149.png 300w, https:\/\/www.sportalsub.net\/blog\/wp-content\/uploads\/2020\/10\/2020-10-29-at-12-54-15-768x380.png 768w\" sizes=\"auto, (max-width: 842px) 100vw, 842px\" \/><\/p>\n<p><img decoding=\"async\" src=\"https:\/\/scontent-mia3-1.xx.fbcdn.net\/v\/t1.0-9\/122963440_1415558031984132_7942086995041433817_o.png?_nc_cat=108&amp;ccb=2&amp;_nc_sid=730e14&amp;_nc_ohc=ftGpgTRL-CoAX93Ixe6&amp;_nc_ht=scontent-mia3-1.xx&amp;oh=f6b4fab3df595821e5d52a139170c9bc&amp;oe=5FC005F0\" \/><\/p>\n<p><img decoding=\"async\" src=\"https:\/\/scontent-mia3-2.xx.fbcdn.net\/v\/t1.0-9\/122916105_1415558075317461_6224535771066172577_o.png?_nc_cat=110&amp;ccb=2&amp;_nc_sid=730e14&amp;_nc_ohc=7g-di97jbq8AX_4EPTo&amp;_nc_ht=scontent-mia3-2.xx&amp;oh=6013085cb85ad718da3a9d740325a4e0&amp;oe=5FBF2601\" \/><\/p>\n<p>Informaci\u00f3n e inscripci\u00f3n a trav\u00e9s del sitio web: <a href=\"https:\/\/deportes.ec\/\" target=\"_blank\" rel=\"noopener noreferrer\" target=\"_blank\"><strong>https:\/\/deportes.ec\/<\/strong><\/a><\/p>\n<p><strong>Desde Sportsub &amp; Sportalsub<\/strong>, nos complace en formar parte de este gran evento, con la participaci\u00f3n la\u00a0ponencia titulada: \u00ab<em><strong>Uso\u00a0 de las TICs y las Herramientas Web en la gesti\u00f3n de las organizaciones deportivas<\/strong><\/em>\u00bb<\/p>\n<blockquote class=\"instagram-media\" style=\"background: #FFF; border: 0; border-radius: 3px; box-shadow: 0 0 1px 0 rgba(0,0,0,0.5),0 1px 10px 0 rgba(0,0,0,0.15); margin: 1px; max-width: 540px; min-width: 326px; padding: 0; width: calc(100% - 2px);\" data-instgrm-captioned=\"\" data-instgrm-permalink=\"https:\/\/www.instagram.com\/tv\/CGqhChAgdj2\/?utm_source=ig_embed&amp;utm_campaign=loading\" data-instgrm-version=\"12\">\n<div style=\"padding: 16px;\">\n<p>&nbsp;<\/p>\n<div style=\"display: flex; flex-direction: row; align-items: center;\">\n<div style=\"background-color: #f4f4f4; border-radius: 50%; flex-grow: 0; height: 40px; margin-right: 14px; width: 40px;\"><\/div>\n<div style=\"display: flex; flex-direction: column; flex-grow: 1; justify-content: center;\">\n<div style=\"background-color: #f4f4f4; border-radius: 4px; flex-grow: 0; height: 14px; margin-bottom: 6px; width: 100px;\"><\/div>\n<div style=\"background-color: #f4f4f4; border-radius: 4px; flex-grow: 0; height: 14px; width: 60px;\"><\/div>\n<\/div>\n<\/div>\n<div style=\"padding: 19% 0;\"><\/div>\n<div style=\"display: block; height: 50px; margin: 0 auto 12px; width: 50px;\"><\/div>\n<div style=\"padding-top: 8px;\">\n<div style=\"color: #3897f0; font-family: Arial,sans-serif; font-size: 14px; font-style: normal; font-weight: 550; line-height: 18px;\">Ver esta publicaci\u00f3n en Instagram<\/div>\n<\/div>\n<div style=\"padding: 12.5% 0;\"><\/div>\n<div style=\"display: flex; flex-direction: row; margin-bottom: 14px; align-items: center;\">\n<div>\n<div style=\"background-color: #f4f4f4; border-radius: 50%; height: 12.5px; width: 12.5px; transform: translateX(0px) translateY(7px);\"><\/div>\n<div style=\"background-color: #f4f4f4; height: 12.5px; transform: rotate(-45deg) translateX(3px) translateY(1px); width: 12.5px; flex-grow: 0; margin-right: 14px; margin-left: 2px;\"><\/div>\n<div style=\"background-color: #f4f4f4; border-radius: 50%; height: 12.5px; width: 12.5px; transform: translateX(9px) translateY(-18px);\"><\/div>\n<\/div>\n<div style=\"margin-left: 8px;\">\n<div style=\"background-color: #f4f4f4; border-radius: 50%; flex-grow: 0; height: 20px; width: 20px;\"><\/div>\n<div style=\"width: 0; height: 0; border-top: 2px solid transparent; border-left: 6px solid #f4f4f4; border-bottom: 2px solid transparent; transform: translateX(16px) translateY(-4px) rotate(30deg);\"><\/div>\n<\/div>\n<div style=\"margin-left: auto;\">\n<div style=\"width: 0px; border-top: 8px solid #F4F4F4; border-right: 8px solid transparent; transform: translateY(16px);\"><\/div>\n<div style=\"background-color: #f4f4f4; flex-grow: 0; height: 12px; width: 16px; transform: translateY(-4px);\"><\/div>\n<div style=\"width: 0; height: 0; border-top: 8px solid #F4F4F4; border-left: 8px solid transparent; transform: translateY(-4px) translateX(8px);\"><\/div>\n<\/div>\n<\/div>\n<p>&nbsp;<\/p>\n<p style=\"margin: 8px 0 0 0; padding: 0 4px;\"><a href=\"https:\/\/www.instagram.com\/tv\/CGqhChAgdj2\/?utm_source=ig_embed&amp;utm_campaign=loading\"style=\"color: #000; font-family: Arial,sans-serif; font-size: 14px; font-style: normal; font-weight: normal; line-height: 17px; text-decoration: none; word-wrap: break-word;\"  target=\"_blank\" rel=\"noopener noreferrer\" target=\"_blank\">con el profesor @miguelsportsub<\/a><\/p>\n<p style=\"color: #c9c8cd; font-family: Arial,sans-serif; font-size: 14px; line-height: 17px; margin-bottom: 0; margin-top: 8px; overflow: hidden; padding: 8px 0 7px; text-align: center; text-overflow: ellipsis; white-space: nowrap;\">Una publicaci\u00f3n compartida por <a href=\"https:\/\/www.instagram.com\/summargomez\/?utm_source=ig_embed&amp;utm_campaign=loading\"style=\"color: #c9c8cd; font-family: Arial,sans-serif; font-size: 14px; font-style: normal; font-weight: normal; line-height: 17px;\"  target=\"_blank\" rel=\"noopener noreferrer\" target=\"_blank\"> Dr. Summar Alfredo G\u00f3mez B.<\/a> (@summargomez) el <time style=\"font-family: Arial,sans-serif; font-size: 14px; line-height: 17px;\" datetime=\"2020-10-22T23:30:52+00:00\">22 de Oct de 2020 a las 4:30 PDT<\/time><\/p>\n<\/div>\n<\/blockquote>\n<p><script async src=\"\/\/www.instagram.com\/embed.js\"><\/script><\/p>\n<hr \/>\n<p><strong><img loading=\"lazy\" decoding=\"async\" class=\"alignleft wp-image-5252 size-thumbnail\" src=\"https:\/\/i1.wp.com\/www.sportalsub.net\/en\/wp-content\/uploads\/2019\/04\/miguelsportsub2017-150x150.jpg?resize=90%2C90&amp;ssl=1\" alt=\"\" width=\"90\" height=\"90\" data-recalc-dims=\"1\" \/>Autor:\u00a0<a href=\"https:\/\/www.sportsub.org\/miguel\" target=\"_blank\" rel=\"noopener noreferrer\" target=\"_blank\">Miguel Cede\u00f1o<\/a><br \/>\n<\/strong>Director de\u00a0<a href=\"http:\/\/www.sportsub.org\/\" target=\"_blank\" rel=\"noopener noreferrer\" target=\"_blank\">Sportsub.org<\/a>\u00a0&amp;\u00a0<a href=\"http:\/\/www.sportalsub.net\/\">Sportalsub.net<\/a><br \/>\n<a href=\"mailto:miguelsportsub@gmail.com\">miguelsportsub@gmail.com<\/a>\u00a0\/\u00a0<a href=\"mailto:miguel@sportalsub.net\">miguel@sportalsub.net<\/a><br \/>\nTwitter:\u00a0<a href=\"http:\/\/www.twitter.com\/miguelsportsub\" target=\"_blank\" rel=\"noopener noreferrer\" target=\"_blank\">@miguelsportsub<\/a><\/p>\n","protected":false},"excerpt":{"rendered":"<p>(Sportalsub.net \/ CIED) El Centro de Investigaci\u00f3n y Estudios del Deporte (CIED), dirigido por el Dr. Summar G\u00f3mez y con sede en Ecuador, realiz\u00f3 este viernes 30 de octubre 2020 el IV Cap\u00edtulo del Foro Iberoamericano de Gerencia del Deporte, una jornada en la cual se reunieron importantes referentes, profesores, investigadores y emprendedores de 7 pa\u00edses: Argentina, Brasil, Chile, Guatemala, [&#8230;]<\/p>\n","protected":false},"author":1,"featured_media":42395,"comment_status":"open","ping_status":"closed","sticky":false,"template":"","format":"standard","meta":{"_lmt_disableupdate":"","_lmt_disable":"","jetpack_post_was_ever_published":false,"_jetpack_newsletter_access":"","_jetpack_dont_email_post_to_subs":false,"_jetpack_newsletter_tier_id":0,"_jetpack_memberships_contains_paywalled_content":false,"_jetpack_memberships_contains_paid_content":false,"footnotes":"","jetpack_publicize_message":"","jetpack_publicize_feature_enabled":true,"jetpack_social_post_already_shared":true,"jetpack_social_options":{"image_generator_settings":{"template":"highway","default_image_id":0,"font":"","enabled":false},"version":2}},"categories":[117,4,257,101,83,112,97,452,98,406,410,8],"tags":[450],"class_list":["post-42394","post","type-post","status-publish","format-standard","has-post-thumbnail","hentry","category-modalidades","category-argentina","category-editoriales-miguel-cedeno","category-brasil","category-chile","category-cursos-y-talleres","category-ecuador","category-guatemala","category-mexico","category-otras-actividades","category-puerto-rico","category-venezuela","tag-destacados"],"modified_by":"Sportalsub.net","views":2863,"jetpack_publicize_connections":[],"jetpack_featured_media_url":"https:\/\/www.sportalsub.net\/blog\/wp-content\/uploads\/2020\/10\/foroiberoamericanoiv.jpg","jetpack_sharing_enabled":true,"jetpack_shortlink":"https:\/\/wp.me\/pf9lN-b1M","jetpack_likes_enabled":false,"jetpack-related-posts":[{"id":26196,"url":"https:\/\/www.sportalsub.net\/blog\/curso-de-monitores-y-entrenadores-de-natacion-con-aletas-nivel-1-sportsub-modalidad-a-distancia-iii-edicion-julio-agosto-2017\/","url_meta":{"origin":42394,"position":0},"title":"\ud83d\udcdc Realizado con \u00e9xito Curso de Monitores y Entrenadores de Nataci\u00f3n con Aletas Nivel 1 Modalidad a Distancia en su III Edici\u00f3n en Julio-Agosto 2017","author":"Sportalsub.net","date":"27 agosto 2017","format":false,"excerpt":"(Sportsub & Sportalsub.net) Sportsub & Sportalsub.net\u00a0llev\u00f3 a cabo con todo \u00e9xito la\u00a03ra Edici\u00f3n de nuestro Curso de Monitores y Entrenadores de Nataci\u00f3n con Aletas Nivel 1 en la modalidad a Distancia (100% online), en el per\u00edodo del 17 de julio al 24 de agosto de 2017, el cual culminaron con\u2026","rel":"","context":"En \u00abArgentina\u00bb","block_context":{"text":"Argentina","link":"https:\/\/www.sportalsub.net\/blog\/category\/paises\/america\/argentina\/"},"img":{"alt_text":"","src":"https:\/\/i0.wp.com\/www.sportalsub.net\/blog\/wp-content\/uploads\/2017\/06\/final3raedicionnadosub1.jpg?resize=350%2C200&ssl=1","width":350,"height":200,"srcset":"https:\/\/i0.wp.com\/www.sportalsub.net\/blog\/wp-content\/uploads\/2017\/06\/final3raedicionnadosub1.jpg?resize=350%2C200&ssl=1 1x, https:\/\/i0.wp.com\/www.sportalsub.net\/blog\/wp-content\/uploads\/2017\/06\/final3raedicionnadosub1.jpg?resize=525%2C300&ssl=1 1.5x, https:\/\/i0.wp.com\/www.sportalsub.net\/blog\/wp-content\/uploads\/2017\/06\/final3raedicionnadosub1.jpg?resize=700%2C400&ssl=1 2x"},"classes":[]},{"id":25484,"url":"https:\/\/www.sportalsub.net\/blog\/cmas-zona-america-2017-2020","url_meta":{"origin":42394,"position":1},"title":"\ud83c\udf0e CMAS Zona Am\u00e9rica con nuevos directores para el per\u00edodo 2017-2020","author":"Sportalsub.net","date":"29 noviembre 2016","format":false,"excerpt":"(Sportalsub.net \/ CMAS Zona Am\u00e9rica) Este lunes 28 de noviembre de 2016, en el marco de los III Juegos Bolivarianos de Playa Iquique 2016 en Chile, se realiz\u00f3 la\u00a0Asamblea General Ordinaria y\u00a0Elecciones del nuevo Consejo Directivo para el per\u00edodo 2017-2020 de la Confederaci\u00f3n Mundial de Actividades Subacu\u00e1ticas CMAS Zona Am\u00e9rica.\u2026","rel":"","context":"En \u00abActividades Subacu\u00e1ticas\u00bb","block_context":{"text":"Actividades Subacu\u00e1ticas","link":"https:\/\/www.sportalsub.net\/blog\/category\/modalidades\/"},"img":{"alt_text":"","src":"https:\/\/i0.wp.com\/www.sportalsub.net\/blog\/wp-content\/uploads\/2016\/11\/asamblea-cmaszona-america.jpg?resize=350%2C200&ssl=1","width":350,"height":200,"srcset":"https:\/\/i0.wp.com\/www.sportalsub.net\/blog\/wp-content\/uploads\/2016\/11\/asamblea-cmaszona-america.jpg?resize=350%2C200&ssl=1 1x, https:\/\/i0.wp.com\/www.sportalsub.net\/blog\/wp-content\/uploads\/2016\/11\/asamblea-cmaszona-america.jpg?resize=525%2C300&ssl=1 1.5x, https:\/\/i0.wp.com\/www.sportalsub.net\/blog\/wp-content\/uploads\/2016\/11\/asamblea-cmaszona-america.jpg?resize=700%2C400&ssl=1 2x, https:\/\/i0.wp.com\/www.sportalsub.net\/blog\/wp-content\/uploads\/2016\/11\/asamblea-cmaszona-america.jpg?resize=1050%2C600&ssl=1 3x"},"classes":[]},{"id":16768,"url":"https:\/\/www.sportalsub.net\/blog\/nueva-directiva-de-confederacion-mundial-de-actividades-subacuaticas-en-america-2014-2017\/","url_meta":{"origin":42394,"position":2},"title":"\ud83c\udf0e Nuevas Directivas de Confederaci\u00f3n Mundial de Actividades Subacu\u00e1ticas en Am\u00e9rica y Uni\u00f3n Iberoamericana de Actividades Subacu\u00e1ticas 2014-2017","author":"Sportalsub.net","date":"14 noviembre 2013","format":false,"excerpt":"(Especial Sportalsub.net \/ CMAS Am\u00e9rica \/ FMAS) El Presidente de la Federaci\u00f3n M\u00e9xicana de Actividades Subacu\u00e1ticas y Vicepresidente\u00a0de la Confederaci\u00f3n Mundial de Actividades Subacu\u00e1ticas en la Zona Am\u00e9rica (CMAS Am\u00e9rica) \u00a0por el per\u00edodo 2009-2013\u00a0, Rogelio Flores, asumir\u00e1 la Presidencia de la organizaci\u00f3n continental, para el per\u00edodo 2014-2017 En la Asamblea\u2026","rel":"","context":"En \u00abArgentina\u00bb","block_context":{"text":"Argentina","link":"https:\/\/www.sportalsub.net\/blog\/category\/paises\/america\/argentina\/"},"img":{"alt_text":"","src":"https:\/\/i0.wp.com\/www.sportalsub.net\/blog\/wp-content\/uploads\/2013\/11\/cmas-america-2013.jpg?resize=350%2C200&ssl=1","width":350,"height":200,"srcset":"https:\/\/i0.wp.com\/www.sportalsub.net\/blog\/wp-content\/uploads\/2013\/11\/cmas-america-2013.jpg?resize=350%2C200&ssl=1 1x, https:\/\/i0.wp.com\/www.sportalsub.net\/blog\/wp-content\/uploads\/2013\/11\/cmas-america-2013.jpg?resize=525%2C300&ssl=1 1.5x, https:\/\/i0.wp.com\/www.sportalsub.net\/blog\/wp-content\/uploads\/2013\/11\/cmas-america-2013.jpg?resize=700%2C400&ssl=1 2x"},"classes":[]},{"id":8543,"url":"https:\/\/www.sportalsub.net\/blog\/deportistas-subacuaticos-regresan-a-venezuela-banados-en-oro-iberoamericano\/","url_meta":{"origin":42394,"position":3},"title":"\ud83c\uddfb\ud83c\uddea Deportistas Subacu\u00e1ticos regresan a Venezuela ba\u00f1ados en Oro Iberoamericano","author":"Sportalsub.net","date":"18 febrero 2006","format":false,"excerpt":"La Selecci\u00f3n Nacional de Actividades Subacu\u00e1ticas en las modalidades de Apnea y Nataci\u00f3n con Aletas regres\u00f2 a Venezuela con una importante cosecha de medallas, entre ellas 11 doradas y el Segundo Lugar en el medallero general, luego de haber participado en el I Campeonato Iberoamericano de Actividades Subacu\u00e1ticas, el cual\u2026","rel":"","context":"En \u00abApnea\u00bb","block_context":{"text":"Apnea","link":"https:\/\/www.sportalsub.net\/blog\/category\/modalidades\/apnea\/"},"img":{"alt_text":"","src":"https:\/\/i0.wp.com\/www.sportalsub.net\/blog\/wp-content\/uploads\/2011\/02\/ecuador002.jpg?resize=350%2C200&ssl=1","width":350,"height":200,"srcset":"https:\/\/i0.wp.com\/www.sportalsub.net\/blog\/wp-content\/uploads\/2011\/02\/ecuador002.jpg?resize=350%2C200&ssl=1 1x, https:\/\/i0.wp.com\/www.sportalsub.net\/blog\/wp-content\/uploads\/2011\/02\/ecuador002.jpg?resize=525%2C300&ssl=1 1.5x"},"classes":[]},{"id":4234,"url":"https:\/\/www.sportalsub.net\/blog\/1er-campeonato-iberoamericano-de-actividades-subacuaticas-salinas-2006\/","url_meta":{"origin":42394,"position":4},"title":"\ud83c\udde8\ud83c\uddf4 1er Campeonato Iberoamericano de Actividades Subacu\u00e1ticas Salinas 2006","author":"Sportalsub.net","date":"16 febrero 2006","format":false,"excerpt":"\u00a0 (Especial Sportalsub.net) Del 7 al 12 de Febrero de 2006 se realiz\u00f3 en la localidad de Salinas, Ecuador, el Primer Campeonato Iberoamericano de Actividades Subacu\u00e1ticas en las modalidades de nataci\u00f3n con aletas y apnea, con la participaci\u00f3n de Espa\u00f1a, Cuba, Ecuador, Chile y Venezuela. \u00a0Resultados Oficiales Iberoamericano Salinas 2006\u2026","rel":"","context":"En \u00abApnea\u00bb","block_context":{"text":"Apnea","link":"https:\/\/www.sportalsub.net\/blog\/category\/modalidades\/apnea\/"},"img":{"alt_text":"","src":"https:\/\/i0.wp.com\/www.sportalsub.net\/blog\/wp-content\/uploads\/2013\/11\/26957_407371642064_72773737064_4699053_2642636_n.jpg?resize=350%2C200&ssl=1","width":350,"height":200,"srcset":"https:\/\/i0.wp.com\/www.sportalsub.net\/blog\/wp-content\/uploads\/2013\/11\/26957_407371642064_72773737064_4699053_2642636_n.jpg?resize=350%2C200&ssl=1 1x, https:\/\/i0.wp.com\/www.sportalsub.net\/blog\/wp-content\/uploads\/2013\/11\/26957_407371642064_72773737064_4699053_2642636_n.jpg?resize=525%2C300&ssl=1 1.5x"},"classes":[]},{"id":16068,"url":"https:\/\/www.sportalsub.net\/blog\/venezuela-y-usa-en-el-podio-del-iv-panamericano-de-pesca-submarina-en-miami-usa-resultados-dia-2\/","url_meta":{"origin":42394,"position":5},"title":"\ud83c\uddfa\ud83c\uddf8 Venezuela y USA en el podio del IV Panamericano de Pesca Submarina en Miami, USA + Resultados Finales","author":"Sportalsub.net","date":"14 septiembre 2013","format":false,"excerpt":"(Especial Sportalsub.net \/ IV CAmpeonato Panamericano \/ Foto: Oscar Ruiz) La selecci\u00f3n venezolana de Pesca Submarina logr\u00f3 el primer lugar por pa\u00edses, luego de realizadas las dos jornadas de competencia del IV Campeonato Panamericano de Pesca Submarina CMAS que se llev\u00f3 a cabo en Miami, USA y que culmin\u00f3 este\u2026","rel":"","context":"En \u00abArgentina\u00bb","block_context":{"text":"Argentina","link":"https:\/\/www.sportalsub.net\/blog\/category\/paises\/america\/argentina\/"},"img":{"alt_text":"","src":"https:\/\/i0.wp.com\/www.sportalsub.net\/blog\/wp-content\/uploads\/2013\/09\/2dajornadapescasub.jpg?resize=350%2C200&ssl=1","width":350,"height":200,"srcset":"https:\/\/i0.wp.com\/www.sportalsub.net\/blog\/wp-content\/uploads\/2013\/09\/2dajornadapescasub.jpg?resize=350%2C200&ssl=1 1x, https:\/\/i0.wp.com\/www.sportalsub.net\/blog\/wp-content\/uploads\/2013\/09\/2dajornadapescasub.jpg?resize=525%2C300&ssl=1 1.5x"},"classes":[]}],"_links":{"self":[{"href":"https:\/\/www.sportalsub.net\/blog\/wp-json\/wp\/v2\/posts\/42394","targetHints":{"allow":["GET"]}}],"collection":[{"href":"https:\/\/www.sportalsub.net\/blog\/wp-json\/wp\/v2\/posts"}],"about":[{"href":"https:\/\/www.sportalsub.net\/blog\/wp-json\/wp\/v2\/types\/post"}],"author":[{"embeddable":true,"href":"https:\/\/www.sportalsub.net\/blog\/wp-json\/wp\/v2\/users\/1"}],"replies":[{"embeddable":true,"href":"https:\/\/www.sportalsub.net\/blog\/wp-json\/wp\/v2\/comments?post=42394"}],"version-history":[{"count":0,"href":"https:\/\/www.sportalsub.net\/blog\/wp-json\/wp\/v2\/posts\/42394\/revisions"}],"wp:featuredmedia":[{"embeddable":true,"href":"https:\/\/www.sportalsub.net\/blog\/wp-json\/wp\/v2\/media\/42395"}],"wp:attachment":[{"href":"https:\/\/www.sportalsub.net\/blog\/wp-json\/wp\/v2\/media?parent=42394"}],"wp:term":[{"taxonomy":"category","embeddable":true,"href":"https:\/\/www.sportalsub.net\/blog\/wp-json\/wp\/v2\/categories?post=42394"},{"taxonomy":"post_tag","embeddable":true,"href":"https:\/\/www.sportalsub.net\/blog\/wp-json\/wp\/v2\/tags?post=42394"}],"curies":[{"name":"wp","href":"https:\/\/api.w.org\/{rel}","templated":true}]}}