{"id":4247,"date":"2010-03-17T12:57:49","date_gmt":"2010-03-17T17:27:49","guid":{"rendered":"http:\/\/www.sportalsub.net\/blog\/?p=4247"},"modified":"2019-09-01T13:16:45","modified_gmt":"2019-09-01T17:16:45","slug":"curso-de-tecnicas-avanzadas-para-fotografia-digital-submarina-en-apnea-en-espana","status":"publish","type":"post","link":"https:\/\/www.sportalsub.net\/blog\/curso-de-tecnicas-avanzadas-para-fotografia-digital-submarina-en-apnea-en-espana\/","title":{"rendered":"\ud83c\uddea\ud83c\uddf8 Curso de T\u00e9cnicas Avanzadas para Fotograf\u00eda Digital Submarina en Apnea en Espa\u00f1a"},"content":{"rendered":"<p style=\"text-align: center;\"><a href=\"http:\/\/www.sportalsub.net\/blog\/wp-content\/uploads\/2010\/03\/tecnicasfotosub.jpg\" target=\"_blank\"><img loading=\"lazy\" decoding=\"async\" class=\"alignnone size-full wp-image-7966\" src=\"http:\/\/www.sportalsub.net\/blog\/wp-content\/uploads\/2010\/03\/tecnicasfotosub.jpg\" alt=\"tecnicasfotosub\" width=\"720\" height=\"480\" srcset=\"https:\/\/www.sportalsub.net\/blog\/wp-content\/uploads\/2010\/03\/tecnicasfotosub.jpg 720w, https:\/\/www.sportalsub.net\/blog\/wp-content\/uploads\/2010\/03\/tecnicasfotosub-300x200.jpg 300w, https:\/\/www.sportalsub.net\/blog\/wp-content\/uploads\/2010\/03\/tecnicasfotosub-177x118.jpg 177w\" sizes=\"auto, (max-width: 720px) 100vw, 720px\" \/><\/a><\/p>\n<p>Curso de T\u00e9cnicas Avanzadas para Fotograf\u00eda Digital Submarina en Apnea. Impartido por Susi Navarro Garrido, Campeona de Catalu\u00f1a y Espa\u00f1a de 2009 e internacional por Espa\u00f1a. A realizarse el viernes 2 y s\u00e1bado 3 de abril en laya de Las Canteras Las Palmas de Gran Canaria<\/p>\n<p><!--more--><\/p>\n<p>El curso consistir\u00e1 en clases te\u00f3ricas y pr\u00e1cticas en mar abierto y a la finalizaci\u00f3n del mismo, el respectivo visionado y comentario de las fotos.<\/p>\n<p>El contenido incluye nociones de la t\u00e9cnica de fotograf\u00eda a pulm\u00f3n libre, t\u00e9cnica aplicada en competiciones y tambi\u00e9n la identificaci\u00f3n de las especies.<\/p>\n<p>La actividad se llevar\u00e1 a cabo en el incomparable marco de la playa de Las Canteras, en la ciudad de Las Palmas de Gran Canaria, contando con la inestimable colaboraci\u00f3n de la Concejal\u00eda de Playas del Ayuntamiento de Las Palmas de Gran Canaria y del Real Club Victoria.<\/p>\n<p>Dicho evento constar\u00e1 de dos partes, una fase te\u00f3rica que ser\u00e1 impartida \u00edntegramente en el aula existente a pie de mar en las instalaciones de la escuela n\u00e1utica del Real Club Victoria, situadas en los bajos de la avenida de Las Canteras, concretamente en la zona conocida como \u00abLa Puntilla\u00bb y una segunda fase pr\u00e1ctica a desarrollarse en el medio acu\u00e1tico, dentro de la bah\u00eda de Las Canteras y proximidades.<\/p>\n<p>Para los primeros 12 inscritos se ofertar\u00e1 alojamiento completamente gratuito durante el transcurso del evento.<\/p>\n<p>Se obsequiar\u00e1 a todos los participantes con diferentes regalos, adem\u00e1s del correspondiente manual de alumno.<\/p>\n<p>El precio del curso es de 130 \u20ac, a abonar en el momento de la inscripci\u00f3n.<\/p>\n<p>Para m\u00e1s informaci\u00f3n contactar en: <a href=\"mailto:apneacanarias@hotmail.com\">apneacanarias@hotmail.com<\/a><\/p>\n<p><img loading=\"lazy\" decoding=\"async\" class=\"alignnone\" src=\"http:\/\/www.sportalsub.net\/blog\/wp-content\/uploads\/2009\/12\/fb.png\" alt=\"\" width=\"22\" height=\"22\" \/> Facebook: <a href=\"http:\/\/www.facebook.com\/event.php?eid=382499881784\" target=\"_blank\" rel=\"noopener noreferrer\" target=\"_blank\">http:\/\/www.facebook.com\/event.php?eid=382499881784<\/a><\/p>\n","protected":false},"excerpt":{"rendered":"<p>Curso de T\u00e9cnicas Avanzadas para Fotograf\u00eda Digital Submarina en Apnea. Impartido por Susi Navarro Garrido, Campeona de Catalu\u00f1a y Espa\u00f1a de 2009 e internacional por Espa\u00f1a. A realizarse el viernes 2 y s\u00e1bado 3 de abril en laya de Las Canteras Las Palmas de Gran Canaria<\/p>\n","protected":false},"author":1,"featured_media":7966,"comment_status":"open","ping_status":"closed","sticky":false,"template":"","format":"standard","meta":{"_lmt_disableupdate":"","_lmt_disable":"","_jetpack_newsletter_access":"","_jetpack_dont_email_post_to_subs":false,"_jetpack_newsletter_tier_id":0,"_jetpack_memberships_contains_paywalled_content":false,"_jetpack_feature_clip_id":0,"_jetpack_memberships_contains_paid_content":false,"footnotes":"","jetpack_publicize_message":"","jetpack_publicize_feature_enabled":true,"jetpack_social_post_already_shared":false,"jetpack_social_options":{"image_generator_settings":{"template":"highway","default_image_id":0,"font":"","enabled":false},"version":2},"jetpack_post_was_ever_published":false},"categories":[9,112,10,19],"tags":[],"class_list":["post-4247","post","type-post","status-publish","format-standard","has-post-thumbnail","hentry","category-apnea","category-cursos-y-talleres","category-espana","category-fotografia-submarina"],"modified_by":"Sportalsub.net","views":3419,"jetpack_publicize_connections":[],"jetpack_sharing_enabled":true,"jetpack_shortlink":"https:\/\/wp.me\/pf9lN-16v","jetpack_likes_enabled":false,"jetpack-related-posts":[{"id":14225,"url":"https:\/\/www.sportalsub.net\/blog\/resultados-y-fotos-del-campeonato-de-espana-de-caza-fotosub-en-apnea-2012\/","url_meta":{"origin":4247,"position":0},"title":"\ud83c\uddea\ud83c\uddf8 Resultados y fotos del Campeonato de Espa\u00f1a de Caza Fotosub en Apnea 2012","author":"Sportalsub.net","date":"16 noviembre 2012","format":false,"excerpt":"(Especial Sportalsub.net \/ FEDAS) La modalidad deportiva de Caza Fotogr\u00e1fica Subacu\u00e1tica en apnea consiste en fotografiar especies v\u00e1lidas para la pesca o caza submarina. Celebrado en Villajoyosa y la Isla de Benidorm (Alicante) los pasados 13 al 16 de Septiembre de 2012. El canario Juan Carballo se proclam\u00f3 nuevo campe\u00f3n\u2026","rel":"","context":"En \u00abApnea\u00bb","block_context":{"text":"Apnea","link":"https:\/\/www.sportalsub.net\/blog\/category\/modalidades\/apnea\/"},"img":{"alt_text":"","src":"https:\/\/i0.wp.com\/www.sportalsub.net\/blog\/wp-content\/uploads\/2012\/11\/Mejor-foto-C2-005_040_epinephelus-costae_juan-carballo__dsc2147.jpg?resize=350%2C200&ssl=1","width":350,"height":200,"srcset":"https:\/\/i0.wp.com\/www.sportalsub.net\/blog\/wp-content\/uploads\/2012\/11\/Mejor-foto-C2-005_040_epinephelus-costae_juan-carballo__dsc2147.jpg?resize=350%2C200&ssl=1 1x, https:\/\/i0.wp.com\/www.sportalsub.net\/blog\/wp-content\/uploads\/2012\/11\/Mejor-foto-C2-005_040_epinephelus-costae_juan-carballo__dsc2147.jpg?resize=525%2C300&ssl=1 1.5x, https:\/\/i0.wp.com\/www.sportalsub.net\/blog\/wp-content\/uploads\/2012\/11\/Mejor-foto-C2-005_040_epinephelus-costae_juan-carballo__dsc2147.jpg?resize=700%2C400&ssl=1 2x, https:\/\/i0.wp.com\/www.sportalsub.net\/blog\/wp-content\/uploads\/2012\/11\/Mejor-foto-C2-005_040_epinephelus-costae_juan-carballo__dsc2147.jpg?resize=1050%2C600&ssl=1 3x"},"classes":[]},{"id":16057,"url":"https:\/\/www.sportalsub.net\/blog\/xxiii-campeonato-de-espana-de-caza-fotosub-apnea\/","url_meta":{"origin":4247,"position":1},"title":"\ud83c\uddea\ud83c\uddf8 Resultados del XXIII Campeonato de Espa\u00f1a de Caza FotoSub Apnea","author":"Sportalsub.net","date":"15 octubre 2013","format":false,"excerpt":"(Especial Sportalsub.net \/ FEDAS \/ MarCanario) Del 3 al 5 de octubre se celebro en La Herradura (Granada), la XXIII Edici\u00f3n del Campeonato de Espa\u00f1a de Caza Fotosub en apnea, donde el tinerfe\u00f1o Juan Antonio Carballo, consegu\u00eda por segundo a\u00f1o consecutivo alzarse con el primer puesto. Esta prueba que estuvo\u2026","rel":"","context":"En \u00abEspa\u00f1a\u00bb","block_context":{"text":"Espa\u00f1a","link":"https:\/\/www.sportalsub.net\/blog\/category\/paises\/europa\/espana\/"},"img":{"alt_text":"","src":"https:\/\/i0.wp.com\/www.sportalsub.net\/blog\/wp-content\/uploads\/2013\/09\/cazafotoapneaesp.jpg?resize=350%2C200&ssl=1","width":350,"height":200,"srcset":"https:\/\/i0.wp.com\/www.sportalsub.net\/blog\/wp-content\/uploads\/2013\/09\/cazafotoapneaesp.jpg?resize=350%2C200&ssl=1 1x, https:\/\/i0.wp.com\/www.sportalsub.net\/blog\/wp-content\/uploads\/2013\/09\/cazafotoapneaesp.jpg?resize=525%2C300&ssl=1 1.5x, https:\/\/i0.wp.com\/www.sportalsub.net\/blog\/wp-content\/uploads\/2013\/09\/cazafotoapneaesp.jpg?resize=700%2C400&ssl=1 2x, https:\/\/i0.wp.com\/www.sportalsub.net\/blog\/wp-content\/uploads\/2013\/09\/cazafotoapneaesp.jpg?resize=1050%2C600&ssl=1 3x"},"classes":[]},{"id":6104,"url":"https:\/\/www.sportalsub.net\/blog\/resultados-del-campeonato-de-espana-de-caza-fotosub-en-apnea\/","url_meta":{"origin":4247,"position":2},"title":"\ud83c\uddea\ud83c\uddf8 Resultados del Campeonato de Espa\u00f1a de Caza Fotosub en Apnea","author":"Sportalsub.net","date":"6 septiembre 2010","format":false,"excerpt":"Imagen premiada (Mero) El s\u00e1bado 4 de septiembre en la Plaza de Tigaday, se realiz\u00f3 en el Municipio herre\u00f1o de La Frontera, la clausura y entrega de trofeos del XX Campeonato de Caza Fotosub en Apnea que ha reunido durante cinco d\u00edas a los mejores fot\u00f3grafos de Espa\u00f1a en\u00a0 esta\u2026","rel":"","context":"En \u00abEspa\u00f1a\u00bb","block_context":{"text":"Espa\u00f1a","link":"https:\/\/www.sportalsub.net\/blog\/category\/paises\/europa\/espana\/"},"img":{"alt_text":"","src":"https:\/\/i0.wp.com\/www.sportalsub.net\/blog\/wp-content\/uploads\/2010\/09\/425005_1.jpg?resize=350%2C200&ssl=1","width":350,"height":200,"srcset":"https:\/\/i0.wp.com\/www.sportalsub.net\/blog\/wp-content\/uploads\/2010\/09\/425005_1.jpg?resize=350%2C200&ssl=1 1x, https:\/\/i0.wp.com\/www.sportalsub.net\/blog\/wp-content\/uploads\/2010\/09\/425005_1.jpg?resize=525%2C300&ssl=1 1.5x"},"classes":[]},{"id":23422,"url":"https:\/\/www.sportalsub.net\/blog\/dive-travel-show-2016-espana","url_meta":{"origin":4247,"position":3},"title":"\ud83c\uddea\ud83c\uddf8 Dive Travel Show 2016 Feria de Buceo en Madrid, Espa\u00f1a","author":"Sportalsub.net","date":"17 febrero 2016","format":false,"excerpt":"(Sportalsub.net \/ Dive Travel Show) - Read in English La Feria de Buceo Dive Travel Show \u00a0tendr\u00e1 lugar este fin de semana del 20 y 21 de Febrero en Madrid, Espa\u00f1a. Se contar\u00e1 con workshops de reputados fot\u00f3grafos submarinos, con la asistencia de un gran n\u00famero de centros de buceo,\u2026","rel":"","context":"En \u00abBuceo\u00bb","block_context":{"text":"Buceo","link":"https:\/\/www.sportalsub.net\/blog\/category\/modalidades\/buceo-2\/"},"img":{"alt_text":"","src":"https:\/\/i0.wp.com\/www.sportalsub.net\/blog\/wp-content\/uploads\/2016\/02\/BUCEADOR_A_ROJO.jpg?resize=350%2C200&ssl=1","width":350,"height":200,"srcset":"https:\/\/i0.wp.com\/www.sportalsub.net\/blog\/wp-content\/uploads\/2016\/02\/BUCEADOR_A_ROJO.jpg?resize=350%2C200&ssl=1 1x, https:\/\/i0.wp.com\/www.sportalsub.net\/blog\/wp-content\/uploads\/2016\/02\/BUCEADOR_A_ROJO.jpg?resize=525%2C300&ssl=1 1.5x, https:\/\/i0.wp.com\/www.sportalsub.net\/blog\/wp-content\/uploads\/2016\/02\/BUCEADOR_A_ROJO.jpg?resize=700%2C400&ssl=1 2x, https:\/\/i0.wp.com\/www.sportalsub.net\/blog\/wp-content\/uploads\/2016\/02\/BUCEADOR_A_ROJO.jpg?resize=1050%2C600&ssl=1 3x, https:\/\/i0.wp.com\/www.sportalsub.net\/blog\/wp-content\/uploads\/2016\/02\/BUCEADOR_A_ROJO.jpg?resize=1400%2C800&ssl=1 4x"},"classes":[]},{"id":8508,"url":"https:\/\/www.sportalsub.net\/blog\/asamblea-del-comite-nacional-de-pesca-submarina-fedas-espana\/","url_meta":{"origin":4247,"position":4},"title":"\ud83c\uddea\ud83c\uddf8 Asamblea del Comit\u00e9 Nacional de Pesca Submarina FEDAS &#8211; Espa\u00f1a","author":"Sportalsub.net","date":"7 febrero 2011","format":false,"excerpt":"El pasado s\u00e1bado 29 de enero se celebr\u00f3 en Barcelona la Asamblea del Comit\u00e9 Nacional de Pesca Submarina. A parte de los t\u00e9cnicos del Comit\u00e9, asistieron los delegados de pesca de varias comunidades y Xavi Duran, presidente de FEDAS. En la asamblea se trataron varios temas importantes, como el reglamento\u2026","rel":"","context":"En \u00abApnea\u00bb","block_context":{"text":"Apnea","link":"https:\/\/www.sportalsub.net\/blog\/category\/modalidades\/apnea\/"},"img":{"alt_text":"","src":"https:\/\/i0.wp.com\/www.sportalsub.net\/blog\/wp-content\/uploads\/2011\/02\/asambleapescasubesp.jpg?resize=350%2C200","width":350,"height":200},"classes":[]},{"id":6002,"url":"https:\/\/www.sportalsub.net\/blog\/curso-aida-en-lanzarote-espana-en-octubre\/","url_meta":{"origin":4247,"position":5},"title":"\ud83c\uddea\ud83c\uddf8 Curso de Apnea AIDA ** en Lanzarote (Espa\u00f1a) en Octubre","author":"Sportalsub.net","date":"26 agosto 2010","format":false,"excerpt":"Los pr\u00f3ximos d\u00edas 15, 16 y 17 de Octubre, Miguel Lozano, actual campe\u00f3n de Espa\u00f1a y R\u00e9cord de Espa\u00f1a en la modalidad de Peso constante impartir\u00e1 un curso de apnea con titulaci\u00f3n AIDA **, apto para todos los niveles. El curso tendr\u00e1 lugar en las instalaciones del centro de buceo\u2026","rel":"","context":"En \u00abAIDA\u00bb","block_context":{"text":"AIDA","link":"https:\/\/www.sportalsub.net\/blog\/category\/mas\/organizaciones\/aida\/"},"img":{"alt_text":"","src":"https:\/\/i0.wp.com\/www.sportalsub.net\/blog\/wp-content\/uploads\/2010\/08\/Curso-Lanzarote.jpg?resize=350%2C200&ssl=1","width":350,"height":200,"srcset":"https:\/\/i0.wp.com\/www.sportalsub.net\/blog\/wp-content\/uploads\/2010\/08\/Curso-Lanzarote.jpg?resize=350%2C200&ssl=1 1x, https:\/\/i0.wp.com\/www.sportalsub.net\/blog\/wp-content\/uploads\/2010\/08\/Curso-Lanzarote.jpg?resize=525%2C300&ssl=1 1.5x"},"classes":[]}],"jetpack_featured_media_url":"https:\/\/www.sportalsub.net\/blog\/wp-content\/uploads\/2010\/03\/tecnicasfotosub.jpg","_links":{"self":[{"href":"https:\/\/www.sportalsub.net\/blog\/wp-json\/wp\/v2\/posts\/4247","targetHints":{"allow":["GET"]}}],"collection":[{"href":"https:\/\/www.sportalsub.net\/blog\/wp-json\/wp\/v2\/posts"}],"about":[{"href":"https:\/\/www.sportalsub.net\/blog\/wp-json\/wp\/v2\/types\/post"}],"author":[{"embeddable":true,"href":"https:\/\/www.sportalsub.net\/blog\/wp-json\/wp\/v2\/users\/1"}],"replies":[{"embeddable":true,"href":"https:\/\/www.sportalsub.net\/blog\/wp-json\/wp\/v2\/comments?post=4247"}],"version-history":[{"count":0,"href":"https:\/\/www.sportalsub.net\/blog\/wp-json\/wp\/v2\/posts\/4247\/revisions"}],"wp:featuredmedia":[{"embeddable":true,"href":"https:\/\/www.sportalsub.net\/blog\/wp-json\/wp\/v2\/media\/7966"}],"wp:attachment":[{"href":"https:\/\/www.sportalsub.net\/blog\/wp-json\/wp\/v2\/media?parent=4247"}],"wp:term":[{"taxonomy":"category","embeddable":true,"href":"https:\/\/www.sportalsub.net\/blog\/wp-json\/wp\/v2\/categories?post=4247"},{"taxonomy":"post_tag","embeddable":true,"href":"https:\/\/www.sportalsub.net\/blog\/wp-json\/wp\/v2\/tags?post=4247"}],"curies":[{"name":"wp","href":"https:\/\/api.w.org\/{rel}","templated":true}]}}