{"id":4357,"date":"2010-03-29T13:06:08","date_gmt":"2010-03-29T17:36:08","guid":{"rendered":"http:\/\/www.sportalsub.net\/blog\/?p=4357"},"modified":"2019-08-29T20:55:10","modified_gmt":"2019-08-30T00:55:10","slug":"natacion-con-aletas-presente-en-la-nuit-de-leau-2010-en-francia","status":"publish","type":"post","link":"https:\/\/www.sportalsub.net\/blog\/natacion-con-aletas-presente-en-la-nuit-de-leau-2010-en-francia\/","title":{"rendered":"\ud83c\uddeb\ud83c\uddf7 Nataci\u00f3n con Aletas presente en \u00abLa Nuit de l&#8217;Eau 2010\u00bb en Francia"},"content":{"rendered":"<p style=\"text-align: center;\"><a href=\"http:\/\/www.sportalsub.net\/blog\/wp-content\/uploads\/2010\/03\/nuitdeleau.jpg\" target=\"_blank\"><img loading=\"lazy\" decoding=\"async\" class=\"alignnone size-full wp-image-8201\" src=\"http:\/\/www.sportalsub.net\/blog\/wp-content\/uploads\/2010\/03\/nuitdeleau.jpg\" alt=\"nuitdeleau\" width=\"720\" height=\"480\" srcset=\"https:\/\/www.sportalsub.net\/blog\/wp-content\/uploads\/2010\/03\/nuitdeleau.jpg 720w, https:\/\/www.sportalsub.net\/blog\/wp-content\/uploads\/2010\/03\/nuitdeleau-300x200.jpg 300w, https:\/\/www.sportalsub.net\/blog\/wp-content\/uploads\/2010\/03\/nuitdeleau-177x118.jpg 177w\" sizes=\"auto, (max-width: 720px) 100vw, 720px\" \/><\/a><\/p>\n<p style=\"text-align: justify;\">El S\u00e1bado, 20 de marzo se celebr\u00f3 por tercera vez el evento denominado \u00abLa Nuit de l&#8217;Eau\u00bb. El evento organizado por la Federaci\u00f3n Francesa de Nataci\u00f3n y UNICEF tiene como objetivo contribuir al acceso a zonas de agua desfavorecidas del mundo. La nataci\u00f3n con aletas estuvo presente.<\/p>\n<p><!--more--><\/p>\n<p>El sitio del evento fueron las Piscinas Vallerey situado en el distrito 20 de Par\u00eds. Este evento tuvo un gran \u00e9xito en Francia y se ha transmitido en TV por M6, France T\u00e9l\u00e9visions y Eurosport.<\/p>\n<p style=\"text-align: justify;\">El equipo de Finspirit.com integrado por: Erven Morice,\u00a0Natalia Adaikina\u00a0,\u00a0Miguel Rodriguez,\u00a0Alona Kotchetkova, Andrey Burakov y\u00a0Nikolay Tover participaronb con una demostraci\u00f3n de la Nataci\u00f3n con aletas.<\/p>\n<p style=\"text-align: justify;\">Ver Video del Evento, cortes\u00eda de <a href=\"http:\/\/www.finspirit.com\/index.php?option=com_content&amp;view=article&amp;id=7&amp;Itemid=5&amp;4218c0d0aad911d5a687d94dd70a8da9=c8862e20ed85f88d1aceaf046cf21462\" target=\"_blank\" rel=\"noopener noreferrer\" target=\"_blank\">Finspirit.com<\/a><\/p>\n<p style=\"text-align: justify;\"><a href=\"http:\/\/www.finspirit.com\/index.php?option=com_content&amp;view=article&amp;id=7&amp;Itemid=5&amp;4218c0d0aad911d5a687d94dd70a8da9=c8862e20ed85f88d1aceaf046cf21462\" target=\"_blank\" rel=\"noopener noreferrer\" target=\"_blank\"><img loading=\"lazy\" decoding=\"async\" class=\"alignnone\" style=\"border: 0px;\" src=\"http:\/\/www.finspirit.com\/images\/stories\/ndl2010.png\" alt=\"\" width=\"299\" height=\"404\" \/><\/a><\/p>\n<p style=\"text-align: justify;\"><a href=\"http:\/\/www.lanuitdeleau.com\/\" target=\"_blank\" rel=\"noopener noreferrer\" target=\"_blank\">http:\/\/www.lanuitdeleau.com\/<\/a><\/p>\n<p style=\"text-align: justify;\">\n","protected":false},"excerpt":{"rendered":"<p>El S\u00e1bado, 20 de marzo se celebr\u00f3 por tercera vez el evento denominado \u00abLa Nuit de l&#8217;Eau\u00bb. El evento organizado por la Federaci\u00f3n Francesa de Nataci\u00f3n y UNICEF tiene como objetivo contribuir al acceso a zonas de agua desfavorecidas del mundo. La nataci\u00f3n con aletas estuvo presente.<\/p>\n","protected":false},"author":1,"featured_media":8201,"comment_status":"open","ping_status":"closed","sticky":false,"template":"","format":"standard","meta":{"_lmt_disableupdate":"","_lmt_disable":"","jetpack_post_was_ever_published":false,"_jetpack_newsletter_access":"","_jetpack_dont_email_post_to_subs":false,"_jetpack_newsletter_tier_id":0,"_jetpack_memberships_contains_paywalled_content":false,"_jetpack_memberships_contains_paid_content":false,"footnotes":"","jetpack_publicize_message":"","jetpack_publicize_feature_enabled":true,"jetpack_social_post_already_shared":false,"jetpack_social_options":{"image_generator_settings":{"template":"highway","default_image_id":0,"font":"","enabled":false},"version":2}},"categories":[152,12],"tags":[],"class_list":["post-4357","post","type-post","status-publish","format-standard","has-post-thumbnail","hentry","category-francia","category-natacion-con-aletas"],"modified_by":"Sportalsub.net","views":2844,"jetpack_publicize_connections":[],"jetpack_featured_media_url":"https:\/\/www.sportalsub.net\/blog\/wp-content\/uploads\/2010\/03\/nuitdeleau.jpg","jetpack_sharing_enabled":true,"jetpack_shortlink":"https:\/\/wp.me\/pf9lN-18h","jetpack_likes_enabled":false,"jetpack-related-posts":[{"id":15113,"url":"https:\/\/www.sportalsub.net\/blog\/venezuela-tambien-estuvo-presente-en-copa-del-mundo-de-natacion-con-aletas-en-francia\/","url_meta":{"origin":4357,"position":0},"title":"\ud83c\uddfb\ud83c\uddea Venezuela tambi\u00e9n estuvo presente en Copa del Mundo de Nataci\u00f3n con Aletas en Francia","author":"Sportalsub.net","date":"15 abril 2013","format":false,"excerpt":"(Especial Sportalsub.net) El nadador con aletas venezolano, Yobert Ramos estuvo participando en la 4ta Ronda de la VIII Copa del Mundo de Nataci\u00f3n con Aletas realizada el pasado\u00a013 y 14 de abril en Aix en Provence, Francia. Ramos, quien es el actual poseedor de los R\u00e9cords Nacionales Absolutos de Venezuela\u2026","rel":"","context":"En \u00abCopa Mundo CMAS 2013\u00bb","block_context":{"text":"Copa Mundo CMAS 2013","link":"https:\/\/www.sportalsub.net\/blog\/category\/coberturas-especiales\/copa-mundo-cmas-2013\/"},"img":{"alt_text":"","src":"https:\/\/i0.wp.com\/www.sportalsub.net\/blog\/wp-content\/uploads\/2013\/04\/yobert-ramos.jpg?resize=350%2C200&ssl=1","width":350,"height":200},"classes":[]},{"id":15096,"url":"https:\/\/www.sportalsub.net\/blog\/viii-copa-mundo-natacion-con-aletas-cmas-4ta-ronda-2013-francia\/","url_meta":{"origin":4357,"position":1},"title":"\ud83c\uddeb\ud83c\uddf7 Resultados VIII Copa Mundo Nataci\u00f3n con Aletas CMAS \u2013 4ta Ronda 2013 \u2013 Francia","author":"Sportalsub.net","date":"13 abril 2013","format":false,"excerpt":"(Especial Sportalsub.net \/ FFESSM \/ CMAS\/ Finswimmer) Este fin de semana, s\u00e1bado 13 y domingo 14 de abril se realiz\u00f3 en Aix en Provence, Francia;\u00a0la 4ta Ronda de la VIII Copa del Mundo de Nataci\u00f3n con Aletas CMAS con la participaci\u00f3n de m\u00e1s de 250 atletas, de 56 clubes de\u2026","rel":"","context":"En \u00abColombia\u00bb","block_context":{"text":"Colombia","link":"https:\/\/www.sportalsub.net\/blog\/category\/paises\/america\/colombia\/"},"img":{"alt_text":"","src":"https:\/\/i0.wp.com\/www.sportalsub.net\/blog\/wp-content\/uploads\/2013\/04\/ronda-francia.jpg?resize=350%2C200&ssl=1","width":350,"height":200,"srcset":"https:\/\/i0.wp.com\/www.sportalsub.net\/blog\/wp-content\/uploads\/2013\/04\/ronda-francia.jpg?resize=350%2C200&ssl=1 1x, https:\/\/i0.wp.com\/www.sportalsub.net\/blog\/wp-content\/uploads\/2013\/04\/ronda-francia.jpg?resize=525%2C300&ssl=1 1.5x"},"classes":[]},{"id":9893,"url":"https:\/\/www.sportalsub.net\/blog\/campeonato-europeo-juvenil-de-natacion-con-aletas-hungria-2011\/","url_meta":{"origin":4357,"position":2},"title":"\ud83c\udded\ud83c\uddfa Campeonato Europeo Juvenil de Nataci\u00f3n con Aletas Hungr\u00eda 2011","author":"Sportalsub.net","date":"12 julio 2011","format":false,"excerpt":"(Especial Sportalsub.net) Desde el mi\u00e9rcoles 13 y hasta el domingo 17 de julio se realizar\u00e1 en\u00a0Miskolc, Hungr\u00eda el 13er Campeonato Europeo Juvenil de Nataci\u00f3n con Aletas CMAS.\u00a0El evento se realizar\u00e1 en las pruebas de piscina y Larga Distancia, con la participaci\u00f3n de m\u00e1s de 150 deportistas de 17 pa\u00edses. Resultados\u2026","rel":"","context":"En \u00abAlemania\u00bb","block_context":{"text":"Alemania","link":"https:\/\/www.sportalsub.net\/blog\/category\/paises\/europa\/alemania\/"},"img":{"alt_text":"","src":"https:\/\/i0.wp.com\/www.sportalsub.net\/blog\/wp-content\/uploads\/2011\/07\/europeojuvenilaletas.jpg?resize=350%2C200&ssl=1","width":350,"height":200,"srcset":"https:\/\/i0.wp.com\/www.sportalsub.net\/blog\/wp-content\/uploads\/2011\/07\/europeojuvenilaletas.jpg?resize=350%2C200&ssl=1 1x, https:\/\/i0.wp.com\/www.sportalsub.net\/blog\/wp-content\/uploads\/2011\/07\/europeojuvenilaletas.jpg?resize=525%2C300&ssl=1 1.5x"},"classes":[]},{"id":74818,"url":"https:\/\/www.sportalsub.net\/blog\/argentina-mundial-nadosub-master-aguas-abiertas-2024-francia\/","url_meta":{"origin":4357,"position":3},"title":"\ud83c\udde6\ud83c\uddf7 Argentina presente en Mundial de Nataci\u00f3n con Aletas Master Aguas Abiertas 2024 en Francia","author":"Sportalsub.net","date":"10 agosto 2024","format":false,"excerpt":"(Especial Sportalsub.net) Siete nadadores con aletas del Club de Buceo Neptuno de Comodoro Rivadavia representar\u00e1n a la Argentina en el 5to Campeonato Mundial de Nataci\u00f3n con Aletas en Aguas abiertas Categor\u00edas Master de la Confederaci\u00f3n Mundial de Actividades Subacu\u00e1ticas (CMAS) a realizarse en Carry Le Rouet, Francia del 21 al\u2026","rel":"","context":"En \u00abArgentina\u00bb","block_context":{"text":"Argentina","link":"https:\/\/www.sportalsub.net\/blog\/category\/paises\/america\/argentina\/"},"img":{"alt_text":"","src":"https:\/\/i0.wp.com\/www.sportalsub.net\/blog\/wp-content\/uploads\/2024\/08\/equiponeptuno.jpg?resize=350%2C200&ssl=1","width":350,"height":200,"srcset":"https:\/\/i0.wp.com\/www.sportalsub.net\/blog\/wp-content\/uploads\/2024\/08\/equiponeptuno.jpg?resize=350%2C200&ssl=1 1x, https:\/\/i0.wp.com\/www.sportalsub.net\/blog\/wp-content\/uploads\/2024\/08\/equiponeptuno.jpg?resize=525%2C300&ssl=1 1.5x, https:\/\/i0.wp.com\/www.sportalsub.net\/blog\/wp-content\/uploads\/2024\/08\/equiponeptuno.jpg?resize=700%2C400&ssl=1 2x"},"classes":[]},{"id":8575,"url":"https:\/\/www.sportalsub.net\/blog\/xi-open-internacional-de-natacion-con-aletas-de-ordizia-espana\/","url_meta":{"origin":4357,"position":4},"title":"\ud83c\uddea\ud83c\uddf8 XI Open Internacional de Nataci\u00f3n con Aletas de Ordizia. Espa\u00f1a &#8211; 26 de Febrero","author":"Sportalsub.net","date":"11 febrero 2011","format":false,"excerpt":"Como cada a\u00f1o, este 26 de febrero se realizar\u00e1 la XI edici\u00f3n del Open Internacional de Nataci\u00f3n con Aletas de Ordizia, en Espa\u00f1a. Evento incluido en el Calendario de Competiciones Internacionales de la Confederaci\u00f3n Mundial de Actividades Subacu\u00e1ticas (CMAS) y que reune a los mejores nadadores con aletas del mundo.\u2026","rel":"","context":"En \u00abCMAS\u00bb","block_context":{"text":"CMAS","link":"https:\/\/www.sportalsub.net\/blog\/category\/mas\/organizaciones\/cmas-organizaciones\/"},"img":{"alt_text":"","src":"https:\/\/i0.wp.com\/www.sportalsub.net\/blog\/wp-content\/uploads\/2011\/02\/aficheordizia.jpg?resize=350%2C200&ssl=1","width":350,"height":200,"srcset":"https:\/\/i0.wp.com\/www.sportalsub.net\/blog\/wp-content\/uploads\/2011\/02\/aficheordizia.jpg?resize=350%2C200&ssl=1 1x, https:\/\/i0.wp.com\/www.sportalsub.net\/blog\/wp-content\/uploads\/2011\/02\/aficheordizia.jpg?resize=525%2C300&ssl=1 1.5x"},"classes":[]},{"id":66327,"url":"https:\/\/www.sportalsub.net\/blog\/finswimming-aix-en-provence-2024","url_meta":{"origin":4357,"position":5},"title":"\ud83c\uddeb\ud83c\uddf7 Resultados &#8211; XVIII Copa Mundo CMAS de Nataci\u00f3n con Aletas 2024 &#8211; Aix en Provence, Francia","author":"Sportalsub.net","date":"26 febrero 2024","format":false,"excerpt":"(Sportalsub.net \/ CMAS \/ FFESSM \/ Pays d'Aix Natation) Read in English Pays d'Aix Natation organiz\u00f3 la primera ronda de la XVIII Copa Mundo CMAS de Nataci\u00f3n con Aletas 2024 en Aix-en-Provence, Francia del 23 al 25 de Febrero 2024. 523 nadadores con aletas de 93 clubes y 19 pa\u00edses\u2026","rel":"","context":"En \u00abFrancia\u00bb","block_context":{"text":"Francia","link":"https:\/\/www.sportalsub.net\/blog\/category\/paises\/europa\/francia\/"},"img":{"alt_text":"","src":"https:\/\/i0.wp.com\/www.sportalsub.net\/blog\/wp-content\/uploads\/2023\/11\/aixenprovence2024.jpg?resize=350%2C200&ssl=1","width":350,"height":200,"srcset":"https:\/\/i0.wp.com\/www.sportalsub.net\/blog\/wp-content\/uploads\/2023\/11\/aixenprovence2024.jpg?resize=350%2C200&ssl=1 1x, https:\/\/i0.wp.com\/www.sportalsub.net\/blog\/wp-content\/uploads\/2023\/11\/aixenprovence2024.jpg?resize=525%2C300&ssl=1 1.5x, https:\/\/i0.wp.com\/www.sportalsub.net\/blog\/wp-content\/uploads\/2023\/11\/aixenprovence2024.jpg?resize=700%2C400&ssl=1 2x"},"classes":[]}],"_links":{"self":[{"href":"https:\/\/www.sportalsub.net\/blog\/wp-json\/wp\/v2\/posts\/4357","targetHints":{"allow":["GET"]}}],"collection":[{"href":"https:\/\/www.sportalsub.net\/blog\/wp-json\/wp\/v2\/posts"}],"about":[{"href":"https:\/\/www.sportalsub.net\/blog\/wp-json\/wp\/v2\/types\/post"}],"author":[{"embeddable":true,"href":"https:\/\/www.sportalsub.net\/blog\/wp-json\/wp\/v2\/users\/1"}],"replies":[{"embeddable":true,"href":"https:\/\/www.sportalsub.net\/blog\/wp-json\/wp\/v2\/comments?post=4357"}],"version-history":[{"count":0,"href":"https:\/\/www.sportalsub.net\/blog\/wp-json\/wp\/v2\/posts\/4357\/revisions"}],"wp:featuredmedia":[{"embeddable":true,"href":"https:\/\/www.sportalsub.net\/blog\/wp-json\/wp\/v2\/media\/8201"}],"wp:attachment":[{"href":"https:\/\/www.sportalsub.net\/blog\/wp-json\/wp\/v2\/media?parent=4357"}],"wp:term":[{"taxonomy":"category","embeddable":true,"href":"https:\/\/www.sportalsub.net\/blog\/wp-json\/wp\/v2\/categories?post=4357"},{"taxonomy":"post_tag","embeddable":true,"href":"https:\/\/www.sportalsub.net\/blog\/wp-json\/wp\/v2\/tags?post=4357"}],"curies":[{"name":"wp","href":"https:\/\/api.w.org\/{rel}","templated":true}]}}