{"id":44928,"date":"2023-10-07T07:02:20","date_gmt":"2023-10-07T11:02:20","guid":{"rendered":"https:\/\/www.sportalsub.net\/blog\/?p=44928"},"modified":"2025-04-02T01:08:58","modified_gmt":"2025-04-02T05:08:58","slug":"%f0%9f%87%b5%f0%9f%87%b9-diving-talks-portugal-20201-congreso-internacional-de-buceo","status":"publish","type":"post","link":"https:\/\/www.sportalsub.net\/blog\/diving-talks","title":{"rendered":"\ud83c\uddf5\ud83c\uddf9 Diving Talks Portugal 2023 &#8211; Congreso Internacional de Buceo"},"content":{"rendered":"<p><img loading=\"lazy\" decoding=\"async\" class=\"alignnone size-full wp-image-60043\" src=\"https:\/\/www.sportalsub.net\/blog\/wp-content\/uploads\/2021\/10\/divingtalks2023.jpg\" alt=\"\" width=\"900\" height=\"600\" srcset=\"https:\/\/www.sportalsub.net\/blog\/wp-content\/uploads\/2021\/10\/divingtalks2023.jpg 900w, https:\/\/www.sportalsub.net\/blog\/wp-content\/uploads\/2021\/10\/divingtalks2023-300x200.jpg 300w, https:\/\/www.sportalsub.net\/blog\/wp-content\/uploads\/2021\/10\/divingtalks2023-768x512.jpg 768w, https:\/\/www.sportalsub.net\/blog\/wp-content\/uploads\/2021\/10\/divingtalks2023-450x300.jpg 450w\" sizes=\"auto, (max-width: 900px) 100vw, 900px\" \/><\/p>\n<p>(Sportalsub.net \/ Diving Talks) &#8211; <a href=\"https:\/\/www.sportalsub.net\/en\/diving-talks\/\">Read in English<\/a><\/p>\n<p><strong>Diving Talks \u2013 Portugal 2023<\/strong> \u2013 International Diving Show se realizar\u00e1 con la m\u00e1s alta calidad del panel de oradores y reforzar\u00e1 dos caracter\u00edsticas esenciales.<\/p>\n<p>El Show se convierte en un viaje de buceo que le permite bucear antes o despu\u00e9s del fin de semana: comun\u00edquese con <a href=\"https:\/\/www.portugaldive.com\" target=\"_blank\"><span style=\"font-weight: 400;\">Portugal Dive<\/span><\/a><span style=\"font-weight: 400;\"> en <a href=\"https:\/\/www.portugaldive.com\" target=\"_blank\">https:\/\/www.portugaldive.com<\/a>.<\/span>.<\/p>\n<p><strong>Tambi\u00e9n es un espect\u00e1culo de buceo para no buceadore<\/strong>s. Los asistentes traen a sus familias, parejas o amigos \u2013 no buceadores porque el fin de semana tambi\u00e9n es para ellos. Los Organizadores tambi\u00e9n incluyen en el programa actividades para no buceadores, y la ubicaci\u00f3n del lugar es, en s\u00ed misma, bastante acogedora para aquellos que no asisten a las Charlas.<\/p>\n<p>DIVING talks &#8211; Portugal 2023, es un evento internacional para promover y compartir conocimientos sobre el medio ambiente submarino, que tendr\u00e1 lugar en Portugal, del 6 al 8 de octubre de 2023, y traer\u00e1 a Portugal a los principales buceadores del mundo, mostrando sus mejores logros recientes.<\/p>\n<p><strong>PUNTO DE CONTACTO PARA M\u00c1S DETALLES<\/strong><\/p>\n<p>Arlindo Serr\u00e3o<br \/>\nE-mail: <a href=\"mailto:arlindo.serrao@portugaldive.com\">arlindo.serrao@portugaldive.com<\/a><br \/>\nMobile: +351 964643858<\/p>\n<p>M\u00e1s informaci\u00f3n:<br \/>\nWebsite <a href=\"https:\/\/www.divingtalks.com\" target=\"_blank\">https:\/\/www.divingtalks.com<\/a><br \/>\nFacebook <a href=\"https:\/\/www.facebook.com\/divingtalks\" target=\"_blank\">https:\/\/www.facebook.com\/divingtalks<\/a><br \/>\nInstagram <a href=\"https:\/\/www.instagram.com\/diving.talks\" target=\"_blank\">https:\/\/www.instagram.com\/diving.talks<\/a><br \/>\nTwitter <a href=\"https:\/\/www.twitter.com\/divingtalks\" target=\"_blank\">https:\/\/www.twitter.com\/divingtalks<\/a><\/p>\n<hr \/>\n<p><strong>DIVING TALKS 2022<\/strong><\/p>\n<p><img loading=\"lazy\" decoding=\"async\" class=\"alignnone size-full wp-image-60042\" src=\"https:\/\/www.sportalsub.net\/blog\/wp-content\/uploads\/2021\/10\/divingtalks2022.jpg\" alt=\"\" width=\"900\" height=\"600\" srcset=\"https:\/\/www.sportalsub.net\/blog\/wp-content\/uploads\/2021\/10\/divingtalks2022.jpg 900w, https:\/\/www.sportalsub.net\/blog\/wp-content\/uploads\/2021\/10\/divingtalks2022-300x200.jpg 300w, https:\/\/www.sportalsub.net\/blog\/wp-content\/uploads\/2021\/10\/divingtalks2022-768x512.jpg 768w, https:\/\/www.sportalsub.net\/blog\/wp-content\/uploads\/2021\/10\/divingtalks2022-450x300.jpg 450w\" sizes=\"auto, (max-width: 900px) 100vw, 900px\" \/><\/p>\n<p>Diving Talks &#8211; Portugal 2022 fue todo un \u00e9xito. A todos los que asistieron les gust\u00f3 tanto que los Organizadores decidieron regresar en un a\u00f1o, nuevamente. La segunda edici\u00f3n se llev\u00f3 a cabo en Portugal, del 7 al 9 de octubre de 2022.<\/p>\n<p>Los Organizadores quer\u00edan que Diving Talks fuera un encuentro diferente, potenciando el sentimiento de comunidad y fomentando el networking, especialmente con los Speakers y otros l\u00edderes de opini\u00f3n. Eso es universalmente reconocido como logrado.<\/p>\n<p>Mira el video de resumen de los fant\u00e1sticos tres d\u00edas en el programa Diving Talks.<\/p>\n<p><span class=\"embed-youtube\" style=\"text-align:center; display: block;\"><iframe loading=\"lazy\" class=\"youtube-player\" width=\"860\" height=\"484\" src=\"https:\/\/www.youtube.com\/embed\/eNbBAHuzyos?version=3&#038;rel=1&#038;showsearch=0&#038;showinfo=1&#038;iv_load_policy=1&#038;fs=1&#038;hl=es-ES&#038;autohide=2&#038;wmode=transparent\" allowfullscreen=\"true\" style=\"border:0;\" sandbox=\"allow-scripts allow-same-origin allow-popups allow-presentation allow-popups-to-escape-sandbox\"><\/iframe><\/span><\/p>\n<p>Si es un proveedor interesado en exhibir o patrocinar la pr\u00f3xima edici\u00f3n, puede descargar el i<a href=\"https:\/\/www.divingtalks.com\/wp-content\/uploads\/2022\/12\/DivingTalks-2022-Postevent-Report_compressed.pdf\" target=\"_blank\">nforme posterior al evento<\/a>, donde encontrar\u00e1 algunas estad\u00edsticas interesantes.<\/p>\n<p>Algunas observaciones sobre el Show.<\/p>\n<p>\u00abCharlas\u00bb<\/p>\n<p>\u00abEste concepto est\u00e1 funcionando bien y lo encontr\u00e9 refrescante porque elimin\u00f3 gran parte de la barrera habitual entre los presentadores y la audiencia. El ambiente se volvi\u00f3 m\u00e1s inclusivo e \u00edntimo, lo que facilit\u00f3 las charlas y estimul\u00f3 las conversaciones continuas durante las pausas para el caf\u00e9 o durante los almuerzos. y cenas\u00bb.<\/p>\n<p>\u00abRelajado\u00bb<\/p>\n<p>\u00abPero seg\u00fan este criterio, Diving Talks es, por un c\u00f3modo margen, el m\u00e1s relajado y agradable entre los muchos a los que he asistido a lo largo de los a\u00f1os, precisamente porque hubo espacio y tiempo para conversaciones estimulantes con otros profesionales de la industria del buceo con los que tuve la oportunidad. oportunidad de conectarse en un nivel mucho m\u00e1s profundo y m\u00e1s personal de lo habitual\u00bb.<\/p>\n<p>\u201cCompartir las Charlas\u201d fue un objetivo obligatorio para los Organizadores desde el primer momento.<\/p>\n<p>Una vez m\u00e1s, todo el contenido de Diving Talks, especialmente las presentaciones de los oradores, se publica y est\u00e1 disponible de forma gratuita en el canal de YouTube de Diving Talks <a href=\"https:\/\/www.youtube.com\/channel\/UC-z_Jn9qVM15R7bcnSbPjeg\" target=\"_blank\"><span style=\"font-weight: 400;\">Diving Talks YouTube channel<\/span><\/a>. Suscr\u00edbete y mira todas las fant\u00e1sticas \u00abCharlas\u00bb.<\/p>\n<hr \/>\n<p><strong>DIVING TALKS 2021<\/strong><\/p>\n<p><img loading=\"lazy\" decoding=\"async\" class=\"alignnone size-full wp-image-44929\" src=\"https:\/\/www.sportalsub.net\/blog\/wp-content\/uploads\/2021\/02\/divingtalks2021.jpg\" alt=\"\" width=\"900\" height=\"600\" srcset=\"https:\/\/www.sportalsub.net\/blog\/wp-content\/uploads\/2021\/02\/divingtalks2021.jpg 900w, https:\/\/www.sportalsub.net\/blog\/wp-content\/uploads\/2021\/02\/divingtalks2021-300x200.jpg 300w, https:\/\/www.sportalsub.net\/blog\/wp-content\/uploads\/2021\/02\/divingtalks2021-768x512.jpg 768w, https:\/\/www.sportalsub.net\/blog\/wp-content\/uploads\/2021\/02\/divingtalks2021-450x300.jpg 450w\" sizes=\"auto, (max-width: 900px) 100vw, 900px\" \/><\/p>\n<p>DIVING talks &#8211; Portugal 2021, es un evento internacional para promover y compartir conocimientos sobre el medio submarino, que tuvo lugar por primera vez en Portugal, del 8 al 10 de octubre, trayendo a Portugal los principales buceadores del mundo, mostrando sus mayores y recientes logros.<\/p>\n<div>DIVING talks 2021 cont\u00f3 con 26 charlas a cargo de oradores principales de B\u00e9lgica, Canad\u00e1, Inglaterra, Finlandia, Polonia, Portugal, Espa\u00f1a, Suiza, Estados Unidos y Gales; acoger\u00e1 a m\u00e1s de 250 asistentes de todo el mundo, en 3 d\u00edas fant\u00e1sticos en la pen\u00ednsula de Tr\u00f3ia, una gigantesca duna que se ha estado formando durante miles de a\u00f1os, con el Oc\u00e9ano Atl\u00e1ntico al oeste y el estuario del Sado al este.<\/div>\n<div><\/div>\n<div>DIVING talks es hablar de buceo; hablar es una expresi\u00f3n de comunicaci\u00f3n, comunicar es compartir; as\u00ed que hablemos de buceo y compartamos las charlas.<\/div>\n<p><strong>Los buzos lo llaman \u00abel evento de buceo m\u00e1s importante en 2021\u00bb<\/strong><\/p>\n<p><strong>Los organizadores del evento bromean al respecto, diciendo: \u00abes el \u00fanico en 2021\u00bb.<\/strong><br \/>\n<strong>Pero los hechos hablan de otra manera.<\/strong><\/p>\n<p>Diving Talks &#8211; Portugal 2021 &#8211; El Congreso Internacional de Buceo tendr\u00e1 lugar en Portugal del 8 al 10 de octubre en la pen\u00ednsula de Tr\u00f3ia, una gigantesca duna de arena que se ha formado durante miles de a\u00f1os, con el Oc\u00e9ano Atl\u00e1ntico al oeste y el estuario de West Sado al este. Este entorno privilegiado, con entornos de playa, dunas, marismas, estuarios y pinares, es un lugar fant\u00e1stico para el encuentro de la comunidad de submarinistas.<\/p>\n<p>El atractivo del Congreso Internacional Diving Talks surge principalmente del panel de ponentes. Buzos, investigadores, exploradores como Cristina Zenato, Jill Heinerth, Natalie Gibb, Sylvia Earle, Ahmed Gabr, Mark Powell, Martyn Farr y Sami Paakkarinen son algunos ejemplos del influyente grupo que compartir\u00e1 sus recientes contribuciones en el hermoso Tr\u00f3ia Resort.<\/p>\n<p><img loading=\"lazy\" decoding=\"async\" class=\"alignnone size-full wp-image-26110\" src=\"https:\/\/www.sportalsub.net\/en\/wp-content\/uploads\/2021\/02\/speakers.jpg\" alt=\"\" width=\"886\" height=\"591\" \/><\/p>\n<p>Pero el lugar y el hecho de que todo se est\u00e1 preparando para que Diving Talks sea un evento para no buceadores tambi\u00e9n hace que esta primera edici\u00f3n portuguesa sea la reuni\u00f3n que no debes perderte. Ser\u00e1 un evento inclusivo: un fin de semana fant\u00e1stico para llevar a su familia y socios; por lo tanto, se est\u00e1n preparando varios eventos paralelos a prop\u00f3sito para aquellos que no desean asistir a las conversaciones. Tours en la regi\u00f3n, navegando por el r\u00edo Sado o visitando bodegas donde degustar\u00e1 los mejores vinos producidos en esta parte del Alentejo. Mejor no decir m\u00e1s, la idea es que los buzos asistan a las Charlas.<\/p>\n<p>Diving Talks ser\u00e1 un concepto diferente tambi\u00e9n para las marcas. El objetivo de la organizaci\u00f3n es ofrecer a los asistentes experiencias de marca compartida durante el fin de semana, dando a los patrocinadores un pretexto para un compromiso m\u00e1s s\u00f3lido con su audiencia.<\/p>\n<p>Dicho todo esto, nuestra recomendaci\u00f3n: no espere a registrarse para ser parte de este nuevo evento. El n\u00famero de asistentes est\u00e1 limitado por las recomendaciones de la autoridad sanitaria.<\/p>\n<p>Reg\u00edstrate ahora! <a href=\"https:\/\/www.divingtalks.com\/tickets\" target=\"_blank\">https:\/\/www.divingtalks.com\/tickets<\/a><\/p>\n<p><strong>Diving Talks Youtube channel<\/strong><\/p>\n<p><a href=\"https:\/\/www.youtube.com\/channel\/UC-z_Jn9qVM15R7bcnSbPjeg\" target=\"_blank\">https:\/\/www.youtube.com\/channel\/UC-z_Jn9qVM15R7bcnSbPjeg<\/a><\/p>\n<p>Echa un vistazo y SUSCR\u00cdBETE al canal de Youtube de las charlas DIVING 2021. Vea las presentaciones de los oradores y otros clips sobre el evento y el lugar.<\/p>\n<p><strong>ORGANIZACION<\/strong><\/p>\n<ul>\n<li>PORTUGAL DIVE<\/li>\n<li>UNITED BY THE SEA<\/li>\n<li>BESTEMOTIONS<\/li>\n<\/ul>\n<p><strong>COMIT\u00c9 ORGANIZADOR<\/strong><\/p>\n<ul>\n<li>Arlindo Serrao<\/li>\n<li>Paulo Costa<\/li>\n<li>Cristina Rocha Antunes<\/li>\n<\/ul>\n<p><strong>PUNTO DE CONTACTO PARA M\u00c1S DETALLES<\/strong><\/p>\n<p>Arlindo Serr\u00e3o<br \/>\nE-mail: <a href=\"mailto:arlindo.serrao@portugaldive.com\">arlindo.serrao@portugaldive.com<\/a><br \/>\nMobile: +351 964643858<\/p>\n<p>M\u00e1s informaci\u00f3n:<br \/>\nWebsite <a href=\"https:\/\/www.divingtalks.com\" target=\"_blank\">https:\/\/www.divingtalks.com<\/a><br \/>\nFacebook <a href=\"https:\/\/www.facebook.com\/divingtalks\" target=\"_blank\">https:\/\/www.facebook.com\/divingtalks<\/a><br \/>\nInstagram <a href=\"https:\/\/www.instagram.com\/diving.talks\" target=\"_blank\">https:\/\/www.instagram.com\/diving.talks<\/a><br \/>\nTwitter <a href=\"https:\/\/www.twitter.com\/divingtalks\" target=\"_blank\">https:\/\/www.twitter.com\/divingtalks<\/a><\/p>\n<p><strong><a href=\"https:\/\/www.sportalsub.net\/en\/wp-content\/uploads\/2021\/02\/DivingTalks2021_InternationalDivingCongress_PRESSRELEASE_August.pdf\" target=\"_blank\" rel=\"noopener\">Diving Talks PRESS RELEASE AUGUST<\/a><\/strong><\/p>\n<p><a href=\"https:\/\/www.sportalsub.net\/en\/wp-content\/uploads\/2021\/02\/DivingTalks2021_InternationalDivingCongress_PRESSRELEASE_August.pdf\" target=\"_blank\" rel=\"noopener noreferrer nofollow\">Haz clic para acceder a DivingTalks2021_InternationalDivingCongress_PRESSRELEASE_August.pdf<\/a><\/p>\n<p>&nbsp;<\/p>\n<p><strong><a href=\"https:\/\/www.sportalsub.net\/en\/wp-content\/uploads\/2021\/02\/Diving-Talks-PRESS-RELEASE.pdf\" target=\"_blank\" rel=\"noopener noreferrer\">Diving Talks PRESS RELEASE<\/a><\/strong><\/p>\n<p><a href=\"https:\/\/www.sportalsub.net\/en\/wp-content\/uploads\/2021\/02\/Diving-Talks-PRESS-RELEASE.pdf\" target=\"_blank\" rel=\"noopener noreferrer nofollow\">Haz clic para acceder a Diving-Talks-PRESS-RELEASE.pdf<\/a><\/p>\n","protected":false},"excerpt":{"rendered":"<p>(Sportalsub.net \/ Diving Talks) &#8211; Read in English Diving Talks \u2013 Portugal 2023 \u2013 International Diving Show se realizar\u00e1 con la m\u00e1s alta calidad del panel de oradores y reforzar\u00e1 dos caracter\u00edsticas esenciales. El Show se convierte en un viaje de buceo que le permite bucear antes o despu\u00e9s del fin de semana: comun\u00edquese con Portugal Dive en https:\/\/www.portugaldive.com.. Tambi\u00e9n [&#8230;]<\/p>\n","protected":false},"author":1,"featured_media":60043,"comment_status":"open","ping_status":"closed","sticky":false,"template":"","format":"standard","meta":{"_lmt_disableupdate":"no","_lmt_disable":"no","jetpack_post_was_ever_published":false,"_jetpack_newsletter_access":"","_jetpack_dont_email_post_to_subs":false,"_jetpack_newsletter_tier_id":0,"_jetpack_memberships_contains_paywalled_content":false,"_jetpack_memberships_contains_paid_content":false,"footnotes":"","jetpack_publicize_message":"","jetpack_publicize_feature_enabled":true,"jetpack_social_post_already_shared":true,"jetpack_social_options":{"image_generator_settings":{"template":"highway","default_image_id":0,"font":"","enabled":false},"version":2}},"categories":[186,163],"tags":[],"class_list":["post-44928","post","type-post","status-publish","format-standard","has-post-thumbnail","hentry","category-buceo-2","category-portugal"],"modified_by":"Sportalsub.net","views":3454,"jetpack_publicize_connections":[],"jetpack_featured_media_url":"https:\/\/www.sportalsub.net\/blog\/wp-content\/uploads\/2021\/10\/divingtalks2023.jpg","jetpack_sharing_enabled":true,"jetpack_shortlink":"https:\/\/wp.me\/pf9lN-bGE","jetpack_likes_enabled":false,"jetpack-related-posts":[{"id":67209,"url":"https:\/\/www.sportalsub.net\/blog\/sport-diving-portugal-2023","url_meta":{"origin":44928,"position":0},"title":"\ud83c\uddf5\ud83c\uddf9 1ra Copa Internacional de Buceo Deportivo por clubes &#8211; Vila Franca de Xira, Portugal 2023","author":"Sportalsub.net","date":"3 diciembre 2023","format":false,"excerpt":"(Sportalsub.net \/ FPAS \/ FEXAS) - Read in English 1ra Copa Internacional de Buceo Deportivo por clubes 8 al 10 de Diciembre 2023 Vila Franca de Xira, Portugal \ud83c\uddf5\ud83c\uddf9 Este evento es el resultado de una colaboraci\u00f3n entre la Federaci\u00f3n Portuguesa de Actividades Subacu\u00e1ticas (FPAS) y la Federaci\u00f3n Espa\u00f1ola de\u2026","rel":"","context":"En \u00abBuceo de Competici\u00f3n\u00bb","block_context":{"text":"Buceo de Competici\u00f3n","link":"https:\/\/www.sportalsub.net\/blog\/category\/modalidades\/buceo-2\/buceo-deportivo\/"},"img":{"alt_text":"","src":"https:\/\/i0.wp.com\/www.sportalsub.net\/blog\/wp-content\/uploads\/2023\/11\/sportdivingportugal2023.jpg?resize=350%2C200&ssl=1","width":350,"height":200,"srcset":"https:\/\/i0.wp.com\/www.sportalsub.net\/blog\/wp-content\/uploads\/2023\/11\/sportdivingportugal2023.jpg?resize=350%2C200&ssl=1 1x, https:\/\/i0.wp.com\/www.sportalsub.net\/blog\/wp-content\/uploads\/2023\/11\/sportdivingportugal2023.jpg?resize=525%2C300&ssl=1 1.5x, https:\/\/i0.wp.com\/www.sportalsub.net\/blog\/wp-content\/uploads\/2023\/11\/sportdivingportugal2023.jpg?resize=700%2C400&ssl=1 2x"},"classes":[]},{"id":27615,"url":"https:\/\/www.sportalsub.net\/blog\/curso-buceo-cientifico-colombia-2018","url_meta":{"origin":44928,"position":1},"title":"\ud83c\udde8\ud83c\uddf4 Realizado Curso Internacional de Preservaci\u00f3n y Conservaci\u00f3n Marina para la Formaci\u00f3n de Buzos Cient\u00edficos 2018 \u2013 Colombia","author":"Sportalsub.net","date":"30 mayo 2018","format":false,"excerpt":"(Sportalsub.net \/ FEDECAS \/ CMAS Zona Am\u00e9rica) - Read in English Culmina con gran \u00e9xito el \u201cCurso Internacional de Preservaci\u00f3n y Conservaci\u00f3n Marina para la Formaci\u00f3n de Buzos Cient\u00edficos\u201d que se realiz\u00f3 en la Isla de San Andr\u00e9s y Providencia, Colombia del 23 al 28 de mayo de 2018. Cont\u00f3\u2026","rel":"","context":"En \u00abBuceo Cient\u00edfico\u00bb","block_context":{"text":"Buceo Cient\u00edfico","link":"https:\/\/www.sportalsub.net\/blog\/category\/modalidades\/buceo-2\/buceo-cientifico\/"},"img":{"alt_text":"","src":"https:\/\/i0.wp.com\/www.sportalsub.net\/blog\/wp-content\/uploads\/2018\/05\/cursocientificocolombia.jpg?resize=350%2C200&ssl=1","width":350,"height":200,"srcset":"https:\/\/i0.wp.com\/www.sportalsub.net\/blog\/wp-content\/uploads\/2018\/05\/cursocientificocolombia.jpg?resize=350%2C200&ssl=1 1x, https:\/\/i0.wp.com\/www.sportalsub.net\/blog\/wp-content\/uploads\/2018\/05\/cursocientificocolombia.jpg?resize=525%2C300&ssl=1 1.5x, https:\/\/i0.wp.com\/www.sportalsub.net\/blog\/wp-content\/uploads\/2018\/05\/cursocientificocolombia.jpg?resize=700%2C400&ssl=1 2x"},"classes":[]},{"id":74946,"url":"https:\/\/www.sportalsub.net\/blog\/cmas-sport-diving-portugal-2024","url_meta":{"origin":44928,"position":2},"title":"\ud83c\uddf5\ud83c\uddf9 Resultados &#8211; Campeonatos Mundiales y Copa del Mundo CMAS de Buceo Deportivo 2024 \u2013 Vila Franca de Xira, Portugal","author":"Sportalsub.net","date":"1 diciembre 2024","format":false,"excerpt":"(Sportalsub.net \/ CMAS \/ FPAS) - Foto: CMAS Read in English La Federaci\u00f3n Portuguesa de Actividades Subacu\u00e1ticas, tiene el placer de dar una c\u00e1lida bienvenida al 6\u00ba Campeonato del Mundo CMAS Senior y 3\u00ba Junior o en la 14\u00aa Copa del Mundo CMAS de Buceo Deportivo. Este prestigioso evento, organizado\u2026","rel":"","context":"En \u00abBuceo de Competici\u00f3n\u00bb","block_context":{"text":"Buceo de Competici\u00f3n","link":"https:\/\/www.sportalsub.net\/blog\/category\/modalidades\/buceo-2\/buceo-deportivo\/"},"img":{"alt_text":"","src":"https:\/\/i0.wp.com\/www.sportalsub.net\/blog\/wp-content\/uploads\/2024\/12\/results-sportdiving2024.jpg?resize=350%2C200&ssl=1","width":350,"height":200,"srcset":"https:\/\/i0.wp.com\/www.sportalsub.net\/blog\/wp-content\/uploads\/2024\/12\/results-sportdiving2024.jpg?resize=350%2C200&ssl=1 1x, https:\/\/i0.wp.com\/www.sportalsub.net\/blog\/wp-content\/uploads\/2024\/12\/results-sportdiving2024.jpg?resize=525%2C300&ssl=1 1.5x, https:\/\/i0.wp.com\/www.sportalsub.net\/blog\/wp-content\/uploads\/2024\/12\/results-sportdiving2024.jpg?resize=700%2C400&ssl=1 2x"},"classes":[]},{"id":2863,"url":"https:\/\/www.sportalsub.net\/blog\/ii-semana-de-fotografia-submarina-de-formentera-espana\/","url_meta":{"origin":44928,"position":3},"title":"\ud83c\uddea\ud83c\uddf8 II Semana de Fotograf\u00eda Submarina de Formentera &#8211; Espa\u00f1a","author":"Sportalsub.net","date":"1 octubre 2009","format":false,"excerpt":"Formentera acoge este lunes la II Semana de Fotograf\u00eda de Formentera, el evento de fotograf\u00eda submarina que m\u00e1s participantes convoca de Espa\u00f1a. Ya hay 101 inscritos. Los competidores tienen una semana entera para fotografiar las profundidades de la isla. El concurso en s\u00ed comenzar\u00e1 el fin de semana. De lunes\u2026","rel":"","context":"En \u00abEspa\u00f1a\u00bb","block_context":{"text":"Espa\u00f1a","link":"https:\/\/www.sportalsub.net\/blog\/category\/paises\/europa\/espana\/"},"img":{"alt_text":"","src":"https:\/\/i0.wp.com\/www.sportalsub.net\/blog\/wp-content\/uploads\/2013\/11\/1254418230_0.jpg?resize=350%2C200&ssl=1","width":350,"height":200},"classes":[]},{"id":36785,"url":"https:\/\/www.sportalsub.net\/blog\/sport-diving-2021-tomsk-rusia","url_meta":{"origin":44928,"position":4},"title":"\ud83c\uddf7\ud83c\uddfa Resultados &#8211; Campeonato Mundial de Buceo de Competici\u00f3n CMAS 20\/21. Tomsk, Rusia","author":"Sportalsub.net","date":"12 julio 2021","format":false,"excerpt":"(Sportalsub.net \/ CMAS \/ Tomsk 2020) \u2013 Read in English Campeonato Mundial de Buceo de Competici\u00f3n en piscina de la Confederaci\u00f3n Mundial de Actividades Subacu\u00e1ticas CMAS en Tomsk, Russia del 8 al 13 de julio 2020. 2021 10.07.2021 - 12.07.2021 PROGRAMA Saturday, 10th July 2021 (day 1) 13:00 \u2013 16:30\u2026","rel":"","context":"En \u00abBuceo de Competici\u00f3n\u00bb","block_context":{"text":"Buceo de Competici\u00f3n","link":"https:\/\/www.sportalsub.net\/blog\/category\/modalidades\/buceo-2\/buceo-deportivo\/"},"img":{"alt_text":"","src":"https:\/\/i0.wp.com\/www.sportalsub.net\/blog\/wp-content\/uploads\/2021\/07\/sportdiving2021.jpg?resize=350%2C200&ssl=1","width":350,"height":200,"srcset":"https:\/\/i0.wp.com\/www.sportalsub.net\/blog\/wp-content\/uploads\/2021\/07\/sportdiving2021.jpg?resize=350%2C200&ssl=1 1x, https:\/\/i0.wp.com\/www.sportalsub.net\/blog\/wp-content\/uploads\/2021\/07\/sportdiving2021.jpg?resize=525%2C300&ssl=1 1.5x, https:\/\/i0.wp.com\/www.sportalsub.net\/blog\/wp-content\/uploads\/2021\/07\/sportdiving2021.jpg?resize=700%2C400&ssl=1 2x"},"classes":[]},{"id":23601,"url":"https:\/\/www.sportalsub.net\/blog\/sport-diving-cmas-lituania-2016","url_meta":{"origin":44928,"position":5},"title":"\ud83c\uddf1\ud83c\uddf9 Campeonato Mundial y Copa del Mundo CMAS de Buceo de Competici\u00f3n Lituania 2016","author":"Sportalsub.net","date":"3 julio 2016","format":false,"excerpt":"(Sportalsub.net \/ CMAS) - Read in English Del 30 de junio al 4 de julio de 2016 se realizar\u00e1 el\u00a0Campeonato Mundial por Naciones y la Copa del Mundo por Clubes de Buceo de Competici\u00f3n en piscina 2016 de la Confederaci\u00f3n Mundial de Actividades Subacu\u00e1ticas (CMAS). El evento se llevar\u00e1 a\u2026","rel":"","context":"En \u00abBuceo de Competici\u00f3n\u00bb","block_context":{"text":"Buceo de Competici\u00f3n","link":"https:\/\/www.sportalsub.net\/blog\/category\/modalidades\/buceo-2\/buceo-deportivo\/"},"img":{"alt_text":"","src":"https:\/\/i0.wp.com\/www.sportalsub.net\/blog\/wp-content\/uploads\/2016\/03\/buceo-competicion.jpg?resize=350%2C200&ssl=1","width":350,"height":200,"srcset":"https:\/\/i0.wp.com\/www.sportalsub.net\/blog\/wp-content\/uploads\/2016\/03\/buceo-competicion.jpg?resize=350%2C200&ssl=1 1x, https:\/\/i0.wp.com\/www.sportalsub.net\/blog\/wp-content\/uploads\/2016\/03\/buceo-competicion.jpg?resize=525%2C300&ssl=1 1.5x, https:\/\/i0.wp.com\/www.sportalsub.net\/blog\/wp-content\/uploads\/2016\/03\/buceo-competicion.jpg?resize=700%2C400&ssl=1 2x"},"classes":[]}],"_links":{"self":[{"href":"https:\/\/www.sportalsub.net\/blog\/wp-json\/wp\/v2\/posts\/44928","targetHints":{"allow":["GET"]}}],"collection":[{"href":"https:\/\/www.sportalsub.net\/blog\/wp-json\/wp\/v2\/posts"}],"about":[{"href":"https:\/\/www.sportalsub.net\/blog\/wp-json\/wp\/v2\/types\/post"}],"author":[{"embeddable":true,"href":"https:\/\/www.sportalsub.net\/blog\/wp-json\/wp\/v2\/users\/1"}],"replies":[{"embeddable":true,"href":"https:\/\/www.sportalsub.net\/blog\/wp-json\/wp\/v2\/comments?post=44928"}],"version-history":[{"count":5,"href":"https:\/\/www.sportalsub.net\/blog\/wp-json\/wp\/v2\/posts\/44928\/revisions"}],"predecessor-version":[{"id":65358,"href":"https:\/\/www.sportalsub.net\/blog\/wp-json\/wp\/v2\/posts\/44928\/revisions\/65358"}],"wp:featuredmedia":[{"embeddable":true,"href":"https:\/\/www.sportalsub.net\/blog\/wp-json\/wp\/v2\/media\/60043"}],"wp:attachment":[{"href":"https:\/\/www.sportalsub.net\/blog\/wp-json\/wp\/v2\/media?parent=44928"}],"wp:term":[{"taxonomy":"category","embeddable":true,"href":"https:\/\/www.sportalsub.net\/blog\/wp-json\/wp\/v2\/categories?post=44928"},{"taxonomy":"post_tag","embeddable":true,"href":"https:\/\/www.sportalsub.net\/blog\/wp-json\/wp\/v2\/tags?post=44928"}],"curies":[{"name":"wp","href":"https:\/\/api.w.org\/{rel}","templated":true}]}}