{"id":45200,"date":"2021-10-12T07:14:39","date_gmt":"2021-10-12T11:14:39","guid":{"rendered":"https:\/\/www.sportalsub.net\/blog\/?p=45200"},"modified":"2021-11-10T13:27:07","modified_gmt":"2021-11-10T17:27:07","slug":"%f0%9f%87%b5%f0%9f%87%b9-campeonatos-mundiales-de-fotografia-y-video-submarino-cmas-madeira-portugal-2021","status":"publish","type":"post","link":"https:\/\/www.sportalsub.net\/blog\/cmas-fotovideosub-portugal-2021","title":{"rendered":"\ud83c\uddf5\ud83c\uddf9 Resultados &#8211; Campeonatos Mundiales de Fotograf\u00eda y Video Submarino CMAS &#8211; Madeira, Portugal 2021"},"content":{"rendered":"<p><img loading=\"lazy\" decoding=\"async\" class=\"alignnone size-full wp-image-49724\" src=\"https:\/\/www.sportalsub.net\/blog\/wp-content\/uploads\/2021\/10\/resultadosimagensubportugal2021.jpg\" alt=\"\" width=\"900\" height=\"600\" srcset=\"https:\/\/www.sportalsub.net\/blog\/wp-content\/uploads\/2021\/10\/resultadosimagensubportugal2021.jpg 900w, https:\/\/www.sportalsub.net\/blog\/wp-content\/uploads\/2021\/10\/resultadosimagensubportugal2021-300x200.jpg 300w, https:\/\/www.sportalsub.net\/blog\/wp-content\/uploads\/2021\/10\/resultadosimagensubportugal2021-768x512.jpg 768w, https:\/\/www.sportalsub.net\/blog\/wp-content\/uploads\/2021\/10\/resultadosimagensubportugal2021-450x300.jpg 450w\" sizes=\"auto, (max-width: 900px) 100vw, 900px\" \/><\/p>\n<p>(Sportalsub.net \/ CMAS \/ FPAS) &#8211; <a href=\"https:\/\/www.sportalsub.net\/en\/cmas-fotovideosub-portugal-2021\">Read in English<\/a><\/p>\n<p>El 18\u00b0 Campeonato Mundial de Fotograf\u00eda Submarina y el 4\u00b0 Campeonato Mundial de Video Submarino de la Confederaci\u00f3n Mundial de Actividades Subacu\u00e1ticas (CMAS) se realizaron del 4 al 9 de octubre 2021 en Madeira, Porto Santo en Portugal.<\/p>\n<p>El evento fue organizado por la Federaci\u00f3n Portuguesa de Actividades Subacu\u00e1ticas (FPAS) luego de haber sido presentado oficialmente a los medios de comunicaci\u00f3n en el mes de marzo de 2021.<\/p>\n<h3><a href=\"https:\/\/www.sportalsub.net\/en\/wp-content\/uploads\/2021\/10\/005721-1-OFFICIAL_REULTS_of_CMAS_PORTO_SANTO_ALL_PHOTOS_INCLUDED.pdf\" target=\"_blank\" rel=\"noopener\"><strong>RESULTADOS OFICIALES<\/strong><\/a><\/h3>\n<p><a href=\"https:\/\/www.facebook.com\/Madeiraunderwater\/photos\/?ref=&amp;tab=album\" target=\"_blank\" rel=\"noopener\" target=\"_blank\"><strong>Todas las fotos disponibles en Facebook Madeira Underwater<\/strong><\/a><\/p>\n<p>Entre las Selecciones de habla hispana que destacaron en el evento est\u00e1n Espa\u00f1a y Chile, quienes alcanzaron importantes medallas y resultados:<\/p>\n<h4 class=\"card-title entry-title\">\ud83c\uddea\ud83c\uddf8\u00a0<a href=\"http:\/\/fedas.es\/espana-obtiene-el-primer-puesto-por-naciones-en-fotografia-y-video-submarino-en-el-mundial-cmas-2021\/\"title=\"Espa\u00f1a obtiene el primer puesto por naciones en Fotograf\u00eda y V\u00eddeo Submarino en el Mundial CMAS 2021\"  rel=\"bookmark\" target=\"_blank\">Espa\u00f1a obtiene el primer puesto por naciones en Fotograf\u00eda y V\u00eddeo Submarino en el Mundial CMAS 2021<\/a><\/h4>\n<p><a href=\"http:\/\/fedas.es\/espana-obtiene-el-primer-puesto-por-naciones-en-fotografia-y-video-submarino-en-el-mundial-cmas-2021\/\"style=\"font-size: 0.95em;\"  target=\"_blank\" rel=\"noopener\" target=\"_blank\"><img loading=\"lazy\" decoding=\"async\" class=\"alignnone size-full wp-image-49727\" src=\"https:\/\/www.sportalsub.net\/blog\/wp-content\/uploads\/2021\/10\/espanafotosub.jpg\" alt=\"\" width=\"960\" height=\"720\" srcset=\"https:\/\/www.sportalsub.net\/blog\/wp-content\/uploads\/2021\/10\/espanafotosub.jpg 960w, https:\/\/www.sportalsub.net\/blog\/wp-content\/uploads\/2021\/10\/espanafotosub-300x225.jpg 300w, https:\/\/www.sportalsub.net\/blog\/wp-content\/uploads\/2021\/10\/espanafotosub-768x576.jpg 768w\" sizes=\"auto, (max-width: 960px) 100vw, 960px\" \/><\/a><\/p>\n<hr \/>\n<h4><strong>\ud83c\udde8\ud83c\uddf1 Chile Tercer Lugar Mundial por equipos y dos medallas de oro en el Campeonato Mundial de Fotograf\u00eda y Video Submarino CMAS 2021<\/strong><\/h4>\n<p><img loading=\"lazy\" decoding=\"async\" class=\"alignnone size-full wp-image-49728\" src=\"https:\/\/www.sportalsub.net\/blog\/wp-content\/uploads\/2021\/10\/chile3erlugarmundial.jpg\" alt=\"\" width=\"960\" height=\"720\" srcset=\"https:\/\/www.sportalsub.net\/blog\/wp-content\/uploads\/2021\/10\/chile3erlugarmundial.jpg 960w, https:\/\/www.sportalsub.net\/blog\/wp-content\/uploads\/2021\/10\/chile3erlugarmundial-300x225.jpg 300w, https:\/\/www.sportalsub.net\/blog\/wp-content\/uploads\/2021\/10\/chile3erlugarmundial-768x576.jpg 768w\" sizes=\"auto, (max-width: 960px) 100vw, 960px\" \/><\/p>\n<p><iframe loading=\"lazy\" style=\"border: none; overflow: hidden;\" src=\"https:\/\/www.facebook.com\/plugins\/post.php?href=https%3A%2F%2Fwww.facebook.com%2Fcmaschile%2Fposts%2F3013505728909578&amp;show_text=true&amp;width=500\" width=\"500\" height=\"786\" frameborder=\"0\" scrolling=\"no\" allowfullscreen=\"allowfullscreen\"><\/iframe><\/p>\n<p><iframe loading=\"lazy\" style=\"border: none; overflow: hidden;\" src=\"https:\/\/www.facebook.com\/plugins\/post.php?href=https%3A%2F%2Fwww.facebook.com%2Fcmaschile%2Fposts%2F3013201022273382&amp;show_text=true&amp;width=500\" width=\"500\" height=\"773\" frameborder=\"0\" scrolling=\"no\" allowfullscreen=\"allowfullscreen\"><\/iframe><\/p>\n<p><span style=\"font-size: 0.95em; font-weight: bold;\">M\u00e1s informaci\u00f3n:<\/span><\/p>\n<p>Sitio Web Oficial: <a href=\"https:\/\/www.madeiraunderwater.com\/\" target=\"_blank\">madeiraunderwater.com<\/a> \/ <a href=\"https:\/\/www.cmas.org\/events\/7-11.10.2021-underwater-photography-and-video-world-championship-madeira\" target=\"_blank\">CMAS<\/a> \/ <a href=\"http:\/\/www.fpas.pt\/\" target=\"_blank\">FPAS<\/a><\/p>\n<p><img loading=\"lazy\" decoding=\"async\" class=\"alignnone size-full wp-image-45201\" src=\"https:\/\/www.sportalsub.net\/blog\/wp-content\/uploads\/2021\/04\/portugalsub2021.jpg\" alt=\"\" width=\"900\" height=\"600\" srcset=\"https:\/\/www.sportalsub.net\/blog\/wp-content\/uploads\/2021\/04\/portugalsub2021.jpg 900w, https:\/\/www.sportalsub.net\/blog\/wp-content\/uploads\/2021\/04\/portugalsub2021-300x200.jpg 300w, https:\/\/www.sportalsub.net\/blog\/wp-content\/uploads\/2021\/04\/portugalsub2021-768x512.jpg 768w, https:\/\/www.sportalsub.net\/blog\/wp-content\/uploads\/2021\/04\/portugalsub2021-450x300.jpg 450w\" sizes=\"auto, (max-width: 900px) 100vw, 900px\" \/><\/p>\n<p><iframe loading=\"lazy\" style=\"border: none; overflow: hidden;\" src=\"https:\/\/www.facebook.com\/plugins\/post.php?href=https%3A%2F%2Fwww.facebook.com%2FFederacaoPortuguesaActividadesSubaquaticas%2Fposts%2F3906403756143653&amp;width=500&amp;show_text=true&amp;appId=329446107126140&amp;height=703\" width=\"500\" height=\"703\" frameborder=\"0\" scrolling=\"no\" allowfullscreen=\"allowfullscreen\"><\/iframe><\/p>\n","protected":false},"excerpt":{"rendered":"<p>(Sportalsub.net \/ CMAS \/ FPAS) &#8211; Read in English El 18\u00b0 Campeonato Mundial de Fotograf\u00eda Submarina y el 4\u00b0 Campeonato Mundial de Video Submarino de la Confederaci\u00f3n Mundial de Actividades Subacu\u00e1ticas (CMAS) se realizaron del 4 al 9 de octubre 2021 en Madeira, Porto Santo en Portugal. El evento fue organizado por la Federaci\u00f3n Portuguesa de Actividades Subacu\u00e1ticas (FPAS) luego [&#8230;]<\/p>\n","protected":false},"author":1,"featured_media":49724,"comment_status":"open","ping_status":"closed","sticky":false,"template":"","format":"standard","meta":{"_lmt_disableupdate":"","_lmt_disable":"","jetpack_post_was_ever_published":false,"_jetpack_newsletter_access":"","_jetpack_dont_email_post_to_subs":false,"_jetpack_newsletter_tier_id":0,"_jetpack_memberships_contains_paywalled_content":false,"_jetpack_memberships_contains_paid_content":false,"footnotes":"","jetpack_publicize_message":"","jetpack_publicize_feature_enabled":true,"jetpack_social_post_already_shared":true,"jetpack_social_options":{"image_generator_settings":{"template":"highway","default_image_id":0,"font":"","enabled":false},"version":2}},"categories":[83,10,19,163,120,20],"tags":[450],"class_list":["post-45200","post","type-post","status-publish","format-standard","has-post-thumbnail","hentry","category-chile","category-espana","category-fotografia-submarina","category-portugal","category-resultados","category-video-submarino","tag-destacados"],"modified_by":"Sportalsub.net","views":4604,"jetpack_publicize_connections":[],"jetpack_featured_media_url":"https:\/\/www.sportalsub.net\/blog\/wp-content\/uploads\/2021\/10\/resultadosimagensubportugal2021.jpg","jetpack_sharing_enabled":true,"jetpack_shortlink":"https:\/\/wp.me\/pf9lN-bL2","jetpack_likes_enabled":false,"jetpack-related-posts":[{"id":56777,"url":"https:\/\/www.sportalsub.net\/blog\/cmas-madeira-2022","url_meta":{"origin":45200,"position":0},"title":"\ud83c\uddf5\ud83c\uddf9 Resultados \u2013 Campeonatos Europeos de Fotograf\u00eda y Video Submarino CMAS \u2013 Madeira, Portugal 2022","author":"Sportalsub.net","date":"10 octubre 2022","format":false,"excerpt":"(Sportalsub.net \/ CMAS \/ FPAS) \u2013\u00a0Read in English El 3er Campeonato Europeo de Fotograf\u00eda Submarina y el 2do Campeonato Europeo de Video Submarino de la Confederaci\u00f3n Mundial de Actividades Subacu\u00e1ticas (CMAS) se realizaron del 3 al 8 de octubre 2022 en Madeira, Porto Santo en Portugal. El evento fue organizado\u2026","rel":"","context":"En \u00abFotograf\u00eda Submarina\u00bb","block_context":{"text":"Fotograf\u00eda Submarina","link":"https:\/\/www.sportalsub.net\/blog\/category\/modalidades\/fotografia-submarina\/"},"img":{"alt_text":"","src":"https:\/\/i0.wp.com\/www.sportalsub.net\/blog\/wp-content\/uploads\/2022\/10\/photovideosubmadeira2022.jpg?resize=350%2C200&ssl=1","width":350,"height":200,"srcset":"https:\/\/i0.wp.com\/www.sportalsub.net\/blog\/wp-content\/uploads\/2022\/10\/photovideosubmadeira2022.jpg?resize=350%2C200&ssl=1 1x, https:\/\/i0.wp.com\/www.sportalsub.net\/blog\/wp-content\/uploads\/2022\/10\/photovideosubmadeira2022.jpg?resize=525%2C300&ssl=1 1.5x, https:\/\/i0.wp.com\/www.sportalsub.net\/blog\/wp-content\/uploads\/2022\/10\/photovideosubmadeira2022.jpg?resize=700%2C400&ssl=1 2x"},"classes":[]},{"id":27201,"url":"https:\/\/www.sportalsub.net\/blog\/mundial-pescasub-sagres-2018","url_meta":{"origin":45200,"position":1},"title":"\ud83c\uddf5\ud83c\uddf9 Espa\u00f1a Campe\u00f3n por equipos y Jody Lot de Portugal Campe\u00f3n Individual del XXXI Mundial CMAS de Pesca Submarina &#8211; Sagres, Portugal 2018 + Resultados","author":"Sportalsub.net","date":"10 septiembre 2018","format":false,"excerpt":"(Sportalsub.net \/ CMAS \/ FPAS) - Read in English El\u00a0XXXI Campeonato Mundial de Pesca Submarina de la Confederaci\u00f3n Mundial de Actividades Subacu\u00e1ticas (CMAS) se llev\u00f3 a cabo en la localidad de Sagres, Portugal del 6 al 10 de septiembre 2018 bajo la organizaci\u00f3n de la Federaci\u00f3n Portuguesa de Actividades Subacu\u00e1ticas\u2026","rel":"","context":"En \u00abChile\u00bb","block_context":{"text":"Chile","link":"https:\/\/www.sportalsub.net\/blog\/category\/paises\/america\/chile\/"},"img":{"alt_text":"","src":"https:\/\/i0.wp.com\/www.sportalsub.net\/blog\/wp-content\/uploads\/2018\/09\/jodylot.jpg?resize=350%2C200&ssl=1","width":350,"height":200,"srcset":"https:\/\/i0.wp.com\/www.sportalsub.net\/blog\/wp-content\/uploads\/2018\/09\/jodylot.jpg?resize=350%2C200&ssl=1 1x, https:\/\/i0.wp.com\/www.sportalsub.net\/blog\/wp-content\/uploads\/2018\/09\/jodylot.jpg?resize=525%2C300&ssl=1 1.5x, https:\/\/i0.wp.com\/www.sportalsub.net\/blog\/wp-content\/uploads\/2018\/09\/jodylot.jpg?resize=700%2C400&ssl=1 2x"},"classes":[]},{"id":28663,"url":"https:\/\/www.sportalsub.net\/blog\/women-cmas-spearfishing-world-cup-2018","url_meta":{"origin":45200,"position":2},"title":"\ud83c\uddf5\ud83c\uddf9 Teresa Duarte de Portugal y equipo de Estados Unidos se titulan en 1ra Copa Mundo CMAS de Pesca Submarina Femenina &#8211; Sagres, Portugal 2018 + Resultados","author":"Sportalsub.net","date":"9 septiembre 2018","format":false,"excerpt":"(Sportalsub.net \/ CMAS \/ FPAS) - Read in English Estados Unidos se queda con la medalla de oro, Portugal con la plata y Espa\u00f1a con el bronce en la competici\u00f3n por equipos, mientras que Teresa Duarte de Portugal se titul\u00f3 campeona, Rosibel Perurena y Kelsey Albert de los Estados Unidos\u2026","rel":"","context":"En \u00abChile\u00bb","block_context":{"text":"Chile","link":"https:\/\/www.sportalsub.net\/blog\/category\/paises\/america\/chile\/"},"img":{"alt_text":"","src":"https:\/\/i0.wp.com\/www.sportalsub.net\/blog\/wp-content\/uploads\/2018\/09\/teresa-duarte-3.jpg?resize=350%2C200&ssl=1","width":350,"height":200,"srcset":"https:\/\/i0.wp.com\/www.sportalsub.net\/blog\/wp-content\/uploads\/2018\/09\/teresa-duarte-3.jpg?resize=350%2C200&ssl=1 1x, https:\/\/i0.wp.com\/www.sportalsub.net\/blog\/wp-content\/uploads\/2018\/09\/teresa-duarte-3.jpg?resize=525%2C300&ssl=1 1.5x, https:\/\/i0.wp.com\/www.sportalsub.net\/blog\/wp-content\/uploads\/2018\/09\/teresa-duarte-3.jpg?resize=700%2C400&ssl=1 2x"},"classes":[]},{"id":24365,"url":"https:\/\/www.sportalsub.net\/blog\/fotosub-la-paz-2016","url_meta":{"origin":45200,"position":3},"title":"\ud83c\uddf2\ud83c\uddfd Resultados y Fotos &#8211; 4to Campeonato Nacional de Fotograf\u00eda Subacu\u00e1tica FMAS La Paz, M\u00e9xico","author":"Sportalsub.net","date":"10 noviembre 2016","format":false,"excerpt":"(Sportalsub.net \/ FMAS \/ Fotosub La Paz) La Federaci\u00f3n Mexicana de Actividades Subacu\u00e1ticas llev\u00f3\u00a0a cabo el 4\u00b0 Campeonato Nacional de Fotograf\u00eda Subacu\u00e1tica, del 4\u00a0al 8\u00a0de Noviembre del 2016. Este evento fue preparatorio para el XVI Campeonato Mundial de Fotograf\u00eda Submarina CMAS\u00a02017. Resultados y Fotos Ganadoras, cortes\u00eda Ulises Portugal M\u00e1s info:\u2026","rel":"","context":"En \u00abFotograf\u00eda Submarina\u00bb","block_context":{"text":"Fotograf\u00eda Submarina","link":"https:\/\/www.sportalsub.net\/blog\/category\/modalidades\/fotografia-submarina\/"},"img":{"alt_text":"","src":"https:\/\/i0.wp.com\/www.sportalsub.net\/blog\/wp-content\/uploads\/2016\/10\/fotosubmexico.jpg?resize=350%2C200&ssl=1","width":350,"height":200,"srcset":"https:\/\/i0.wp.com\/www.sportalsub.net\/blog\/wp-content\/uploads\/2016\/10\/fotosubmexico.jpg?resize=350%2C200&ssl=1 1x, https:\/\/i0.wp.com\/www.sportalsub.net\/blog\/wp-content\/uploads\/2016\/10\/fotosubmexico.jpg?resize=525%2C300&ssl=1 1.5x, https:\/\/i0.wp.com\/www.sportalsub.net\/blog\/wp-content\/uploads\/2016\/10\/fotosubmexico.jpg?resize=700%2C400&ssl=1 2x"},"classes":[]},{"id":60517,"url":"https:\/\/www.sportalsub.net\/blog\/photosub-videosub-cmas-cuba-2023","url_meta":{"origin":45200,"position":4},"title":"\ud83c\udde8\ud83c\uddfa Resultados &#8211; 19\u00b0 Campeonato Mundial de Foto Submarina y 5\u00b0 Mundial de Video Subacu\u00e1tico CMAS &#8211; Varadero, Cuba 2023","author":"Sportalsub.net","date":"16 octubre 2023","format":false,"excerpt":"(Sportalsub.net \/ CMAS) - Read in English El 19\u00b0 Campeonato Mundial de Fotograf\u00eda Submarina y 5\u00b0 Campeonato Mundial de Video Submarino de la Confederaci\u00f3n Mundial de Actividades Subacu\u00e1ticas (CMAS) se realiz\u00f3 en Varadero, Cuba del 9 al 14 de Octubre 2023. RESULTADOS OFICIALES (PDF) GALER\u00cdA DE VIDEOS DOCUMENTAL PEL\u00cdCULA VIDEO\u2026","rel":"","context":"En \u00abCuba\u00bb","block_context":{"text":"Cuba","link":"https:\/\/www.sportalsub.net\/blog\/category\/paises\/america\/cuba\/"},"img":{"alt_text":"","src":"https:\/\/i0.wp.com\/www.sportalsub.net\/blog\/wp-content\/uploads\/2023\/01\/imagensubvaradero2023.jpg?resize=350%2C200&ssl=1","width":350,"height":200,"srcset":"https:\/\/i0.wp.com\/www.sportalsub.net\/blog\/wp-content\/uploads\/2023\/01\/imagensubvaradero2023.jpg?resize=350%2C200&ssl=1 1x, https:\/\/i0.wp.com\/www.sportalsub.net\/blog\/wp-content\/uploads\/2023\/01\/imagensubvaradero2023.jpg?resize=525%2C300&ssl=1 1.5x, https:\/\/i0.wp.com\/www.sportalsub.net\/blog\/wp-content\/uploads\/2023\/01\/imagensubvaradero2023.jpg?resize=700%2C400&ssl=1 2x"},"classes":[]},{"id":18549,"url":"https:\/\/www.sportalsub.net\/blog\/espana-europeo-fotosub-portugal-2014","url_meta":{"origin":45200,"position":5},"title":"\ud83c\uddea\ud83c\uddf8 Espa\u00f1a conquista 2 medallas de oro en el 1er Campeonato Europeo CMAS de Fotograf\u00eda Submarina en Portugal","author":"Sportalsub.net","date":"10 septiembre 2014","format":false,"excerpt":"(Especial Sportalsub.net \/ CMAS \/ FEDAS \/ FPAS) El equipo formado por los canarios Jes\u00fas Yeray Delgado-Abigail Mart\u00edn, los catalanes Marc Gim\u00e9nez-Silvia Sebasti\u00e1n y capitaneado por Guillermo F\u00e9lix han obtenido 2 medallas de oro y 2 de bronce en el Campeonato de Europa celebrado en La Graciosa-Azores (Portugal) durante los\u2026","rel":"","context":"En \u00abEspa\u00f1a\u00bb","block_context":{"text":"Espa\u00f1a","link":"https:\/\/www.sportalsub.net\/blog\/category\/paises\/europa\/espana\/"},"img":{"alt_text":"","src":"https:\/\/i0.wp.com\/www.sportalsub.net\/blog\/wp-content\/uploads\/2014\/09\/europeo-fotosub2.jpg?resize=350%2C200&ssl=1","width":350,"height":200,"srcset":"https:\/\/i0.wp.com\/www.sportalsub.net\/blog\/wp-content\/uploads\/2014\/09\/europeo-fotosub2.jpg?resize=350%2C200&ssl=1 1x, https:\/\/i0.wp.com\/www.sportalsub.net\/blog\/wp-content\/uploads\/2014\/09\/europeo-fotosub2.jpg?resize=525%2C300&ssl=1 1.5x, https:\/\/i0.wp.com\/www.sportalsub.net\/blog\/wp-content\/uploads\/2014\/09\/europeo-fotosub2.jpg?resize=700%2C400&ssl=1 2x"},"classes":[]}],"_links":{"self":[{"href":"https:\/\/www.sportalsub.net\/blog\/wp-json\/wp\/v2\/posts\/45200","targetHints":{"allow":["GET"]}}],"collection":[{"href":"https:\/\/www.sportalsub.net\/blog\/wp-json\/wp\/v2\/posts"}],"about":[{"href":"https:\/\/www.sportalsub.net\/blog\/wp-json\/wp\/v2\/types\/post"}],"author":[{"embeddable":true,"href":"https:\/\/www.sportalsub.net\/blog\/wp-json\/wp\/v2\/users\/1"}],"replies":[{"embeddable":true,"href":"https:\/\/www.sportalsub.net\/blog\/wp-json\/wp\/v2\/comments?post=45200"}],"version-history":[{"count":0,"href":"https:\/\/www.sportalsub.net\/blog\/wp-json\/wp\/v2\/posts\/45200\/revisions"}],"wp:featuredmedia":[{"embeddable":true,"href":"https:\/\/www.sportalsub.net\/blog\/wp-json\/wp\/v2\/media\/49724"}],"wp:attachment":[{"href":"https:\/\/www.sportalsub.net\/blog\/wp-json\/wp\/v2\/media?parent=45200"}],"wp:term":[{"taxonomy":"category","embeddable":true,"href":"https:\/\/www.sportalsub.net\/blog\/wp-json\/wp\/v2\/categories?post=45200"},{"taxonomy":"post_tag","embeddable":true,"href":"https:\/\/www.sportalsub.net\/blog\/wp-json\/wp\/v2\/tags?post=45200"}],"curies":[{"name":"wp","href":"https:\/\/api.w.org\/{rel}","templated":true}]}}