{"id":45511,"date":"2021-05-27T22:07:49","date_gmt":"2021-05-28T02:07:49","guid":{"rendered":"https:\/\/www.sportalsub.net\/blog\/?p=45511"},"modified":"2021-05-28T05:49:28","modified_gmt":"2021-05-28T09:49:28","slug":"%f0%9f%87%a8%f0%9f%87%b4-paula-aguirre-y-camila-aguirre-en-sersubacuatico-com","status":"publish","type":"post","link":"https:\/\/www.sportalsub.net\/blog\/paula-aguirre-y-camila-aguirre-en-sersubacuatico","title":{"rendered":"\ud83c\udde8\ud83c\uddf4 Paula Aguirre y Camila Aguirre en SerSubacuatico.com"},"content":{"rendered":"<p><img loading=\"lazy\" decoding=\"async\" class=\"alignnone size-full wp-image-45512\" src=\"https:\/\/www.sportalsub.net\/blog\/wp-content\/uploads\/2021\/05\/paulaycamila-web.jpg\" alt=\"\" width=\"900\" height=\"600\" srcset=\"https:\/\/www.sportalsub.net\/blog\/wp-content\/uploads\/2021\/05\/paulaycamila-web.jpg 900w, https:\/\/www.sportalsub.net\/blog\/wp-content\/uploads\/2021\/05\/paulaycamila-web-300x200.jpg 300w, https:\/\/www.sportalsub.net\/blog\/wp-content\/uploads\/2021\/05\/paulaycamila-web-768x512.jpg 768w, https:\/\/www.sportalsub.net\/blog\/wp-content\/uploads\/2021\/05\/paulaycamila-web-450x300.jpg 450w\" sizes=\"auto, (max-width: 900px) 100vw, 900px\" \/><\/p>\n<p>(Sportalsub.net \/ SerSubacuatico.com)<\/p>\n<p>En nuestra secci\u00f3n:<br \/>\nJueves de\u00a0<a href=\"https:\/\/www.instagram.com\/explore\/tags\/tbt\/\"class=\" xil3i\" tabindex=\"0\"  target=\"_blank\">#tbt<\/a>\u00a0y\u00a0<a href=\"https:\/\/www.instagram.com\/sersubacuatico\/\"class=\"notranslate\" tabindex=\"0\"  target=\"_blank\">@sersubacuatico<\/a>\u00a0con\u00a0<a href=\"https:\/\/www.instagram.com\/miguelsportsub\/\"class=\"notranslate\" tabindex=\"0\"  target=\"_blank\">@miguelsportsub<\/a><\/p>\n<p>Invitadas Especiales:<br \/>\nPaula\u00a0<a href=\"https:\/\/www.instagram.com\/paulaguirre24\/\"class=\"notranslate\" tabindex=\"0\"  target=\"_blank\">@paulaguirre24<\/a>\u00a0y Camila\u00a0<a href=\"https:\/\/www.instagram.com\/camiaguirre25\/\"class=\"notranslate\" tabindex=\"0\"  target=\"_blank\">@camiaguirre25<\/a><br \/>\nAguirre Joya<\/p>\n<p>Paula y Camila, las hermanas Aguirre Joya, son dos j\u00f3venes y destacadas deportistas, integrantes de la Selecci\u00f3n Colombia de Nataci\u00f3n con Aletas, que han dado grandes resultados a nivel nacional e internacional. Paula ha sido Campeona y Recordista Mundial y Camila ha logrado tambi\u00e9n medallas en Copas del Mundo y Mundial Juvenil. Ambas se preparan para representar a su pa\u00eds en el Campeonato Mundial en Tomsk, Rusia en el mes de julio.<\/p>\n<p>Conversamos con ellas y con sus padres <a href=\"https:\/\/www.instagram.com\/bibianajoyam\/\"class=\"notranslate\" tabindex=\"0\"  target=\"_blank\">@bibianajoyam<\/a>\u00a0y\u00a0<a href=\"https:\/\/www.instagram.com\/jorgehernan.aguirreceballos\/\"class=\"notranslate\" tabindex=\"0\"  target=\"_blank\">@jorgehernan.aguirreceballos<\/a>\u00a0a trav\u00e9s de nuestro canal en youtube de\u00a0<a href=\"https:\/\/www.instagram.com\/sportalsub\/\"class=\"notranslate\" tabindex=\"0\"  target=\"_blank\">@sportalsub<\/a><\/p>\n<p><span class=\"embed-youtube\" style=\"text-align:center; display: block;\"><iframe loading=\"lazy\" class=\"youtube-player\" width=\"860\" height=\"484\" src=\"https:\/\/www.youtube.com\/embed\/UA1CgxMSIf8?version=3&#038;rel=1&#038;showsearch=0&#038;showinfo=1&#038;iv_load_policy=1&#038;fs=1&#038;hl=es-ES&#038;autohide=2&#038;wmode=transparent\" allowfullscreen=\"true\" style=\"border:0;\" sandbox=\"allow-scripts allow-same-origin allow-popups allow-presentation allow-popups-to-escape-sandbox\"><\/iframe><\/span><\/p>\n<p>Entrevista realizada el Jueves 27 de Mayo de 2021<\/p>\n<p>08:00pm Colombia \ud83c\udde8\ud83c\uddf4<br \/>\n09:00pm Venezuela \ud83c\uddfb\ud83c\uddea<br \/>\n\u00a1EN VIVO!<\/p>\n<p><a href=\"https:\/\/www.instagram.com\/explore\/tags\/sportsub\/\"class=\" xil3i\" tabindex=\"0\"  target=\"_blank\">#sportsub<\/a>\u00a0<a href=\"https:\/\/www.instagram.com\/explore\/tags\/sportalsub\/\"class=\" xil3i\" tabindex=\"0\"  target=\"_blank\">#sportalsub<\/a>\u00a0<a href=\"https:\/\/www.instagram.com\/explore\/tags\/sersubacuatico\/\"class=\" xil3i\" tabindex=\"0\"  target=\"_blank\">#SerSubacuatico<\/a><\/p>\n<p><img loading=\"lazy\" decoding=\"async\" class=\"alignnone size-full wp-image-442\" src=\"https:\/\/sersubacuatico.com\/wp-content\/uploads\/2021\/05\/paulaycamila-miguel.jpg\" alt=\"\" width=\"900\" height=\"600\" \/><\/p>\n<h5><a href=\"https:\/\/sersubacuatico.com\/paula-aguirre-y-camila-aguirre\/\" target=\"_blank\"><strong>Paula Aguirre y Camila Aguirre en SerSubacuatico.com<\/strong><\/a><\/h5>\n","protected":false},"excerpt":{"rendered":"<p>(Sportalsub.net \/ SerSubacuatico.com) En nuestra secci\u00f3n: Jueves de\u00a0#tbt\u00a0y\u00a0@sersubacuatico\u00a0con\u00a0@miguelsportsub Invitadas Especiales: Paula\u00a0@paulaguirre24\u00a0y Camila\u00a0@camiaguirre25 Aguirre Joya Paula y Camila, las hermanas Aguirre Joya, son dos j\u00f3venes y destacadas deportistas, integrantes de la Selecci\u00f3n Colombia de Nataci\u00f3n con Aletas, que han dado grandes resultados a nivel nacional e internacional. Paula ha sido Campeona y Recordista Mundial y Camila ha logrado tambi\u00e9n medallas en [&#8230;]<\/p>\n","protected":false},"author":1,"featured_media":45512,"comment_status":"open","ping_status":"closed","sticky":false,"template":"","format":"standard","meta":{"_lmt_disableupdate":"","_lmt_disable":"","jetpack_post_was_ever_published":false,"_jetpack_newsletter_access":"","_jetpack_dont_email_post_to_subs":false,"_jetpack_newsletter_tier_id":0,"_jetpack_memberships_contains_paywalled_content":false,"_jetpack_memberships_contains_paid_content":false,"footnotes":"","jetpack_publicize_message":"","jetpack_publicize_feature_enabled":true,"jetpack_social_post_already_shared":true,"jetpack_social_options":{"image_generator_settings":{"template":"highway","default_image_id":0,"font":"","enabled":false},"version":2}},"categories":[3,153,12],"tags":[450],"class_list":["post-45511","post","type-post","status-publish","format-standard","has-post-thumbnail","hentry","category-colombia","category-entrevistas","category-natacion-con-aletas","tag-destacados"],"modified_by":"Sportalsub.net","views":1751,"jetpack_publicize_connections":[],"jetpack_featured_media_url":"https:\/\/www.sportalsub.net\/blog\/wp-content\/uploads\/2021\/05\/paulaycamila-web.jpg","jetpack_sharing_enabled":true,"jetpack_shortlink":"https:\/\/wp.me\/pf9lN-bQ3","jetpack_likes_enabled":false,"jetpack-related-posts":[{"id":45604,"url":"https:\/\/www.sportalsub.net\/blog\/nadadores-con-aletas-de-seleccion-colombia-se-preparan-en-europa-para-mundial-en-tomsk-rusia\/","url_meta":{"origin":45511,"position":0},"title":"\ud83c\udde8\ud83c\uddf4 Nadadores con Aletas de Selecci\u00f3n Colombia se preparan en Europa para Mundial en Tomsk, Rusia","author":"Sportalsub.net","date":"6 junio 2021","format":false,"excerpt":"(Sportalsub.net \/ FEDECAS) Como preparaci\u00f3n para el Campeonato Mundial de Nataci\u00f3n con aletas del 3 al 9 de julio que se desarrollar\u00e1 en Tomsk- Rusia, un grupo de deportistas de la Selecci\u00f3n Colombia de esta disciplina, se preparar\u00e1 en Europa, con miras a conseguir los mejores resultados en este importante\u2026","rel":"","context":"En \u00abColombia\u00bb","block_context":{"text":"Colombia","link":"https:\/\/www.sportalsub.net\/blog\/category\/paises\/america\/colombia\/"},"img":{"alt_text":"","src":"https:\/\/i0.wp.com\/www.sportalsub.net\/blog\/wp-content\/uploads\/2021\/06\/preparacion-seleccion-colombia-aletas-2021.jpg?resize=350%2C200&ssl=1","width":350,"height":200,"srcset":"https:\/\/i0.wp.com\/www.sportalsub.net\/blog\/wp-content\/uploads\/2021\/06\/preparacion-seleccion-colombia-aletas-2021.jpg?resize=350%2C200&ssl=1 1x, https:\/\/i0.wp.com\/www.sportalsub.net\/blog\/wp-content\/uploads\/2021\/06\/preparacion-seleccion-colombia-aletas-2021.jpg?resize=525%2C300&ssl=1 1.5x, https:\/\/i0.wp.com\/www.sportalsub.net\/blog\/wp-content\/uploads\/2021\/06\/preparacion-seleccion-colombia-aletas-2021.jpg?resize=700%2C400&ssl=1 2x"},"classes":[]},{"id":25150,"url":"https:\/\/www.sportalsub.net\/blog\/paula-aguirre-de-colombia-supera-record-mundial-juvenil-en-natacion-con-aletas-50-apnea\/","url_meta":{"origin":45511,"position":1},"title":"\ud83c\udde8\ud83c\uddf4 Paula Aguirre de Colombia supera R\u00e9cord Mundial Juvenil en Nataci\u00f3n con Aletas 50 Apnea","author":"Sportalsub.net","date":"9 octubre 2016","format":false,"excerpt":"(Especial Sportalsub.net) - Foto: Andrea Ga\u00f1an La nadadora con aletas de Colombia, Paula Aguirre Joya, representante del Club Pronat de Nataci\u00f3n con Aletas de la ciudad de Bogot\u00e1, super\u00f3 el R\u00e9cord Mundial Juvenil en la prueba de 50 metros apnea en el Campeonato Nacional Interclubes de Velocidad\u00a0realizado del 30 de\u2026","rel":"","context":"En \u00abColombia\u00bb","block_context":{"text":"Colombia","link":"https:\/\/www.sportalsub.net\/blog\/category\/paises\/america\/colombia\/"},"img":{"alt_text":"","src":"https:\/\/i0.wp.com\/www.sportalsub.net\/blog\/wp-content\/uploads\/2016\/10\/record-paula-aguirre.jpg?resize=350%2C200&ssl=1","width":350,"height":200,"srcset":"https:\/\/i0.wp.com\/www.sportalsub.net\/blog\/wp-content\/uploads\/2016\/10\/record-paula-aguirre.jpg?resize=350%2C200&ssl=1 1x, https:\/\/i0.wp.com\/www.sportalsub.net\/blog\/wp-content\/uploads\/2016\/10\/record-paula-aguirre.jpg?resize=525%2C300&ssl=1 1.5x, https:\/\/i0.wp.com\/www.sportalsub.net\/blog\/wp-content\/uploads\/2016\/10\/record-paula-aguirre.jpg?resize=700%2C400&ssl=1 2x"},"classes":[]},{"id":23651,"url":"https:\/\/www.sportalsub.net\/blog\/finswimming-world-cup-colombia-2016","url_meta":{"origin":45511,"position":2},"title":"\ud83c\udde8\ud83c\uddf4 Resultados 5ta Ronda Copa Mundo CMAS Nataci\u00f3n Con Aletas 2016 \u2013 Colombia","author":"Sportalsub.net","date":"10 abril 2016","format":false,"excerpt":"(Sportalsub.net \/ CMAS \/ FEDECAS) - Read in English La FEDERACION COLOMBIANA DE ACTIVIDADES SUBACUATICAS- FEDECAS con autorizaci\u00f3n de\u00a0C.M.A.S. organiz\u00f3 la V Ronda de la Copa Mundo de Nataci\u00f3n con Aletas en piscina 2016 del calendario oficial internacional de la CMAS, evento que se llev\u00f3\u00a0a cabo en la ciudad de\u2026","rel":"","context":"En \u00abColombia\u00bb","block_context":{"text":"Colombia","link":"https:\/\/www.sportalsub.net\/blog\/category\/paises\/america\/colombia\/"},"img":{"alt_text":"","src":"https:\/\/i0.wp.com\/www.sportalsub.net\/blog\/wp-content\/uploads\/2016\/03\/cmasworldcupcolombia.jpg?resize=350%2C200&ssl=1","width":350,"height":200,"srcset":"https:\/\/i0.wp.com\/www.sportalsub.net\/blog\/wp-content\/uploads\/2016\/03\/cmasworldcupcolombia.jpg?resize=350%2C200&ssl=1 1x, https:\/\/i0.wp.com\/www.sportalsub.net\/blog\/wp-content\/uploads\/2016\/03\/cmasworldcupcolombia.jpg?resize=525%2C300&ssl=1 1.5x, https:\/\/i0.wp.com\/www.sportalsub.net\/blog\/wp-content\/uploads\/2016\/03\/cmasworldcupcolombia.jpg?resize=700%2C400&ssl=1 2x"},"classes":[]},{"id":12025,"url":"https:\/\/www.sportalsub.net\/blog\/seleccion-colombia-de-natacion-con-aletas-con-sus-mejores-exponentes-en-el-panamericano-cali-2012\/","url_meta":{"origin":45511,"position":3},"title":"\ud83c\udde8\ud83c\uddf4 Selecci\u00f3n Colombia de Nataci\u00f3n con Aletas con sus mejores exponentes en el Panamericano Cali 2012","author":"Sportalsub.net","date":"28 marzo 2012","format":false,"excerpt":"(Especial Sportalsub.net \/ FEDECAS) La Federaci\u00f3n Colombiana de Actividades Subacu\u00e1ticas ha publicado el comunicado oficial donde se designa la Selecci\u00f3n Nacional que representar\u00e1 a la naci\u00f3n anfitriona en el IV Panamericano de la modalidad a realizarse del 30 de marzo al 2 de abril en la ciudad de Cali. Colombia,\u2026","rel":"","context":"En \u00abColombia\u00bb","block_context":{"text":"Colombia","link":"https:\/\/www.sportalsub.net\/blog\/category\/paises\/america\/colombia\/"},"img":{"alt_text":"","src":"https:\/\/i0.wp.com\/www.sportalsub.net\/blog\/wp-content\/uploads\/2012\/03\/colombia-aletas.jpg?resize=350%2C200&ssl=1","width":350,"height":200,"srcset":"https:\/\/i0.wp.com\/www.sportalsub.net\/blog\/wp-content\/uploads\/2012\/03\/colombia-aletas.jpg?resize=350%2C200&ssl=1 1x, https:\/\/i0.wp.com\/www.sportalsub.net\/blog\/wp-content\/uploads\/2012\/03\/colombia-aletas.jpg?resize=525%2C300&ssl=1 1.5x"},"classes":[]},{"id":19273,"url":"https:\/\/www.sportalsub.net\/blog\/copa-mundo-cmas-2015-hungria","url_meta":{"origin":45511,"position":4},"title":"\ud83c\udded\ud83c\uddfa Resultados 2da Ronda Copa Mundo CMAS Nataci\u00f3n con Aletas 2015. Eger, Hungr\u00eda","author":"Sportalsub.net","date":"2 marzo 2015","format":false,"excerpt":"(Sportalsub.net \/ CMAS \/ MBZS) - Read in English La 2\u00aa Ronda de la X Copa del Mundo CMAS de Nataci\u00f3n con Aletas 2015 y la Copa Minaret se realizaron en Eger, Hungr\u00eda\u00a0durante los d\u00edas 27 de febrero y 1 de marzo. El evento cont\u00f3 con la participaci\u00f3n de m\u00e1s\u2026","rel":"","context":"En \u00abColombia\u00bb","block_context":{"text":"Colombia","link":"https:\/\/www.sportalsub.net\/blog\/category\/paises\/america\/colombia\/"},"img":{"alt_text":"","src":"https:\/\/i0.wp.com\/www.sportalsub.net\/blog\/wp-content\/uploads\/2015\/02\/hungria2015.jpg?resize=350%2C200&ssl=1","width":350,"height":200,"srcset":"https:\/\/i0.wp.com\/www.sportalsub.net\/blog\/wp-content\/uploads\/2015\/02\/hungria2015.jpg?resize=350%2C200&ssl=1 1x, https:\/\/i0.wp.com\/www.sportalsub.net\/blog\/wp-content\/uploads\/2015\/02\/hungria2015.jpg?resize=525%2C300&ssl=1 1.5x"},"classes":[]},{"id":55927,"url":"https:\/\/www.sportalsub.net\/blog\/colombian-finswimming-world-games-2022","url_meta":{"origin":45511,"position":5},"title":"\ud83c\udde8\ud83c\uddf4 Hist\u00f3rica actuaci\u00f3n: 6 Medallas y R\u00e9cord Mundial para Colombia en la Nataci\u00f3n con Aletas Juegos Mundiales 2022 Birmingham, USA","author":"Sportalsub.net","date":"13 julio 2022","format":false,"excerpt":"(Sportalsub.net \/ FEDECAS) Una medalla de oro (con R\u00e9cord Mundial), dos de plata (con R\u00e9cords Panamericanos y tres de bronce fue el balance del equipo de nataci\u00f3n con aletas de Colombia en los Juegos Mundiales Birmingham 2022 en USA. Hist\u00f3rica fue la medalla de oro que gan\u00f3 el relevo colombiano\u2026","rel":"","context":"En \u00abColombia\u00bb","block_context":{"text":"Colombia","link":"https:\/\/www.sportalsub.net\/blog\/category\/paises\/america\/colombia\/"},"img":{"alt_text":"","src":"https:\/\/i0.wp.com\/www.sportalsub.net\/blog\/wp-content\/uploads\/2022\/07\/finswimingcolombiawg2022.jpg?resize=350%2C200&ssl=1","width":350,"height":200,"srcset":"https:\/\/i0.wp.com\/www.sportalsub.net\/blog\/wp-content\/uploads\/2022\/07\/finswimingcolombiawg2022.jpg?resize=350%2C200&ssl=1 1x, https:\/\/i0.wp.com\/www.sportalsub.net\/blog\/wp-content\/uploads\/2022\/07\/finswimingcolombiawg2022.jpg?resize=525%2C300&ssl=1 1.5x, https:\/\/i0.wp.com\/www.sportalsub.net\/blog\/wp-content\/uploads\/2022\/07\/finswimingcolombiawg2022.jpg?resize=700%2C400&ssl=1 2x"},"classes":[]}],"_links":{"self":[{"href":"https:\/\/www.sportalsub.net\/blog\/wp-json\/wp\/v2\/posts\/45511","targetHints":{"allow":["GET"]}}],"collection":[{"href":"https:\/\/www.sportalsub.net\/blog\/wp-json\/wp\/v2\/posts"}],"about":[{"href":"https:\/\/www.sportalsub.net\/blog\/wp-json\/wp\/v2\/types\/post"}],"author":[{"embeddable":true,"href":"https:\/\/www.sportalsub.net\/blog\/wp-json\/wp\/v2\/users\/1"}],"replies":[{"embeddable":true,"href":"https:\/\/www.sportalsub.net\/blog\/wp-json\/wp\/v2\/comments?post=45511"}],"version-history":[{"count":0,"href":"https:\/\/www.sportalsub.net\/blog\/wp-json\/wp\/v2\/posts\/45511\/revisions"}],"wp:featuredmedia":[{"embeddable":true,"href":"https:\/\/www.sportalsub.net\/blog\/wp-json\/wp\/v2\/media\/45512"}],"wp:attachment":[{"href":"https:\/\/www.sportalsub.net\/blog\/wp-json\/wp\/v2\/media?parent=45511"}],"wp:term":[{"taxonomy":"category","embeddable":true,"href":"https:\/\/www.sportalsub.net\/blog\/wp-json\/wp\/v2\/categories?post=45511"},{"taxonomy":"post_tag","embeddable":true,"href":"https:\/\/www.sportalsub.net\/blog\/wp-json\/wp\/v2\/tags?post=45511"}],"curies":[{"name":"wp","href":"https:\/\/api.w.org\/{rel}","templated":true}]}}